{"id":21060,"date":"2023-06-15T05:00:58","date_gmt":"2023-06-15T10:00:58","guid":{"rendered":"https:\/\/politicosaldesnudo.com.mx\/?p=21060"},"modified":"2023-06-15T08:04:33","modified_gmt":"2023-06-15T13:04:33","slug":"efecto-de-burbuja-termica","status":"publish","type":"post","link":"https:\/\/politicosaldesnudo.com.mx\/index.php\/2023\/06\/15\/efecto-de-burbuja-termica\/","title":{"rendered":"Efecto de burbuja t\u00e9rmica\u00a0"},"content":{"rendered":"<p class=\"p1\">\n<p>&nbsp;<\/p>\n<p class=\"p1\"><span style=\"font-size: 18pt;\"><strong>Por Norma Meraz<span class=\"Apple-converted-space\">\u00a0<\/span><\/strong><\/span><\/p>\n<p class=\"p1\"><span style=\"font-size: 14pt;\">La ola de calor que cubre al pa\u00eds, ha causado efectos diversos .<\/span><\/p>\n<p class=\"p1\"><span style=\"font-size: 14pt;\">Una burbuja t\u00e9rmica atrapa a todo el territorio nacional <span class=\"Apple-converted-space\">\u00a0 <\/span>, cobrando victimas de todas las edades y todos los estratos sociales .<\/span><\/p>\n<p class=\"p1\"><span style=\"font-size: 14pt;\">Muchos infantes y adultos mayores en Estados como, Chihuahua, Durango, Veracruz, Yucat\u00e1n, Sonora , entre otros , han sido victimas de esta burbuja que ha elevado hasta los 45 grados el term\u00f3metro y afectado a ni\u00f1os y viejos con deshidrataci\u00f3n por fuertes golpes de calor .<\/span><\/p>\n<p class=\"p1\"><span style=\"font-size: 14pt;\">Pero la burbuja t\u00e9rmica no solo ha deshidratado a estas franjas de la poblaci\u00f3n , tambi\u00e9n hay fuertes efectos de calor , en el ambiente pol\u00edtico al seno del MORENA.<\/span><\/p>\n<p class=\"p1\"><span style=\"font-size: 14pt;\">La preselecci\u00f3n de contendientes a las elecciones presidenciales en el 2024, por parte del Presidente Andres Manuel Lopez Obrador <span class=\"Apple-converted-space\">\u00a0 <\/span>, ha<span class=\"Apple-converted-space\">\u00a0 <\/span>montado un<span class=\"Apple-converted-space\">\u00a0 <\/span>Circo Romano en el Coliseo nacional .<\/span><\/p>\n<p class=\"p1\"><span style=\"font-size: 14pt;\">Con el cuento de llamarles \u201c coordinadores<span class=\"Apple-converted-space\">\u00a0 <\/span>del<\/span><\/p>\n<p class=\"p1\"><span style=\"font-size: 14pt;\">proceso<span class=\"Apple-converted-space\">\u00a0 <\/span>de transformaci\u00f3n \u201c, el<\/span><\/p>\n<p class=\"p1\"><span style=\"font-size: 14pt;\">Presidente Lopez<span class=\"Apple-converted-space\">\u00a0 <\/span>Obrador <span class=\"Apple-converted-space\">\u00a0 <\/span>, ya decidi\u00f3 quienes son sus elegidos y bajo que reglas se designar\u00e1 a quien ser\u00e1 su sucesor.<\/span><\/p>\n<p class=\"p1\"><span style=\"font-size: 14pt;\">No s\u00f3lo eso, sino que, a sus \u201c gladiadores \u201c, les ley\u00f3 la cartilla .<\/span><\/p>\n<p class=\"p1\"><span style=\"font-size: 14pt;\">Reparti\u00f3 desde ya, los puestos a los que se queden en el camino : l\u00edder del Senado. l\u00edder de la C\u00e1mara de Diputados y Secretario de Gobernaci\u00f3n.<\/span><\/p>\n<p class=\"p1\"><span style=\"font-size: 14pt;\">Como<span class=\"Apple-converted-space\">\u00a0 <\/span>el pr\u00f3ximo a\u00f1o tendr\u00e1n que elegirse alrededor de 20 mil representantes populares en todo el<\/span><\/p>\n<p class=\"p1\"><span style=\"font-size: 14pt;\">pa\u00eds; desde regidores, alcaldes,diputados locales<span class=\"Apple-converted-space\">\u00a0 <\/span>y federales, senadores<span class=\"Apple-converted-space\">\u00a0 <\/span>y algunos gobernadores , adem\u00e1s del Presidente de la Rep\u00fablica. ,ser\u00e1 la jornada electoral m\u00e1s grande hasta entonces .<\/span><\/p>\n<p class=\"p1\"><span style=\"font-size: 14pt;\">Treinta millones de votantes llevaron<span class=\"Apple-converted-space\">\u00a0 <\/span>a Lopez Obrador<span class=\"Apple-converted-space\">\u00a0 <\/span>a la Presidencia , s\u00f3lo que de eso hace<span class=\"Apple-converted-space\">\u00a0 <\/span>ya 5 a\u00f1os ; la aceptaci\u00f3n de la figura del Ejecutivo a\u00fan es alta , aunque no tanto como al inicio del sexenio; sin embargo , donde si se desploman<span class=\"Apple-converted-space\">\u00a0 <\/span>las cifras es en la aprobaci\u00f3n de la eficiencia de su gobierno .<\/span><\/p>\n<p class=\"p1\"><span style=\"font-size: 14pt;\">Promesas incumplidas: muchas y de las que afectan seriamente a la<span class=\"Apple-converted-space\">\u00a0 <\/span>sociedad .<\/span><\/p>\n<p class=\"p1\"><span style=\"font-size: 14pt;\">Por mencionar unas cuantas, est\u00e1 \u201cel Sistema de salud como <span class=\"Apple-converted-space\">\u00a0 <\/span>en Dinamarca\u201d, eficiente, universal y gratuito ; c\u00f3mo? si al desaparecer el Seguro Popular, dej\u00f3 a tres millones de familias &#8211; alrededor de 15 millones de mexicanos -,<span class=\"Apple-converted-space\">\u00a0 <\/span>sin servicio de salud; el combate a la inseguridad, a la corrupcion; si hemos visto que algunos miembros de la Guardia Nacional &#8211; entre par\u00e9ntesis , iba a estar bajo mando civil -, extorsiona a los migrantes ; tambi\u00e9n prometi\u00f3 un crecimiento econ\u00f3mico del 4%, y para no alargarnos, recordaremos tambi\u00e9n que, se iban a construir 100 Universidades.<\/span><\/p>\n<p class=\"p1\"><span style=\"font-size: 14pt;\">El desempleo generado a ra\u00edz de los recortes de personal burocr\u00e1tico , cierre de guarder\u00edas, de casas para mujeres maltratadas , am\u00e9n de acusar a la clase media<span class=\"Apple-converted-space\">\u00a0 <\/span>de aspiracionista, como si esto fuera ser anti mexicano , ha generado desaliento y altos niveles de inconformidad .<\/span><\/p>\n<p class=\"p1\"><span style=\"font-size: 14pt;\">Sin duda el a\u00f1o pr\u00f3ximo, se registrar\u00e1n otros n\u00fameros para Morena.<\/span><\/p>\n<p class=\"p1\"><span style=\"font-size: 14pt;\">De los 96 millones<span class=\"Apple-converted-space\">\u00a0 <\/span>que conforman el padr\u00f3n electoral , muchos habr\u00e1n de votar por distintas opciones , seg\u00fan la experiencia personal de cada quien.<\/span><\/p>\n<p class=\"p1\"><span style=\"font-size: 14pt;\">El Presidente Lopez Obrador da por hecho que, todo saldr\u00e1 seg\u00fan \u00e9l lo ha planeado , a\u00fan cuando ya no est\u00e9 al frente del Ejecutivo y se le olvida o no ha registrado que, una vez , quien porta la banda tricolor , es quien manda.<\/span><\/p>\n<p class=\"p1\"><span style=\"font-size: 14pt;\">Mientras tanto, ha generado un golpe de calor al seno de su Partido, que no es Partido sino Movimiento que , no logro o no quiso institucionalizar y una vez que todos sus elegidos est\u00e9n fuera de sus puestos actuales , se desatara el golpeteo de sus hasta hoy : \u201c obedientes\u201d morenistas.<\/span><\/p>\n<p class=\"p1\"><span style=\"font-size: 14pt;\">Dejemos al tiempo<span class=\"Apple-converted-space\">\u00a0 <\/span>decirnos lo que viene , mientras , el Presidente derrocha<span class=\"Apple-converted-space\">\u00a0 <\/span>a capricho , la fuerza del poder !<\/span><\/p>\n<p class=\"p1\"><span style=\"font-size: 14pt;\"><span class=\"Apple-converted-space\">\u00a0<\/span>Digamos la Verdad!<\/span><\/p>\n<p>&nbsp;<\/p>\n<hr \/>\n<p>&nbsp;<\/p>\n<p><img data-recalc-dims=\"1\" loading=\"lazy\" decoding=\"async\" class=\"aligncenter wp-image-14351\" src=\"https:\/\/i0.wp.com\/politicosaldesnudo.com.mx\/wp-content\/uploads\/2023\/01\/FIRMA-EDITORIAL-PD-300x37.png?resize=800%2C98&#038;ssl=1\" alt=\"\" width=\"800\" height=\"98\" srcset=\"https:\/\/i0.wp.com\/politicosaldesnudo.com.mx\/wp-content\/uploads\/2023\/01\/FIRMA-EDITORIAL-PD.png?resize=300%2C37&amp;ssl=1 300w, https:\/\/i0.wp.com\/politicosaldesnudo.com.mx\/wp-content\/uploads\/2023\/01\/FIRMA-EDITORIAL-PD.png?resize=1024%2C125&amp;ssl=1 1024w, https:\/\/i0.wp.com\/politicosaldesnudo.com.mx\/wp-content\/uploads\/2023\/01\/FIRMA-EDITORIAL-PD.png?resize=768%2C94&amp;ssl=1 768w, https:\/\/i0.wp.com\/politicosaldesnudo.com.mx\/wp-content\/uploads\/2023\/01\/FIRMA-EDITORIAL-PD.png?resize=1536%2C188&amp;ssl=1 1536w, https:\/\/i0.wp.com\/politicosaldesnudo.com.mx\/wp-content\/uploads\/2023\/01\/FIRMA-EDITORIAL-PD.png?resize=2048%2C250&amp;ssl=1 2048w, https:\/\/i0.wp.com\/politicosaldesnudo.com.mx\/wp-content\/uploads\/2023\/01\/FIRMA-EDITORIAL-PD.png?w=1600&amp;ssl=1 1600w, https:\/\/i0.wp.com\/politicosaldesnudo.com.mx\/wp-content\/uploads\/2023\/01\/FIRMA-EDITORIAL-PD.png?w=2400&amp;ssl=1 2400w\" sizes=\"auto, (max-width: 800px) 100vw, 800px\" \/><\/p>\n<p>&nbsp;<\/p>\n<p>&nbsp;<\/p>\n<p>&nbsp;<\/p>\n<p>&nbsp;<\/p>\n","protected":false},"excerpt":{"rendered":"<p>&nbsp; Por Norma Meraz\u00a0 La ola de calor que cubre al pa\u00eds, ha causado efectos diversos . Una burbuja t\u00e9rmica<\/p>\n","protected":false},"author":4,"featured_media":12682,"comment_status":"closed","ping_status":"closed","sticky":false,"template":"","format":"standard","meta":{"colormag_page_container_layout":"default_layout","colormag_page_sidebar_layout":"default_layout","_jetpack_memberships_contains_paid_content":false,"footnotes":"","jetpack_publicize_message":"","jetpack_publicize_feature_enabled":true,"jetpack_social_post_already_shared":false,"jetpack_social_options":{"image_generator_settings":{"template":"highway","default_image_id":0,"font":"","enabled":false},"version":2}},"categories":[26],"tags":[],"class_list":["post-21060","post","type-post","status-publish","format-standard","has-post-thumbnail","hentry","category-columnistas"],"jetpack_publicize_connections":[],"jetpack_featured_media_url":"https:\/\/i0.wp.com\/politicosaldesnudo.com.mx\/wp-content\/uploads\/2022\/11\/P-NORMA-MERAZ-PD.png?fit=1816%2C1016&ssl=1","jetpack-related-posts":[],"jetpack_sharing_enabled":true,"_links":{"self":[{"href":"https:\/\/politicosaldesnudo.com.mx\/index.php\/wp-json\/wp\/v2\/posts\/21060","targetHints":{"allow":["GET"]}}],"collection":[{"href":"https:\/\/politicosaldesnudo.com.mx\/index.php\/wp-json\/wp\/v2\/posts"}],"about":[{"href":"https:\/\/politicosaldesnudo.com.mx\/index.php\/wp-json\/wp\/v2\/types\/post"}],"author":[{"embeddable":true,"href":"https:\/\/politicosaldesnudo.com.mx\/index.php\/wp-json\/wp\/v2\/users\/4"}],"replies":[{"embeddable":true,"href":"https:\/\/politicosaldesnudo.com.mx\/index.php\/wp-json\/wp\/v2\/comments?post=21060"}],"version-history":[{"count":0,"href":"https:\/\/politicosaldesnudo.com.mx\/index.php\/wp-json\/wp\/v2\/posts\/21060\/revisions"}],"wp:featuredmedia":[{"embeddable":true,"href":"https:\/\/politicosaldesnudo.com.mx\/index.php\/wp-json\/wp\/v2\/media\/12682"}],"wp:attachment":[{"href":"https:\/\/politicosaldesnudo.com.mx\/index.php\/wp-json\/wp\/v2\/media?parent=21060"}],"wp:term":[{"taxonomy":"category","embeddable":true,"href":"https:\/\/politicosaldesnudo.com.mx\/index.php\/wp-json\/wp\/v2\/categories?post=21060"},{"taxonomy":"post_tag","embeddable":true,"href":"https:\/\/politicosaldesnudo.com.mx\/index.php\/wp-json\/wp\/v2\/tags?post=21060"}],"curies":[{"name":"wp","href":"https:\/\/api.w.org\/{rel}","templated":true}]}}