{"id":21070,"date":"2023-06-15T10:08:30","date_gmt":"2023-06-15T15:08:30","guid":{"rendered":"https:\/\/politicosaldesnudo.com.mx\/?p=21070"},"modified":"2023-06-15T10:09:01","modified_gmt":"2023-06-15T15:09:01","slug":"frente-a-la-ola-de-calor-proteccion-civil-tuxpan-emite-recomendaciones-a-la-poblacion","status":"publish","type":"post","link":"https:\/\/politicosaldesnudo.com.mx\/index.php\/2023\/06\/15\/frente-a-la-ola-de-calor-proteccion-civil-tuxpan-emite-recomendaciones-a-la-poblacion\/","title":{"rendered":"Frente a la ola de calor, Protecci\u00f3n Civil Tuxpan emite recomendaciones a la poblaci\u00f3n"},"content":{"rendered":"<p>&nbsp;<\/p>\n<p class=\"p1\"><span style=\"font-size: 14pt;\"><em><strong>TUXPAN, VERACRUZ.<\/strong> <\/em><strong>Debido a la ola de calor<\/strong> que actualmente afecta a nuestro municipio con temperaturas elevadas y sensaciones t\u00e9rmicas de casi 50 \u00b0C, el Gobierno de Tuxpan, a trav\u00e9s de la Direcci\u00f3n de Protecci\u00f3n Civil, emiti\u00f3 medidas preventivas a la poblaci\u00f3n.<\/span><\/p>\n<p class=\"p1\"><span style=\"font-size: 18pt;\"><strong>Para evitar afectaciones a la salud se exhorta a las personas a mantenerse hidratados, no exponerse por tiempo prolongado al sol, usar ropa de colores claros y preferente mente de manga larga, gorra o sombrilla para cubrirse del sol, y utilizar bloqueador solar de 50 FPS.<\/strong><\/span><\/p>\n<p>&nbsp;<\/p>\n<p><img data-recalc-dims=\"1\" loading=\"lazy\" decoding=\"async\" class=\"aligncenter wp-image-21071 size-large\" src=\"https:\/\/i0.wp.com\/politicosaldesnudo.com.mx\/wp-content\/uploads\/2023\/06\/P-CALOR-PC-1-1024x583.jpeg?resize=800%2C455&#038;ssl=1\" alt=\"\" width=\"800\" height=\"455\" srcset=\"https:\/\/i0.wp.com\/politicosaldesnudo.com.mx\/wp-content\/uploads\/2023\/06\/P-CALOR-PC-1.jpeg?resize=1024%2C583&amp;ssl=1 1024w, https:\/\/i0.wp.com\/politicosaldesnudo.com.mx\/wp-content\/uploads\/2023\/06\/P-CALOR-PC-1.jpeg?resize=300%2C171&amp;ssl=1 300w, https:\/\/i0.wp.com\/politicosaldesnudo.com.mx\/wp-content\/uploads\/2023\/06\/P-CALOR-PC-1.jpeg?resize=768%2C437&amp;ssl=1 768w, https:\/\/i0.wp.com\/politicosaldesnudo.com.mx\/wp-content\/uploads\/2023\/06\/P-CALOR-PC-1.jpeg?w=1413&amp;ssl=1 1413w\" sizes=\"auto, (max-width: 800px) 100vw, 800px\" \/><\/p>\n<p>&nbsp;<\/p>\n<p class=\"p1\"><span style=\"font-size: 14pt;\">Se recomienda proteger principalmente a ni\u00f1os, adultos mayores y mascotas; as\u00ed como evitar la quema de basura y los incendios de pastizales.<span class=\"Apple-converted-space\">\u00a0<\/span><\/span><\/p>\n<p class=\"p1\"><span style=\"font-size: 18pt;\"><strong>Lo anterior para evitar ser v\u00edctima de un \u201cGolpe de Calor\u201d, los cuales se manifiestan con dolor de cabeza, boca seca y desvanecimiento.<\/strong><\/span><\/p>\n<p class=\"p1\"><span style=\"font-size: 14pt;\">En caso de registrar algunos de estos s\u00edntomas es recomendable colocarse en un lugar fresco, consumir bebidas hidratantes y solicitar apoyo m\u00e9dico.<\/span><\/p>\n<p>&nbsp;<\/p>\n<p>&nbsp;<\/p>\n<p>&nbsp;<\/p>\n<p>&nbsp;<\/p>\n","protected":false},"excerpt":{"rendered":"<p>&nbsp; TUXPAN, VERACRUZ. Debido a la ola de calor que actualmente afecta a nuestro municipio con temperaturas elevadas y sensaciones<\/p>\n","protected":false},"author":4,"featured_media":21072,"comment_status":"closed","ping_status":"closed","sticky":false,"template":"","format":"standard","meta":{"colormag_page_container_layout":"default_layout","colormag_page_sidebar_layout":"default_layout","_jetpack_memberships_contains_paid_content":false,"footnotes":"","jetpack_publicize_message":"","jetpack_publicize_feature_enabled":true,"jetpack_social_post_already_shared":false,"jetpack_social_options":{"image_generator_settings":{"template":"highway","default_image_id":0,"font":"","enabled":false},"version":2}},"categories":[1082],"tags":[511,851,70,100],"class_list":["post-21070","post","type-post","status-publish","format-standard","has-post-thumbnail","hentry","category-tuxpan","tag-calor","tag-proteccion-civil","tag-tuxpan","tag-veracruz"],"jetpack_publicize_connections":[],"jetpack_featured_media_url":"https:\/\/i0.wp.com\/politicosaldesnudo.com.mx\/wp-content\/uploads\/2023\/06\/P-TU-CLIMA.png?fit=1816%2C1016&ssl=1","jetpack-related-posts":[],"jetpack_sharing_enabled":true,"_links":{"self":[{"href":"https:\/\/politicosaldesnudo.com.mx\/index.php\/wp-json\/wp\/v2\/posts\/21070","targetHints":{"allow":["GET"]}}],"collection":[{"href":"https:\/\/politicosaldesnudo.com.mx\/index.php\/wp-json\/wp\/v2\/posts"}],"about":[{"href":"https:\/\/politicosaldesnudo.com.mx\/index.php\/wp-json\/wp\/v2\/types\/post"}],"author":[{"embeddable":true,"href":"https:\/\/politicosaldesnudo.com.mx\/index.php\/wp-json\/wp\/v2\/users\/4"}],"replies":[{"embeddable":true,"href":"https:\/\/politicosaldesnudo.com.mx\/index.php\/wp-json\/wp\/v2\/comments?post=21070"}],"version-history":[{"count":0,"href":"https:\/\/politicosaldesnudo.com.mx\/index.php\/wp-json\/wp\/v2\/posts\/21070\/revisions"}],"wp:featuredmedia":[{"embeddable":true,"href":"https:\/\/politicosaldesnudo.com.mx\/index.php\/wp-json\/wp\/v2\/media\/21072"}],"wp:attachment":[{"href":"https:\/\/politicosaldesnudo.com.mx\/index.php\/wp-json\/wp\/v2\/media?parent=21070"}],"wp:term":[{"taxonomy":"category","embeddable":true,"href":"https:\/\/politicosaldesnudo.com.mx\/index.php\/wp-json\/wp\/v2\/categories?post=21070"},{"taxonomy":"post_tag","embeddable":true,"href":"https:\/\/politicosaldesnudo.com.mx\/index.php\/wp-json\/wp\/v2\/tags?post=21070"}],"curies":[{"name":"wp","href":"https:\/\/api.w.org\/{rel}","templated":true}]}}