{"id":21334,"date":"2023-06-22T05:50:25","date_gmt":"2023-06-22T10:50:25","guid":{"rendered":"https:\/\/politicosaldesnudo.com.mx\/?p=21334"},"modified":"2023-06-22T08:07:30","modified_gmt":"2023-06-22T13:07:30","slug":"quien-es-la-corcholata-favorita-del-ejercito","status":"publish","type":"post","link":"https:\/\/politicosaldesnudo.com.mx\/index.php\/2023\/06\/22\/quien-es-la-corcholata-favorita-del-ejercito\/","title":{"rendered":"\u00bfQui\u00e9n es la corcholata favorita del Ej\u00e9rcito?"},"content":{"rendered":"<p>&nbsp;<\/p>\n<p>&nbsp;<\/p>\n<p class=\"p2\"><span style=\"font-size: 18pt;\"><strong>Por Jos\u00e9 Ure\u00f1a<\/strong><\/span><\/p>\n<p class=\"p2\"><span style=\"font-size: 14pt;\">El dato inicial es simple: <\/span><span style=\"font-size: 14pt;\">Andr\u00e9s Manuel L\u00f3pez Obrador incrementa d\u00eda con d\u00eda las actividades y el poder de la Sedena y de la Marina.<\/span><\/p>\n<p class=\"p2\"><span style=\"font-size: 14pt;\">Ayer toc\u00f3 turno a la Agencia Nacional de Aduanas de M\u00e9xico (ANAM), entregada al general retirado Andr\u00e9 Georges Foullon Van Lissum.<\/span><\/p>\n<p class=\"p2\"><span style=\"font-size: 14pt;\">La encomienda es recurrente administrador tras administrador, atacar la corrupci\u00f3n en ese sector, uno de los elementos por los cuales se fue Rafael Mar\u00edn Mollinedo.<\/span><\/p>\n<p class=\"p2\"><span style=\"font-size: 14pt;\">No le va mal: su remoci\u00f3n trajo un ascenso, como muchos otros funcionarios lopezobradoristas con se\u00f1alamientos, y fue designado embajador de M\u00e9xico ante la Organizaci\u00f3n Mundial de Comercio.<\/span><\/p>\n<p class=\"p2\"><span style=\"font-size: 14pt;\">Eso no obsta para anotar el incesante incremento de poder para las Fuerzas Armadas de principio a fin del actual Gobierno.<\/span><\/p>\n<p class=\"p2\"><span style=\"font-size: 14pt;\">Es como si se hubiese convertido en un sector m\u00e1s de Morena, el militar, como anta\u00f1o la milicia lo era del PRI y ten\u00eda consagradas posiciones diversas, gubernaturas, senadur\u00edas, diputaciones, alcald\u00edas\u2026<\/span><\/p>\n<p>&nbsp;<\/p>\n<p class=\"p2\"><span style=\"font-size: 18pt; color: #139eca;\"><strong>LOS NEXOS DE AD\u00c1N<\/strong><\/span><\/p>\n<p class=\"p2\"><span style=\"font-size: 14pt;\">Ah\u00ed est\u00e1 la duda: \u00bfCu\u00e1l ser\u00e1 la influencia de las Fuerzas Armadas en la sucesi\u00f3n presidencial?<\/span><\/p>\n<p class=\"p2\"><span style=\"font-size: 14pt;\">\u00bfQui\u00e9n es su corcholata favorita dado su inmenso poder?<\/span><\/p>\n<p class=\"p2\"><span style=\"font-size: 14pt;\">\u00bfC\u00f3mo garantizarles al Ej\u00e9rcito y a la Marina su gran papel?<\/span><\/p>\n<p class=\"p2\"><span style=\"font-size: 14pt;\">Una revisi\u00f3n de hechos da pistas: los miembros del gabinete m\u00e1s allegados a las Fuerzas Armadas han sido Rosa Icela Rodr\u00edguez, secretaria de Seguridad P\u00fablica y Protecci\u00f3n Ciudadana, y Ad\u00e1n Augusto L\u00f3pez, hasta la semana pasada secretario de Gobernaci\u00f3n.<\/span><\/p>\n<p class=\"p2\"><span style=\"font-size: 14pt;\">Su relaci\u00f3n es o era estrecha por razones de gobernabilidad.<\/span><\/p>\n<p class=\"p2\"><span style=\"font-size: 14pt;\">Pero Rosa Icela no juega por un cargo electoral para 2024 y Ad\u00e1n Augusto remonta en las encuestas en pos de la candidatura presidencial.<\/span><\/p>\n<p class=\"p2\"><span style=\"font-size: 14pt;\">Su gran aceptaci\u00f3n en el \u00e1mbito castrense puede ser factor y la relaci\u00f3n mutua supera con mucho a las dem\u00e1s corcholatas, Claudia Sheinbaum, Marcelo Ebrard y Ricardo Monreal.<\/span><\/p>\n<p class=\"p2\"><span style=\"font-size: 14pt;\">Y no lo dude: el verde olivo tendr\u00e1 opini\u00f3n.<\/span><\/p>\n<p>&nbsp;<\/p>\n<p class=\"p2\"><span style=\"font-size: 18pt; color: #139eca;\"><strong>UN SENADO AC\u00c9FALO<\/strong><\/span><\/p>\n<p class=\"p2\"><span style=\"font-size: 14pt;\">Ayer se dio un acto de unidad en el Senado de la Rep\u00fablica. <\/span><span style=\"font-size: 14pt;\">Su presidente Alejandro Armenta y el nuevo jefe de la mayor\u00eda, Eduardo Ram\u00edrez, ofrecieron una comida a los mandos legislativos y medios de comunicaci\u00f3n.<\/span><\/p>\n<p class=\"p2\"><span style=\"font-size: 14pt;\">Casualmente son dos senadores en la solicitud de licencia lista para irse porque son punteros en sus respectivos estados, Puebla y Chiapas.<\/span><\/p>\n<p class=\"p2\"><span style=\"font-size: 14pt;\">\u00bfCu\u00e1ndo? Simplemente esperan las convocatorias y se emitir\u00e1n entre septiembre y octubre, en cuanto se haya decidido la corcholata presidencial.<\/span><\/p>\n<p class=\"p2\"><span style=\"font-size: 14pt;\">Armenta terminar\u00e1 sus funciones de presidente el d\u00eda \u00faltimo de agosto, cuando entrar\u00e1 en funciones una mujer y en teor\u00eda la tiene prometida Marybel Villegas por su disciplina ante la postulaci\u00f3n de Mara Lezama en Quintana Roo.<\/span><\/p>\n<p class=\"p2\"><span style=\"font-size: 14pt;\">El poblano va muy arriba en las preferencias sobre el diputado Ignacio Mier, por cierto pariente suyo, y s\u00f3lo un golpe bajo o un dedazo presidencial podr\u00eda apearlo.<\/span><\/p>\n<p class=\"p2\"><span style=\"font-size: 14pt;\">Igual panorama tiene Eduardo Ram\u00edrez, quien es morenista porque el priista Aurelio Nu\u00f1o le cerr\u00f3 el paso a la candidatura chiapaneca en 2018.<\/span><\/p>\n<p class=\"p2\"><span style=\"font-size: 14pt;\">Fue una venganza:<\/span><\/p>\n<p class=\"p2\"><span style=\"font-size: 14pt;\">Ram\u00edrez era l\u00edder del Congreso estatal y dirigente del PVEM, pero critic\u00f3 la reforma educativa de Enrique Pe\u00f1a y en 2016 el entonces secretario de Educaci\u00f3n P\u00fablica lo amenaz\u00f3:<\/span><\/p>\n<p class=\"p2\"><span style=\"font-size: 14pt;\">-De mi cuenta corre que no seas candidato de la alianza PRI-Verde.<\/span><\/p>\n<p class=\"p2\"><span style=\"font-size: 14pt;\">Se lo cumpli\u00f3, emigr\u00f3 y ahora vuela en los sondeos para colocarse en la antesala del sue\u00f1o escamoteado en 2018.<\/span><\/p>\n<p>&nbsp;<\/p>\n<p>&nbsp;<\/p>\n<hr \/>\n<p>&nbsp;<\/p>\n<p><img data-recalc-dims=\"1\" loading=\"lazy\" decoding=\"async\" class=\"aligncenter wp-image-14351\" src=\"https:\/\/i0.wp.com\/politicosaldesnudo.com.mx\/wp-content\/uploads\/2023\/01\/FIRMA-EDITORIAL-PD-300x37.png?resize=1000%2C122&#038;ssl=1\" alt=\"\" width=\"1000\" height=\"122\" srcset=\"https:\/\/i0.wp.com\/politicosaldesnudo.com.mx\/wp-content\/uploads\/2023\/01\/FIRMA-EDITORIAL-PD.png?resize=300%2C37&amp;ssl=1 300w, https:\/\/i0.wp.com\/politicosaldesnudo.com.mx\/wp-content\/uploads\/2023\/01\/FIRMA-EDITORIAL-PD.png?resize=1024%2C125&amp;ssl=1 1024w, https:\/\/i0.wp.com\/politicosaldesnudo.com.mx\/wp-content\/uploads\/2023\/01\/FIRMA-EDITORIAL-PD.png?resize=768%2C94&amp;ssl=1 768w, https:\/\/i0.wp.com\/politicosaldesnudo.com.mx\/wp-content\/uploads\/2023\/01\/FIRMA-EDITORIAL-PD.png?resize=1536%2C188&amp;ssl=1 1536w, https:\/\/i0.wp.com\/politicosaldesnudo.com.mx\/wp-content\/uploads\/2023\/01\/FIRMA-EDITORIAL-PD.png?resize=2048%2C250&amp;ssl=1 2048w\" sizes=\"auto, (max-width: 1000px) 100vw, 1000px\" \/><\/p>\n<p>&nbsp;<\/p>\n<p>&nbsp;<\/p>\n<p>&nbsp;<\/p>\n<p>&nbsp;<\/p>\n","protected":false},"excerpt":{"rendered":"<p>&nbsp; &nbsp; Por Jos\u00e9 Ure\u00f1a El dato inicial es simple: Andr\u00e9s Manuel L\u00f3pez Obrador incrementa d\u00eda con d\u00eda las actividades [&hellip;]<\/p>\n","protected":false},"author":4,"featured_media":3848,"comment_status":"closed","ping_status":"closed","sticky":false,"template":"","format":"standard","meta":{"site-sidebar-layout":"default","site-content-layout":"","ast-site-content-layout":"default","site-content-style":"default","site-sidebar-style":"default","ast-global-header-display":"","ast-banner-title-visibility":"","ast-main-header-display":"","ast-hfb-above-header-display":"","ast-hfb-below-header-display":"","ast-hfb-mobile-header-display":"","site-post-title":"","ast-breadcrumbs-content":"","ast-featured-img":"","footer-sml-layout":"","ast-disable-related-posts":"","theme-transparent-header-meta":"","adv-header-id-meta":"","stick-header-meta":"","header-above-stick-meta":"","header-main-stick-meta":"","header-below-stick-meta":"","astra-migrate-meta-layouts":"default","ast-page-background-enabled":"default","ast-page-background-meta":{"desktop":{"background-color":"var(--ast-global-color-5)","background-image":"","background-repeat":"repeat","background-position":"center center","background-size":"auto","background-attachment":"scroll","background-type":"","background-media":"","overlay-type":"","overlay-color":"","overlay-opacity":"","overlay-gradient":""},"tablet":{"background-color":"","background-image":"","background-repeat":"repeat","background-position":"center center","background-size":"auto","background-attachment":"scroll","background-type":"","background-media":"","overlay-type":"","overlay-color":"","overlay-opacity":"","overlay-gradient":""},"mobile":{"background-color":"","background-image":"","background-repeat":"repeat","background-position":"center center","background-size":"auto","background-attachment":"scroll","background-type":"","background-media":"","overlay-type":"","overlay-color":"","overlay-opacity":"","overlay-gradient":""}},"ast-content-background-meta":{"desktop":{"background-color":"var(--ast-global-color-4)","background-image":"","background-repeat":"repeat","background-position":"center center","background-size":"auto","background-attachment":"scroll","background-type":"","background-media":"","overlay-type":"","overlay-color":"","overlay-opacity":"","overlay-gradient":""},"tablet":{"background-color":"var(--ast-global-color-4)","background-image":"","background-repeat":"repeat","background-position":"center center","background-size":"auto","background-attachment":"scroll","background-type":"","background-media":"","overlay-type":"","overlay-color":"","overlay-opacity":"","overlay-gradient":""},"mobile":{"background-color":"var(--ast-global-color-4)","background-image":"","background-repeat":"repeat","background-position":"center center","background-size":"auto","background-attachment":"scroll","background-type":"","background-media":"","overlay-type":"","overlay-color":"","overlay-opacity":"","overlay-gradient":""}},"_jetpack_newsletter_access":"","_jetpack_dont_email_post_to_subs":false,"_jetpack_newsletter_tier_id":0,"_jetpack_memberships_contains_paywalled_content":false,"_jetpack_feature_clip_id":0,"_jetpack_memberships_contains_paid_content":false,"footnotes":"","jetpack_publicize_message":"","jetpack_publicize_feature_enabled":true,"jetpack_social_post_already_shared":false,"jetpack_social_options":{"image_generator_settings":{"template":"highway","default_image_id":0,"font":"","enabled":false},"version":2},"jetpack_post_was_ever_published":false},"categories":[26],"tags":[],"class_list":["post-21334","post","type-post","status-publish","format-standard","has-post-thumbnail","hentry","category-columnistas"],"yoast_head":"<!-- This site is optimized with the Yoast SEO plugin v28.3 - https:\/\/yoast.com\/product\/yoast-seo-wordpress\/ -->\n<title>\u00bfQui\u00e9n es la corcholata favorita del Ej\u00e9rcito? - Pol\u00edticos al Desnudo<\/title>\n<meta name=\"robots\" content=\"index, follow, max-snippet:-1, max-image-preview:large, max-video-preview:-1\" \/>\n<link rel=\"canonical\" href=\"https:\/\/politicosaldesnudo.com.mx\/index.php\/2023\/06\/22\/quien-es-la-corcholata-favorita-del-ejercito\/\" \/>\n<meta property=\"og:locale\" content=\"es_ES\" \/>\n<meta property=\"og:type\" content=\"article\" \/>\n<meta property=\"og:title\" content=\"\u00bfQui\u00e9n es la corcholata favorita del Ej\u00e9rcito? - Pol\u00edticos al Desnudo\" \/>\n<meta property=\"og:description\" content=\"&nbsp; &nbsp; Por Jos\u00e9 Ure\u00f1a El dato inicial es simple: Andr\u00e9s Manuel L\u00f3pez Obrador incrementa d\u00eda con d\u00eda las actividades [&hellip;]\" \/>\n<meta property=\"og:url\" content=\"https:\/\/politicosaldesnudo.com.mx\/index.php\/2023\/06\/22\/quien-es-la-corcholata-favorita-del-ejercito\/\" \/>\n<meta property=\"og:site_name\" content=\"Pol\u00edticos al Desnudo\" \/>\n<meta property=\"article:publisher\" content=\"https:\/\/www.facebook.com\/PoliticosAD\" \/>\n<meta property=\"article:published_time\" content=\"2023-06-22T10:50:25+00:00\" \/>\n<meta property=\"article:modified_time\" content=\"2023-06-22T13:07:30+00:00\" \/>\n<meta property=\"og:image\" content=\"https:\/\/i0.wp.com\/politicosaldesnudo.com.mx\/wp-content\/uploads\/2022\/04\/JOSE%CC%81-UREN%CC%83A.png?fit=1816%2C1016&ssl=1\" \/>\n\t<meta property=\"og:image:width\" content=\"1816\" \/>\n\t<meta property=\"og:image:height\" content=\"1016\" \/>\n\t<meta property=\"og:image:type\" content=\"image\/png\" \/>\n<meta name=\"author\" content=\"Redacci\u00f3n Pol\u00edticos\" \/>\n<meta name=\"twitter:card\" content=\"summary_large_image\" \/>\n<meta name=\"twitter:label1\" content=\"Escrito por\" \/>\n\t<meta name=\"twitter:data1\" content=\"Redacci\u00f3n Pol\u00edticos\" \/>\n\t<meta name=\"twitter:label2\" content=\"Tiempo de lectura\" \/>\n\t<meta name=\"twitter:data2\" content=\"3 minutos\" \/>\n<script type=\"application\/ld+json\" class=\"yoast-schema-graph\">{\"@context\":\"https:\\\/\\\/schema.org\",\"@graph\":[{\"@type\":\"Article\",\"@id\":\"https:\\\/\\\/politicosaldesnudo.com.mx\\\/index.php\\\/2023\\\/06\\\/22\\\/quien-es-la-corcholata-favorita-del-ejercito\\\/#article\",\"isPartOf\":{\"@id\":\"https:\\\/\\\/politicosaldesnudo.com.mx\\\/index.php\\\/2023\\\/06\\\/22\\\/quien-es-la-corcholata-favorita-del-ejercito\\\/\"},\"author\":{\"name\":\"Redacci\u00f3n Pol\u00edticos\",\"@id\":\"https:\\\/\\\/politicosaldesnudo.com.mx\\\/#\\\/schema\\\/person\\\/ef3a64e561cc3f3f5dc52fab81adde7e\"},\"headline\":\"\u00bfQui\u00e9n es la corcholata favorita del Ej\u00e9rcito?\",\"datePublished\":\"2023-06-22T10:50:25+00:00\",\"dateModified\":\"2023-06-22T13:07:30+00:00\",\"mainEntityOfPage\":{\"@id\":\"https:\\\/\\\/politicosaldesnudo.com.mx\\\/index.php\\\/2023\\\/06\\\/22\\\/quien-es-la-corcholata-favorita-del-ejercito\\\/\"},\"wordCount\":611,\"publisher\":{\"@id\":\"https:\\\/\\\/politicosaldesnudo.com.mx\\\/#organization\"},\"image\":{\"@id\":\"https:\\\/\\\/politicosaldesnudo.com.mx\\\/index.php\\\/2023\\\/06\\\/22\\\/quien-es-la-corcholata-favorita-del-ejercito\\\/#primaryimage\"},\"thumbnailUrl\":\"https:\\\/\\\/i0.wp.com\\\/politicosaldesnudo.com.mx\\\/wp-content\\\/uploads\\\/2022\\\/04\\\/JOSE%CC%81-UREN%CC%83A.png?fit=1816%2C1016&ssl=1\",\"articleSection\":[\"OPINI\u00d3N\"],\"inLanguage\":\"es\"},{\"@type\":\"WebPage\",\"@id\":\"https:\\\/\\\/politicosaldesnudo.com.mx\\\/index.php\\\/2023\\\/06\\\/22\\\/quien-es-la-corcholata-favorita-del-ejercito\\\/\",\"url\":\"https:\\\/\\\/politicosaldesnudo.com.mx\\\/index.php\\\/2023\\\/06\\\/22\\\/quien-es-la-corcholata-favorita-del-ejercito\\\/\",\"name\":\"\u00bfQui\u00e9n es la corcholata favorita del Ej\u00e9rcito? - Pol\u00edticos al Desnudo\",\"isPartOf\":{\"@id\":\"https:\\\/\\\/politicosaldesnudo.com.mx\\\/#website\"},\"primaryImageOfPage\":{\"@id\":\"https:\\\/\\\/politicosaldesnudo.com.mx\\\/index.php\\\/2023\\\/06\\\/22\\\/quien-es-la-corcholata-favorita-del-ejercito\\\/#primaryimage\"},\"image\":{\"@id\":\"https:\\\/\\\/politicosaldesnudo.com.mx\\\/index.php\\\/2023\\\/06\\\/22\\\/quien-es-la-corcholata-favorita-del-ejercito\\\/#primaryimage\"},\"thumbnailUrl\":\"https:\\\/\\\/i0.wp.com\\\/politicosaldesnudo.com.mx\\\/wp-content\\\/uploads\\\/2022\\\/04\\\/JOSE%CC%81-UREN%CC%83A.png?fit=1816%2C1016&ssl=1\",\"datePublished\":\"2023-06-22T10:50:25+00:00\",\"dateModified\":\"2023-06-22T13:07:30+00:00\",\"breadcrumb\":{\"@id\":\"https:\\\/\\\/politicosaldesnudo.com.mx\\\/index.php\\\/2023\\\/06\\\/22\\\/quien-es-la-corcholata-favorita-del-ejercito\\\/#breadcrumb\"},\"inLanguage\":\"es\",\"potentialAction\":[{\"@type\":\"ReadAction\",\"target\":[\"https:\\\/\\\/politicosaldesnudo.com.mx\\\/index.php\\\/2023\\\/06\\\/22\\\/quien-es-la-corcholata-favorita-del-ejercito\\\/\"]}]},{\"@type\":\"ImageObject\",\"inLanguage\":\"es\",\"@id\":\"https:\\\/\\\/politicosaldesnudo.com.mx\\\/index.php\\\/2023\\\/06\\\/22\\\/quien-es-la-corcholata-favorita-del-ejercito\\\/#primaryimage\",\"url\":\"https:\\\/\\\/i0.wp.com\\\/politicosaldesnudo.com.mx\\\/wp-content\\\/uploads\\\/2022\\\/04\\\/JOSE%CC%81-UREN%CC%83A.png?fit=1816%2C1016&ssl=1\",\"contentUrl\":\"https:\\\/\\\/i0.wp.com\\\/politicosaldesnudo.com.mx\\\/wp-content\\\/uploads\\\/2022\\\/04\\\/JOSE%CC%81-UREN%CC%83A.png?fit=1816%2C1016&ssl=1\",\"width\":1816,\"height\":1016},{\"@type\":\"BreadcrumbList\",\"@id\":\"https:\\\/\\\/politicosaldesnudo.com.mx\\\/index.php\\\/2023\\\/06\\\/22\\\/quien-es-la-corcholata-favorita-del-ejercito\\\/#breadcrumb\",\"itemListElement\":[{\"@type\":\"ListItem\",\"position\":1,\"name\":\"Portada\",\"item\":\"https:\\\/\\\/politicosaldesnudo.com.mx\\\/\"},{\"@type\":\"ListItem\",\"position\":2,\"name\":\"\u00bfQui\u00e9n es la corcholata favorita del Ej\u00e9rcito?\"}]},{\"@type\":\"WebSite\",\"@id\":\"https:\\\/\\\/politicosaldesnudo.com.mx\\\/#website\",\"url\":\"https:\\\/\\\/politicosaldesnudo.com.mx\\\/\",\"name\":\"Pol\u00edticos al Desnudo\",\"description\":\"\",\"publisher\":{\"@id\":\"https:\\\/\\\/politicosaldesnudo.com.mx\\\/#organization\"},\"potentialAction\":[{\"@type\":\"SearchAction\",\"target\":{\"@type\":\"EntryPoint\",\"urlTemplate\":\"https:\\\/\\\/politicosaldesnudo.com.mx\\\/?s={search_term_string}\"},\"query-input\":{\"@type\":\"PropertyValueSpecification\",\"valueRequired\":true,\"valueName\":\"search_term_string\"}}],\"inLanguage\":\"es\"},{\"@type\":\"Organization\",\"@id\":\"https:\\\/\\\/politicosaldesnudo.com.mx\\\/#organization\",\"name\":\"Pol\u00edticos al Desnudo\",\"url\":\"https:\\\/\\\/politicosaldesnudo.com.mx\\\/\",\"logo\":{\"@type\":\"ImageObject\",\"inLanguage\":\"es\",\"@id\":\"https:\\\/\\\/politicosaldesnudo.com.mx\\\/#\\\/schema\\\/logo\\\/image\\\/\",\"url\":\"https:\\\/\\\/i0.wp.com\\\/politicosaldesnudo.com.mx\\\/wp-content\\\/uploads\\\/2026\\\/08\\\/cropped-logo.webp?fit=400%2C126&ssl=1\",\"contentUrl\":\"https:\\\/\\\/i0.wp.com\\\/politicosaldesnudo.com.mx\\\/wp-content\\\/uploads\\\/2026\\\/08\\\/cropped-logo.webp?fit=400%2C126&ssl=1\",\"width\":400,\"height\":126,\"caption\":\"Pol\u00edticos al Desnudo\"},\"image\":{\"@id\":\"https:\\\/\\\/politicosaldesnudo.com.mx\\\/#\\\/schema\\\/logo\\\/image\\\/\"},\"sameAs\":[\"https:\\\/\\\/www.facebook.com\\\/PoliticosAD\"]},{\"@type\":\"Person\",\"@id\":\"https:\\\/\\\/politicosaldesnudo.com.mx\\\/#\\\/schema\\\/person\\\/ef3a64e561cc3f3f5dc52fab81adde7e\",\"name\":\"Redacci\u00f3n Pol\u00edticos\",\"url\":\"https:\\\/\\\/politicosaldesnudo.com.mx\\\/index.php\\\/author\\\/redaccion-politicos\\\/\"}]}<\/script>\n<!-- \/ Yoast SEO plugin. -->","yoast_head_json":{"title":"\u00bfQui\u00e9n es la corcholata favorita del Ej\u00e9rcito? - Pol\u00edticos al Desnudo","robots":{"index":"index","follow":"follow","max-snippet":"max-snippet:-1","max-image-preview":"max-image-preview:large","max-video-preview":"max-video-preview:-1"},"canonical":"https:\/\/politicosaldesnudo.com.mx\/index.php\/2023\/06\/22\/quien-es-la-corcholata-favorita-del-ejercito\/","og_locale":"es_ES","og_type":"article","og_title":"\u00bfQui\u00e9n es la corcholata favorita del Ej\u00e9rcito? - Pol\u00edticos al Desnudo","og_description":"&nbsp; &nbsp; Por Jos\u00e9 Ure\u00f1a El dato inicial es simple: Andr\u00e9s Manuel L\u00f3pez Obrador incrementa d\u00eda con d\u00eda las actividades [&hellip;]","og_url":"https:\/\/politicosaldesnudo.com.mx\/index.php\/2023\/06\/22\/quien-es-la-corcholata-favorita-del-ejercito\/","og_site_name":"Pol\u00edticos al Desnudo","article_publisher":"https:\/\/www.facebook.com\/PoliticosAD","article_published_time":"2023-06-22T10:50:25+00:00","article_modified_time":"2023-06-22T13:07:30+00:00","og_image":[{"width":1816,"height":1016,"url":"https:\/\/i0.wp.com\/politicosaldesnudo.com.mx\/wp-content\/uploads\/2022\/04\/JOSE%CC%81-UREN%CC%83A.png?fit=1816%2C1016&ssl=1","type":"image\/png"}],"author":"Redacci\u00f3n Pol\u00edticos","twitter_card":"summary_large_image","twitter_misc":{"Escrito por":"Redacci\u00f3n Pol\u00edticos","Tiempo de lectura":"3 minutos"},"schema":{"@context":"https:\/\/schema.org","@graph":[{"@type":"Article","@id":"https:\/\/politicosaldesnudo.com.mx\/index.php\/2023\/06\/22\/quien-es-la-corcholata-favorita-del-ejercito\/#article","isPartOf":{"@id":"https:\/\/politicosaldesnudo.com.mx\/index.php\/2023\/06\/22\/quien-es-la-corcholata-favorita-del-ejercito\/"},"author":{"name":"Redacci\u00f3n Pol\u00edticos","@id":"https:\/\/politicosaldesnudo.com.mx\/#\/schema\/person\/ef3a64e561cc3f3f5dc52fab81adde7e"},"headline":"\u00bfQui\u00e9n es la corcholata favorita del Ej\u00e9rcito?","datePublished":"2023-06-22T10:50:25+00:00","dateModified":"2023-06-22T13:07:30+00:00","mainEntityOfPage":{"@id":"https:\/\/politicosaldesnudo.com.mx\/index.php\/2023\/06\/22\/quien-es-la-corcholata-favorita-del-ejercito\/"},"wordCount":611,"publisher":{"@id":"https:\/\/politicosaldesnudo.com.mx\/#organization"},"image":{"@id":"https:\/\/politicosaldesnudo.com.mx\/index.php\/2023\/06\/22\/quien-es-la-corcholata-favorita-del-ejercito\/#primaryimage"},"thumbnailUrl":"https:\/\/i0.wp.com\/politicosaldesnudo.com.mx\/wp-content\/uploads\/2022\/04\/JOSE%CC%81-UREN%CC%83A.png?fit=1816%2C1016&ssl=1","articleSection":["OPINI\u00d3N"],"inLanguage":"es"},{"@type":"WebPage","@id":"https:\/\/politicosaldesnudo.com.mx\/index.php\/2023\/06\/22\/quien-es-la-corcholata-favorita-del-ejercito\/","url":"https:\/\/politicosaldesnudo.com.mx\/index.php\/2023\/06\/22\/quien-es-la-corcholata-favorita-del-ejercito\/","name":"\u00bfQui\u00e9n es la corcholata favorita del Ej\u00e9rcito? - Pol\u00edticos al Desnudo","isPartOf":{"@id":"https:\/\/politicosaldesnudo.com.mx\/#website"},"primaryImageOfPage":{"@id":"https:\/\/politicosaldesnudo.com.mx\/index.php\/2023\/06\/22\/quien-es-la-corcholata-favorita-del-ejercito\/#primaryimage"},"image":{"@id":"https:\/\/politicosaldesnudo.com.mx\/index.php\/2023\/06\/22\/quien-es-la-corcholata-favorita-del-ejercito\/#primaryimage"},"thumbnailUrl":"https:\/\/i0.wp.com\/politicosaldesnudo.com.mx\/wp-content\/uploads\/2022\/04\/JOSE%CC%81-UREN%CC%83A.png?fit=1816%2C1016&ssl=1","datePublished":"2023-06-22T10:50:25+00:00","dateModified":"2023-06-22T13:07:30+00:00","breadcrumb":{"@id":"https:\/\/politicosaldesnudo.com.mx\/index.php\/2023\/06\/22\/quien-es-la-corcholata-favorita-del-ejercito\/#breadcrumb"},"inLanguage":"es","potentialAction":[{"@type":"ReadAction","target":["https:\/\/politicosaldesnudo.com.mx\/index.php\/2023\/06\/22\/quien-es-la-corcholata-favorita-del-ejercito\/"]}]},{"@type":"ImageObject","inLanguage":"es","@id":"https:\/\/politicosaldesnudo.com.mx\/index.php\/2023\/06\/22\/quien-es-la-corcholata-favorita-del-ejercito\/#primaryimage","url":"https:\/\/i0.wp.com\/politicosaldesnudo.com.mx\/wp-content\/uploads\/2022\/04\/JOSE%CC%81-UREN%CC%83A.png?fit=1816%2C1016&ssl=1","contentUrl":"https:\/\/i0.wp.com\/politicosaldesnudo.com.mx\/wp-content\/uploads\/2022\/04\/JOSE%CC%81-UREN%CC%83A.png?fit=1816%2C1016&ssl=1","width":1816,"height":1016},{"@type":"BreadcrumbList","@id":"https:\/\/politicosaldesnudo.com.mx\/index.php\/2023\/06\/22\/quien-es-la-corcholata-favorita-del-ejercito\/#breadcrumb","itemListElement":[{"@type":"ListItem","position":1,"name":"Portada","item":"https:\/\/politicosaldesnudo.com.mx\/"},{"@type":"ListItem","position":2,"name":"\u00bfQui\u00e9n es la corcholata favorita del Ej\u00e9rcito?"}]},{"@type":"WebSite","@id":"https:\/\/politicosaldesnudo.com.mx\/#website","url":"https:\/\/politicosaldesnudo.com.mx\/","name":"Pol\u00edticos al Desnudo","description":"","publisher":{"@id":"https:\/\/politicosaldesnudo.com.mx\/#organization"},"potentialAction":[{"@type":"SearchAction","target":{"@type":"EntryPoint","urlTemplate":"https:\/\/politicosaldesnudo.com.mx\/?s={search_term_string}"},"query-input":{"@type":"PropertyValueSpecification","valueRequired":true,"valueName":"search_term_string"}}],"inLanguage":"es"},{"@type":"Organization","@id":"https:\/\/politicosaldesnudo.com.mx\/#organization","name":"Pol\u00edticos al Desnudo","url":"https:\/\/politicosaldesnudo.com.mx\/","logo":{"@type":"ImageObject","inLanguage":"es","@id":"https:\/\/politicosaldesnudo.com.mx\/#\/schema\/logo\/image\/","url":"https:\/\/i0.wp.com\/politicosaldesnudo.com.mx\/wp-content\/uploads\/2026\/08\/cropped-logo.webp?fit=400%2C126&ssl=1","contentUrl":"https:\/\/i0.wp.com\/politicosaldesnudo.com.mx\/wp-content\/uploads\/2026\/08\/cropped-logo.webp?fit=400%2C126&ssl=1","width":400,"height":126,"caption":"Pol\u00edticos al Desnudo"},"image":{"@id":"https:\/\/politicosaldesnudo.com.mx\/#\/schema\/logo\/image\/"},"sameAs":["https:\/\/www.facebook.com\/PoliticosAD"]},{"@type":"Person","@id":"https:\/\/politicosaldesnudo.com.mx\/#\/schema\/person\/ef3a64e561cc3f3f5dc52fab81adde7e","name":"Redacci\u00f3n Pol\u00edticos","url":"https:\/\/politicosaldesnudo.com.mx\/index.php\/author\/redaccion-politicos\/"}]}},"jetpack_publicize_connections":[],"jetpack-related-posts":[{"id":87231,"url":"https:\/\/politicosaldesnudo.com.mx\/index.php\/2026\/07\/27\/concluye-marina-curso-de-control-de-averias\/","url_meta":{"origin":21334,"position":0},"title":"Concluye Marina Curso de Control de Aver\u00edas","author":"Redacci\u00f3n Pol\u00edticos","date":"27 de julio de 2026","format":false,"excerpt":"La Secretar\u00eda de Marina a trav\u00e9s de la Armada de M\u00e9xico, por conducto de la Fuerza Naval del Golfo, informa que el d\u00eda hoy, se llev\u00f3 a cabo la ceremonia de clausura del Tercer Curso de Control de Aver\u00edas para Unidades Mar\u00edtimas para Guardiamarinas (CAUM- GUARD) impartido en el Centro\u2026","rel":"","context":"En \u00abTUXPAN\u00bb","block_context":{"text":"TUXPAN","link":"https:\/\/politicosaldesnudo.com.mx\/index.php\/category\/tuxpan\/"},"img":{"alt_text":"","src":"https:\/\/i0.wp.com\/politicosaldesnudo.com.mx\/wp-content\/uploads\/2026\/07\/AFU.jpg?fit=1200%2C900&ssl=1&resize=350%2C200","width":350,"height":200,"srcset":"https:\/\/i0.wp.com\/politicosaldesnudo.com.mx\/wp-content\/uploads\/2026\/07\/AFU.jpg?fit=1200%2C900&ssl=1&resize=350%2C200 1x, https:\/\/i0.wp.com\/politicosaldesnudo.com.mx\/wp-content\/uploads\/2026\/07\/AFU.jpg?fit=1200%2C900&ssl=1&resize=525%2C300 1.5x, https:\/\/i0.wp.com\/politicosaldesnudo.com.mx\/wp-content\/uploads\/2026\/07\/AFU.jpg?fit=1200%2C900&ssl=1&resize=700%2C400 2x, https:\/\/i0.wp.com\/politicosaldesnudo.com.mx\/wp-content\/uploads\/2026\/07\/AFU.jpg?fit=1200%2C900&ssl=1&resize=1050%2C600 3x"},"classes":[]},{"id":87983,"url":"https:\/\/politicosaldesnudo.com.mx\/index.php\/2026\/08\/22\/fernando-farias-permanecera-en-el-altiplano-definiran-el-miercoles-si-sera-vinculado-por-huachicol-fiscal\/","url_meta":{"origin":21334,"position":1},"title":"Fernando Far\u00edas permanecer\u00e1 en El Altiplano; definir\u00e1n el mi\u00e9rcoles si ser\u00e1 vinculado por huachicol fiscal","author":"Redacci\u00f3n Pol\u00edticos","date":"22 de agosto de 2026","format":false,"excerpt":"Fernando Far\u00edas Laguna, excontralmirante de la Secretar\u00eda de Marina, continuar\u00e1 recluido en el penal federal de m\u00e1xima seguridad de El Altiplano, luego de que una jueza le impusiera prisi\u00f3n preventiva oficiosa. La resoluci\u00f3n se emiti\u00f3 al t\u00e9rmino de una audiencia inicial que se prolong\u00f3 durante cerca de 18 horas y\u2026","rel":"","context":"En \u00abNACIONAL\u00bb","block_context":{"text":"NACIONAL","link":"https:\/\/politicosaldesnudo.com.mx\/index.php\/category\/nacional\/"},"img":{"alt_text":"","src":"https:\/\/i0.wp.com\/politicosaldesnudo.com.mx\/wp-content\/uploads\/2026\/08\/farias.jpg?fit=1200%2C800&ssl=1&resize=350%2C200","width":350,"height":200,"srcset":"https:\/\/i0.wp.com\/politicosaldesnudo.com.mx\/wp-content\/uploads\/2026\/08\/farias.jpg?fit=1200%2C800&ssl=1&resize=350%2C200 1x, https:\/\/i0.wp.com\/politicosaldesnudo.com.mx\/wp-content\/uploads\/2026\/08\/farias.jpg?fit=1200%2C800&ssl=1&resize=525%2C300 1.5x, https:\/\/i0.wp.com\/politicosaldesnudo.com.mx\/wp-content\/uploads\/2026\/08\/farias.jpg?fit=1200%2C800&ssl=1&resize=700%2C400 2x, https:\/\/i0.wp.com\/politicosaldesnudo.com.mx\/wp-content\/uploads\/2026\/08\/farias.jpg?fit=1200%2C800&ssl=1&resize=1050%2C600 3x"},"classes":[]},{"id":88131,"url":"https:\/\/politicosaldesnudo.com.mx\/index.php\/2026\/08\/28\/corrupcion-bajo-la-lupa-en-veracruz-96-investigaciones-y-apenas-11-sanciones\/","url_meta":{"origin":21334,"position":2},"title":"Corrupci\u00f3n bajo la lupa en Veracruz: 96 investigaciones y apenas 11 sanciones","author":"Redacci\u00f3n Pol\u00edticos","date":"28 de agosto de 2026","format":false,"excerpt":"La detecci\u00f3n de posibles actos de corrupci\u00f3n en Veracruz no siempre se traduce en castigos. Aunque las autoridades fiscalizadoras reportaron 96 investigaciones por faltas administrativas graves, el balance disponible registra \u00fanicamente nueve resoluciones definitivas y 11 sanciones. Las cifras forman parte de un estudio presentado por Transparencia Mexicana, elaborado con\u2026","rel":"","context":"En \u00abESTADOS\u00bb","block_context":{"text":"ESTADOS","link":"https:\/\/politicosaldesnudo.com.mx\/index.php\/category\/estados\/"},"img":{"alt_text":"","src":"https:\/\/i0.wp.com\/politicosaldesnudo.com.mx\/wp-content\/uploads\/2026\/08\/juz.jpg?fit=1200%2C800&ssl=1&resize=350%2C200","width":350,"height":200,"srcset":"https:\/\/i0.wp.com\/politicosaldesnudo.com.mx\/wp-content\/uploads\/2026\/08\/juz.jpg?fit=1200%2C800&ssl=1&resize=350%2C200 1x, https:\/\/i0.wp.com\/politicosaldesnudo.com.mx\/wp-content\/uploads\/2026\/08\/juz.jpg?fit=1200%2C800&ssl=1&resize=525%2C300 1.5x, https:\/\/i0.wp.com\/politicosaldesnudo.com.mx\/wp-content\/uploads\/2026\/08\/juz.jpg?fit=1200%2C800&ssl=1&resize=700%2C400 2x, https:\/\/i0.wp.com\/politicosaldesnudo.com.mx\/wp-content\/uploads\/2026\/08\/juz.jpg?fit=1200%2C800&ssl=1&resize=1050%2C600 3x"},"classes":[]},{"id":87884,"url":"https:\/\/politicosaldesnudo.com.mx\/index.php\/2026\/08\/18\/accidente-en-tamaulipas-deja-cuatro-marinos-sin-vida\/","url_meta":{"origin":21334,"position":3},"title":"Accidente en Tamaulipas deja cuatro marinos sin vida","author":"Redacci\u00f3n Pol\u00edticos","date":"18 de agosto de 2026","format":false,"excerpt":"Cuatro integrantes de la Secretar\u00eda de Marina perdieron la vida despu\u00e9s de que el veh\u00edculo particular en el que viajaban cayera al r\u00edo, cerca del muelle de La Pesca, en el municipio de Soto la Marina, Tamaulipas. La dependencia inform\u00f3 que los elementos navales se encontraban fuera de servicio cuando\u2026","rel":"","context":"En \u00abESTADOS\u00bb","block_context":{"text":"ESTADOS","link":"https:\/\/politicosaldesnudo.com.mx\/index.php\/category\/estados\/"},"img":{"alt_text":"","src":"https:\/\/i0.wp.com\/politicosaldesnudo.com.mx\/wp-content\/uploads\/2026\/08\/775719876_2149104632306091_5978430204338928915_n.jpg?fit=843%2C521&ssl=1&resize=350%2C200","width":350,"height":200,"srcset":"https:\/\/i0.wp.com\/politicosaldesnudo.com.mx\/wp-content\/uploads\/2026\/08\/775719876_2149104632306091_5978430204338928915_n.jpg?fit=843%2C521&ssl=1&resize=350%2C200 1x, https:\/\/i0.wp.com\/politicosaldesnudo.com.mx\/wp-content\/uploads\/2026\/08\/775719876_2149104632306091_5978430204338928915_n.jpg?fit=843%2C521&ssl=1&resize=525%2C300 1.5x, https:\/\/i0.wp.com\/politicosaldesnudo.com.mx\/wp-content\/uploads\/2026\/08\/775719876_2149104632306091_5978430204338928915_n.jpg?fit=843%2C521&ssl=1&resize=700%2C400 2x"},"classes":[]},{"id":87924,"url":"https:\/\/politicosaldesnudo.com.mx\/index.php\/2026\/08\/20\/trasladan-desde-argentina-a-fernando-farias-laguna-por-caso-de-huachicol-fiscal\/","url_meta":{"origin":21334,"position":4},"title":"Trasladan desde Argentina a Fernando Far\u00edas Laguna por caso de huachicol fiscal","author":"Redacci\u00f3n Pol\u00edticos","date":"20 de agosto de 2026","format":false,"excerpt":"El contralmirante Fernando Far\u00edas Laguna est\u00e1 siendo trasladado desde Argentina a territorio mexicano para quedar a disposici\u00f3n de la justicia, que lo investiga por su presunta participaci\u00f3n en una organizaci\u00f3n dedicada al contrabando y distribuci\u00f3n ilegal de combustibles. La Fiscal\u00eda General de la Rep\u00fablica confirm\u00f3 este jueves 20 de agosto\u2026","rel":"","context":"En \u00abNACIONAL\u00bb","block_context":{"text":"NACIONAL","link":"https:\/\/politicosaldesnudo.com.mx\/index.php\/category\/nacional\/"},"img":{"alt_text":"","src":"https:\/\/i0.wp.com\/politicosaldesnudo.com.mx\/wp-content\/uploads\/2026\/08\/farias.webp?fit=1200%2C806&ssl=1&resize=350%2C200","width":350,"height":200,"srcset":"https:\/\/i0.wp.com\/politicosaldesnudo.com.mx\/wp-content\/uploads\/2026\/08\/farias.webp?fit=1200%2C806&ssl=1&resize=350%2C200 1x, https:\/\/i0.wp.com\/politicosaldesnudo.com.mx\/wp-content\/uploads\/2026\/08\/farias.webp?fit=1200%2C806&ssl=1&resize=525%2C300 1.5x, https:\/\/i0.wp.com\/politicosaldesnudo.com.mx\/wp-content\/uploads\/2026\/08\/farias.webp?fit=1200%2C806&ssl=1&resize=700%2C400 2x, https:\/\/i0.wp.com\/politicosaldesnudo.com.mx\/wp-content\/uploads\/2026\/08\/farias.webp?fit=1200%2C806&ssl=1&resize=1050%2C600 3x"},"classes":[]},{"id":88208,"url":"https:\/\/politicosaldesnudo.com.mx\/index.php\/2026\/08\/31\/contra-la-doble-nacionalidad-carlos-fuentes-y-ernesto-zedillo\/","url_meta":{"origin":21334,"position":5},"title":"Contra la doble nacionalidad: Carlos Fuentes y Ernesto Zedillo","author":"Redacci\u00f3n Pol\u00edticos","date":"31 de agosto de 2026","format":false,"excerpt":"TEL\u00c9FONO ROJO Por: Jos\u00e9 Ure\u00f1a La doble nacionalidad es un tema recurrente. Claudia Sheinbaum\u00a0ha vuelto sobre ella durante la presente semana con el objetivo de impedir constitucionalmente a un mexicano el ascenso a la Presidencia de la Rep\u00fablica o a una gubernatura. Pronto ser\u00e1 disposici\u00f3n suprema, dado el dominio de\u2026","rel":"","context":"En \u00abOPINI\u00d3N\u00bb","block_context":{"text":"OPINI\u00d3N","link":"https:\/\/politicosaldesnudo.com.mx\/index.php\/category\/columnistas\/"},"img":{"alt_text":"","src":"https:\/\/i0.wp.com\/politicosaldesnudo.com.mx\/wp-content\/uploads\/2026\/08\/tel-rojo-3108.png?fit=1200%2C658&ssl=1&resize=350%2C200","width":350,"height":200,"srcset":"https:\/\/i0.wp.com\/politicosaldesnudo.com.mx\/wp-content\/uploads\/2026\/08\/tel-rojo-3108.png?fit=1200%2C658&ssl=1&resize=350%2C200 1x, https:\/\/i0.wp.com\/politicosaldesnudo.com.mx\/wp-content\/uploads\/2026\/08\/tel-rojo-3108.png?fit=1200%2C658&ssl=1&resize=525%2C300 1.5x, https:\/\/i0.wp.com\/politicosaldesnudo.com.mx\/wp-content\/uploads\/2026\/08\/tel-rojo-3108.png?fit=1200%2C658&ssl=1&resize=700%2C400 2x, https:\/\/i0.wp.com\/politicosaldesnudo.com.mx\/wp-content\/uploads\/2026\/08\/tel-rojo-3108.png?fit=1200%2C658&ssl=1&resize=1050%2C600 3x"},"classes":[]}],"jetpack_sharing_enabled":true,"jetpack_featured_media_url":"https:\/\/i0.wp.com\/politicosaldesnudo.com.mx\/wp-content\/uploads\/2022\/04\/JOSE%CC%81-UREN%CC%83A.png?fit=1816%2C1016&ssl=1","_links":{"self":[{"href":"https:\/\/politicosaldesnudo.com.mx\/index.php\/wp-json\/wp\/v2\/posts\/21334","targetHints":{"allow":["GET"]}}],"collection":[{"href":"https:\/\/politicosaldesnudo.com.mx\/index.php\/wp-json\/wp\/v2\/posts"}],"about":[{"href":"https:\/\/politicosaldesnudo.com.mx\/index.php\/wp-json\/wp\/v2\/types\/post"}],"author":[{"embeddable":true,"href":"https:\/\/politicosaldesnudo.com.mx\/index.php\/wp-json\/wp\/v2\/users\/4"}],"replies":[{"embeddable":true,"href":"https:\/\/politicosaldesnudo.com.mx\/index.php\/wp-json\/wp\/v2\/comments?post=21334"}],"version-history":[{"count":0,"href":"https:\/\/politicosaldesnudo.com.mx\/index.php\/wp-json\/wp\/v2\/posts\/21334\/revisions"}],"wp:featuredmedia":[{"embeddable":true,"href":"https:\/\/politicosaldesnudo.com.mx\/index.php\/wp-json\/wp\/v2\/media\/3848"}],"wp:attachment":[{"href":"https:\/\/politicosaldesnudo.com.mx\/index.php\/wp-json\/wp\/v2\/media?parent=21334"}],"wp:term":[{"taxonomy":"category","embeddable":true,"href":"https:\/\/politicosaldesnudo.com.mx\/index.php\/wp-json\/wp\/v2\/categories?post=21334"},{"taxonomy":"post_tag","embeddable":true,"href":"https:\/\/politicosaldesnudo.com.mx\/index.php\/wp-json\/wp\/v2\/tags?post=21334"}],"curies":[{"name":"wp","href":"https:\/\/api.w.org\/{rel}","templated":true}]}}