{"id":21399,"date":"2023-06-24T10:17:54","date_gmt":"2023-06-24T15:17:54","guid":{"rendered":"https:\/\/politicosaldesnudo.com.mx\/?p=21399"},"modified":"2023-06-24T10:17:54","modified_gmt":"2023-06-24T15:17:54","slug":"la-mafia-del-joder","status":"publish","type":"post","link":"https:\/\/politicosaldesnudo.com.mx\/index.php\/2023\/06\/24\/la-mafia-del-joder\/","title":{"rendered":"La mafia del joder"},"content":{"rendered":"<p class=\"p1\">\n<p>&nbsp;<\/p>\n<p class=\"p1\"><span style=\"font-size: 18pt;\"><strong>Por Mois\u00e9s S\u00e1nchez Lim\u00f3n<\/strong><\/span><\/p>\n<p class=\"p1\"><span style=\"font-size: 14pt;\">Se\u00f1oras y se\u00f1ores, \u00bfa qui\u00e9n de entre los genios de la 4T se le ocurri\u00f3 utilizar a los medios p\u00fablicos de comunicaci\u00f3n como veh\u00edculos propagand\u00edsticos?<\/span><\/p>\n<p class=\"p1\"><span style=\"font-size: 14pt;\">Televidentes, radioescuchas y lectores, suelen dormirse en las emisiones y ediciones, pero el mensaje subliminal se queda.<\/span><\/p>\n<p class=\"p1\"><span style=\"font-size: 14pt;\">\u00a1Es un honor, r\u00e1-r\u00e1-r\u00e1!<\/span><\/p>\n<p class=\"p1\"><span style=\"font-size: 14pt;\">\u00bfPuede usted recitar de corridito los nombres de los integrantes del gabinetazo presidencial?<\/span><\/p>\n<p class=\"p1\"><span style=\"font-size: 14pt;\">\u00bfSabe usted de un alto funcionario de la 4T, miembro de la burocracia dorada que est\u00e9 en picota acusado de corrupci\u00f3n?<\/span><\/p>\n<p class=\"p1\"><span style=\"font-size: 14pt;\">\u00bfPor qu\u00e9 el licenciado David Rogelio Colmenares P\u00e1ramo, auditor Superior de la Federaci\u00f3n se hace que la virgen le habla y solapa malos manejos presupuestales en la Conade y acusa amnesia en el seguimiento de asuntos turbios, como en la Segalmex?<\/span><\/p>\n<p class=\"p1\"><span style=\"font-size: 14pt;\">No, no se hagan bolas \u2013Carlos Salinas dixit\u2014la corrupci\u00f3n se acab\u00f3.<\/span><\/p>\n<p class=\"p1\"><span style=\"font-size: 14pt;\">No sea mala onda y recuerde que, no hace mucho, pa\u00f1uelito blanco en alto, agit\u00e1ndolo entre sus deditos, don Andr\u00e9s Manuel ha presumido que barri\u00f3 las escaleras de arriba hacia abajo.<\/span><\/p>\n<p class=\"p1\"><span style=\"font-size: 14pt;\">\u00a1S\u00ed! Pero son el\u00e9ctricas y\u2026<\/span><\/p>\n<p class=\"p1\"><span style=\"font-size: 14pt;\">Seguro, seguro, a usted no le pas\u00f3 inadvertido que, como por muerte s\u00fabita, en Palacio dej\u00f3 de mencionarse a la llamada Mafia del Poder.<\/span><\/p>\n<p class=\"p1\"><span style=\"font-size: 14pt;\">\u00bfSer\u00e1 porque en cuatro a\u00f1os y medio logr\u00f3 consolidares la competencia que en el pr\u00f3ximo sexenio pesar\u00e1 como Mafia del Joder?<\/span><\/p>\n<p class=\"p1\"><span style=\"font-size: 14pt;\">No, no es broma ni puntada personal.<\/span><\/p>\n<p class=\"p1\"><span style=\"font-size: 14pt;\">No os hag\u00e1is, es inocultable: al amanecer de todos los d\u00edas el licenciado presidente se sienta en la orilla de su presidencial cama, por supuesto en solitario y comienza a pensar como joder a sus cr\u00edticos y opositores que, en el fondo entra\u00f1a el objetivo de joder a M\u00e9xico desmantel\u00e1ndolo, desmadr\u00e1ndolo.<\/span><\/p>\n<p class=\"p1\"><span style=\"font-size: 14pt;\">Y m\u00e1s en estos d\u00edas en que se puede proceder con impunidad sin que la llamada opini\u00f3n p\u00fablica y el pueblo bueno que no lee a los medios conservadores, neoliberales e inmundos, pero se entera mediante panfletos y programas en la tele y en la radio p\u00fablicas, supuestamente vacunadas contra las mentiras y manipulaciones y la politiquer\u00eda.<\/span><\/p>\n<p class=\"p1\"><span style=\"font-size: 14pt;\">Y es que la atenci\u00f3n se centra en la precampa\u00f1a que no es precampa\u00f1a, de los hombres y la favorita del presidente que andan en busca de ganar la voluntad popular para ser nominada o ungida coordinador de la defensa de la 4T. O sea.<\/span><\/p>\n<p class=\"p1\"><span style=\"font-size: 14pt;\">Mientras, el pr\u00edstino y honesto, honesto pero lo que se dice honesto licenciado Ignacio Ovalle Fern\u00e1ndez, presumido por el licenciado presidente como un ejemplo de mexicano de excelencia, se la lleva f\u00e1cil en condici\u00f3n de bajo perfil como coordinador del Instituto Nacional para el Federalismo y el Desarrollo Municipal.<\/span><\/p>\n<p class=\"p1\"><span style=\"font-size: 14pt;\">Mientras en el organismo Seguridad Alimentaria Mexicana, del que fue su creador y primer director, se busca encontrar la cuadratura al c\u00edrculo del quebranto cometido en su gesti\u00f3n en Segalmex por alrededor de 18 mil millones de pesos, monto superior a los 7 mil 670 millones de pesos que se levantaron los operadores de la Estafa Maestra en tiempos del culto Enrique Pe\u00f1a Nieto.<\/span><\/p>\n<p class=\"p1\"><span style=\"font-size: 14pt;\">Y caen chivos expiatorios porque, ni pensarlo, \u00a1vade retro!, que a nadie se le ocurra tocar ni con la foja de un expediente judicial a don Ignacio Ovalle Fern\u00e1ndez.<\/span><\/p>\n<p class=\"p1\"><span style=\"font-size: 14pt;\">Mire usted, hace unos d\u00edas me enter\u00e9 de un cap\u00edtulo m\u00e1s en la saga del delicado y nada escandaloso trinque en Segalmex. Se lo comparto.<\/span><\/p>\n<p class=\"p1\"><span style=\"font-size: 14pt;\">Hace unos d\u00edas fueron detenidos otros dos ex funcionarios vinculados al caso de corrupci\u00f3n m\u00e1s escandaloso del actual gobierno, pero bien ocultado por el due\u00f1o del micr\u00f3fono y las c\u00e1maras de televisi\u00f3n en la ma\u00f1anera.<\/span><\/p>\n<p class=\"p1\"><span style=\"font-size: 14pt;\">En efecto, seguro usted tambi\u00e9n supo que, el pasado 28 de mayo, en el aeropuerto internacional de Buenos Aires, Argentina, ocurri\u00f3 la aprehensi\u00f3n de Manuel Lozano Jim\u00e9nez, ex Director de Comercializaci\u00f3n de Segalmex, y de Ricardo Jos\u00e9 Lambret\u00f3n L\u00f3pez Ostaloza, directivo de la empresa Grupo Vicente Su\u00e1rez 73 vinculada al consorcio inmobiliario Grupo Aura, una de las desarrolladoras de vivienda de lujo con mayor presencia en Yucat\u00e1n.<\/span><\/p>\n<p class=\"p1\"><span style=\"font-size: 14pt;\">Lozano Jim\u00e9nez y L\u00f3pez Ostaloza son se\u00f1alados operadores de Ren\u00e9 Gavira, ex Director de Administraci\u00f3n de Segalmex que anda libre aunque contra \u00e9l hay un expediente abierto en la Fiscal\u00eda General de la Rep\u00fablica.<\/span><\/p>\n<p class=\"p1\"><span style=\"font-size: 14pt;\">Manuel Lozano Jim\u00e9nez es amigo cercan\u00edsimo de Ignacio Ovalle Fern\u00e1ndez, cuya relaci\u00f3n pol\u00edtica se fortaleci\u00f3 en el partido Movimiento Ciudadano, de cuya Fundaci\u00f3n M\u00e9xico con Valores fue presidente.<\/span><\/p>\n<p class=\"p1\"><span style=\"font-size: 14pt;\">Pero la historia es amplia.<\/span><\/p>\n<p class=\"p1\"><span style=\"font-size: 14pt;\">Porque, en dicha asociaci\u00f3n adherente a MC trabajaba C\u00e9sar Manuel Lozano Mac Donald, hijo de Lozano Jim\u00e9nez. Y desde esa fundaci\u00f3n se impuls\u00f3 la carrera pol\u00edtica de la hija de Manuel Lozano, Pilar Lozano Mac Donald, quien fue Diputada Federal por Movimiento Ciudadano; hoy, es representante del Gobierno de Samuel Garc\u00eda, de Nuevo Le\u00f3n en la Ciudad de M\u00e9xico.<\/span><\/p>\n<p class=\"p1\"><span style=\"font-size: 14pt;\">Quiz\u00e1 tambi\u00e9n recordar\u00e1 usted que la empresa Grupo Vicente Su\u00e1rez 73 est\u00e1 vinculada con Alejandro Puente C\u00f3rdoba, ex Presidente de la C\u00e1mara Nacional de la Industria de Telecomunicaciones por Cable, Canitec, beneficiado con negocios millonarios en el gobierno de Felipe Calder\u00f3n, por cierto amigo de Pilar Lozano Mac Donald, quien present\u00f3 a Puente con su padre Manuel Lozano, quien como Director de Comercializaci\u00f3n de Segalmex le otorg\u00f3 millonarios contratos.<\/span><\/p>\n<p class=\"p1\"><span style=\"font-size: 14pt;\">A esta historia que parece guion para pel\u00edcula de Luis Estrada, aunque se encabrone Su Alteza Seren\u00edsima que hizo berrinche por la trama de \u00a1Que Viva M\u00e9xico!, solo le hace falta el personaje principal cuyas iniciales son Ignacio Ovalle Fern\u00e1ndez.<\/span><\/p>\n<p class=\"p1\"><span style=\"font-size: 14pt;\">\u00a1La Mafia del Joder! \u00bfA poco no?<\/span><\/p>\n<p class=\"p1\"><span style=\"font-size: 14pt;\">Y ya que andamos en esto de las andanzas de los y las pr\u00f3ceres de la 4T,\u00a0hace dos d\u00edas caus\u00f3 alta como\u00a0directora de Comunicaci\u00f3n y An\u00e1lisis del Instituto Nacional Electoral, Elia Soledad Baltazar Gonz\u00e1lez, que seg\u00fan obra en libros estuvo matriculada en la ENEP Acatl\u00e1n de la UNAM, pero no concluy\u00f3 la carrera de Ciencias de la Comunicaci\u00f3n.<\/span><\/p>\n<p class=\"p1\"><span style=\"font-size: 14pt;\">Usted se preguntar\u00e1 qu\u00e9 demonios tiene de inter\u00e9s el arribo de do\u00f1a Elia Soledad a prensa del INE. S\u00ed, s\u00ed, todo el mundo tiene derecho a ganarse la chuleta.<\/span><\/p>\n<p class=\"p1\"><span style=\"font-size: 14pt;\">Pero\u2026<\/span><\/p>\n<p class=\"p1\"><span style=\"font-size: 14pt;\">Resulta que do\u00f1a Elia es recalcitrante militante y defensora de la 4T. Algo que hoy es asumido como un acto de fe. Y, bueno, cada quien sus gustos y debilidades.<\/span><\/p>\n<p class=\"p1\"><span style=\"font-size: 14pt;\">El caso es que do\u00f1a Elia Soledad Baltazar Gonz\u00e1lez fue directora de noticias en el Instituto Mexicano de la Radio hasta hace unos d\u00edas; es del equipazo del intelectual Jenaro Villamil y, desde los noticieros del IMER, oper\u00f3 informaci\u00f3n sesgada y se\u00f1alamientos dolosos, mal intencionados respecto del quehacer del Instituto Nacional Electoral.<\/span><\/p>\n<p class=\"p1\"><span style=\"font-size: 14pt;\">\u00a1Ah!, pero en el IMER dej\u00f3 juicios laborales pendientes.<\/span><\/p>\n<p class=\"p1\"><span style=\"font-size: 14pt;\">Incluyente y dem\u00f3crata respetuosa de los derechos humanos, do\u00f1a Elia despidi\u00f3 sin justificaci\u00f3n a trabajadores de hasta 30 a\u00f1os de servicio; fue acusada de abuso de autoridad ante instancias gubernamentales y judiciales por\u00a0 destruir reputaciones y la vida laboral de reporteros y redactores.<\/span><\/p>\n<p class=\"p1\"><span style=\"font-size: 14pt;\">As\u00ed me lo contaron y le creo a trabajadores que tienen las pruebas en la mano. \u00a1Viva la democracia vertical de la 4T! \u00a1Rec\u00f3rcholis, Drakko! Digo.<\/span><\/p>\n<p>&nbsp;<\/p>\n<hr \/>\n<p>&nbsp;<\/p>\n<p><strong><span style=\"font-size: 18pt;\">Correo: <\/span><span class=\"s1\"><a href=\"mailto:sanchezlimon@gmail.com\"><span style=\"font-size: 18pt;\">sanchezlimon@gmail.com<\/span><\/a><\/span><span class=\"s2\" style=\"font-size: 18pt;\">\u00a0<\/span><\/strong><\/p>\n<p class=\"p3\"><strong><span style=\"font-size: 18pt;\"><span class=\"s2\">Twitter: <a href=\"https:\/\/twitter.com\/sanchezlimon1\">@sanchezlimon1<\/a><\/span><\/span><\/strong><\/p>\n<p>&nbsp;<\/p>\n<p><img data-recalc-dims=\"1\" loading=\"lazy\" decoding=\"async\" class=\"aligncenter wp-image-14351\" src=\"https:\/\/i0.wp.com\/politicosaldesnudo.com.mx\/wp-content\/uploads\/2023\/01\/FIRMA-EDITORIAL-PD-300x37.png?resize=800%2C98&#038;ssl=1\" alt=\"\" width=\"800\" height=\"98\" srcset=\"https:\/\/i0.wp.com\/politicosaldesnudo.com.mx\/wp-content\/uploads\/2023\/01\/FIRMA-EDITORIAL-PD.png?resize=300%2C37&amp;ssl=1 300w, https:\/\/i0.wp.com\/politicosaldesnudo.com.mx\/wp-content\/uploads\/2023\/01\/FIRMA-EDITORIAL-PD.png?resize=1024%2C125&amp;ssl=1 1024w, https:\/\/i0.wp.com\/politicosaldesnudo.com.mx\/wp-content\/uploads\/2023\/01\/FIRMA-EDITORIAL-PD.png?resize=768%2C94&amp;ssl=1 768w, https:\/\/i0.wp.com\/politicosaldesnudo.com.mx\/wp-content\/uploads\/2023\/01\/FIRMA-EDITORIAL-PD.png?resize=1536%2C188&amp;ssl=1 1536w, https:\/\/i0.wp.com\/politicosaldesnudo.com.mx\/wp-content\/uploads\/2023\/01\/FIRMA-EDITORIAL-PD.png?resize=2048%2C250&amp;ssl=1 2048w, https:\/\/i0.wp.com\/politicosaldesnudo.com.mx\/wp-content\/uploads\/2023\/01\/FIRMA-EDITORIAL-PD.png?w=1600&amp;ssl=1 1600w, https:\/\/i0.wp.com\/politicosaldesnudo.com.mx\/wp-content\/uploads\/2023\/01\/FIRMA-EDITORIAL-PD.png?w=2400&amp;ssl=1 2400w\" sizes=\"auto, (max-width: 800px) 100vw, 800px\" \/><\/p>\n<p>&nbsp;<\/p>\n<p>&nbsp;<\/p>\n<p>&nbsp;<\/p>\n<p>&nbsp;<\/p>\n","protected":false},"excerpt":{"rendered":"<p>&nbsp; Por Mois\u00e9s S\u00e1nchez Lim\u00f3n Se\u00f1oras y se\u00f1ores, \u00bfa qui\u00e9n de entre los genios de la 4T se le ocurri\u00f3<\/p>\n","protected":false},"author":4,"featured_media":16109,"comment_status":"closed","ping_status":"closed","sticky":false,"template":"","format":"standard","meta":{"colormag_page_container_layout":"default_layout","colormag_page_sidebar_layout":"default_layout","_jetpack_memberships_contains_paid_content":false,"footnotes":"","jetpack_publicize_message":"","jetpack_publicize_feature_enabled":true,"jetpack_social_post_already_shared":false,"jetpack_social_options":{"image_generator_settings":{"template":"highway","default_image_id":0,"font":"","enabled":false},"version":2}},"categories":[26],"tags":[],"class_list":["post-21399","post","type-post","status-publish","format-standard","has-post-thumbnail","hentry","category-columnistas"],"jetpack_publicize_connections":[],"jetpack_featured_media_url":"https:\/\/i0.wp.com\/politicosaldesnudo.com.mx\/wp-content\/uploads\/2023\/02\/P-MOISES-SANCHEZ-LIMON.png?fit=1816%2C1016&ssl=1","jetpack-related-posts":[],"jetpack_sharing_enabled":true,"_links":{"self":[{"href":"https:\/\/politicosaldesnudo.com.mx\/index.php\/wp-json\/wp\/v2\/posts\/21399","targetHints":{"allow":["GET"]}}],"collection":[{"href":"https:\/\/politicosaldesnudo.com.mx\/index.php\/wp-json\/wp\/v2\/posts"}],"about":[{"href":"https:\/\/politicosaldesnudo.com.mx\/index.php\/wp-json\/wp\/v2\/types\/post"}],"author":[{"embeddable":true,"href":"https:\/\/politicosaldesnudo.com.mx\/index.php\/wp-json\/wp\/v2\/users\/4"}],"replies":[{"embeddable":true,"href":"https:\/\/politicosaldesnudo.com.mx\/index.php\/wp-json\/wp\/v2\/comments?post=21399"}],"version-history":[{"count":0,"href":"https:\/\/politicosaldesnudo.com.mx\/index.php\/wp-json\/wp\/v2\/posts\/21399\/revisions"}],"wp:featuredmedia":[{"embeddable":true,"href":"https:\/\/politicosaldesnudo.com.mx\/index.php\/wp-json\/wp\/v2\/media\/16109"}],"wp:attachment":[{"href":"https:\/\/politicosaldesnudo.com.mx\/index.php\/wp-json\/wp\/v2\/media?parent=21399"}],"wp:term":[{"taxonomy":"category","embeddable":true,"href":"https:\/\/politicosaldesnudo.com.mx\/index.php\/wp-json\/wp\/v2\/categories?post=21399"},{"taxonomy":"post_tag","embeddable":true,"href":"https:\/\/politicosaldesnudo.com.mx\/index.php\/wp-json\/wp\/v2\/tags?post=21399"}],"curies":[{"name":"wp","href":"https:\/\/api.w.org\/{rel}","templated":true}]}}