{"id":21412,"date":"2023-06-23T11:03:05","date_gmt":"2023-06-23T16:03:05","guid":{"rendered":"https:\/\/politicosaldesnudo.com.mx\/?p=21412"},"modified":"2023-07-01T15:21:45","modified_gmt":"2023-07-01T20:21:45","slug":"prestadores-de-servicios-turisticos-de-tuxpan-reciben-certificaciones-de-moderniza-basico-y-punto-limpio","status":"publish","type":"post","link":"https:\/\/politicosaldesnudo.com.mx\/index.php\/2023\/06\/23\/prestadores-de-servicios-turisticos-de-tuxpan-reciben-certificaciones-de-moderniza-basico-y-punto-limpio\/","title":{"rendered":"Prestadores de servicios tur\u00edsticos de Tuxpan reciben certificaciones de \u201cModerniza B\u00e1sico y Punto Limpio\u201d"},"content":{"rendered":"<p>&nbsp;<\/p>\n<p class=\"p2\" style=\"text-align: center;\"><em><span style=\"font-size: 18pt;\"><strong>&lt;&lt; El Director de Servicios Tur\u00edsticos de la Sectur, reconoci\u00f3 que Tuxpan ha despegado tur\u00edsticamente&gt;&gt;<\/strong><\/span><\/em><\/p>\n<p>&nbsp;<\/p>\n<p class=\"p2\"><span style=\"font-size: 14pt;\"><em><strong>TUXPAN, VERACRUZ.<\/strong> <\/em>En el marco de la entrega de certificaciones de los programas de <strong>\u201cModerniza B\u00e1sico y Punto Limpio\u201d<\/strong> de la Secretar\u00eda de Turismo, el alcalde<strong> Jos\u00e9 Manuel Pozos<span class=\"Apple-converted-space\">\u00a0 <\/span>reconoci\u00f3 el compromiso de los prestadores de servicios tur\u00edsticos de Tuxpan.<\/strong><\/span><\/p>\n<p class=\"p2\"><span style=\"font-size: 18pt;\"><strong>El presidente Jos\u00e9 Manuel Pozos felicit\u00f3 a quienes lograron obtener su certificaci\u00f3n: \u201cCada uno de ustedes mostr\u00f3 voluntad y mucho compromiso al acreditar estos 2 programas que son parte de una profesionalizaci\u00f3n innovadora que les permitir\u00e1 brindar una atenci\u00f3n de calidad a los visitantes, adem\u00e1s de incrementar la rentabilidad y competitividad de sus negocios\u201d.<\/strong><\/span><\/p>\n<p>&nbsp;<\/p>\n<p><img data-recalc-dims=\"1\" loading=\"lazy\" decoding=\"async\" class=\"aligncenter wp-image-21413 size-large\" src=\"https:\/\/i0.wp.com\/politicosaldesnudo.com.mx\/wp-content\/uploads\/2023\/06\/P-CERTIFICACION-TUXPAN-1-1024x573.png?resize=800%2C448&#038;ssl=1\" alt=\"\" width=\"800\" height=\"448\" srcset=\"https:\/\/i0.wp.com\/politicosaldesnudo.com.mx\/wp-content\/uploads\/2023\/06\/P-CERTIFICACION-TUXPAN-1.png?resize=1024%2C573&amp;ssl=1 1024w, https:\/\/i0.wp.com\/politicosaldesnudo.com.mx\/wp-content\/uploads\/2023\/06\/P-CERTIFICACION-TUXPAN-1.png?resize=300%2C168&amp;ssl=1 300w, https:\/\/i0.wp.com\/politicosaldesnudo.com.mx\/wp-content\/uploads\/2023\/06\/P-CERTIFICACION-TUXPAN-1.png?resize=768%2C430&amp;ssl=1 768w, https:\/\/i0.wp.com\/politicosaldesnudo.com.mx\/wp-content\/uploads\/2023\/06\/P-CERTIFICACION-TUXPAN-1.png?resize=1536%2C859&amp;ssl=1 1536w, https:\/\/i0.wp.com\/politicosaldesnudo.com.mx\/wp-content\/uploads\/2023\/06\/P-CERTIFICACION-TUXPAN-1.png?w=1816&amp;ssl=1 1816w, https:\/\/i0.wp.com\/politicosaldesnudo.com.mx\/wp-content\/uploads\/2023\/06\/P-CERTIFICACION-TUXPAN-1.png?w=1600&amp;ssl=1 1600w\" sizes=\"auto, (max-width: 800px) 100vw, 800px\" \/><\/p>\n<p>&nbsp;<\/p>\n<p class=\"p2\"><span style=\"font-size: 14pt;\">Jos\u00e9 Manuel Pozos resalt\u00f3 que estas certificaciones llegan en un gran momento, porque Tuxpan est\u00e1 viviendo una actividad tur\u00edstica sin precedentes, con porcentajes de ocupaci\u00f3n elevados.<span class=\"Apple-converted-space\">\u00a0<\/span><\/span><\/p>\n<p class=\"p2\"><span style=\"font-size: 14pt;\">En ese sentido, Jos\u00e9 Manuel Pozos agradeci\u00f3 el respaldo otorgado por el Gobernador Cuitl\u00e1huac Garc\u00eda Jim\u00e9nez y por el secretario de Turismo Iv\u00e1n Mart\u00ednez Olvera, para llevar a otro nivel el desarrollo tur\u00edstico de Tuxpan.<\/span><\/p>\n<p>&nbsp;<\/p>\n<blockquote>\n<p class=\"p2\"><span style=\"font-size: 14pt;\">Todos nos sentimos orgullosos no solo por tener las playas m\u00e1s hermosas, sino tambi\u00e9n las m\u00e1s limpias del pa\u00eds\u201d<\/span><\/p>\n<\/blockquote>\n<p>&nbsp;<\/p>\n<p class=\"p2\"><span style=\"font-size: 18pt;\"><strong>Jos\u00e9 Manuel Pozos aprovech\u00f3 para recordar que est\u00e1 por iniciar la colocaci\u00f3n de 6 mil 355 luminarias, con lo que se dar\u00e1 otra proyecci\u00f3n de lo que es Tuxpan y agradeci\u00f3 a la secretaria de Energ\u00eda, Roc\u00edo Nahle, por el apoyo que brind\u00f3 para hacer esto posible.<span class=\"Apple-converted-space\">\u00a0<\/span><\/strong><\/span><\/p>\n<p>&nbsp;<\/p>\n<p><img data-recalc-dims=\"1\" loading=\"lazy\" decoding=\"async\" class=\"aligncenter wp-image-21414 size-large\" src=\"https:\/\/i0.wp.com\/politicosaldesnudo.com.mx\/wp-content\/uploads\/2023\/06\/P-CERTIFICACION-TUXPAN-2-1024x573.png?resize=800%2C448&#038;ssl=1\" alt=\"\" width=\"800\" height=\"448\" srcset=\"https:\/\/i0.wp.com\/politicosaldesnudo.com.mx\/wp-content\/uploads\/2023\/06\/P-CERTIFICACION-TUXPAN-2.png?resize=1024%2C573&amp;ssl=1 1024w, https:\/\/i0.wp.com\/politicosaldesnudo.com.mx\/wp-content\/uploads\/2023\/06\/P-CERTIFICACION-TUXPAN-2.png?resize=300%2C168&amp;ssl=1 300w, https:\/\/i0.wp.com\/politicosaldesnudo.com.mx\/wp-content\/uploads\/2023\/06\/P-CERTIFICACION-TUXPAN-2.png?resize=768%2C430&amp;ssl=1 768w, https:\/\/i0.wp.com\/politicosaldesnudo.com.mx\/wp-content\/uploads\/2023\/06\/P-CERTIFICACION-TUXPAN-2.png?resize=1536%2C859&amp;ssl=1 1536w, https:\/\/i0.wp.com\/politicosaldesnudo.com.mx\/wp-content\/uploads\/2023\/06\/P-CERTIFICACION-TUXPAN-2.png?w=1816&amp;ssl=1 1816w, https:\/\/i0.wp.com\/politicosaldesnudo.com.mx\/wp-content\/uploads\/2023\/06\/P-CERTIFICACION-TUXPAN-2.png?w=1600&amp;ssl=1 1600w\" sizes=\"auto, (max-width: 800px) 100vw, 800px\" \/><\/p>\n<p>&nbsp;<\/p>\n<p class=\"p2\"><span style=\"font-size: 14pt;\">El trabajo coordinado de los 3 niveles de gobierno nos est\u00e1 permitiendo promover a Tuxpan en varios estados del pa\u00eds y, pr\u00f3ximamente, con el apoyo de la Secretar\u00eda de Turismo nuestro municipio ser\u00e1 promovido tambi\u00e9n a nivel internacional\u201d<\/span><\/p>\n<p class=\"p2\"><span style=\"font-size: 18pt;\"><strong>Para finalizar, el presidente municipal dijo que su gobierno apoyar\u00e1 todas las acciones para que Tuxpan sea el primer destino tur\u00edstico de M\u00e9xico.<\/strong><\/span><\/p>\n<p>&nbsp;<\/p>\n<blockquote>\n<p class=\"p2\"><span style=\"font-size: 14pt;\">Ha llegado el momento de Tuxpan en Turismo\u2026Hagamos de Tuxpan el destino tur\u00edstico m\u00e1s importante de M\u00e9xico\u201d<\/span><\/p>\n<\/blockquote>\n<p>&nbsp;<\/p>\n<p><img data-recalc-dims=\"1\" loading=\"lazy\" decoding=\"async\" class=\"aligncenter wp-image-21416 size-large\" src=\"https:\/\/i0.wp.com\/politicosaldesnudo.com.mx\/wp-content\/uploads\/2023\/06\/P-CERTIFICACION-TUXPAN-4-1024x573.png?resize=800%2C448&#038;ssl=1\" alt=\"\" width=\"800\" height=\"448\" srcset=\"https:\/\/i0.wp.com\/politicosaldesnudo.com.mx\/wp-content\/uploads\/2023\/06\/P-CERTIFICACION-TUXPAN-4.png?resize=1024%2C573&amp;ssl=1 1024w, https:\/\/i0.wp.com\/politicosaldesnudo.com.mx\/wp-content\/uploads\/2023\/06\/P-CERTIFICACION-TUXPAN-4.png?resize=300%2C168&amp;ssl=1 300w, https:\/\/i0.wp.com\/politicosaldesnudo.com.mx\/wp-content\/uploads\/2023\/06\/P-CERTIFICACION-TUXPAN-4.png?resize=768%2C430&amp;ssl=1 768w, https:\/\/i0.wp.com\/politicosaldesnudo.com.mx\/wp-content\/uploads\/2023\/06\/P-CERTIFICACION-TUXPAN-4.png?resize=1536%2C859&amp;ssl=1 1536w, https:\/\/i0.wp.com\/politicosaldesnudo.com.mx\/wp-content\/uploads\/2023\/06\/P-CERTIFICACION-TUXPAN-4.png?w=1816&amp;ssl=1 1816w, https:\/\/i0.wp.com\/politicosaldesnudo.com.mx\/wp-content\/uploads\/2023\/06\/P-CERTIFICACION-TUXPAN-4.png?w=1600&amp;ssl=1 1600w\" sizes=\"auto, (max-width: 800px) 100vw, 800px\" \/><\/p>\n<p>&nbsp;<\/p>\n<p>&nbsp;<\/p>\n<p class=\"p2\"><span style=\"font-size: 18pt; color: #139eca;\"><strong>TUXPAN TUR\u00cdSTICO<span class=\"Apple-converted-space\">\u00a0<\/span><\/strong><\/span><\/p>\n<p class=\"p2\"><span style=\"font-size: 14pt;\">Por su parte, Omar Castro Prado, director de Servicios Tur\u00edsticos de la Sectur, reconoci\u00f3 el esfuerzo de los prestadores de servicios tur\u00edsticos en este programa de capacitaci\u00f3n, el cual -refiri\u00f3- no se hab\u00eda realizado en la regi\u00f3n huasteca.<\/span><\/p>\n<p>&nbsp;<\/p>\n<blockquote>\n<p class=\"p2\"><span style=\"font-size: 14pt;\">Tuxpan ha despegado tur\u00edsticamente, por ese motivo la indicaci\u00f3n de Iv\u00e1n Mart\u00ednez, titular de la Sectur, es fortalecer a los prestadores de servicios tur\u00edsticos. Una parte importante es la capacitaci\u00f3n y certificaci\u00f3n, lo que lleva a la profesionalizaci\u00f3n, con lo que se podr\u00e1 ofrecer mejores servicios a los visitantes, lo que implicar\u00e1 una estad\u00eda m\u00e1s larga y una mayor derrama econ\u00f3mica en el municipio\u201d<\/span><\/p>\n<\/blockquote>\n<p>&nbsp;<\/p>\n<p><img data-recalc-dims=\"1\" loading=\"lazy\" decoding=\"async\" class=\"aligncenter wp-image-21417 size-large\" src=\"https:\/\/i0.wp.com\/politicosaldesnudo.com.mx\/wp-content\/uploads\/2023\/06\/P-CERTIFICACION-TUXPAN-5-1024x573.png?resize=800%2C448&#038;ssl=1\" alt=\"\" width=\"800\" height=\"448\" srcset=\"https:\/\/i0.wp.com\/politicosaldesnudo.com.mx\/wp-content\/uploads\/2023\/06\/P-CERTIFICACION-TUXPAN-5.png?resize=1024%2C573&amp;ssl=1 1024w, https:\/\/i0.wp.com\/politicosaldesnudo.com.mx\/wp-content\/uploads\/2023\/06\/P-CERTIFICACION-TUXPAN-5.png?resize=300%2C168&amp;ssl=1 300w, https:\/\/i0.wp.com\/politicosaldesnudo.com.mx\/wp-content\/uploads\/2023\/06\/P-CERTIFICACION-TUXPAN-5.png?resize=768%2C430&amp;ssl=1 768w, https:\/\/i0.wp.com\/politicosaldesnudo.com.mx\/wp-content\/uploads\/2023\/06\/P-CERTIFICACION-TUXPAN-5.png?resize=1536%2C859&amp;ssl=1 1536w, https:\/\/i0.wp.com\/politicosaldesnudo.com.mx\/wp-content\/uploads\/2023\/06\/P-CERTIFICACION-TUXPAN-5.png?w=1816&amp;ssl=1 1816w, https:\/\/i0.wp.com\/politicosaldesnudo.com.mx\/wp-content\/uploads\/2023\/06\/P-CERTIFICACION-TUXPAN-5.png?w=1600&amp;ssl=1 1600w\" sizes=\"auto, (max-width: 800px) 100vw, 800px\" \/><\/p>\n<p>&nbsp;<\/p>\n<p class=\"p2\"><span style=\"font-size: 18pt;\"><strong>Gaspar V\u00e1zquez Arias, consultor certificado de Moderniza y Punto Limpio mencion\u00f3 que esta es la certificaci\u00f3n del compromiso adquirido respecto a la calidad que le van a ofrecer a los turistas, y exhort\u00f3 a los prestadores de servicios a continuar capacit\u00e1ndose en pro de sus negocios, de la comunidad y de la regi\u00f3n huasteca.<\/strong><\/span><\/p>\n<p class=\"p2\"><span style=\"font-size: 14pt;\">En este evento estuvo presente Omar Castro Prado, director de Servicios Tur\u00edsticos de la Sectur; Gaspar V\u00e1zquez Arias, consultor certificado de Moderniza y Punto Limpio, adem\u00e1s Francisco Villanueva, director municipal de Turismo.<span class=\"Apple-converted-space\">\u00a0<\/span><\/span><\/p>\n<p class=\"p2\"><span style=\"font-size: 14pt;\">As\u00ed como representantes de hoteles, restaurantes, parques acu\u00e1ticos y empresas de turismo ecol\u00f3gico, entre otros, se capacitaron durante m\u00e1s de tres meses para acreditar dichos programas.<\/span><\/p>\n<p>&nbsp;<\/p>\n<p>&nbsp;<\/p>\n<p>&nbsp;<\/p>\n<p>&nbsp;<\/p>\n","protected":false},"excerpt":{"rendered":"<p>&nbsp; &lt;&lt; El Director de Servicios Tur\u00edsticos de la Sectur, reconoci\u00f3 que Tuxpan ha despegado tur\u00edsticamente&gt;&gt; &nbsp; TUXPAN, VERACRUZ. En<\/p>\n","protected":false},"author":4,"featured_media":21415,"comment_status":"closed","ping_status":"closed","sticky":false,"template":"","format":"standard","meta":{"colormag_page_container_layout":"default_layout","colormag_page_sidebar_layout":"default_layout","_jetpack_memberships_contains_paid_content":false,"footnotes":"","jetpack_publicize_message":"","jetpack_publicize_feature_enabled":true,"jetpack_social_post_already_shared":false,"jetpack_social_options":{"image_generator_settings":{"template":"highway","default_image_id":0,"font":"","enabled":false},"version":2}},"categories":[1082],"tags":[576,2901,2900,2902,234,70,100],"class_list":["post-21412","post","type-post","status-publish","format-standard","has-post-thumbnail","hentry","category-tuxpan","tag-jose-manuel-pozos","tag-moderniza-basico","tag-punto-limpio","tag-servicios-turisticos","tag-turismo","tag-tuxpan","tag-veracruz"],"jetpack_publicize_connections":[],"jetpack_featured_media_url":"https:\/\/i0.wp.com\/politicosaldesnudo.com.mx\/wp-content\/uploads\/2023\/06\/P-CERTIFICACION-TUXPAN-3.png?fit=1816%2C1016&ssl=1","jetpack-related-posts":[],"jetpack_sharing_enabled":true,"_links":{"self":[{"href":"https:\/\/politicosaldesnudo.com.mx\/index.php\/wp-json\/wp\/v2\/posts\/21412","targetHints":{"allow":["GET"]}}],"collection":[{"href":"https:\/\/politicosaldesnudo.com.mx\/index.php\/wp-json\/wp\/v2\/posts"}],"about":[{"href":"https:\/\/politicosaldesnudo.com.mx\/index.php\/wp-json\/wp\/v2\/types\/post"}],"author":[{"embeddable":true,"href":"https:\/\/politicosaldesnudo.com.mx\/index.php\/wp-json\/wp\/v2\/users\/4"}],"replies":[{"embeddable":true,"href":"https:\/\/politicosaldesnudo.com.mx\/index.php\/wp-json\/wp\/v2\/comments?post=21412"}],"version-history":[{"count":0,"href":"https:\/\/politicosaldesnudo.com.mx\/index.php\/wp-json\/wp\/v2\/posts\/21412\/revisions"}],"wp:featuredmedia":[{"embeddable":true,"href":"https:\/\/politicosaldesnudo.com.mx\/index.php\/wp-json\/wp\/v2\/media\/21415"}],"wp:attachment":[{"href":"https:\/\/politicosaldesnudo.com.mx\/index.php\/wp-json\/wp\/v2\/media?parent=21412"}],"wp:term":[{"taxonomy":"category","embeddable":true,"href":"https:\/\/politicosaldesnudo.com.mx\/index.php\/wp-json\/wp\/v2\/categories?post=21412"},{"taxonomy":"post_tag","embeddable":true,"href":"https:\/\/politicosaldesnudo.com.mx\/index.php\/wp-json\/wp\/v2\/tags?post=21412"}],"curies":[{"name":"wp","href":"https:\/\/api.w.org\/{rel}","templated":true}]}}