{"id":21433,"date":"2023-06-24T12:37:09","date_gmt":"2023-06-24T17:37:09","guid":{"rendered":"https:\/\/politicosaldesnudo.com.mx\/?p=21433"},"modified":"2023-06-24T12:55:14","modified_gmt":"2023-06-24T17:55:14","slug":"va-en-su-tercer-intento-presidencial-sandra-torres-una-de-las-favoritas-de-guatemala","status":"publish","type":"post","link":"https:\/\/politicosaldesnudo.com.mx\/index.php\/2023\/06\/24\/va-en-su-tercer-intento-presidencial-sandra-torres-una-de-las-favoritas-de-guatemala\/","title":{"rendered":"Va en su tercer intento presidencial, Sandra Torres una de las favoritas de Guatemala"},"content":{"rendered":"<p>&nbsp;<\/p>\n<p class=\"p1\"><span style=\"font-size: 14pt;\"><em><strong>CIUDAD DE GUATEMALA.<span class=\"Apple-converted-space\">\u00a0 <\/span><\/strong><\/em><strong>Sandra Torres Casanova<\/strong> salt\u00f3 a la palestra p\u00fablica en 2008 de la <strong>mano de su entonces esposo y presidente guatemalteco \u00c1lvaro Colom<\/strong>. Para las elecciones del domingo, su tercer intento por llegar a la presidencia, es una de las tres favoritas.<\/span><\/p>\n<p class=\"p1\"><span style=\"font-size: 18pt;\"><strong>La ex primera dama espera convencer a los guatemaltecos con el slogan \u201cBienvenidos a la era del orden y la transformaci\u00f3n\u201d.<span class=\"Apple-converted-space\">\u00a0<\/span><\/strong><\/span><\/p>\n<p class=\"p1\"><span style=\"font-size: 14pt;\">La pol\u00edtica de 67 a\u00f1os, empresaria y con una maestr\u00eda en pol\u00edticas p\u00fablicas, es la candidata del Partido Unidad Nacional de la Esperanza (UNE), por el que lleg\u00f3 a la presidencia su exesposo (2008-2012) y del cual es fundadora.<\/span><\/p>\n<p class=\"p1\"><span style=\"font-size: 14pt;\">Torres se divorci\u00f3 en 2011 de Colom e inmediatamente inici\u00f3 su carrera pol\u00edtica. Se candidate\u00f3 a la presidencia por primera vez en 2015, pero perdi\u00f3 la contienda ante el comediante Jimmy Morales. Lo volvi\u00f3 a intentar en 2019, en los comicios que le dieron la victoria a Alejandro Giammattei.<\/span><\/p>\n<p class=\"p1\"><span style=\"font-size: 18pt;\"><strong>En su favor, exfuncionarios y cercanos aseguran que Torres es una pol\u00edtica eficiente y que, durante su etapa como primera dama, administr\u00f3 programas de apoyo a familias pobres.<\/strong><\/span><\/p>\n<p>&nbsp;<\/p>\n<p><img data-recalc-dims=\"1\" loading=\"lazy\" decoding=\"async\" class=\"aligncenter wp-image-21435 size-large\" src=\"https:\/\/i0.wp.com\/politicosaldesnudo.com.mx\/wp-content\/uploads\/2023\/06\/P-SANDRA-TORRES-GUATEMALA-2-1024x573.png?resize=800%2C448&#038;ssl=1\" alt=\"\" width=\"800\" height=\"448\" srcset=\"https:\/\/i0.wp.com\/politicosaldesnudo.com.mx\/wp-content\/uploads\/2023\/06\/P-SANDRA-TORRES-GUATEMALA-2.png?resize=1024%2C573&amp;ssl=1 1024w, https:\/\/i0.wp.com\/politicosaldesnudo.com.mx\/wp-content\/uploads\/2023\/06\/P-SANDRA-TORRES-GUATEMALA-2.png?resize=300%2C168&amp;ssl=1 300w, https:\/\/i0.wp.com\/politicosaldesnudo.com.mx\/wp-content\/uploads\/2023\/06\/P-SANDRA-TORRES-GUATEMALA-2.png?resize=768%2C430&amp;ssl=1 768w, https:\/\/i0.wp.com\/politicosaldesnudo.com.mx\/wp-content\/uploads\/2023\/06\/P-SANDRA-TORRES-GUATEMALA-2.png?resize=1536%2C859&amp;ssl=1 1536w, https:\/\/i0.wp.com\/politicosaldesnudo.com.mx\/wp-content\/uploads\/2023\/06\/P-SANDRA-TORRES-GUATEMALA-2.png?w=1816&amp;ssl=1 1816w\" sizes=\"auto, (max-width: 800px) 100vw, 800px\" \/><\/p>\n<p>&nbsp;<\/p>\n<p class=\"p1\"><span style=\"font-size: 18pt; color: #139eca;\"><strong>LLEVA LA DELANTERA<\/strong><\/span><\/p>\n<p class=\"p1\"><span style=\"font-size: 18pt;\"><strong>La candidata presidencial del UNE, la socialdem\u00f3crata Sandra Torres, aventaja la contienda con el 21.3% de las preferencias en las encuestas, cuando faltan dos d\u00edas para las votaciones presidenciales en Guatemala, las que se han caracterizado hasta ahora por irregularidades y una creciente judicializaci\u00f3n, seg\u00fan organismos de observaci\u00f3n independientes.<\/strong><\/span><\/p>\n<p class=\"p1\"><span style=\"font-size: 14pt;\">El segundo lugar a\u00fan no est\u00e1 definido, pero se lo disputan los candidatos Edmond Mullet (13.4%) y Zury R\u00edos (9.1%), de los partidos Cabal y Valor, respectivamente. Ese es el principal resultado de la\u00a0Encuesta Libre, divulgada este jueves 22 de junio de 2023 por el diario local Prensa Libre.<\/span><\/p>\n<p class=\"p1\"><span style=\"font-size: 14pt;\">El diario asegura en su portada que es posible que ocurra una \u201csegunda vuelta\u201d para que los guatemaltecos escojan a su gobernante. Seg\u00fan la ficha t\u00e9cnica del estudio, se realizaron entrevistas \u201ccara a cara\u201d, entre el 5 y el 14 de junio pasado, a 1202 personas en 237 puntos ubicados en 22 departamentos del pa\u00eds centroamericano. El margen de error es +\/- 2.8% y el nivel de confianza es el 95 %.<\/span><\/p>\n<p class=\"p1\"><span style=\"font-size: 18pt;\"><strong>Los datos de Encuesta Libre afirman que Torres increment\u00f3 el 1.8% de preferencias, Mullet el 3.3%, mientras R\u00edos cay\u00f3 el 0.1%, comparando los datos de la encuesta de abril de 2023 con los actuales.<\/strong><\/span><\/p>\n<p class=\"p1\"><span style=\"font-size: 14pt;\">Detr\u00e1s del porcentaje de preferencias a favor de R\u00edos, hija del fallecido dictador Efra\u00edm R\u00edos Montt, se concentran cuatro postulantes con porcentajes cercanos al 5 %: Manuel Conde del partido Vamos (5.8%), Am\u00edlcar Rivera de la organizaci\u00f3n Victoria (5.3%), Manuel Villacorta de Vos (5.2%) y Armando Castillo de Viva (5.2%).<\/span><\/p>\n<p>&nbsp;<\/p>\n<p><img data-recalc-dims=\"1\" loading=\"lazy\" decoding=\"async\" class=\"aligncenter wp-image-21436 size-large\" src=\"https:\/\/i0.wp.com\/politicosaldesnudo.com.mx\/wp-content\/uploads\/2023\/06\/P-SANDRA-TORRES-GUATEMALA-3-1024x573.png?resize=800%2C448&#038;ssl=1\" alt=\"\" width=\"800\" height=\"448\" srcset=\"https:\/\/i0.wp.com\/politicosaldesnudo.com.mx\/wp-content\/uploads\/2023\/06\/P-SANDRA-TORRES-GUATEMALA-3.png?resize=1024%2C573&amp;ssl=1 1024w, https:\/\/i0.wp.com\/politicosaldesnudo.com.mx\/wp-content\/uploads\/2023\/06\/P-SANDRA-TORRES-GUATEMALA-3.png?resize=300%2C168&amp;ssl=1 300w, https:\/\/i0.wp.com\/politicosaldesnudo.com.mx\/wp-content\/uploads\/2023\/06\/P-SANDRA-TORRES-GUATEMALA-3.png?resize=768%2C430&amp;ssl=1 768w, https:\/\/i0.wp.com\/politicosaldesnudo.com.mx\/wp-content\/uploads\/2023\/06\/P-SANDRA-TORRES-GUATEMALA-3.png?resize=1536%2C859&amp;ssl=1 1536w, https:\/\/i0.wp.com\/politicosaldesnudo.com.mx\/wp-content\/uploads\/2023\/06\/P-SANDRA-TORRES-GUATEMALA-3.png?w=1816&amp;ssl=1 1816w\" sizes=\"auto, (max-width: 800px) 100vw, 800px\" \/><\/p>\n<p>&nbsp;<\/p>\n<p class=\"p1\"><span style=\"font-size: 18pt; color: #139eca;\"><strong>GUATEMALA NO SER\u00c1 F\u00c1CIL<\/strong><\/span><\/p>\n<p class=\"p1\"><span style=\"font-size: 18pt;\"><strong>El ganador de las elecciones presidenciales de Guatemala no gobernar\u00e1 una naci\u00f3n f\u00e1cil: la corrupci\u00f3n, la migraci\u00f3n, la pobreza y la inseguridad, sumadas al r\u00e1pido deterioro del Estado de Derecho, son algunos de los desaf\u00edos que le esperan en enero cuando tome posesi\u00f3n.<\/strong><\/span><\/p>\n<p class=\"p1\"><span style=\"font-size: 14pt;\">No son problemas nuevos para el pa\u00eds ni en Latinoam\u00e9rica, pero han sumido a los votantes en el desencanto. Un 13% de los 9.2 millones de ciudadanos aptos para votar planea emitir votos nulos en las elecciones del domingo, seg\u00fan una encuesta publicada por el Diario Prensa Libre.<\/span><\/p>\n<p class=\"p1\"><span style=\"font-size: 18pt;\"><strong>Los principales aspirantes se encuentran en el extremo conservador del espectro pol\u00edtico. La ex primera dama Sandra Torres, que busca por tercera vez la presidencia, ha tenido \u00e9xito con una campa\u00f1a populista en la que prometi\u00f3 apoyo para los necesitados.<\/strong><\/span><\/p>\n<p class=\"p1\"><span style=\"font-size: 14pt;\">Torres va acompa\u00f1ada de Romeo Guerra, un pastor evang\u00e9lico que renunci\u00f3 a su cargo pocos d\u00edas antes de anunciar su postulaci\u00f3n para vicepresidente.<\/span><\/p>\n<p>&nbsp;<\/p>\n<p>&nbsp;<\/p>\n","protected":false},"excerpt":{"rendered":"<p>&nbsp; CIUDAD DE GUATEMALA.\u00a0 Sandra Torres Casanova salt\u00f3 a la palestra p\u00fablica en 2008 de la mano de su entonces [&hellip;]<\/p>\n","protected":false},"author":4,"featured_media":21434,"comment_status":"closed","ping_status":"closed","sticky":false,"template":"","format":"standard","meta":{"site-sidebar-layout":"default","site-content-layout":"","ast-site-content-layout":"default","site-content-style":"default","site-sidebar-style":"default","ast-global-header-display":"","ast-banner-title-visibility":"","ast-main-header-display":"","ast-hfb-above-header-display":"","ast-hfb-below-header-display":"","ast-hfb-mobile-header-display":"","site-post-title":"","ast-breadcrumbs-content":"","ast-featured-img":"","footer-sml-layout":"","ast-disable-related-posts":"","theme-transparent-header-meta":"","adv-header-id-meta":"","stick-header-meta":"","header-above-stick-meta":"","header-main-stick-meta":"","header-below-stick-meta":"","astra-migrate-meta-layouts":"default","ast-page-background-enabled":"default","ast-page-background-meta":{"desktop":{"background-color":"var(--ast-global-color-5)","background-image":"","background-repeat":"repeat","background-position":"center center","background-size":"auto","background-attachment":"scroll","background-type":"","background-media":"","overlay-type":"","overlay-color":"","overlay-opacity":"","overlay-gradient":""},"tablet":{"background-color":"","background-image":"","background-repeat":"repeat","background-position":"center center","background-size":"auto","background-attachment":"scroll","background-type":"","background-media":"","overlay-type":"","overlay-color":"","overlay-opacity":"","overlay-gradient":""},"mobile":{"background-color":"","background-image":"","background-repeat":"repeat","background-position":"center center","background-size":"auto","background-attachment":"scroll","background-type":"","background-media":"","overlay-type":"","overlay-color":"","overlay-opacity":"","overlay-gradient":""}},"ast-content-background-meta":{"desktop":{"background-color":"var(--ast-global-color-4)","background-image":"","background-repeat":"repeat","background-position":"center center","background-size":"auto","background-attachment":"scroll","background-type":"","background-media":"","overlay-type":"","overlay-color":"","overlay-opacity":"","overlay-gradient":""},"tablet":{"background-color":"var(--ast-global-color-4)","background-image":"","background-repeat":"repeat","background-position":"center center","background-size":"auto","background-attachment":"scroll","background-type":"","background-media":"","overlay-type":"","overlay-color":"","overlay-opacity":"","overlay-gradient":""},"mobile":{"background-color":"var(--ast-global-color-4)","background-image":"","background-repeat":"repeat","background-position":"center center","background-size":"auto","background-attachment":"scroll","background-type":"","background-media":"","overlay-type":"","overlay-color":"","overlay-opacity":"","overlay-gradient":""}},"_jetpack_newsletter_access":"","_jetpack_dont_email_post_to_subs":false,"_jetpack_newsletter_tier_id":0,"_jetpack_memberships_contains_paywalled_content":false,"_jetpack_feature_clip_id":0,"_jetpack_memberships_contains_paid_content":false,"footnotes":"","jetpack_publicize_message":"","jetpack_publicize_feature_enabled":true,"jetpack_social_post_already_shared":false,"jetpack_social_options":{"image_generator_settings":{"template":"highway","default_image_id":0,"font":"","enabled":false},"version":2},"jetpack_post_was_ever_published":false},"categories":[28],"tags":[55,2907,2908],"class_list":["post-21433","post","type-post","status-publish","format-standard","has-post-thumbnail","hentry","category-internacional","tag-guatemala","tag-sandra-torres","tag-une"],"yoast_head":"<!-- This site is optimized with the Yoast SEO plugin v28.3 - https:\/\/yoast.com\/product\/yoast-seo-wordpress\/ -->\n<title>Va en su tercer intento presidencial, Sandra Torres una de las favoritas de Guatemala - Pol\u00edticos al Desnudo<\/title>\n<meta name=\"robots\" content=\"index, follow, max-snippet:-1, max-image-preview:large, max-video-preview:-1\" \/>\n<link rel=\"canonical\" href=\"https:\/\/politicosaldesnudo.com.mx\/index.php\/2023\/06\/24\/va-en-su-tercer-intento-presidencial-sandra-torres-una-de-las-favoritas-de-guatemala\/\" \/>\n<meta property=\"og:locale\" content=\"es_ES\" \/>\n<meta property=\"og:type\" content=\"article\" \/>\n<meta property=\"og:title\" content=\"Va en su tercer intento presidencial, Sandra Torres una de las favoritas de Guatemala - Pol\u00edticos al Desnudo\" \/>\n<meta property=\"og:description\" content=\"&nbsp; CIUDAD DE GUATEMALA.\u00a0 Sandra Torres Casanova salt\u00f3 a la palestra p\u00fablica en 2008 de la mano de su entonces [&hellip;]\" \/>\n<meta property=\"og:url\" content=\"https:\/\/politicosaldesnudo.com.mx\/index.php\/2023\/06\/24\/va-en-su-tercer-intento-presidencial-sandra-torres-una-de-las-favoritas-de-guatemala\/\" \/>\n<meta property=\"og:site_name\" content=\"Pol\u00edticos al Desnudo\" \/>\n<meta property=\"article:publisher\" content=\"https:\/\/www.facebook.com\/PoliticosAD\" \/>\n<meta property=\"article:published_time\" content=\"2023-06-24T17:37:09+00:00\" \/>\n<meta property=\"article:modified_time\" content=\"2023-06-24T17:55:14+00:00\" \/>\n<meta property=\"og:image\" content=\"https:\/\/i0.wp.com\/politicosaldesnudo.com.mx\/wp-content\/uploads\/2023\/06\/P-SANDRA-TORRES-GUATEMALA-1.png?fit=1816%2C1016&ssl=1\" \/>\n\t<meta property=\"og:image:width\" content=\"1816\" \/>\n\t<meta property=\"og:image:height\" content=\"1016\" \/>\n\t<meta property=\"og:image:type\" content=\"image\/png\" \/>\n<meta name=\"author\" content=\"Redacci\u00f3n Pol\u00edticos\" \/>\n<meta name=\"twitter:card\" content=\"summary_large_image\" \/>\n<meta name=\"twitter:label1\" content=\"Escrito por\" \/>\n\t<meta name=\"twitter:data1\" content=\"Redacci\u00f3n Pol\u00edticos\" \/>\n\t<meta name=\"twitter:label2\" content=\"Tiempo de lectura\" \/>\n\t<meta name=\"twitter:data2\" content=\"3 minutos\" \/>\n<script type=\"application\/ld+json\" class=\"yoast-schema-graph\">{\"@context\":\"https:\\\/\\\/schema.org\",\"@graph\":[{\"@type\":\"Article\",\"@id\":\"https:\\\/\\\/politicosaldesnudo.com.mx\\\/index.php\\\/2023\\\/06\\\/24\\\/va-en-su-tercer-intento-presidencial-sandra-torres-una-de-las-favoritas-de-guatemala\\\/#article\",\"isPartOf\":{\"@id\":\"https:\\\/\\\/politicosaldesnudo.com.mx\\\/index.php\\\/2023\\\/06\\\/24\\\/va-en-su-tercer-intento-presidencial-sandra-torres-una-de-las-favoritas-de-guatemala\\\/\"},\"author\":{\"name\":\"Redacci\u00f3n Pol\u00edticos\",\"@id\":\"https:\\\/\\\/politicosaldesnudo.com.mx\\\/#\\\/schema\\\/person\\\/ef3a64e561cc3f3f5dc52fab81adde7e\"},\"headline\":\"Va en su tercer intento presidencial, Sandra Torres una de las favoritas de Guatemala\",\"datePublished\":\"2023-06-24T17:37:09+00:00\",\"dateModified\":\"2023-06-24T17:55:14+00:00\",\"mainEntityOfPage\":{\"@id\":\"https:\\\/\\\/politicosaldesnudo.com.mx\\\/index.php\\\/2023\\\/06\\\/24\\\/va-en-su-tercer-intento-presidencial-sandra-torres-una-de-las-favoritas-de-guatemala\\\/\"},\"wordCount\":631,\"publisher\":{\"@id\":\"https:\\\/\\\/politicosaldesnudo.com.mx\\\/#organization\"},\"image\":{\"@id\":\"https:\\\/\\\/politicosaldesnudo.com.mx\\\/index.php\\\/2023\\\/06\\\/24\\\/va-en-su-tercer-intento-presidencial-sandra-torres-una-de-las-favoritas-de-guatemala\\\/#primaryimage\"},\"thumbnailUrl\":\"https:\\\/\\\/i0.wp.com\\\/politicosaldesnudo.com.mx\\\/wp-content\\\/uploads\\\/2023\\\/06\\\/P-SANDRA-TORRES-GUATEMALA-1.png?fit=1816%2C1016&ssl=1\",\"keywords\":[\"GUATEMALA\",\"SANDRA TORRES\",\"UNE\"],\"articleSection\":[\"INTERNACIONAL\"],\"inLanguage\":\"es\"},{\"@type\":\"WebPage\",\"@id\":\"https:\\\/\\\/politicosaldesnudo.com.mx\\\/index.php\\\/2023\\\/06\\\/24\\\/va-en-su-tercer-intento-presidencial-sandra-torres-una-de-las-favoritas-de-guatemala\\\/\",\"url\":\"https:\\\/\\\/politicosaldesnudo.com.mx\\\/index.php\\\/2023\\\/06\\\/24\\\/va-en-su-tercer-intento-presidencial-sandra-torres-una-de-las-favoritas-de-guatemala\\\/\",\"name\":\"Va en su tercer intento presidencial, Sandra Torres una de las favoritas de Guatemala - Pol\u00edticos al Desnudo\",\"isPartOf\":{\"@id\":\"https:\\\/\\\/politicosaldesnudo.com.mx\\\/#website\"},\"primaryImageOfPage\":{\"@id\":\"https:\\\/\\\/politicosaldesnudo.com.mx\\\/index.php\\\/2023\\\/06\\\/24\\\/va-en-su-tercer-intento-presidencial-sandra-torres-una-de-las-favoritas-de-guatemala\\\/#primaryimage\"},\"image\":{\"@id\":\"https:\\\/\\\/politicosaldesnudo.com.mx\\\/index.php\\\/2023\\\/06\\\/24\\\/va-en-su-tercer-intento-presidencial-sandra-torres-una-de-las-favoritas-de-guatemala\\\/#primaryimage\"},\"thumbnailUrl\":\"https:\\\/\\\/i0.wp.com\\\/politicosaldesnudo.com.mx\\\/wp-content\\\/uploads\\\/2023\\\/06\\\/P-SANDRA-TORRES-GUATEMALA-1.png?fit=1816%2C1016&ssl=1\",\"datePublished\":\"2023-06-24T17:37:09+00:00\",\"dateModified\":\"2023-06-24T17:55:14+00:00\",\"breadcrumb\":{\"@id\":\"https:\\\/\\\/politicosaldesnudo.com.mx\\\/index.php\\\/2023\\\/06\\\/24\\\/va-en-su-tercer-intento-presidencial-sandra-torres-una-de-las-favoritas-de-guatemala\\\/#breadcrumb\"},\"inLanguage\":\"es\",\"potentialAction\":[{\"@type\":\"ReadAction\",\"target\":[\"https:\\\/\\\/politicosaldesnudo.com.mx\\\/index.php\\\/2023\\\/06\\\/24\\\/va-en-su-tercer-intento-presidencial-sandra-torres-una-de-las-favoritas-de-guatemala\\\/\"]}]},{\"@type\":\"ImageObject\",\"inLanguage\":\"es\",\"@id\":\"https:\\\/\\\/politicosaldesnudo.com.mx\\\/index.php\\\/2023\\\/06\\\/24\\\/va-en-su-tercer-intento-presidencial-sandra-torres-una-de-las-favoritas-de-guatemala\\\/#primaryimage\",\"url\":\"https:\\\/\\\/i0.wp.com\\\/politicosaldesnudo.com.mx\\\/wp-content\\\/uploads\\\/2023\\\/06\\\/P-SANDRA-TORRES-GUATEMALA-1.png?fit=1816%2C1016&ssl=1\",\"contentUrl\":\"https:\\\/\\\/i0.wp.com\\\/politicosaldesnudo.com.mx\\\/wp-content\\\/uploads\\\/2023\\\/06\\\/P-SANDRA-TORRES-GUATEMALA-1.png?fit=1816%2C1016&ssl=1\",\"width\":1816,\"height\":1016},{\"@type\":\"BreadcrumbList\",\"@id\":\"https:\\\/\\\/politicosaldesnudo.com.mx\\\/index.php\\\/2023\\\/06\\\/24\\\/va-en-su-tercer-intento-presidencial-sandra-torres-una-de-las-favoritas-de-guatemala\\\/#breadcrumb\",\"itemListElement\":[{\"@type\":\"ListItem\",\"position\":1,\"name\":\"Portada\",\"item\":\"https:\\\/\\\/politicosaldesnudo.com.mx\\\/\"},{\"@type\":\"ListItem\",\"position\":2,\"name\":\"Va en su tercer intento presidencial, Sandra Torres una de las favoritas de Guatemala\"}]},{\"@type\":\"WebSite\",\"@id\":\"https:\\\/\\\/politicosaldesnudo.com.mx\\\/#website\",\"url\":\"https:\\\/\\\/politicosaldesnudo.com.mx\\\/\",\"name\":\"Pol\u00edticos al Desnudo\",\"description\":\"\",\"publisher\":{\"@id\":\"https:\\\/\\\/politicosaldesnudo.com.mx\\\/#organization\"},\"potentialAction\":[{\"@type\":\"SearchAction\",\"target\":{\"@type\":\"EntryPoint\",\"urlTemplate\":\"https:\\\/\\\/politicosaldesnudo.com.mx\\\/?s={search_term_string}\"},\"query-input\":{\"@type\":\"PropertyValueSpecification\",\"valueRequired\":true,\"valueName\":\"search_term_string\"}}],\"inLanguage\":\"es\"},{\"@type\":\"Organization\",\"@id\":\"https:\\\/\\\/politicosaldesnudo.com.mx\\\/#organization\",\"name\":\"Pol\u00edticos al Desnudo\",\"url\":\"https:\\\/\\\/politicosaldesnudo.com.mx\\\/\",\"logo\":{\"@type\":\"ImageObject\",\"inLanguage\":\"es\",\"@id\":\"https:\\\/\\\/politicosaldesnudo.com.mx\\\/#\\\/schema\\\/logo\\\/image\\\/\",\"url\":\"https:\\\/\\\/i0.wp.com\\\/politicosaldesnudo.com.mx\\\/wp-content\\\/uploads\\\/2026\\\/08\\\/cropped-logo.webp?fit=400%2C126&ssl=1\",\"contentUrl\":\"https:\\\/\\\/i0.wp.com\\\/politicosaldesnudo.com.mx\\\/wp-content\\\/uploads\\\/2026\\\/08\\\/cropped-logo.webp?fit=400%2C126&ssl=1\",\"width\":400,\"height\":126,\"caption\":\"Pol\u00edticos al Desnudo\"},\"image\":{\"@id\":\"https:\\\/\\\/politicosaldesnudo.com.mx\\\/#\\\/schema\\\/logo\\\/image\\\/\"},\"sameAs\":[\"https:\\\/\\\/www.facebook.com\\\/PoliticosAD\"]},{\"@type\":\"Person\",\"@id\":\"https:\\\/\\\/politicosaldesnudo.com.mx\\\/#\\\/schema\\\/person\\\/ef3a64e561cc3f3f5dc52fab81adde7e\",\"name\":\"Redacci\u00f3n Pol\u00edticos\",\"url\":\"https:\\\/\\\/politicosaldesnudo.com.mx\\\/index.php\\\/author\\\/redaccion-politicos\\\/\"}]}<\/script>\n<!-- \/ Yoast SEO plugin. -->","yoast_head_json":{"title":"Va en su tercer intento presidencial, Sandra Torres una de las favoritas de Guatemala - Pol\u00edticos al Desnudo","robots":{"index":"index","follow":"follow","max-snippet":"max-snippet:-1","max-image-preview":"max-image-preview:large","max-video-preview":"max-video-preview:-1"},"canonical":"https:\/\/politicosaldesnudo.com.mx\/index.php\/2023\/06\/24\/va-en-su-tercer-intento-presidencial-sandra-torres-una-de-las-favoritas-de-guatemala\/","og_locale":"es_ES","og_type":"article","og_title":"Va en su tercer intento presidencial, Sandra Torres una de las favoritas de Guatemala - Pol\u00edticos al Desnudo","og_description":"&nbsp; CIUDAD DE GUATEMALA.\u00a0 Sandra Torres Casanova salt\u00f3 a la palestra p\u00fablica en 2008 de la mano de su entonces [&hellip;]","og_url":"https:\/\/politicosaldesnudo.com.mx\/index.php\/2023\/06\/24\/va-en-su-tercer-intento-presidencial-sandra-torres-una-de-las-favoritas-de-guatemala\/","og_site_name":"Pol\u00edticos al Desnudo","article_publisher":"https:\/\/www.facebook.com\/PoliticosAD","article_published_time":"2023-06-24T17:37:09+00:00","article_modified_time":"2023-06-24T17:55:14+00:00","og_image":[{"width":1816,"height":1016,"url":"https:\/\/i0.wp.com\/politicosaldesnudo.com.mx\/wp-content\/uploads\/2023\/06\/P-SANDRA-TORRES-GUATEMALA-1.png?fit=1816%2C1016&ssl=1","type":"image\/png"}],"author":"Redacci\u00f3n Pol\u00edticos","twitter_card":"summary_large_image","twitter_misc":{"Escrito por":"Redacci\u00f3n Pol\u00edticos","Tiempo de lectura":"3 minutos"},"schema":{"@context":"https:\/\/schema.org","@graph":[{"@type":"Article","@id":"https:\/\/politicosaldesnudo.com.mx\/index.php\/2023\/06\/24\/va-en-su-tercer-intento-presidencial-sandra-torres-una-de-las-favoritas-de-guatemala\/#article","isPartOf":{"@id":"https:\/\/politicosaldesnudo.com.mx\/index.php\/2023\/06\/24\/va-en-su-tercer-intento-presidencial-sandra-torres-una-de-las-favoritas-de-guatemala\/"},"author":{"name":"Redacci\u00f3n Pol\u00edticos","@id":"https:\/\/politicosaldesnudo.com.mx\/#\/schema\/person\/ef3a64e561cc3f3f5dc52fab81adde7e"},"headline":"Va en su tercer intento presidencial, Sandra Torres una de las favoritas de Guatemala","datePublished":"2023-06-24T17:37:09+00:00","dateModified":"2023-06-24T17:55:14+00:00","mainEntityOfPage":{"@id":"https:\/\/politicosaldesnudo.com.mx\/index.php\/2023\/06\/24\/va-en-su-tercer-intento-presidencial-sandra-torres-una-de-las-favoritas-de-guatemala\/"},"wordCount":631,"publisher":{"@id":"https:\/\/politicosaldesnudo.com.mx\/#organization"},"image":{"@id":"https:\/\/politicosaldesnudo.com.mx\/index.php\/2023\/06\/24\/va-en-su-tercer-intento-presidencial-sandra-torres-una-de-las-favoritas-de-guatemala\/#primaryimage"},"thumbnailUrl":"https:\/\/i0.wp.com\/politicosaldesnudo.com.mx\/wp-content\/uploads\/2023\/06\/P-SANDRA-TORRES-GUATEMALA-1.png?fit=1816%2C1016&ssl=1","keywords":["GUATEMALA","SANDRA TORRES","UNE"],"articleSection":["INTERNACIONAL"],"inLanguage":"es"},{"@type":"WebPage","@id":"https:\/\/politicosaldesnudo.com.mx\/index.php\/2023\/06\/24\/va-en-su-tercer-intento-presidencial-sandra-torres-una-de-las-favoritas-de-guatemala\/","url":"https:\/\/politicosaldesnudo.com.mx\/index.php\/2023\/06\/24\/va-en-su-tercer-intento-presidencial-sandra-torres-una-de-las-favoritas-de-guatemala\/","name":"Va en su tercer intento presidencial, Sandra Torres una de las favoritas de Guatemala - Pol\u00edticos al Desnudo","isPartOf":{"@id":"https:\/\/politicosaldesnudo.com.mx\/#website"},"primaryImageOfPage":{"@id":"https:\/\/politicosaldesnudo.com.mx\/index.php\/2023\/06\/24\/va-en-su-tercer-intento-presidencial-sandra-torres-una-de-las-favoritas-de-guatemala\/#primaryimage"},"image":{"@id":"https:\/\/politicosaldesnudo.com.mx\/index.php\/2023\/06\/24\/va-en-su-tercer-intento-presidencial-sandra-torres-una-de-las-favoritas-de-guatemala\/#primaryimage"},"thumbnailUrl":"https:\/\/i0.wp.com\/politicosaldesnudo.com.mx\/wp-content\/uploads\/2023\/06\/P-SANDRA-TORRES-GUATEMALA-1.png?fit=1816%2C1016&ssl=1","datePublished":"2023-06-24T17:37:09+00:00","dateModified":"2023-06-24T17:55:14+00:00","breadcrumb":{"@id":"https:\/\/politicosaldesnudo.com.mx\/index.php\/2023\/06\/24\/va-en-su-tercer-intento-presidencial-sandra-torres-una-de-las-favoritas-de-guatemala\/#breadcrumb"},"inLanguage":"es","potentialAction":[{"@type":"ReadAction","target":["https:\/\/politicosaldesnudo.com.mx\/index.php\/2023\/06\/24\/va-en-su-tercer-intento-presidencial-sandra-torres-una-de-las-favoritas-de-guatemala\/"]}]},{"@type":"ImageObject","inLanguage":"es","@id":"https:\/\/politicosaldesnudo.com.mx\/index.php\/2023\/06\/24\/va-en-su-tercer-intento-presidencial-sandra-torres-una-de-las-favoritas-de-guatemala\/#primaryimage","url":"https:\/\/i0.wp.com\/politicosaldesnudo.com.mx\/wp-content\/uploads\/2023\/06\/P-SANDRA-TORRES-GUATEMALA-1.png?fit=1816%2C1016&ssl=1","contentUrl":"https:\/\/i0.wp.com\/politicosaldesnudo.com.mx\/wp-content\/uploads\/2023\/06\/P-SANDRA-TORRES-GUATEMALA-1.png?fit=1816%2C1016&ssl=1","width":1816,"height":1016},{"@type":"BreadcrumbList","@id":"https:\/\/politicosaldesnudo.com.mx\/index.php\/2023\/06\/24\/va-en-su-tercer-intento-presidencial-sandra-torres-una-de-las-favoritas-de-guatemala\/#breadcrumb","itemListElement":[{"@type":"ListItem","position":1,"name":"Portada","item":"https:\/\/politicosaldesnudo.com.mx\/"},{"@type":"ListItem","position":2,"name":"Va en su tercer intento presidencial, Sandra Torres una de las favoritas de Guatemala"}]},{"@type":"WebSite","@id":"https:\/\/politicosaldesnudo.com.mx\/#website","url":"https:\/\/politicosaldesnudo.com.mx\/","name":"Pol\u00edticos al Desnudo","description":"","publisher":{"@id":"https:\/\/politicosaldesnudo.com.mx\/#organization"},"potentialAction":[{"@type":"SearchAction","target":{"@type":"EntryPoint","urlTemplate":"https:\/\/politicosaldesnudo.com.mx\/?s={search_term_string}"},"query-input":{"@type":"PropertyValueSpecification","valueRequired":true,"valueName":"search_term_string"}}],"inLanguage":"es"},{"@type":"Organization","@id":"https:\/\/politicosaldesnudo.com.mx\/#organization","name":"Pol\u00edticos al Desnudo","url":"https:\/\/politicosaldesnudo.com.mx\/","logo":{"@type":"ImageObject","inLanguage":"es","@id":"https:\/\/politicosaldesnudo.com.mx\/#\/schema\/logo\/image\/","url":"https:\/\/i0.wp.com\/politicosaldesnudo.com.mx\/wp-content\/uploads\/2026\/08\/cropped-logo.webp?fit=400%2C126&ssl=1","contentUrl":"https:\/\/i0.wp.com\/politicosaldesnudo.com.mx\/wp-content\/uploads\/2026\/08\/cropped-logo.webp?fit=400%2C126&ssl=1","width":400,"height":126,"caption":"Pol\u00edticos al Desnudo"},"image":{"@id":"https:\/\/politicosaldesnudo.com.mx\/#\/schema\/logo\/image\/"},"sameAs":["https:\/\/www.facebook.com\/PoliticosAD"]},{"@type":"Person","@id":"https:\/\/politicosaldesnudo.com.mx\/#\/schema\/person\/ef3a64e561cc3f3f5dc52fab81adde7e","name":"Redacci\u00f3n Pol\u00edticos","url":"https:\/\/politicosaldesnudo.com.mx\/index.php\/author\/redaccion-politicos\/"}]}},"jetpack_publicize_connections":[],"jetpack-related-posts":[{"id":53619,"url":"https:\/\/politicosaldesnudo.com.mx\/index.php\/2025\/01\/04\/opositor-venezolano-edmundo-gonzalez-llega-a-argentina-para-reunirse-con-milei\/","url_meta":{"origin":21433,"position":0},"title":"Opositor venezolano, Edmundo Gonz\u00e1lez, llega a Argentina para reunirse con Milei","author":"Redacci\u00f3n Pol\u00edticos","date":"4 de enero de 2025","format":false,"excerpt":"El opositor Edmundo Gonz\u00e1lez Urrutia, quien reclama el triunfo electoral de 2024 frente a Nicol\u00e1s Maduro, llega a Argentina este viernes para reunirse el s\u00e1bado con el presidente Javier Milei, en el inicio de una \"gira latinoamericana\" antes de la asunci\u00f3n presidencial venezolana del 10 de enero. La visita de\u2026","rel":"","context":"En \u00abINTERNACIONAL\u00bb","block_context":{"text":"INTERNACIONAL","link":"https:\/\/politicosaldesnudo.com.mx\/index.php\/category\/internacional\/"},"img":{"alt_text":"","src":"https:\/\/i0.wp.com\/politicosaldesnudo.com.mx\/wp-content\/uploads\/2025\/01\/descarga-1.jpg?fit=1200%2C675&ssl=1&resize=350%2C200","width":350,"height":200,"srcset":"https:\/\/i0.wp.com\/politicosaldesnudo.com.mx\/wp-content\/uploads\/2025\/01\/descarga-1.jpg?fit=1200%2C675&ssl=1&resize=350%2C200 1x, https:\/\/i0.wp.com\/politicosaldesnudo.com.mx\/wp-content\/uploads\/2025\/01\/descarga-1.jpg?fit=1200%2C675&ssl=1&resize=525%2C300 1.5x, https:\/\/i0.wp.com\/politicosaldesnudo.com.mx\/wp-content\/uploads\/2025\/01\/descarga-1.jpg?fit=1200%2C675&ssl=1&resize=700%2C400 2x, https:\/\/i0.wp.com\/politicosaldesnudo.com.mx\/wp-content\/uploads\/2025\/01\/descarga-1.jpg?fit=1200%2C675&ssl=1&resize=1050%2C600 3x"},"classes":[]},{"id":87799,"url":"https:\/\/politicosaldesnudo.com.mx\/index.php\/2026\/08\/17\/sinaloa-salio-de-guatemala-y-entro-a-guatepeor-muy-peor\/","url_meta":{"origin":21433,"position":1},"title":"Sinaloa sali\u00f3 de Guatemala y entr\u00f3 a Guatepeor\u2026 muy peor","author":"Redacci\u00f3n Pol\u00edticos","date":"17 de agosto de 2026","format":false,"excerpt":"TEL\u00c9FONO ROJO Por: Jos\u00e9 Ure\u00f1a -\u00bfC\u00f3mo est\u00e1 Sinaloa? Gerardo Vargas, defenestrado como alcalde de Ahome (Los Mochis) por\u00a0Rub\u00e9n Rocha Moya, responde sin pensar: -Peor que antes. \u00a0-\u00bfPeor que con\u00a0Rocha Moya? \u00a0-Mucho peor.\u00a0Rocha Moya\u00a0nunca se fue, no se ha ido. Tiene una oficina al lado de la gobernadora\u00a0Yeraldine Bonilla\u00a0y el gabinete\u2026","rel":"","context":"En \u00abOPINI\u00d3N\u00bb","block_context":{"text":"OPINI\u00d3N","link":"https:\/\/politicosaldesnudo.com.mx\/index.php\/category\/columnistas\/"},"img":{"alt_text":"","src":"https:\/\/i0.wp.com\/politicosaldesnudo.com.mx\/wp-content\/uploads\/2026\/08\/tel-rojo-170826-scaled.png?fit=1200%2C659&ssl=1&resize=350%2C200","width":350,"height":200,"srcset":"https:\/\/i0.wp.com\/politicosaldesnudo.com.mx\/wp-content\/uploads\/2026\/08\/tel-rojo-170826-scaled.png?fit=1200%2C659&ssl=1&resize=350%2C200 1x, https:\/\/i0.wp.com\/politicosaldesnudo.com.mx\/wp-content\/uploads\/2026\/08\/tel-rojo-170826-scaled.png?fit=1200%2C659&ssl=1&resize=525%2C300 1.5x, https:\/\/i0.wp.com\/politicosaldesnudo.com.mx\/wp-content\/uploads\/2026\/08\/tel-rojo-170826-scaled.png?fit=1200%2C659&ssl=1&resize=700%2C400 2x, https:\/\/i0.wp.com\/politicosaldesnudo.com.mx\/wp-content\/uploads\/2026\/08\/tel-rojo-170826-scaled.png?fit=1200%2C659&ssl=1&resize=1050%2C600 3x"},"classes":[]},{"id":15733,"url":"https:\/\/politicosaldesnudo.com.mx\/index.php\/2023\/01\/31\/destaca-lula-organismo-para-negociar-paz-entre-rusia-y-ucrania\/","url_meta":{"origin":21433,"position":2},"title":"Destaca Lula organismo para negociar paz entre Rusia y Ucrania","author":"Redacci\u00f3n Pol\u00edticos","date":"31 de enero de 2023","format":false,"excerpt":"\u00a0 S\u00c3O PAULO, BRASIL. Luiz Inacio Lula da Silva, presidente de Brasil, durante una rueda de prensa conjunta con Olaf Scholz, canciller alem\u00e1n, defendi\u00f3 la creaci\u00f3n de un organismo para negociar la paz entre Rusia y Ucrania. Durante su encuentro con Scholz, Lula\u00a0reafirm\u00f3 su intenci\u00f3n\u00a0de no enviar municiones a Kiev,\u2026","rel":"","context":"En \u00abINTERNACIONAL\u00bb","block_context":{"text":"INTERNACIONAL","link":"https:\/\/politicosaldesnudo.com.mx\/index.php\/category\/internacional\/"},"img":{"alt_text":"","src":"https:\/\/i0.wp.com\/politicosaldesnudo.com.mx\/wp-content\/uploads\/2023\/01\/P-LULA-DA-SILVA-OLAF-SCHOLZ.png?fit=1200%2C671&ssl=1&resize=350%2C200","width":350,"height":200,"srcset":"https:\/\/i0.wp.com\/politicosaldesnudo.com.mx\/wp-content\/uploads\/2023\/01\/P-LULA-DA-SILVA-OLAF-SCHOLZ.png?fit=1200%2C671&ssl=1&resize=350%2C200 1x, https:\/\/i0.wp.com\/politicosaldesnudo.com.mx\/wp-content\/uploads\/2023\/01\/P-LULA-DA-SILVA-OLAF-SCHOLZ.png?fit=1200%2C671&ssl=1&resize=525%2C300 1.5x, https:\/\/i0.wp.com\/politicosaldesnudo.com.mx\/wp-content\/uploads\/2023\/01\/P-LULA-DA-SILVA-OLAF-SCHOLZ.png?fit=1200%2C671&ssl=1&resize=700%2C400 2x, https:\/\/i0.wp.com\/politicosaldesnudo.com.mx\/wp-content\/uploads\/2023\/01\/P-LULA-DA-SILVA-OLAF-SCHOLZ.png?fit=1200%2C671&ssl=1&resize=1050%2C600 3x"},"classes":[]},{"id":88205,"url":"https:\/\/politicosaldesnudo.com.mx\/index.php\/2026\/08\/31\/se-acabo-la-derecha-presentan-iniciativa-que-prohibe-doble-nacionalidad\/","url_meta":{"origin":21433,"position":3},"title":"Se acab\u00f3 la derecha, presentan iniciativa que proh\u00edbe doble nacionalidad","author":"Redacci\u00f3n Pol\u00edticos","date":"31 de agosto de 2026","format":false,"excerpt":"LEAD POLITICO\u2026 Por Ren\u00e9 Mart\u00ednez Torres Durante la conferencia ma\u00f1anera de este jueves 27 de agosto, la\u00a0 presidenta Claudia Sheinbaum, present\u00f3 una important\u00edsima iniciativa que busca modificar la Constituci\u00f3n Pol\u00edtica de los Estados Mexicanos en sus art\u00edculos 86, 116 y 122. La propuesta de reforma ya fue enviada para su\u2026","rel":"","context":"En \u00abOPINI\u00d3N\u00bb","block_context":{"text":"OPINI\u00d3N","link":"https:\/\/politicosaldesnudo.com.mx\/index.php\/category\/columnistas\/"},"img":{"alt_text":"","src":"https:\/\/i0.wp.com\/politicosaldesnudo.com.mx\/wp-content\/uploads\/2026\/08\/lead-31008.png?fit=1200%2C658&ssl=1&resize=350%2C200","width":350,"height":200,"srcset":"https:\/\/i0.wp.com\/politicosaldesnudo.com.mx\/wp-content\/uploads\/2026\/08\/lead-31008.png?fit=1200%2C658&ssl=1&resize=350%2C200 1x, https:\/\/i0.wp.com\/politicosaldesnudo.com.mx\/wp-content\/uploads\/2026\/08\/lead-31008.png?fit=1200%2C658&ssl=1&resize=525%2C300 1.5x, https:\/\/i0.wp.com\/politicosaldesnudo.com.mx\/wp-content\/uploads\/2026\/08\/lead-31008.png?fit=1200%2C658&ssl=1&resize=700%2C400 2x, https:\/\/i0.wp.com\/politicosaldesnudo.com.mx\/wp-content\/uploads\/2026\/08\/lead-31008.png?fit=1200%2C658&ssl=1&resize=1050%2C600 3x"},"classes":[]},{"id":88017,"url":"https:\/\/politicosaldesnudo.com.mx\/index.php\/2026\/08\/24\/peligrosa-estrategia-injerencista-contra-mexico\/","url_meta":{"origin":21433,"position":4},"title":"Peligrosa estrategia injerencista contra M\u00e9xico","author":"Redacci\u00f3n Pol\u00edticos","date":"24 de agosto de 2026","format":false,"excerpt":"LEAD POLITICO\u2026 Por: Ren\u00e9 Mart\u00ednez Torres * Roci\u00f3 Nahle convirti\u00f3 el municipio de Chinameca en sede de entrega de apoyos escolares a 13 municipios.\u00a0\u00a0 El estratega digital y asesor pol\u00edtico argentino, Fernando Cerimedo,\u00a0 due\u00f1o de la Derecha Diario, ex asesor de Javier Gerdo Milei - presidente de Argentina y Jair\u2026","rel":"","context":"En \u00abOPINI\u00d3N\u00bb","block_context":{"text":"OPINI\u00d3N","link":"https:\/\/politicosaldesnudo.com.mx\/index.php\/category\/columnistas\/"},"img":{"alt_text":"","src":"https:\/\/i0.wp.com\/politicosaldesnudo.com.mx\/wp-content\/uploads\/2026\/02\/LEAD-POLITICO-AZUL.jpg?fit=800%2C445&ssl=1&resize=350%2C200","width":350,"height":200,"srcset":"https:\/\/i0.wp.com\/politicosaldesnudo.com.mx\/wp-content\/uploads\/2026\/02\/LEAD-POLITICO-AZUL.jpg?fit=800%2C445&ssl=1&resize=350%2C200 1x, https:\/\/i0.wp.com\/politicosaldesnudo.com.mx\/wp-content\/uploads\/2026\/02\/LEAD-POLITICO-AZUL.jpg?fit=800%2C445&ssl=1&resize=525%2C300 1.5x, https:\/\/i0.wp.com\/politicosaldesnudo.com.mx\/wp-content\/uploads\/2026\/02\/LEAD-POLITICO-AZUL.jpg?fit=800%2C445&ssl=1&resize=700%2C400 2x"},"classes":[]},{"id":88163,"url":"https:\/\/politicosaldesnudo.com.mx\/index.php\/2026\/08\/29\/balean-a-fundadora-de-colectivo-de-busqueda-en-culiacan-fiscalia-indaga-intento-de-feminicidio\/","url_meta":{"origin":21433,"position":5},"title":"Balean a fundadora de colectivo de b\u00fasqueda en Culiac\u00e1n; Fiscal\u00eda indaga intento de feminicidio","author":"Redacci\u00f3n Pol\u00edticos","date":"29 de agosto de 2026","format":false,"excerpt":"Alma Rosa Rojo Medina, fundadora del colectivo Voces Unidas por la Vida, result\u00f3 herida durante un ataque armado registrado este s\u00e1bado en Culiac\u00e1n, Sinaloa. La agresi\u00f3n ocurri\u00f3 en la colonia Esthela Ortiz de Toledo, donde sujetos armados dispararon contra el autom\u00f3vil en el que viajaba la activista. Otra mujer, identificada\u2026","rel":"","context":"En \u00abNACIONAL\u00bb","block_context":{"text":"NACIONAL","link":"https:\/\/politicosaldesnudo.com.mx\/index.php\/category\/nacional\/"},"img":{"alt_text":"","src":"https:\/\/i0.wp.com\/politicosaldesnudo.com.mx\/wp-content\/uploads\/2026\/08\/atacan-balazos-buscadora-alma-rosa-rojo-medina-culiacan-sinaloa-29082026.jpg?fit=1200%2C750&ssl=1&resize=350%2C200","width":350,"height":200,"srcset":"https:\/\/i0.wp.com\/politicosaldesnudo.com.mx\/wp-content\/uploads\/2026\/08\/atacan-balazos-buscadora-alma-rosa-rojo-medina-culiacan-sinaloa-29082026.jpg?fit=1200%2C750&ssl=1&resize=350%2C200 1x, https:\/\/i0.wp.com\/politicosaldesnudo.com.mx\/wp-content\/uploads\/2026\/08\/atacan-balazos-buscadora-alma-rosa-rojo-medina-culiacan-sinaloa-29082026.jpg?fit=1200%2C750&ssl=1&resize=525%2C300 1.5x, https:\/\/i0.wp.com\/politicosaldesnudo.com.mx\/wp-content\/uploads\/2026\/08\/atacan-balazos-buscadora-alma-rosa-rojo-medina-culiacan-sinaloa-29082026.jpg?fit=1200%2C750&ssl=1&resize=700%2C400 2x, https:\/\/i0.wp.com\/politicosaldesnudo.com.mx\/wp-content\/uploads\/2026\/08\/atacan-balazos-buscadora-alma-rosa-rojo-medina-culiacan-sinaloa-29082026.jpg?fit=1200%2C750&ssl=1&resize=1050%2C600 3x"},"classes":[]}],"jetpack_sharing_enabled":true,"jetpack_featured_media_url":"https:\/\/i0.wp.com\/politicosaldesnudo.com.mx\/wp-content\/uploads\/2023\/06\/P-SANDRA-TORRES-GUATEMALA-1.png?fit=1816%2C1016&ssl=1","_links":{"self":[{"href":"https:\/\/politicosaldesnudo.com.mx\/index.php\/wp-json\/wp\/v2\/posts\/21433","targetHints":{"allow":["GET"]}}],"collection":[{"href":"https:\/\/politicosaldesnudo.com.mx\/index.php\/wp-json\/wp\/v2\/posts"}],"about":[{"href":"https:\/\/politicosaldesnudo.com.mx\/index.php\/wp-json\/wp\/v2\/types\/post"}],"author":[{"embeddable":true,"href":"https:\/\/politicosaldesnudo.com.mx\/index.php\/wp-json\/wp\/v2\/users\/4"}],"replies":[{"embeddable":true,"href":"https:\/\/politicosaldesnudo.com.mx\/index.php\/wp-json\/wp\/v2\/comments?post=21433"}],"version-history":[{"count":0,"href":"https:\/\/politicosaldesnudo.com.mx\/index.php\/wp-json\/wp\/v2\/posts\/21433\/revisions"}],"wp:featuredmedia":[{"embeddable":true,"href":"https:\/\/politicosaldesnudo.com.mx\/index.php\/wp-json\/wp\/v2\/media\/21434"}],"wp:attachment":[{"href":"https:\/\/politicosaldesnudo.com.mx\/index.php\/wp-json\/wp\/v2\/media?parent=21433"}],"wp:term":[{"taxonomy":"category","embeddable":true,"href":"https:\/\/politicosaldesnudo.com.mx\/index.php\/wp-json\/wp\/v2\/categories?post=21433"},{"taxonomy":"post_tag","embeddable":true,"href":"https:\/\/politicosaldesnudo.com.mx\/index.php\/wp-json\/wp\/v2\/tags?post=21433"}],"curies":[{"name":"wp","href":"https:\/\/api.w.org\/{rel}","templated":true}]}}