{"id":21714,"date":"2023-06-30T02:40:59","date_gmt":"2023-06-30T07:40:59","guid":{"rendered":"https:\/\/politicosaldesnudo.com.mx\/?p=21714"},"modified":"2023-06-30T05:13:06","modified_gmt":"2023-06-30T10:13:06","slug":"de-donde-sacar-49-mil-millones-para-pagar-a-maestros","status":"publish","type":"post","link":"https:\/\/politicosaldesnudo.com.mx\/index.php\/2023\/06\/30\/de-donde-sacar-49-mil-millones-para-pagar-a-maestros\/","title":{"rendered":"\u00bfDe d\u00f3nde sacar 49 mil millones para pagar a maestros?"},"content":{"rendered":"<p>&nbsp;<\/p>\n<p class=\"p1\"><span style=\"font-size: 18pt;\"><strong>Por Jos\u00e9 Ure\u00f1a<\/strong><\/span><\/p>\n<p class=\"p1\"><span style=\"font-size: 14pt;\">El reto es de Rogelio Ram\u00edrez de la O. <\/span><span style=\"font-size: 14pt;\">O, m\u00e1s puntualmente, de la Secretar\u00eda de Hacienda y Cr\u00e9dito P\u00fablico (SHCP) porque la instrucci\u00f3n es del Presidente de la Rep\u00fablica.<\/span><\/p>\n<p class=\"p1\"><span style=\"font-size: 14pt;\">Y Andr\u00e9s Manuel L\u00f3pez Obrador, lo saben todos sus subordinados, no acepta desobediencias o retrasos en el cumplimiento de sus \u00f3rdenes.<\/span><\/p>\n<p class=\"p1\"><span style=\"font-size: 14pt;\">Menos si la promesa la hizo p\u00fablicamente, como esa del 15 de mayo de no tener un maestro en el sistema de ense\u00f1anza p\u00fablica con salario inferior a los 16 mil pesos mensuales.<\/span><\/p>\n<p class=\"p1\"><span style=\"font-size: 14pt;\">Fue un compromiso ante la Rep\u00fablica y el magisterio del cual est\u00e1 prendido el dirigente del Sindicato Nacional de Trabajadores de la Educaci\u00f3n (SNTE), Alfonso Cepeda.<\/span><\/p>\n<p class=\"p1\"><span style=\"font-size: 14pt;\">De esas negociaciones est\u00e1n pendientes, porque de ellas depende su tranquilidad y la de sus familias, decenas de miles de educadores y personal administrativo de la Secretar\u00eda de Educaci\u00f3n P\u00fablica (SEP).<\/span><\/p>\n<p>&nbsp;<\/p>\n<p class=\"p1\"><span style=\"font-size: 18pt; color: #139eca;\"><strong>UN DESEMBOLSO INESPERADO<\/strong><\/span><\/p>\n<p class=\"p1\"><span style=\"font-size: 14pt;\">El tema sorprendi\u00f3 a muchos. <\/span><span style=\"font-size: 14pt;\">Pero m\u00e1s al secretario Rogelio Ram\u00edrez de la O porque, aunque era una inquietud general y parte de las peticiones del SNTE de Alfonso Cepeda, no hab\u00eda decisi\u00f3n para fijar un salario base para el sector. <\/span><span style=\"font-size: 14pt;\">Pero avanza.<\/span><\/p>\n<p class=\"p1\"><span style=\"font-size: 14pt;\">Se est\u00e1 en la etapa de ajuste primero para tener un padr\u00f3n del personal de ense\u00f1anza peor pagado y la promesa presidencial debe quedar saldada en los pr\u00f3ximos meses.<\/span><\/p>\n<p class=\"p1\"><span style=\"font-size: 14pt;\">Pudiera pensarse en el fin de cursos, en julio pr\u00f3ximo, como una fecha fatal, pero la burocracia es un aparato lento -paquidermo reum\u00e1tico, le ha llamado el Presidente- y tal vez se necesite m\u00e1s tiempo.<\/span><\/p>\n<p class=\"p1\"><span style=\"font-size: 14pt;\">El desembolso adicional estimado de 49 mil millones de pesos para este a\u00f1o es diferente a los acuerdos de retabulaci\u00f3n e incremento anual, 8.2% en promedio: seis directo al salario y 2.2 en prestaciones.<\/span><\/p>\n<p class=\"p1\"><span style=\"font-size: 14pt;\">Seg\u00fan Hacienda, esos pagos est\u00e1n pr\u00e1cticamente regularizados e incluyen retroactividad al primero de enero para todos los sindicalizados de ense\u00f1anza b\u00e1sica y t\u00e9cnica.<\/span><\/p>\n<p class=\"p1\"><span style=\"font-size: 14pt;\">Pero todav\u00eda hay cuentas multimillonarias pendientes y se arreglan con el secretario Rogelio Ram\u00edrez de la O porque en asuntos econ\u00f3micos la Secretar\u00eda de Educaci\u00f3n P\u00fablica es y ha sido simple testigo.<\/span><\/p>\n<p>&nbsp;<\/p>\n<p class=\"p1\"><span style=\"font-size: 18pt; color: #139eca;\"><strong>DESTAPADOR DESESPERADO<\/strong><\/span><\/p>\n<p class=\"p1\"><span style=\"font-size: 14pt;\">La pol\u00edtica actual rebasa las cr\u00f3nicas. <\/span><span style=\"font-size: 14pt;\">Apenas circula el libro Cuatro corcholatas y un destapador, donde se analizan las personalidades de Ad\u00e1n Augusto L\u00f3pez, Claudia Sheinbaum, Marcelo Ebrard y Ricardo Monreal.<\/span><\/p>\n<p class=\"p1\"><span style=\"font-size: 14pt;\">Pero por lo prometido en Palacio Nacional, ya qued\u00f3 rebasado: Andr\u00e9s Manuel L\u00f3pez Obrador no nada m\u00e1s destapar\u00e1 con el dedo a su corcholata, sino tambi\u00e9n a la del frente opositor.<\/span><\/p>\n<p class=\"p1\"><span style=\"font-size: 14pt;\">Lo har\u00e1 el lunes pr\u00f3ximo, seg\u00fan dijo, porque a su juicio todo es simulaci\u00f3n y \u00e9l ya sabe qui\u00e9n ser\u00e1 el escogido entre la sociedad civil, panistas, priistas y perredistas.<\/span><\/p>\n<p class=\"p1\"><span style=\"font-size: 14pt;\">Veremos si menciona a X\u00f3chitl G\u00e1lvez, quien crece en las encuestas y se las ver\u00e1 con Santiago Creel, Enrique de la Madrid y alg\u00fan otro.<\/span><\/p>\n<p class=\"p1\"><span style=\"font-size: 14pt;\">Si cita a X\u00f3chitl, le har\u00e1 publicidad. <\/span><span style=\"font-size: 14pt;\">Y si no, ignorar\u00e1 una tendencia.<\/span><\/p>\n<p class=\"p1\"><span style=\"font-size: 14pt;\">Pero los autores del libro, Alejandro Ramos, Carlos Ram\u00edrez y Jes\u00fas S\u00e1nchez, deben hacer una versi\u00f3n actualizada y si incluyen a todos los aspirantes cambiar el t\u00edtulo: Una docena de corcholatas y un destapador.<\/span><\/p>\n<p>&nbsp;<\/p>\n<hr \/>\n<p>&nbsp;<\/p>\n<p><img data-recalc-dims=\"1\" loading=\"lazy\" decoding=\"async\" class=\"aligncenter wp-image-14351\" src=\"https:\/\/i0.wp.com\/politicosaldesnudo.com.mx\/wp-content\/uploads\/2023\/01\/FIRMA-EDITORIAL-PD-300x37.png?resize=800%2C98&#038;ssl=1\" alt=\"\" width=\"800\" height=\"98\" srcset=\"https:\/\/i0.wp.com\/politicosaldesnudo.com.mx\/wp-content\/uploads\/2023\/01\/FIRMA-EDITORIAL-PD.png?resize=300%2C37&amp;ssl=1 300w, https:\/\/i0.wp.com\/politicosaldesnudo.com.mx\/wp-content\/uploads\/2023\/01\/FIRMA-EDITORIAL-PD.png?resize=1024%2C125&amp;ssl=1 1024w, https:\/\/i0.wp.com\/politicosaldesnudo.com.mx\/wp-content\/uploads\/2023\/01\/FIRMA-EDITORIAL-PD.png?resize=768%2C94&amp;ssl=1 768w, https:\/\/i0.wp.com\/politicosaldesnudo.com.mx\/wp-content\/uploads\/2023\/01\/FIRMA-EDITORIAL-PD.png?resize=1536%2C188&amp;ssl=1 1536w, https:\/\/i0.wp.com\/politicosaldesnudo.com.mx\/wp-content\/uploads\/2023\/01\/FIRMA-EDITORIAL-PD.png?resize=2048%2C250&amp;ssl=1 2048w, https:\/\/i0.wp.com\/politicosaldesnudo.com.mx\/wp-content\/uploads\/2023\/01\/FIRMA-EDITORIAL-PD.png?w=1600&amp;ssl=1 1600w, https:\/\/i0.wp.com\/politicosaldesnudo.com.mx\/wp-content\/uploads\/2023\/01\/FIRMA-EDITORIAL-PD.png?w=2400&amp;ssl=1 2400w\" sizes=\"auto, (max-width: 800px) 100vw, 800px\" \/><\/p>\n<p>&nbsp;<\/p>\n<p>&nbsp;<\/p>\n<p>&nbsp;<\/p>\n<p>&nbsp;<\/p>\n","protected":false},"excerpt":{"rendered":"<p>&nbsp; Por Jos\u00e9 Ure\u00f1a El reto es de Rogelio Ram\u00edrez de la O. O, m\u00e1s puntualmente, de la Secretar\u00eda de<\/p>\n","protected":false},"author":4,"featured_media":4036,"comment_status":"closed","ping_status":"closed","sticky":false,"template":"","format":"standard","meta":{"colormag_page_container_layout":"default_layout","colormag_page_sidebar_layout":"default_layout","_jetpack_memberships_contains_paid_content":false,"footnotes":"","jetpack_publicize_message":"","jetpack_publicize_feature_enabled":true,"jetpack_social_post_already_shared":false,"jetpack_social_options":{"image_generator_settings":{"template":"highway","default_image_id":0,"font":"","enabled":false},"version":2}},"categories":[26],"tags":[],"class_list":["post-21714","post","type-post","status-publish","format-standard","has-post-thumbnail","hentry","category-columnistas"],"jetpack_publicize_connections":[],"jetpack_featured_media_url":"https:\/\/i0.wp.com\/politicosaldesnudo.com.mx\/wp-content\/uploads\/2022\/04\/JOSE%CC%81-UREN%CC%83A-1.png?fit=1816%2C1016&ssl=1","jetpack-related-posts":[],"jetpack_sharing_enabled":true,"_links":{"self":[{"href":"https:\/\/politicosaldesnudo.com.mx\/index.php\/wp-json\/wp\/v2\/posts\/21714","targetHints":{"allow":["GET"]}}],"collection":[{"href":"https:\/\/politicosaldesnudo.com.mx\/index.php\/wp-json\/wp\/v2\/posts"}],"about":[{"href":"https:\/\/politicosaldesnudo.com.mx\/index.php\/wp-json\/wp\/v2\/types\/post"}],"author":[{"embeddable":true,"href":"https:\/\/politicosaldesnudo.com.mx\/index.php\/wp-json\/wp\/v2\/users\/4"}],"replies":[{"embeddable":true,"href":"https:\/\/politicosaldesnudo.com.mx\/index.php\/wp-json\/wp\/v2\/comments?post=21714"}],"version-history":[{"count":0,"href":"https:\/\/politicosaldesnudo.com.mx\/index.php\/wp-json\/wp\/v2\/posts\/21714\/revisions"}],"wp:featuredmedia":[{"embeddable":true,"href":"https:\/\/politicosaldesnudo.com.mx\/index.php\/wp-json\/wp\/v2\/media\/4036"}],"wp:attachment":[{"href":"https:\/\/politicosaldesnudo.com.mx\/index.php\/wp-json\/wp\/v2\/media?parent=21714"}],"wp:term":[{"taxonomy":"category","embeddable":true,"href":"https:\/\/politicosaldesnudo.com.mx\/index.php\/wp-json\/wp\/v2\/categories?post=21714"},{"taxonomy":"post_tag","embeddable":true,"href":"https:\/\/politicosaldesnudo.com.mx\/index.php\/wp-json\/wp\/v2\/tags?post=21714"}],"curies":[{"name":"wp","href":"https:\/\/api.w.org\/{rel}","templated":true}]}}