{"id":21752,"date":"2023-07-01T22:00:24","date_gmt":"2023-07-02T03:00:24","guid":{"rendered":"https:\/\/politicosaldesnudo.com.mx\/?p=21752"},"modified":"2023-07-02T23:46:38","modified_gmt":"2023-07-03T04:46:38","slug":"ayuntamiento-y-dif-tuxpan-cumplen-el-sueno-de-quinceaneras","status":"publish","type":"post","link":"https:\/\/politicosaldesnudo.com.mx\/index.php\/2023\/07\/01\/ayuntamiento-y-dif-tuxpan-cumplen-el-sueno-de-quinceaneras\/","title":{"rendered":"Ayuntamiento y DIF Tuxpan cumplen el sue\u00f1o de quincea\u00f1eras\u00a0"},"content":{"rendered":"<p>&nbsp;<\/p>\n<p class=\"p2\"><span style=\"font-size: 14pt;\"><em><strong>TUXPAN, VERACRUZ.<\/strong> <\/em><strong>El Ayuntamiento y DIF Tuxpan<\/strong> hicieron realidad el sue\u00f1o de<strong> 16 jovencitas<\/strong>, a quienes les celebraron su <strong>fiesta de XV A\u00f1os<\/strong>.<\/span><\/p>\n<p><span style=\"font-size: 18pt; color: #139eca;\"><strong>Las quincea\u00f1eras son Emily Sof\u00eda, Yoselyn, Flor Yaneli, Ofelia Yamileth, Mar\u00eda de los \u00c1ngeles, Sof\u00eda, Itzel Monserrat, Mirssa Yamilet, Sofia Elizabeth, Rosalinda, Carmen Lizeth, Ana Estrella, Angely Vianey, Katy Monserrat, Michell y Alexa Fernanda.<\/strong><\/span><\/p>\n<p>&nbsp;<\/p>\n<p><img data-recalc-dims=\"1\" loading=\"lazy\" decoding=\"async\" class=\"aligncenter wp-image-21759 size-large\" src=\"https:\/\/i0.wp.com\/politicosaldesnudo.com.mx\/wp-content\/uploads\/2023\/07\/P-QUINCEANERAS-TUXPAN-8-1024x573.png?resize=800%2C448&#038;ssl=1\" alt=\"\" width=\"800\" height=\"448\" srcset=\"https:\/\/i0.wp.com\/politicosaldesnudo.com.mx\/wp-content\/uploads\/2023\/07\/P-QUINCEANERAS-TUXPAN-8.png?resize=1024%2C573&amp;ssl=1 1024w, https:\/\/i0.wp.com\/politicosaldesnudo.com.mx\/wp-content\/uploads\/2023\/07\/P-QUINCEANERAS-TUXPAN-8.png?resize=300%2C168&amp;ssl=1 300w, https:\/\/i0.wp.com\/politicosaldesnudo.com.mx\/wp-content\/uploads\/2023\/07\/P-QUINCEANERAS-TUXPAN-8.png?resize=768%2C430&amp;ssl=1 768w, https:\/\/i0.wp.com\/politicosaldesnudo.com.mx\/wp-content\/uploads\/2023\/07\/P-QUINCEANERAS-TUXPAN-8.png?resize=1536%2C859&amp;ssl=1 1536w, https:\/\/i0.wp.com\/politicosaldesnudo.com.mx\/wp-content\/uploads\/2023\/07\/P-QUINCEANERAS-TUXPAN-8.png?w=1816&amp;ssl=1 1816w, https:\/\/i0.wp.com\/politicosaldesnudo.com.mx\/wp-content\/uploads\/2023\/07\/P-QUINCEANERAS-TUXPAN-8.png?w=1600&amp;ssl=1 1600w\" sizes=\"auto, (max-width: 800px) 100vw, 800px\" \/><\/p>\n<p>&nbsp;<\/p>\n<p class=\"p2\"><span style=\"font-size: 18pt;\"><strong>El alcalde Jos\u00e9 Manuel Pozos dijo sentirse feliz y emocionado por hacer realidad el sue\u00f1o de estas jovencitas que se merecen las mejores cosas de la vida.<\/strong><\/span><\/p>\n<p>&nbsp;<\/p>\n<p><img data-recalc-dims=\"1\" loading=\"lazy\" decoding=\"async\" class=\"aligncenter wp-image-21756\" src=\"https:\/\/i0.wp.com\/politicosaldesnudo.com.mx\/wp-content\/uploads\/2023\/07\/P-QUINCEANERA-TUXPAN-4-289x300.png?resize=500%2C520&#038;ssl=1\" alt=\"\" width=\"500\" height=\"520\" srcset=\"https:\/\/i0.wp.com\/politicosaldesnudo.com.mx\/wp-content\/uploads\/2023\/07\/P-QUINCEANERA-TUXPAN-4.png?resize=289%2C300&amp;ssl=1 289w, https:\/\/i0.wp.com\/politicosaldesnudo.com.mx\/wp-content\/uploads\/2023\/07\/P-QUINCEANERA-TUXPAN-4.png?resize=768%2C798&amp;ssl=1 768w, https:\/\/i0.wp.com\/politicosaldesnudo.com.mx\/wp-content\/uploads\/2023\/07\/P-QUINCEANERA-TUXPAN-4.png?w=811&amp;ssl=1 811w\" sizes=\"auto, (max-width: 500px) 100vw, 500px\" \/><\/p>\n<p>&nbsp;<\/p>\n<blockquote>\n<p class=\"p2\"><span style=\"font-size: 14pt;\">Los XV A\u00f1os son una fecha muy especial porque desde ni\u00f1as esperan su llegada con mucha ilusi\u00f3n. Por eso, estoy seguro de que este festejo lo habr\u00e1n de atesorar para toda la vida\u201d<\/span><\/p>\n<\/blockquote>\n<p>&nbsp;<\/p>\n<p class=\"p2\"><span style=\"font-size: 18pt;\"><strong>En un emotivo mensaje, el alcalde Jos\u00e9 Manuel Pozos las exhort\u00f3 a mantener siempre viva la alegr\u00eda, porque una joven feliz irradia luz y atrae cosas positivas.<\/strong><\/span><\/p>\n<p>&nbsp;<\/p>\n<p><img data-recalc-dims=\"1\" loading=\"lazy\" decoding=\"async\" class=\"aligncenter wp-image-21754 size-large\" src=\"https:\/\/i0.wp.com\/politicosaldesnudo.com.mx\/wp-content\/uploads\/2023\/07\/P-QUINCEANERA-TUXPAN-2-1024x573.png?resize=800%2C448&#038;ssl=1\" alt=\"\" width=\"800\" height=\"448\" srcset=\"https:\/\/i0.wp.com\/politicosaldesnudo.com.mx\/wp-content\/uploads\/2023\/07\/P-QUINCEANERA-TUXPAN-2.png?resize=1024%2C573&amp;ssl=1 1024w, https:\/\/i0.wp.com\/politicosaldesnudo.com.mx\/wp-content\/uploads\/2023\/07\/P-QUINCEANERA-TUXPAN-2.png?resize=300%2C168&amp;ssl=1 300w, https:\/\/i0.wp.com\/politicosaldesnudo.com.mx\/wp-content\/uploads\/2023\/07\/P-QUINCEANERA-TUXPAN-2.png?resize=768%2C430&amp;ssl=1 768w, https:\/\/i0.wp.com\/politicosaldesnudo.com.mx\/wp-content\/uploads\/2023\/07\/P-QUINCEANERA-TUXPAN-2.png?resize=1536%2C859&amp;ssl=1 1536w, https:\/\/i0.wp.com\/politicosaldesnudo.com.mx\/wp-content\/uploads\/2023\/07\/P-QUINCEANERA-TUXPAN-2.png?w=1816&amp;ssl=1 1816w, https:\/\/i0.wp.com\/politicosaldesnudo.com.mx\/wp-content\/uploads\/2023\/07\/P-QUINCEANERA-TUXPAN-2.png?w=1600&amp;ssl=1 1600w\" sizes=\"auto, (max-width: 800px) 100vw, 800px\" \/><\/p>\n<p>&nbsp;<\/p>\n<p class=\"p2\"><span style=\"font-size: 18pt;\"><strong>Jos\u00e9 Manuel Pozos destac\u00f3 que todas tienen un gran futuro por delante y siempre dar\u00e1 gusto verlas triunfar y felices.<\/strong><\/span><\/p>\n<p>&nbsp;<\/p>\n<blockquote>\n<p class=\"p2\"><span style=\"font-size: 14pt;\">Cada d\u00eda lev\u00e1ntense con toda la fuerza del coraz\u00f3n y enfoquen sus esfuerzos para acercarse cada vez m\u00e1s a lo que siempre han deseado\u201d<\/span><\/p>\n<\/blockquote>\n<p>&nbsp;<\/p>\n<p class=\"p2\"><span style=\"font-size: 18pt; color: #139eca;\"><strong>DIF SE LUCE EN FIESTA<span class=\"Apple-converted-space\">\u00a0<\/span><\/strong><\/span><\/p>\n<p class=\"p2\"><span style=\"font-size: 18pt;\"><strong>Felicit\u00f3 a su esposa Pamela Morales Huesca, presidenta del DIF Tuxpan, y a todo su equipo de trabajo por esta fiesta de XV A\u00f1os.<\/strong><\/span><\/p>\n<p>&nbsp;<\/p>\n<p><img data-recalc-dims=\"1\" loading=\"lazy\" decoding=\"async\" class=\"aligncenter wp-image-21757 size-large\" src=\"https:\/\/i0.wp.com\/politicosaldesnudo.com.mx\/wp-content\/uploads\/2023\/07\/P-QUINCEANERA-TUXPAN-5-1024x573.png?resize=800%2C448&#038;ssl=1\" alt=\"\" width=\"800\" height=\"448\" srcset=\"https:\/\/i0.wp.com\/politicosaldesnudo.com.mx\/wp-content\/uploads\/2023\/07\/P-QUINCEANERA-TUXPAN-5.png?resize=1024%2C573&amp;ssl=1 1024w, https:\/\/i0.wp.com\/politicosaldesnudo.com.mx\/wp-content\/uploads\/2023\/07\/P-QUINCEANERA-TUXPAN-5.png?resize=300%2C168&amp;ssl=1 300w, https:\/\/i0.wp.com\/politicosaldesnudo.com.mx\/wp-content\/uploads\/2023\/07\/P-QUINCEANERA-TUXPAN-5.png?resize=768%2C430&amp;ssl=1 768w, https:\/\/i0.wp.com\/politicosaldesnudo.com.mx\/wp-content\/uploads\/2023\/07\/P-QUINCEANERA-TUXPAN-5.png?resize=1536%2C859&amp;ssl=1 1536w, https:\/\/i0.wp.com\/politicosaldesnudo.com.mx\/wp-content\/uploads\/2023\/07\/P-QUINCEANERA-TUXPAN-5.png?w=1816&amp;ssl=1 1816w, https:\/\/i0.wp.com\/politicosaldesnudo.com.mx\/wp-content\/uploads\/2023\/07\/P-QUINCEANERA-TUXPAN-5.png?w=1600&amp;ssl=1 1600w\" sizes=\"auto, (max-width: 800px) 100vw, 800px\" \/><\/p>\n<p>&nbsp;<\/p>\n<p class=\"p2\"><span style=\"font-size: 14pt;\">Pozos Castro agradeci\u00f3 tambi\u00e9n a los padrinos y a quienes sumaron voluntades para que este momento resultara algo inolvidable.<\/span><\/p>\n<p class=\"p2\"><span style=\"font-size: 18pt;\"><strong>Directores de las \u00e1reas del Ayuntamiento fungieron como padrinos y bailaron el tradicional vals con las quincea\u00f1eras: Daniel Cortina Mart\u00ednez, Pedro de Jes\u00fas Espinoza P\u00e9rez, Jos\u00e9 Armando Huesca Ovando, Eduardo Andrade Rocha, Jes\u00fas Fomperosa Torres.<span class=\"Apple-converted-space\">\u00a0<\/span><\/strong><\/span><\/p>\n<p>&nbsp;<\/p>\n<p><img data-recalc-dims=\"1\" loading=\"lazy\" decoding=\"async\" class=\"aligncenter wp-image-21758 size-large\" src=\"https:\/\/i0.wp.com\/politicosaldesnudo.com.mx\/wp-content\/uploads\/2023\/07\/P-QUINCEANERA-TUXPAN-7-1024x573.png?resize=800%2C448&#038;ssl=1\" alt=\"\" width=\"800\" height=\"448\" srcset=\"https:\/\/i0.wp.com\/politicosaldesnudo.com.mx\/wp-content\/uploads\/2023\/07\/P-QUINCEANERA-TUXPAN-7.png?resize=1024%2C573&amp;ssl=1 1024w, https:\/\/i0.wp.com\/politicosaldesnudo.com.mx\/wp-content\/uploads\/2023\/07\/P-QUINCEANERA-TUXPAN-7.png?resize=300%2C168&amp;ssl=1 300w, https:\/\/i0.wp.com\/politicosaldesnudo.com.mx\/wp-content\/uploads\/2023\/07\/P-QUINCEANERA-TUXPAN-7.png?resize=768%2C430&amp;ssl=1 768w, https:\/\/i0.wp.com\/politicosaldesnudo.com.mx\/wp-content\/uploads\/2023\/07\/P-QUINCEANERA-TUXPAN-7.png?resize=1536%2C859&amp;ssl=1 1536w, https:\/\/i0.wp.com\/politicosaldesnudo.com.mx\/wp-content\/uploads\/2023\/07\/P-QUINCEANERA-TUXPAN-7.png?w=1816&amp;ssl=1 1816w, https:\/\/i0.wp.com\/politicosaldesnudo.com.mx\/wp-content\/uploads\/2023\/07\/P-QUINCEANERA-TUXPAN-7.png?w=1600&amp;ssl=1 1600w\" sizes=\"auto, (max-width: 800px) 100vw, 800px\" \/><\/p>\n<p>&nbsp;<\/p>\n<p class=\"p2\"><span style=\"font-size: 18pt;\"><strong>Asimismo, Eliseo Reyes Melchor, Guillermo Alan V\u00e1zquez Guti\u00e9rrez, Miguel Mart\u00edn L\u00f3pez, Manuel Cortina Mart\u00ednez, Jorge Arturo Garc\u00eda Robles, Mart\u00edn Guevara Ramos, N\u00e9stor Jos\u00e9 Flores Lugo, Diego Barrag\u00e1n Ram\u00edrez, Oscar Priego Salas, Edmundo Crist\u00f3bal, Roberto \u00c1vida Moreno.<span class=\"Apple-converted-space\">\u00a0<\/span><\/strong><\/span><\/p>\n<p class=\"p2\"><span style=\"font-size: 14pt;\">A nombre de las festejadas, la joven Mar\u00eda de los \u00c1ngeles expres\u00f3: \u201cHoy es un d\u00eda especial para todas nosotras, lo recordaremos toda nuestra vida, y esto es gracias a la Lic. Pamela Morales Huesca y al presidente Jos\u00e9 Manuel Pozos Castro, que hicieron realidad nuestra ilusi\u00f3n, Dios los bendiga\u201d<\/span><\/p>\n<p>&nbsp;<\/p>\n<p><img data-recalc-dims=\"1\" loading=\"lazy\" decoding=\"async\" class=\"aligncenter wp-image-21755 size-large\" src=\"https:\/\/i0.wp.com\/politicosaldesnudo.com.mx\/wp-content\/uploads\/2023\/07\/P-QUINCEANERA-TUXPAN-3-1024x573.png?resize=800%2C448&#038;ssl=1\" alt=\"\" width=\"800\" height=\"448\" srcset=\"https:\/\/i0.wp.com\/politicosaldesnudo.com.mx\/wp-content\/uploads\/2023\/07\/P-QUINCEANERA-TUXPAN-3.png?resize=1024%2C573&amp;ssl=1 1024w, https:\/\/i0.wp.com\/politicosaldesnudo.com.mx\/wp-content\/uploads\/2023\/07\/P-QUINCEANERA-TUXPAN-3.png?resize=300%2C168&amp;ssl=1 300w, https:\/\/i0.wp.com\/politicosaldesnudo.com.mx\/wp-content\/uploads\/2023\/07\/P-QUINCEANERA-TUXPAN-3.png?resize=768%2C430&amp;ssl=1 768w, https:\/\/i0.wp.com\/politicosaldesnudo.com.mx\/wp-content\/uploads\/2023\/07\/P-QUINCEANERA-TUXPAN-3.png?resize=1536%2C859&amp;ssl=1 1536w, https:\/\/i0.wp.com\/politicosaldesnudo.com.mx\/wp-content\/uploads\/2023\/07\/P-QUINCEANERA-TUXPAN-3.png?w=1816&amp;ssl=1 1816w, https:\/\/i0.wp.com\/politicosaldesnudo.com.mx\/wp-content\/uploads\/2023\/07\/P-QUINCEANERA-TUXPAN-3.png?w=1600&amp;ssl=1 1600w\" sizes=\"auto, (max-width: 800px) 100vw, 800px\" \/><\/p>\n<p>&nbsp;<\/p>\n<blockquote>\n<p class=\"p2\"><span style=\"font-size: 14pt;\">Por otra parte, la se\u00f1ora Judith Contreras, madre de una de las quincea\u00f1eras expres\u00f3: \u201cMuchas gracias por su compromiso e inter\u00e9s en hacer posible el sue\u00f1o de nuestras hijas, ya que esta fiesta tan especial solo se vive una vez\u201d<\/span><\/p>\n<\/blockquote>\n<p><span style=\"font-size: 18pt; color: #139eca;\"><strong>Las festejadas y sus familias disfrutaron de una rica cena, bailaron y cantaron las ma\u00f1anitas con Mariachi.<\/strong><\/span><\/p>\n<p class=\"p2\"><span style=\"font-size: 14pt;\">Estuvieron presentes este festejo inolvidable el alcalde Jos\u00e9 Manuel Pozos Castro y su esposa Pamela Morales Huesca, presidenta del DIF Tuxpan; la regidora Anah\u00ed Aguilar L\u00f3pez y los ediles Luis Demetrio L\u00f3pez Mar\u00edn y Axel Bernal Herrera.<span class=\"Apple-converted-space\">\u00a0<\/span><\/span><\/p>\n<p>&nbsp;<\/p>\n<p>&nbsp;<\/p>\n<p>&nbsp;<\/p>\n<p>&nbsp;<\/p>\n","protected":false},"excerpt":{"rendered":"<p>&nbsp; TUXPAN, VERACRUZ. El Ayuntamiento y DIF Tuxpan hicieron realidad el sue\u00f1o de 16 jovencitas, a quienes les celebraron su<\/p>\n","protected":false},"author":4,"featured_media":21753,"comment_status":"closed","ping_status":"closed","sticky":false,"template":"","format":"standard","meta":{"colormag_page_container_layout":"default_layout","colormag_page_sidebar_layout":"default_layout","_jetpack_memberships_contains_paid_content":false,"footnotes":"","jetpack_publicize_message":"","jetpack_publicize_feature_enabled":true,"jetpack_social_post_already_shared":false,"jetpack_social_options":{"image_generator_settings":{"template":"highway","default_image_id":0,"font":"","enabled":false},"version":2}},"categories":[1082],"tags":[1099,576,2947,2946,70,100],"class_list":["post-21752","post","type-post","status-publish","format-standard","has-post-thumbnail","hentry","category-tuxpan","tag-dif-tuxpan","tag-jose-manuel-pozos","tag-pamela-morales-huesca","tag-quinceaneras","tag-tuxpan","tag-veracruz"],"jetpack_publicize_connections":[],"jetpack_featured_media_url":"https:\/\/i0.wp.com\/politicosaldesnudo.com.mx\/wp-content\/uploads\/2023\/07\/P-QUINCEANERA-TUXPAN-1.png?fit=1816%2C1016&ssl=1","jetpack-related-posts":[],"jetpack_sharing_enabled":true,"_links":{"self":[{"href":"https:\/\/politicosaldesnudo.com.mx\/index.php\/wp-json\/wp\/v2\/posts\/21752","targetHints":{"allow":["GET"]}}],"collection":[{"href":"https:\/\/politicosaldesnudo.com.mx\/index.php\/wp-json\/wp\/v2\/posts"}],"about":[{"href":"https:\/\/politicosaldesnudo.com.mx\/index.php\/wp-json\/wp\/v2\/types\/post"}],"author":[{"embeddable":true,"href":"https:\/\/politicosaldesnudo.com.mx\/index.php\/wp-json\/wp\/v2\/users\/4"}],"replies":[{"embeddable":true,"href":"https:\/\/politicosaldesnudo.com.mx\/index.php\/wp-json\/wp\/v2\/comments?post=21752"}],"version-history":[{"count":0,"href":"https:\/\/politicosaldesnudo.com.mx\/index.php\/wp-json\/wp\/v2\/posts\/21752\/revisions"}],"wp:featuredmedia":[{"embeddable":true,"href":"https:\/\/politicosaldesnudo.com.mx\/index.php\/wp-json\/wp\/v2\/media\/21753"}],"wp:attachment":[{"href":"https:\/\/politicosaldesnudo.com.mx\/index.php\/wp-json\/wp\/v2\/media?parent=21752"}],"wp:term":[{"taxonomy":"category","embeddable":true,"href":"https:\/\/politicosaldesnudo.com.mx\/index.php\/wp-json\/wp\/v2\/categories?post=21752"},{"taxonomy":"post_tag","embeddable":true,"href":"https:\/\/politicosaldesnudo.com.mx\/index.php\/wp-json\/wp\/v2\/tags?post=21752"}],"curies":[{"name":"wp","href":"https:\/\/api.w.org\/{rel}","templated":true}]}}