{"id":21761,"date":"2023-07-01T20:00:15","date_gmt":"2023-07-02T01:00:15","guid":{"rendered":"https:\/\/politicosaldesnudo.com.mx\/?p=21761"},"modified":"2023-07-03T04:40:19","modified_gmt":"2023-07-03T09:40:19","slug":"ciclistas-tuxpenos-se-suman-a-la-primera-rodada-ciclista-por-la-salud","status":"publish","type":"post","link":"https:\/\/politicosaldesnudo.com.mx\/index.php\/2023\/07\/01\/ciclistas-tuxpenos-se-suman-a-la-primera-rodada-ciclista-por-la-salud\/","title":{"rendered":"Tuxpe\u00f1os se suman a la \u201cPrimera Rodada Ciclista por la Salud\u201d"},"content":{"rendered":"<p>&nbsp;<\/p>\n<p class=\"p1\"><span style=\"font-size: 14pt;\"><em><strong>TUXPAN, VERACRUZ.<\/strong> <\/em>Con la participaci\u00f3n de los ciudadanos se realiz\u00f3 la <strong>\u201cPrimera Rodada Ciclista por la Salud\u201d<\/strong> organizada por la <strong>Secretar\u00eda de Educaci\u00f3n de Veracruz<\/strong> (SEV), en coordinaci\u00f3n con el\u00a0 <strong>Ayuntamiento de Tuxpan<\/strong>, el Centro Regional de Actualizaci\u00f3n Magisterial 3012 y el Comit\u00e9 Pro-Vida Saludable.<span class=\"Apple-converted-space\">\u00a0<\/span><\/span><\/p>\n<p class=\"p1\"><span style=\"font-size: 18pt;\"><strong>El objetivo principal de esta actividad fue promover el uso responsable de la bicicleta e incentivar a la ciudadanos a realizar este deporte, impulsando a la poblaci\u00f3n tuxpe\u00f1a a tener un estilo de vida m\u00e1s saludable.<span class=\"Apple-converted-space\">\u00a0<\/span><\/strong><\/span><\/p>\n<p>\u00a0<img data-recalc-dims=\"1\" loading=\"lazy\" decoding=\"async\" class=\"aligncenter wp-image-21763 size-large\" src=\"https:\/\/i0.wp.com\/politicosaldesnudo.com.mx\/wp-content\/uploads\/2023\/07\/P-RODADA-TUXPAN-2-1024x573.png?resize=800%2C448&#038;ssl=1\" alt=\"\" width=\"800\" height=\"448\" srcset=\"https:\/\/i0.wp.com\/politicosaldesnudo.com.mx\/wp-content\/uploads\/2023\/07\/P-RODADA-TUXPAN-2.png?resize=1024%2C573&amp;ssl=1 1024w, https:\/\/i0.wp.com\/politicosaldesnudo.com.mx\/wp-content\/uploads\/2023\/07\/P-RODADA-TUXPAN-2.png?resize=300%2C168&amp;ssl=1 300w, https:\/\/i0.wp.com\/politicosaldesnudo.com.mx\/wp-content\/uploads\/2023\/07\/P-RODADA-TUXPAN-2.png?resize=768%2C430&amp;ssl=1 768w, https:\/\/i0.wp.com\/politicosaldesnudo.com.mx\/wp-content\/uploads\/2023\/07\/P-RODADA-TUXPAN-2.png?resize=1536%2C859&amp;ssl=1 1536w, https:\/\/i0.wp.com\/politicosaldesnudo.com.mx\/wp-content\/uploads\/2023\/07\/P-RODADA-TUXPAN-2.png?w=1816&amp;ssl=1 1816w, https:\/\/i0.wp.com\/politicosaldesnudo.com.mx\/wp-content\/uploads\/2023\/07\/P-RODADA-TUXPAN-2.png?w=1600&amp;ssl=1 1600w\" sizes=\"auto, (max-width: 800px) 100vw, 800px\" \/><\/p>\n<p>&nbsp;<\/p>\n<p class=\"p1\"><span style=\"font-size: 18pt;\"><strong>Ciclistas de todas las edades, que se unieron a esta cruzada en pro de la salud y el deporte, tuvieron como punto de salida las instalaciones de la Unidad Deportiva y pedalearon a lo largo del bulevar, hasta llegar a la Presidencia Municipal.<\/strong><\/span><\/p>\n<p class=\"p1\"><span style=\"font-size: 14pt;\">Al finalizar el recorrido a cada ciclista se le hizo entrega de un diploma por su participaci\u00f3n.<\/span><\/p>\n<p class=\"p1\"><span style=\"font-size: 14pt;\">Estuvieron presentes en esta actividad el director de la Comisi\u00f3n Municipal del Deporte (Comude), Manuel Cortina Mart\u00ednez; Carlos Salvador Jim\u00e9nez Cancela, supervisor de Primarias Estatales Zona 268; Eleuterio Samuel Salazar Escalante, supervisor de Primarias Estatales Zona 006; y<span class=\"Apple-converted-space\">\u00a0 <\/span>Gamundi Gonz\u00e1lez Ruperto, presidente del Comit\u00e9 Pro-Vida Saludable.<\/span><\/p>\n<p>&nbsp;<\/p>\n<p>&nbsp;<\/p>\n<p>&nbsp;<\/p>\n","protected":false},"excerpt":{"rendered":"<p>&nbsp; TUXPAN, VERACRUZ. Con la participaci\u00f3n de los ciudadanos se realiz\u00f3 la \u201cPrimera Rodada Ciclista por la Salud\u201d organizada por<\/p>\n","protected":false},"author":4,"featured_media":21762,"comment_status":"closed","ping_status":"closed","sticky":false,"template":"","format":"standard","meta":{"colormag_page_container_layout":"default_layout","colormag_page_sidebar_layout":"default_layout","_jetpack_memberships_contains_paid_content":false,"footnotes":"","jetpack_publicize_message":"","jetpack_publicize_feature_enabled":true,"jetpack_social_post_already_shared":false,"jetpack_social_options":{"image_generator_settings":{"template":"highway","default_image_id":0,"font":"","enabled":false},"version":2}},"categories":[1082],"tags":[2948,2926,70,100],"class_list":["post-21761","post","type-post","status-publish","format-standard","has-post-thumbnail","hentry","category-tuxpan","tag-ciclistas","tag-rodada-ciclista-por-la-salud","tag-tuxpan","tag-veracruz"],"jetpack_publicize_connections":[],"jetpack_featured_media_url":"https:\/\/i0.wp.com\/politicosaldesnudo.com.mx\/wp-content\/uploads\/2023\/07\/P-RODADA-TUXPAN-1.png?fit=1816%2C1016&ssl=1","jetpack-related-posts":[],"jetpack_sharing_enabled":true,"_links":{"self":[{"href":"https:\/\/politicosaldesnudo.com.mx\/index.php\/wp-json\/wp\/v2\/posts\/21761","targetHints":{"allow":["GET"]}}],"collection":[{"href":"https:\/\/politicosaldesnudo.com.mx\/index.php\/wp-json\/wp\/v2\/posts"}],"about":[{"href":"https:\/\/politicosaldesnudo.com.mx\/index.php\/wp-json\/wp\/v2\/types\/post"}],"author":[{"embeddable":true,"href":"https:\/\/politicosaldesnudo.com.mx\/index.php\/wp-json\/wp\/v2\/users\/4"}],"replies":[{"embeddable":true,"href":"https:\/\/politicosaldesnudo.com.mx\/index.php\/wp-json\/wp\/v2\/comments?post=21761"}],"version-history":[{"count":0,"href":"https:\/\/politicosaldesnudo.com.mx\/index.php\/wp-json\/wp\/v2\/posts\/21761\/revisions"}],"wp:featuredmedia":[{"embeddable":true,"href":"https:\/\/politicosaldesnudo.com.mx\/index.php\/wp-json\/wp\/v2\/media\/21762"}],"wp:attachment":[{"href":"https:\/\/politicosaldesnudo.com.mx\/index.php\/wp-json\/wp\/v2\/media?parent=21761"}],"wp:term":[{"taxonomy":"category","embeddable":true,"href":"https:\/\/politicosaldesnudo.com.mx\/index.php\/wp-json\/wp\/v2\/categories?post=21761"},{"taxonomy":"post_tag","embeddable":true,"href":"https:\/\/politicosaldesnudo.com.mx\/index.php\/wp-json\/wp\/v2\/tags?post=21761"}],"curies":[{"name":"wp","href":"https:\/\/api.w.org\/{rel}","templated":true}]}}