{"id":21810,"date":"2023-07-03T04:15:25","date_gmt":"2023-07-03T09:15:25","guid":{"rendered":"https:\/\/politicosaldesnudo.com.mx\/?p=21810"},"modified":"2023-07-03T04:16:42","modified_gmt":"2023-07-03T09:16:42","slug":"nahle-a-veracruz-a-pesar-de-la-evidencia-dudan","status":"publish","type":"post","link":"https:\/\/politicosaldesnudo.com.mx\/index.php\/2023\/07\/03\/nahle-a-veracruz-a-pesar-de-la-evidencia-dudan\/","title":{"rendered":"Nahle a Veracruz a pesar de la evidencia, dudan"},"content":{"rendered":"<p>&nbsp;<\/p>\n<p class=\"p1\" style=\"text-align: center;\"><em><span style=\"font-size: 18pt;\"><b>&lt;&lt;La sucesi\u00f3n en la entidad se enturbia con el manejo de nombres que carecen de capacidad para competir con ella por la candidatura&gt;&gt;<\/b><\/span><\/em><\/p>\n<p>&nbsp;<\/p>\n<p>&nbsp;<\/p>\n<p class=\"p1\"><span style=\"font-size: 18pt;\"><b>Por \u00c1ngel \u00c1lvaro Pe\u00f1a\u00a0<\/b><\/span><\/p>\n<p class=\"p1\"><span style=\"font-size: 14pt;\">Pareciera mentira que, a estas alturas, los enemigos de la secretaria de Energ\u00eda, Roc\u00edo Nahle argumenten que su \u00fanico defecto es no haber nacido en Veracruz sino en Zacatecas. S\u00f3lo hace falta hacer memoria para recordar que m\u00e1s de uno de los ex gobernadores del estado, nacido en su territorio, ha pisado la c\u00e1rcel por deshonesto.<\/span><\/p>\n<p class=\"p1\"><span style=\"font-size: 18pt;\"><strong>Los mis\u00f3ginos consideran que nacer en Veracruz es sin\u00f3nimo de honestidad, o eficacia, la realidad los desmiente. Lo peor de todo es que quienes cuestionan el lugar de nacimiento de la secretaria de Energ\u00eda, son panistas que han tenido gobernadores de entidades donde no nacieron, y la lista es larga, empezando por Mauricio Vila, que gobierna Yucat\u00e1n y naci\u00f3 en la CdMx; Mauricio Kuri, gobierna Quer\u00e9taro y naci\u00f3 en Orizaba, Veracruz; Teresa Jim\u00e9nez, gobierna Aguascalientes y naci\u00f3 en el Estado de M\u00e9xico; y as\u00ed como estos ejemplos hay muchos en el PAN, y no se diga en el PRI, partido que se dice muy orgulloso de haber tenido la primera mujer gobernadora en Colima, cuando Griselda \u00c1lvarez naci\u00f3 en Jalisco.<\/strong><\/span><\/p>\n<p class=\"p1\"><span style=\"font-size: 14pt;\">Los detalles en los que se basan algunos para descalificarla, incluso a sus propios correligionarios resultan reflexiones pueriles que hablan mal de quienes emiten esos juicios que pretenden ser contundentes y s\u00f3lo mueven a risa. Aunque lo que indigna es el hecho de algunos que quieren figurar para suceder al actual gobernador sin m\u00e9rito alguno, lo cual no s\u00f3lo es indignante sino innecesario porque todos sabemos que no ser\u00e1n elegidos para ser candidatos de Morena y consideran que de tanto repetir sus nombres puede alguien a animarse a postularlos.<\/span><\/p>\n<p class=\"p1\"><span style=\"font-size: 14pt;\">Como sucede con otros l\u00edderes y precandidatos en todos los nieles de gobierno, son los seguidores de esos posibles candidatos quienes destruyen la imagen de los que defienden, porque desconocen el ejercicio pol\u00edtico y se exceden a la hora de tratar de beneficiar a un candidato, con resultados contrarios.<\/span><\/p>\n<p class=\"p1\"><span style=\"font-size: 18pt;\"><strong>En estas precampa\u00f1as hay funcionarios p\u00fablicos que echan a perder las simpat\u00edas que con trabajos obtienen sus favoritos y es el caso de Roc\u00edo Nahle, quien tiene como su principal promotor<span style=\"font-size: 18pt;\"> a Juan Javier G\u00f3mez Cazar\u00edn,<\/span> quien carece de autoridad moral para impulsar una candidatura que ya est\u00e1 elaborada desde hace meses.<\/strong><\/span><\/p>\n<p class=\"p1\"><span style=\"font-size: 14pt;\">Puede entenderse la lucha por destacar en nombre de la secretaria de Energ\u00eda ante la proliferaci\u00f3n de nombres que m\u00e1s bien parecen un artificio para distraer, porque significar\u00eda la multiplicaci\u00f3n de peque\u00f1os seres ante la figura enorme de Nahle. La comparaci\u00f3n entre quienes tratan de sacar la cabeza para ser vistos y la creadora de la renovaci\u00f3n de la CFE y constructora de una refiner\u00eda es innecesaria.<\/span><\/p>\n<p class=\"p1\"><span style=\"font-size: 18pt;\"><strong>Desde luego que las voces de la misoginia surgen como hongos dentro y fuera de la entidad federativa, y no s\u00f3lo en la oposici\u00f3n sino dentro de Morena; sin embargo, las posibilidades de que estos pigmeos pol\u00edticos triunfen son nulas.<\/strong><\/span><\/p>\n<p>&nbsp;<\/p>\n<p><img data-recalc-dims=\"1\" loading=\"lazy\" decoding=\"async\" class=\"aligncenter wp-image-21815 size-large\" src=\"https:\/\/i0.wp.com\/politicosaldesnudo.com.mx\/wp-content\/uploads\/2023\/07\/P-ROCIO-NAHLE-2-1024x573.png?resize=800%2C448&#038;ssl=1\" alt=\"\" width=\"800\" height=\"448\" srcset=\"https:\/\/i0.wp.com\/politicosaldesnudo.com.mx\/wp-content\/uploads\/2023\/07\/P-ROCIO-NAHLE-2.png?resize=1024%2C573&amp;ssl=1 1024w, https:\/\/i0.wp.com\/politicosaldesnudo.com.mx\/wp-content\/uploads\/2023\/07\/P-ROCIO-NAHLE-2.png?resize=300%2C168&amp;ssl=1 300w, https:\/\/i0.wp.com\/politicosaldesnudo.com.mx\/wp-content\/uploads\/2023\/07\/P-ROCIO-NAHLE-2.png?resize=768%2C430&amp;ssl=1 768w, https:\/\/i0.wp.com\/politicosaldesnudo.com.mx\/wp-content\/uploads\/2023\/07\/P-ROCIO-NAHLE-2.png?resize=1536%2C859&amp;ssl=1 1536w, https:\/\/i0.wp.com\/politicosaldesnudo.com.mx\/wp-content\/uploads\/2023\/07\/P-ROCIO-NAHLE-2.png?w=1816&amp;ssl=1 1816w, https:\/\/i0.wp.com\/politicosaldesnudo.com.mx\/wp-content\/uploads\/2023\/07\/P-ROCIO-NAHLE-2.png?w=1600&amp;ssl=1 1600w\" sizes=\"auto, (max-width: 800px) 100vw, 800px\" \/><\/p>\n<p>&nbsp;<\/p>\n<p>&nbsp;<\/p>\n<p class=\"p1\"><span style=\"font-size: 18pt; color: #139eca;\"><b>IMPULSANDO LA CANDIDATURA<\/b><\/span><\/p>\n<p class=\"p1\"><span style=\"font-size: 14pt;\">Este es el caso de un extra\u00f1o personaje que intenta impulsar la candidatura a la gubernatura de Veracruz llamado Juan Javier G\u00f3mez Cazar\u00edn, de oscura trayectoria pol\u00edtica. Juan Javier era vendedor de autom\u00f3viles en una concesionaria de la Volkswagen, en Coatzacoalcos, y de la noche a la ma\u00f1ana se convirti\u00f3 en diputado local, con la ambici\u00f3n de ser parte del gabinete de Roc\u00edo Nahle para despu\u00e9s ocupar ese cargo.<\/span><\/p>\n<p class=\"p1\"><span style=\"font-size: 18pt;\"><strong>Porque Cazar\u00edn tiene toda una red de familiares viviendo del erario de Veracruz, empezando por su padre, Juan G\u00f3mez Mart\u00ednez, quien gobierna la tierra natal de todos ellos, Huayapa\u00a0de Ocampo, al sureste del estado.<\/strong><\/span><\/p>\n<p class=\"p1\"><span style=\"font-size: 14pt;\"><span style=\"font-size: 18pt;\"><strong>Juan Javier G\u00f3mez Cazar\u00edn <\/strong><\/span>se afili\u00f3 a Morena en 2012, en 2017 particip\u00f3 por primera vez por un puesto de elecci\u00f3n popular como candidato de la alianza entre este partido y el Partido Encuentro Social a la alcald\u00eda de Hueyapan de Ocampo, sin embargo, perdi\u00f3 contra Jorge Alberto Quinto Zamorano, de Nueva Alianza.<\/span><\/p>\n<p>&nbsp;<\/p>\n<p><img data-recalc-dims=\"1\" loading=\"lazy\" decoding=\"async\" class=\"aligncenter wp-image-21816 size-large\" src=\"https:\/\/i0.wp.com\/politicosaldesnudo.com.mx\/wp-content\/uploads\/2023\/07\/P-ROCIO-NAHLE-3-1024x573.png?resize=800%2C448&#038;ssl=1\" alt=\"\" width=\"800\" height=\"448\" srcset=\"https:\/\/i0.wp.com\/politicosaldesnudo.com.mx\/wp-content\/uploads\/2023\/07\/P-ROCIO-NAHLE-3.png?resize=1024%2C573&amp;ssl=1 1024w, https:\/\/i0.wp.com\/politicosaldesnudo.com.mx\/wp-content\/uploads\/2023\/07\/P-ROCIO-NAHLE-3.png?resize=300%2C168&amp;ssl=1 300w, https:\/\/i0.wp.com\/politicosaldesnudo.com.mx\/wp-content\/uploads\/2023\/07\/P-ROCIO-NAHLE-3.png?resize=768%2C430&amp;ssl=1 768w, https:\/\/i0.wp.com\/politicosaldesnudo.com.mx\/wp-content\/uploads\/2023\/07\/P-ROCIO-NAHLE-3.png?resize=1536%2C859&amp;ssl=1 1536w, https:\/\/i0.wp.com\/politicosaldesnudo.com.mx\/wp-content\/uploads\/2023\/07\/P-ROCIO-NAHLE-3.png?w=1816&amp;ssl=1 1816w, https:\/\/i0.wp.com\/politicosaldesnudo.com.mx\/wp-content\/uploads\/2023\/07\/P-ROCIO-NAHLE-3.png?w=1600&amp;ssl=1 1600w\" sizes=\"auto, (max-width: 800px) 100vw, 800px\" \/><\/p>\n<p>&nbsp;<\/p>\n<p class=\"p1\"><span style=\"font-size: 18pt;\"><strong>En ese a\u00f1o fue conocida p\u00fablicamente una denuncia en su contra por el delito de fraude, que habr\u00eda cometido como empleado de la concesionaria automotriz Volkswagen de Coatzacoalcos. Por esos d\u00edas, el periodista C\u00e1ndido R\u00edos \u201cPabuche\u201d lo acus\u00f3 de negocios fraudulentos, como la construcci\u00f3n de obras de mala calidad, durante la administraci\u00f3n de Gaspar G\u00f3mez Jim\u00e9nez, quien gobern\u00f3 Hueyapan de Ocampo de 2001 a 2004.<\/strong><\/span><\/p>\n<p class=\"p1\"><span style=\"font-size: 14pt;\">Gaspar G\u00f3mez Jim\u00e9nez amenaz\u00f3 a C\u00e1ndido R\u00edos, periodista del Diario de Acayucan y fue asesinado en agosto de 2017.<\/span><\/p>\n<p class=\"p1\"><span style=\"font-size: 14pt;\">Otra vez, en 2018, Juan Javier volvi\u00f3 a competir por una diputaci\u00f3n local por Morena, debi\u00f3 pelearla en tribunales para ganar.<\/span><\/p>\n<p class=\"p1\"><span style=\"font-size: 14pt;\">Juan Javier gan\u00f3 el distrito de los Tuxtlas que lo llev\u00f3 al Congreso de Veracruz, donde m\u00e1s tarde se convirti\u00f3 en presidente de la Junta de Coordinaci\u00f3n Pol\u00edtica, pero esta designaci\u00f3n fue impugnada por Jos\u00e9 Magdaleno Rosales Torres, diputado local del distrito 17 de Medell\u00edn de Bravo, al decir que ofreci\u00f3 tarjetas de Saldazo a nombre del entonces gobernador electo Cuitl\u00e1huac Garc\u00eda para comprar la presidencia de la Jucopo.<\/span><\/p>\n<p class=\"p1\"><span style=\"font-size: 14pt;\">Juan Javier es acusado dentro y fuera de su partido de nepotismo ya que tiene, por lo menos 30 amigos y familiares en la n\u00f3mina del gobierno veracruzano, desde amigos de sus sobrinos hasta primos.<\/span><\/p>\n<p class=\"p1\"><span style=\"font-size: 18pt;\"><strong>As\u00ed algunos de los amigos de los sobrinos en el gobierno son:\u00a0Isaac Alonso Barrientos B\u00e1rcenas yerno del primitivo G\u00f3mez oficial del registro civil en Hueyapan De Ocampo, su tierra natal; Carlos Guzm\u00e1n V\u00e1zquez; Miguel Gabriel R\u00edos Rosas; Roberto Santiago Gonz\u00e1lez. Toca el turno a sus sobrinos: Mitzi Fabiola Marcial Salgado, Berenice Montalvo G\u00f3mez, Mar\u00eda Sinai Joachin Marcial. Ahora los primos: Itzel Pedrosa Marcial, Ana Ornelis M\u00e1rquez G\u00f3mez, Roberto Figueroa Marcial, Mar\u00eda del Carmen Marcial G\u00f3mez.<\/strong><\/span><\/p>\n<p class=\"p1\"><span style=\"font-size: 18pt; color: #139eca;\"><strong>La sobre exposici\u00f3n de Juan Javier G\u00f3mez Cazar\u00edn en los medios pareciera mostrar que quien quiere ser candidato a la gubernatura es \u00e9l y no la secretaria de Energ\u00eda a quien dice apoyar. En realidad se convierte en un lastre que impide que la carrera pol\u00edtica de Roc\u00edo Nahle camine con un curso normal hacia la gubernatura del estado.<\/strong><\/span><\/p>\n<p>&nbsp;<\/p>\n<p>&nbsp;<\/p>\n<p>&nbsp;<\/p>\n","protected":false},"excerpt":{"rendered":"<p>&nbsp; &lt;&lt;La sucesi\u00f3n en la entidad se enturbia con el manejo de nombres que carecen de capacidad para competir con<\/p>\n","protected":false},"author":4,"featured_media":21814,"comment_status":"closed","ping_status":"closed","sticky":false,"template":"","format":"standard","meta":{"colormag_page_container_layout":"default_layout","colormag_page_sidebar_layout":"default_layout","_jetpack_memberships_contains_paid_content":false,"footnotes":"","jetpack_publicize_message":"","jetpack_publicize_feature_enabled":true,"jetpack_social_post_already_shared":false,"jetpack_social_options":{"image_generator_settings":{"template":"highway","default_image_id":0,"font":"","enabled":false},"version":2}},"categories":[33],"tags":[718,63,194,100],"class_list":["post-21810","post","type-post","status-publish","format-standard","has-post-thumbnail","hentry","category-nacional","tag-juan-javier-gomez-cazarin","tag-morena","tag-rocio-nahle","tag-veracruz"],"jetpack_publicize_connections":[],"jetpack_featured_media_url":"https:\/\/i0.wp.com\/politicosaldesnudo.com.mx\/wp-content\/uploads\/2023\/07\/P-ROCIO-NAHLE-1.png?fit=1816%2C1016&ssl=1","jetpack-related-posts":[],"jetpack_sharing_enabled":true,"_links":{"self":[{"href":"https:\/\/politicosaldesnudo.com.mx\/index.php\/wp-json\/wp\/v2\/posts\/21810","targetHints":{"allow":["GET"]}}],"collection":[{"href":"https:\/\/politicosaldesnudo.com.mx\/index.php\/wp-json\/wp\/v2\/posts"}],"about":[{"href":"https:\/\/politicosaldesnudo.com.mx\/index.php\/wp-json\/wp\/v2\/types\/post"}],"author":[{"embeddable":true,"href":"https:\/\/politicosaldesnudo.com.mx\/index.php\/wp-json\/wp\/v2\/users\/4"}],"replies":[{"embeddable":true,"href":"https:\/\/politicosaldesnudo.com.mx\/index.php\/wp-json\/wp\/v2\/comments?post=21810"}],"version-history":[{"count":0,"href":"https:\/\/politicosaldesnudo.com.mx\/index.php\/wp-json\/wp\/v2\/posts\/21810\/revisions"}],"wp:featuredmedia":[{"embeddable":true,"href":"https:\/\/politicosaldesnudo.com.mx\/index.php\/wp-json\/wp\/v2\/media\/21814"}],"wp:attachment":[{"href":"https:\/\/politicosaldesnudo.com.mx\/index.php\/wp-json\/wp\/v2\/media?parent=21810"}],"wp:term":[{"taxonomy":"category","embeddable":true,"href":"https:\/\/politicosaldesnudo.com.mx\/index.php\/wp-json\/wp\/v2\/categories?post=21810"},{"taxonomy":"post_tag","embeddable":true,"href":"https:\/\/politicosaldesnudo.com.mx\/index.php\/wp-json\/wp\/v2\/tags?post=21810"}],"curies":[{"name":"wp","href":"https:\/\/api.w.org\/{rel}","templated":true}]}}