{"id":21840,"date":"2023-07-04T05:00:02","date_gmt":"2023-07-04T10:00:02","guid":{"rendered":"https:\/\/politicosaldesnudo.com.mx\/?p=21840"},"modified":"2023-07-04T08:27:42","modified_gmt":"2023-07-04T13:27:42","slug":"la-guerra-sucia-y-el-bumeran","status":"publish","type":"post","link":"https:\/\/politicosaldesnudo.com.mx\/index.php\/2023\/07\/04\/la-guerra-sucia-y-el-bumeran\/","title":{"rendered":"La guerra sucia y el \u201cb\u00fameran\u201d"},"content":{"rendered":"<p>&nbsp;<\/p>\n<p class=\"p2\"><span style=\"font-size: 18pt;\"><strong>Por Aurelio Contreras Moreno<\/strong><\/span><\/p>\n<p class=\"p2\"><span style=\"font-size: 14pt;\">En los \u00faltimos d\u00edas, el r\u00e9gimen de la mal llamada \u201cCuarta Transformaci\u00f3n\u201d desat\u00f3 una rabiosa campa\u00f1a para buscar desacreditar a X\u00f3chitl G\u00e1lvez en su aspiraci\u00f3n por alcanzar la candidatura presidencial de la alianza opositora.<\/span><\/p>\n<p class=\"p2\"><span style=\"font-size: 14pt;\">Moneros, periodistas, pseudopol\u00edticos y textoservidores al servicio del gobierno y de Morena centraron sus bater\u00edas en atacar a la senadora panista mediante la ridiculizaci\u00f3n, calumnias e insultos con un hedor mis\u00f3gino asqueante.<\/span><\/p>\n<p class=\"p2\"><span style=\"font-size: 14pt;\">Uno de ellos, Rafael Barajas, conocido como \u201cEl Fisg\u00f3n\u201d en su faceta de pintamonos, fue m\u00e1s all\u00e1 y le hizo una caricatura en la que para ridiculizar la ascendencia ind\u00edgena de G\u00e1lvez \u2013que le regatean como si tuviesen un \u201cindi\u00f3metro\u201d, como ella misma se\u00f1al\u00f3-, estigmatiza una supuesta manera de hablar con verbos en infinitivo, estereotipo usado sobre todo con los pueblos originarios de Am\u00e9rica del Norte, y le coloca incluso una pluma en la cabeza, algo no propio de los ind\u00edgenas que poblaron el territorio de lo que hoy es M\u00e9xico, pero que es una representaci\u00f3n racista como pocas.<\/span><\/p>\n<p class=\"p2\"><span style=\"font-size: 14pt;\">El pasqu\u00edn del \u201cFisg\u00f3n\u201d provoc\u00f3 indignaci\u00f3n hasta de varios simpatizantes de la \u201c4t\u201d, que encontraron inadmisible esa representaci\u00f3n claramente discriminatoria y, por supuesto, mis\u00f3gina hecha por quien adem\u00e1s de hacer propaganda con monitos, es director del Instituto Nacional de Formaci\u00f3n Pol\u00edtica de Morena. Esto es, Barajas es un funcionario partidista que f\u00e1cilmente podr\u00eda ser denunciado por violencia pol\u00edtica de g\u00e9nero e inhabilit\u00e1rsele para ser postulado a una candidatura en el proceso por venir.<\/span><\/p>\n<p class=\"p2\"><span style=\"font-size: 14pt;\">Junto con justificaciones absurdas de su misoginia y racismo ya nada disimulado, siguieron los ataques contra X\u00f3chitl G\u00e1lvez de una manera francamente delirante todo el pasado fin de semana. Al grado que llegaron a la conferencia \u201cma\u00f1anera\u201d del presidente de la Rep\u00fablica, Andr\u00e9s Manuel L\u00f3pez Obrador, quien ocup\u00f3 este espacio -que se paga con recursos p\u00fablicos- para atacar a una mujer que leg\u00edtimamente ejerce su derecho a disentir de su manera de gobernar y a hacer pol\u00edtica desde la oposici\u00f3n. \u00c9sa en la que \u00e9l mismo milit\u00f3 desde que abandon\u00f3 las filas del PRI a finales de los 80 y hasta 2018.<\/span><\/p>\n<p class=\"p2\"><span style=\"font-size: 14pt;\">El exceso se termin\u00f3 de consumar cuando desde las redes sociales oficiales del Gobierno de M\u00e9xico se siguieron difundiendo invectivas contra X\u00f3chitl G\u00e1lvez: \u201cEl presidente @lopezobrador_ revel\u00f3 que la senadora panista @XochitlGalvez ser\u00e1 la representante de la oligarqu\u00eda en el proceso electoral de 2024. \u2018Suponen que si naci\u00f3 en un pueblo, va a tener el apoyo del pueblo; en realidad, es parte de ellos, no del pueblo\u201d, publicaron en Twitter, en un abierto abuso de poder e intromisi\u00f3n en el proceso electoral, propio de las democracias en retroceso.<\/span><\/p>\n<p class=\"p2\"><span style=\"font-size: 14pt;\">\u00bfPor qu\u00e9 la furia contra X\u00f3chitl G\u00e1lvez? Porque les rompe el discurso de que el obradorato tiene el monopolio de la defensa de los m\u00e1s pobres. Su origen humilde, sus ra\u00edces ind\u00edgenas, su lucha y \u00e9xito para salir adelante como empresaria, y el hecho mismo de ser mujer, son veneno para la favorita del presidente, Claudia Sheinbaum, cuya vida ha transcurrido en un entorno completamente privilegiado. Lo que de suyo tampoco tendr\u00eda que ser cuestionable per s\u00e9, pero que le da la vuelta a la narrativa maniquea de que solo ellos representan al \u201cpueblo\u201d.<\/span><\/p>\n<p class=\"p2\"><span style=\"font-size: 14pt;\">Adem\u00e1s, impulsado o no, el crecimiento de las simpat\u00edas hacia X\u00f3chitl G\u00e1lvez de los \u00faltimos d\u00edas tambi\u00e9n puso muy nervioso al grupo en el poder, que hasta hace poco no se ocupaba de los aspirantes opositores porque, en realidad, les resultaban muy c\u00f3modos. Ninguno de los dem\u00e1s es realmente competitivo ni tiene carisma para emocionar a los ciudadanos, que es con lo que se gana una elecci\u00f3n. Y lo reconozcan o no, la senadora del PAN s\u00ed lo tiene.<\/span><\/p>\n<p class=\"p2\"><span style=\"font-size: 14pt;\">\u00bfLe alcanza a X\u00f3chitl G\u00e1lvez para ser finalmente la candidata de la oposici\u00f3n y ganarle a Morena en 2024? Eso es lo que estar\u00eda por verse. El m\u00e9todo del Frente Amplio Por M\u00e9xico para definir la postulaci\u00f3n est\u00e1 dise\u00f1ado para beneficiar a quienes tengan a su disposici\u00f3n estructuras partidistas.<\/span><\/p>\n<p class=\"p2\"><span style=\"font-size: 14pt;\">Pero es un hecho que una candidatura como la de X\u00f3chitl G\u00e1lvez ser\u00eda en verdad competitiva, pues adem\u00e1s tiene los arrestos suficientes para decirle sus verdades a los \u201cmachines\u201d que la intentan sobajar. Y por lo menos, podr\u00eda evitar que el obradorato consiga el \u201ccarro completo\u201d que pretende para desbaratar las instituciones.<\/span><\/p>\n<p class=\"p2\"><span style=\"font-size: 14pt;\">Veremos si el fen\u00f3meno de X\u00f3chitl G\u00e1lvez se consolida y se mantiene. Por ahora, ir\u00f3nicamente, sus principales promotores son quienes la han querido humillar. Se llama \u201cefecto b\u00fameran\u201d y toda la mierda que le est\u00e1n lanzando, se les va a regresar.<\/span><\/p>\n<p>&nbsp;<\/p>\n<hr \/>\n<p>&nbsp;<\/p>\n<p class=\"p1\"><span style=\"font-size: 18pt;\"><strong>Correo: <a href=\"mailto:aureliocontreras@gmail.com\">aureliocontreras@gmail.com<\/a><\/strong><\/span><\/p>\n<p class=\"p1\"><span style=\"font-size: 18pt;\"><strong>Twitter: <a href=\"http:\/\/www.twitter.com\/yeyocontreras\">@yeyocontreras<\/a><\/strong><\/span><\/p>\n<p>&nbsp;<\/p>\n<p><img data-recalc-dims=\"1\" loading=\"lazy\" decoding=\"async\" class=\"aligncenter wp-image-14351\" src=\"https:\/\/i0.wp.com\/politicosaldesnudo.com.mx\/wp-content\/uploads\/2023\/01\/FIRMA-EDITORIAL-PD-300x37.png?resize=800%2C98&#038;ssl=1\" alt=\"\" width=\"800\" height=\"98\" srcset=\"https:\/\/i0.wp.com\/politicosaldesnudo.com.mx\/wp-content\/uploads\/2023\/01\/FIRMA-EDITORIAL-PD.png?resize=300%2C37&amp;ssl=1 300w, https:\/\/i0.wp.com\/politicosaldesnudo.com.mx\/wp-content\/uploads\/2023\/01\/FIRMA-EDITORIAL-PD.png?resize=1024%2C125&amp;ssl=1 1024w, https:\/\/i0.wp.com\/politicosaldesnudo.com.mx\/wp-content\/uploads\/2023\/01\/FIRMA-EDITORIAL-PD.png?resize=768%2C94&amp;ssl=1 768w, https:\/\/i0.wp.com\/politicosaldesnudo.com.mx\/wp-content\/uploads\/2023\/01\/FIRMA-EDITORIAL-PD.png?resize=1536%2C188&amp;ssl=1 1536w, https:\/\/i0.wp.com\/politicosaldesnudo.com.mx\/wp-content\/uploads\/2023\/01\/FIRMA-EDITORIAL-PD.png?resize=2048%2C250&amp;ssl=1 2048w, https:\/\/i0.wp.com\/politicosaldesnudo.com.mx\/wp-content\/uploads\/2023\/01\/FIRMA-EDITORIAL-PD.png?w=1600&amp;ssl=1 1600w, https:\/\/i0.wp.com\/politicosaldesnudo.com.mx\/wp-content\/uploads\/2023\/01\/FIRMA-EDITORIAL-PD.png?w=2400&amp;ssl=1 2400w\" sizes=\"auto, (max-width: 800px) 100vw, 800px\" \/><\/p>\n<p>&nbsp;<\/p>\n<p>&nbsp;<\/p>\n<p>&nbsp;<\/p>\n<p>&nbsp;<\/p>\n","protected":false},"excerpt":{"rendered":"<p>&nbsp; Por Aurelio Contreras Moreno En los \u00faltimos d\u00edas, el r\u00e9gimen de la mal llamada \u201cCuarta Transformaci\u00f3n\u201d desat\u00f3 una rabiosa<\/p>\n","protected":false},"author":4,"featured_media":4397,"comment_status":"closed","ping_status":"closed","sticky":false,"template":"","format":"standard","meta":{"colormag_page_container_layout":"default_layout","colormag_page_sidebar_layout":"default_layout","_jetpack_memberships_contains_paid_content":false,"footnotes":"","jetpack_publicize_message":"","jetpack_publicize_feature_enabled":true,"jetpack_social_post_already_shared":false,"jetpack_social_options":{"image_generator_settings":{"template":"highway","default_image_id":0,"font":"","enabled":false},"version":2}},"categories":[26],"tags":[],"class_list":["post-21840","post","type-post","status-publish","format-standard","has-post-thumbnail","hentry","category-columnistas"],"jetpack_publicize_connections":[],"jetpack_featured_media_url":"https:\/\/i0.wp.com\/politicosaldesnudo.com.mx\/wp-content\/uploads\/2022\/04\/AURELIO-CONTRERAS-MORENO-1.png?fit=1816%2C1016&ssl=1","jetpack-related-posts":[],"jetpack_sharing_enabled":true,"_links":{"self":[{"href":"https:\/\/politicosaldesnudo.com.mx\/index.php\/wp-json\/wp\/v2\/posts\/21840","targetHints":{"allow":["GET"]}}],"collection":[{"href":"https:\/\/politicosaldesnudo.com.mx\/index.php\/wp-json\/wp\/v2\/posts"}],"about":[{"href":"https:\/\/politicosaldesnudo.com.mx\/index.php\/wp-json\/wp\/v2\/types\/post"}],"author":[{"embeddable":true,"href":"https:\/\/politicosaldesnudo.com.mx\/index.php\/wp-json\/wp\/v2\/users\/4"}],"replies":[{"embeddable":true,"href":"https:\/\/politicosaldesnudo.com.mx\/index.php\/wp-json\/wp\/v2\/comments?post=21840"}],"version-history":[{"count":0,"href":"https:\/\/politicosaldesnudo.com.mx\/index.php\/wp-json\/wp\/v2\/posts\/21840\/revisions"}],"wp:featuredmedia":[{"embeddable":true,"href":"https:\/\/politicosaldesnudo.com.mx\/index.php\/wp-json\/wp\/v2\/media\/4397"}],"wp:attachment":[{"href":"https:\/\/politicosaldesnudo.com.mx\/index.php\/wp-json\/wp\/v2\/media?parent=21840"}],"wp:term":[{"taxonomy":"category","embeddable":true,"href":"https:\/\/politicosaldesnudo.com.mx\/index.php\/wp-json\/wp\/v2\/categories?post=21840"},{"taxonomy":"post_tag","embeddable":true,"href":"https:\/\/politicosaldesnudo.com.mx\/index.php\/wp-json\/wp\/v2\/tags?post=21840"}],"curies":[{"name":"wp","href":"https:\/\/api.w.org\/{rel}","templated":true}]}}