{"id":21843,"date":"2023-07-04T05:10:20","date_gmt":"2023-07-04T10:10:20","guid":{"rendered":"https:\/\/politicosaldesnudo.com.mx\/?p=21843"},"modified":"2023-07-04T08:20:09","modified_gmt":"2023-07-04T13:20:09","slug":"el-efecto-wannabe-de-xochitl","status":"publish","type":"post","link":"https:\/\/politicosaldesnudo.com.mx\/index.php\/2023\/07\/04\/el-efecto-wannabe-de-xochitl\/","title":{"rendered":"El efecto wannabe de X\u00f3chitl"},"content":{"rendered":"<p class=\"p1\">\n<p>&nbsp;<\/p>\n<p class=\"p1\"><span style=\"font-size: 18pt;\"><strong>Por Luis Ram\u00edrez Baqueiro<\/strong><\/span><\/p>\n<p class=\"p1\">\n<p>&nbsp;<\/p>\n<p class=\"p1\" style=\"text-align: center;\"><strong><em><span style=\"font-size: 18pt;\">\u201cEl destino es el que baraja las cartas, pero nosotros los que las jugamos\u201d<span class=\"Apple-converted-space\">\u00a0<\/span><\/span><\/em><\/strong><\/p>\n<p class=\"p1\" style=\"text-align: center;\"><span style=\"font-size: 18pt;\">\u2013 A.\u00a0Schopenhauer \u2013<\/span><\/p>\n<p class=\"p1\">\n<p>&nbsp;<\/p>\n<p class=\"p1\"><span style=\"font-size: 14pt;\">La pol\u00edtica es la ciencia de las mil y un posibilidades, por incre\u00edble que parezca, lo que en su momento se pensaba inveros\u00edmil, en pol\u00edtica es realizable, m\u00e1s a\u00fan, se vuelve alcanzable.<\/span><\/p>\n<p class=\"p1\"><span style=\"font-size: 14pt;\">Eso quiz\u00e1 le est\u00e1 pasando al presidente Andr\u00e9s Manuel L\u00f3pez Obrador con su proceso de sucesi\u00f3n anticipado, en su intento por generar un escenario de distracci\u00f3n para poder ir preparando el proceso de salida, garantizando que los reflectores medi\u00e1ticos se centrar\u00e1n exclusivamente en sus temas, pues no le result\u00f3 as\u00ed.<\/span><\/p>\n<p class=\"p1\"><span style=\"font-size: 14pt;\">Desde su cena con ellos en conocido restaurante del centro de la Ciudad de M\u00e9xico el pasado 5 de junio, hasta el arranque del Proceso interno de selecci\u00f3n de coordinador nacional de los comit\u00e9s de la defensa de la cuarta transformaci\u00f3n, el presidente apost\u00f3 a que el marcar\u00eda el tema de la agenda nacional.<\/span><\/p>\n<p class=\"p1\"><span style=\"font-size: 14pt;\">Pero en pol\u00edtica nada est\u00e1 garantizado, el mandatario no cont\u00f3 con la posibilidad de que de manera soterrada cual Caballo de Troya, la inerte oposici\u00f3n esa que \u00e9l tanto desprecia, le fuera a fraguar un plan de asalto, para tomarle la misma tribuna presidencial.<\/span><\/p>\n<p class=\"p1\"><span style=\"font-size: 14pt;\">Y a eso lleg\u00f3 la ma\u00f1ana de este lunes 3 de julio, cuando en un acto de aparente control total de la agenda nacional, el mismo presidente L\u00f3pez Obrador fungi\u00f3 como el vocero e impulsor de la carrera por la presidencia de la mism\u00edsima senadora Bertha X\u00f3chitl G\u00e1lvez Ruiz, o para los cuates, X\u00f3chitl G\u00e1lvez.<\/span><\/p>\n<p class=\"p1\"><span style=\"font-size: 14pt;\">La misma a la que \u00e9l invita a participar en su movimiento transformador a mediados del 2018, a la que ahora pretende descalificar y atacar acus\u00e1ndola de ser la candidata de la oligarqu\u00eda y el conservadurismo, asegurando que ella no es pueblo \u2013a pesar de su origen \u00e9tnico-.<\/span><\/p>\n<p class=\"p1\"><span style=\"font-size: 14pt;\">El presidente L\u00f3pez Obrador dem\u00e9rito las posibilidades de poner a competir en este pr\u00f3ximo proceso electoral a dos mujeres preparadas, que habr\u00e1n por s\u00ed solas de tener que dilucidar el galimat\u00edas pol\u00edtico nacional.<\/span><\/p>\n<p class=\"p1\"><span style=\"font-size: 14pt;\">El temor presidencial comenzar\u00e1 a crecer m\u00e1s y m\u00e1s conforme pasen las semanas, cuando se confirme a trav\u00e9s de los estudios demosc\u00f3picos el crecimiento exponencial de la misma X\u00f3chitl G\u00e1lvez.<\/span><\/p>\n<p class=\"p1\"><span style=\"font-size: 14pt;\">Ah\u00ed y solo ah\u00ed ser\u00e1 cuando el presidente L\u00f3pez Obrador dar\u00e1 cuenta de que esas benditas redes sociales que en anta\u00f1o tanto le ayudaron se habr\u00e1n de volver muy posiblemente en su contra, debido a que esas se mueven y operan por parte de la clase social a la que m\u00e1s despreci\u00f3 su administraci\u00f3n \u201cla clase media\u201d y esa tiene unas cuantas cuentas pendientes con \u00e9l y con los suyos.<\/span><\/p>\n<p class=\"p1\"><span style=\"font-size: 14pt;\">Seguramente ah\u00ed tambi\u00e9n se habr\u00e1 de librar una gran batalla, pero lo real es lo que ocurrir\u00e1 con la sociedad de carne y hueso, con esa que subsiste con tan solo un salario m\u00ednimo al d\u00eda y que en este sexenio se increment\u00f3 peligrosamente.<\/span><\/p>\n<p class=\"p1\"><span style=\"font-size: 14pt;\">Basta recordar que el Consejo Nacional de Evaluaci\u00f3n de la Pol\u00edtica de Desarrollo Social (Coneval) alert\u00f3 que, s\u00f3lo en los dos primeros a\u00f1os de gobierno de Andr\u00e9s Manuel L\u00f3pez Obrador, la poblaci\u00f3n en situaci\u00f3n de pobreza creci\u00f3 en 3.8 millones de personas y en 2.1 millones las personas en pobreza extrema.<\/span><\/p>\n<p class=\"p1\"><span style=\"font-size: 14pt;\">La Encuesta Nacional de Ingreso Gasto de los Hogares que el Inegi levanta de forma bianual se\u00f1ala que la pobreza \u2015a secas\u2015 fue en 2020 43.9% de la poblaci\u00f3n, 55.7 millones de personas, ese es el nicho al que precisamente X\u00f3chitl G\u00e1lvez le hablar\u00e1, a ese que pens\u00f3 el presidente tener cooptado por la entrega de sus apoyos federales.<\/span><\/p>\n<p class=\"p1\"><span style=\"font-size: 14pt;\">As\u00ed la llegada de la senadora G\u00e1lvez al escenario pol\u00edtico nacional, la convertir\u00e1 en una verdadera amenaza para la sobrevivencia de la 4T, pues su efecto \u201cwannabe\u201d pudiera generar nuevamente una corriente de esperanza entre la sociedad que se siente decepcionada por la oferta pol\u00edtica lopezobradorista de la transformaci\u00f3n.<\/span><\/p>\n<p class=\"p1\"><span style=\"font-size: 14pt;\">Esa que pretendi\u00f3 simplemente comprar conciencias, sin mostrarles c\u00f3mo salir verdaderamente de la maldita pobreza.<\/span><\/p>\n<p>&nbsp;<\/p>\n<p class=\"p1\"><span style=\"font-size: 18pt;\"><strong>Al tiempo<\/strong><\/span><\/p>\n<p>&nbsp;<\/p>\n<hr \/>\n<p>&nbsp;<\/p>\n<p class=\"p1\"><span style=\"font-size: 18pt;\"><strong>Correo: <a href=\"mailto:astrolabiopoliticomx@gmail.com\">astrolabiopoliticomx@gmail.com<\/a><\/strong><\/span><\/p>\n<p class=\"p1\"><span style=\"font-size: 18pt;\"><strong>Twitter: <a href=\"http:\/\/www.twitter.com\/LuisBaqueiro_mx\">@LuisBaqueiro_mx<\/a><\/strong><\/span><\/p>\n<p>&nbsp;<\/p>\n<p><img data-recalc-dims=\"1\" loading=\"lazy\" decoding=\"async\" class=\"aligncenter wp-image-14351\" src=\"https:\/\/i0.wp.com\/politicosaldesnudo.com.mx\/wp-content\/uploads\/2023\/01\/FIRMA-EDITORIAL-PD-300x37.png?resize=800%2C98&#038;ssl=1\" alt=\"\" width=\"800\" height=\"98\" srcset=\"https:\/\/i0.wp.com\/politicosaldesnudo.com.mx\/wp-content\/uploads\/2023\/01\/FIRMA-EDITORIAL-PD.png?resize=300%2C37&amp;ssl=1 300w, https:\/\/i0.wp.com\/politicosaldesnudo.com.mx\/wp-content\/uploads\/2023\/01\/FIRMA-EDITORIAL-PD.png?resize=1024%2C125&amp;ssl=1 1024w, https:\/\/i0.wp.com\/politicosaldesnudo.com.mx\/wp-content\/uploads\/2023\/01\/FIRMA-EDITORIAL-PD.png?resize=768%2C94&amp;ssl=1 768w, https:\/\/i0.wp.com\/politicosaldesnudo.com.mx\/wp-content\/uploads\/2023\/01\/FIRMA-EDITORIAL-PD.png?resize=1536%2C188&amp;ssl=1 1536w, https:\/\/i0.wp.com\/politicosaldesnudo.com.mx\/wp-content\/uploads\/2023\/01\/FIRMA-EDITORIAL-PD.png?resize=2048%2C250&amp;ssl=1 2048w, https:\/\/i0.wp.com\/politicosaldesnudo.com.mx\/wp-content\/uploads\/2023\/01\/FIRMA-EDITORIAL-PD.png?w=1600&amp;ssl=1 1600w, https:\/\/i0.wp.com\/politicosaldesnudo.com.mx\/wp-content\/uploads\/2023\/01\/FIRMA-EDITORIAL-PD.png?w=2400&amp;ssl=1 2400w\" sizes=\"auto, (max-width: 800px) 100vw, 800px\" \/><\/p>\n<p>&nbsp;<\/p>\n<p>&nbsp;<\/p>\n<p>&nbsp;<\/p>\n<p>&nbsp;<\/p>\n","protected":false},"excerpt":{"rendered":"<p>&nbsp; Por Luis Ram\u00edrez Baqueiro &nbsp; \u201cEl destino es el que baraja las cartas, pero nosotros los que las jugamos\u201d\u00a0<\/p>\n","protected":false},"author":4,"featured_media":4390,"comment_status":"closed","ping_status":"closed","sticky":false,"template":"","format":"standard","meta":{"colormag_page_container_layout":"default_layout","colormag_page_sidebar_layout":"default_layout","_jetpack_memberships_contains_paid_content":false,"footnotes":"","jetpack_publicize_message":"","jetpack_publicize_feature_enabled":true,"jetpack_social_post_already_shared":false,"jetpack_social_options":{"image_generator_settings":{"template":"highway","default_image_id":0,"font":"","enabled":false},"version":2}},"categories":[26],"tags":[],"class_list":["post-21843","post","type-post","status-publish","format-standard","has-post-thumbnail","hentry","category-columnistas"],"jetpack_publicize_connections":[],"jetpack_featured_media_url":"https:\/\/i0.wp.com\/politicosaldesnudo.com.mx\/wp-content\/uploads\/2022\/04\/LUIS-RAMI%CC%81REZ-BAQUEIRO.png?fit=1816%2C1016&ssl=1","jetpack-related-posts":[],"jetpack_sharing_enabled":true,"_links":{"self":[{"href":"https:\/\/politicosaldesnudo.com.mx\/index.php\/wp-json\/wp\/v2\/posts\/21843","targetHints":{"allow":["GET"]}}],"collection":[{"href":"https:\/\/politicosaldesnudo.com.mx\/index.php\/wp-json\/wp\/v2\/posts"}],"about":[{"href":"https:\/\/politicosaldesnudo.com.mx\/index.php\/wp-json\/wp\/v2\/types\/post"}],"author":[{"embeddable":true,"href":"https:\/\/politicosaldesnudo.com.mx\/index.php\/wp-json\/wp\/v2\/users\/4"}],"replies":[{"embeddable":true,"href":"https:\/\/politicosaldesnudo.com.mx\/index.php\/wp-json\/wp\/v2\/comments?post=21843"}],"version-history":[{"count":0,"href":"https:\/\/politicosaldesnudo.com.mx\/index.php\/wp-json\/wp\/v2\/posts\/21843\/revisions"}],"wp:featuredmedia":[{"embeddable":true,"href":"https:\/\/politicosaldesnudo.com.mx\/index.php\/wp-json\/wp\/v2\/media\/4390"}],"wp:attachment":[{"href":"https:\/\/politicosaldesnudo.com.mx\/index.php\/wp-json\/wp\/v2\/media?parent=21843"}],"wp:term":[{"taxonomy":"category","embeddable":true,"href":"https:\/\/politicosaldesnudo.com.mx\/index.php\/wp-json\/wp\/v2\/categories?post=21843"},{"taxonomy":"post_tag","embeddable":true,"href":"https:\/\/politicosaldesnudo.com.mx\/index.php\/wp-json\/wp\/v2\/tags?post=21843"}],"curies":[{"name":"wp","href":"https:\/\/api.w.org\/{rel}","templated":true}]}}