{"id":21864,"date":"2023-07-04T05:40:03","date_gmt":"2023-07-04T10:40:03","guid":{"rendered":"https:\/\/politicosaldesnudo.com.mx\/?p=21864"},"modified":"2023-07-04T11:55:32","modified_gmt":"2023-07-04T16:55:32","slug":"del-5-al-7-de-julio-tuxpan-sede-del-festival-ecologico-ambienton","status":"publish","type":"post","link":"https:\/\/politicosaldesnudo.com.mx\/index.php\/2023\/07\/04\/del-5-al-7-de-julio-tuxpan-sede-del-festival-ecologico-ambienton\/","title":{"rendered":"Del 5 al 7 de julio, Tuxpan sede del \u201cFestival Ecol\u00f3gico Ambient\u00f3n\u201d"},"content":{"rendered":"<p>&nbsp;<\/p>\n<p class=\"p1\"><span style=\"font-size: 14pt;\"><em><strong>TUXPAN, VERACRUZ.<\/strong> <\/em>Del <strong>5 al 7 de julio Tuxpan<\/strong> fungir\u00e1 como sede del <strong>\u201cFestival Ecol\u00f3gico Ambient\u00f3n\u201d<\/strong> que realiza la Procuradur\u00eda Estatal del Medio Ambiente (PMA) en coordinaci\u00f3n con el Ayuntamiento con el <strong>objetivo de generar conciencia en los ciudadanos sobre de la importancia de proteger los recursos naturales.<span class=\"Apple-converted-space\">\u00a0<\/span><\/strong><\/span><\/p>\n<p class=\"p1\"><span style=\"font-size: 18pt;\"><strong>Dentro de las actividades del \u201cFestival Ecol\u00f3gico Ambient\u00f3n\u201d el mi\u00e9rcoles 5 de julio se ofrecer\u00e1n ponencias magistrales sobre temas medioambientales, en el Sal\u00f3n Imperial a partir de las 09:00 horas.<\/strong><\/span><\/p>\n<p>\u00a0<img data-recalc-dims=\"1\" loading=\"lazy\" decoding=\"async\" class=\"aligncenter wp-image-21867 size-large\" src=\"https:\/\/i0.wp.com\/politicosaldesnudo.com.mx\/wp-content\/uploads\/2023\/07\/P-FESTIVAL-ECOLOGICO-4-724x1024.png?resize=724%2C1024&#038;ssl=1\" alt=\"\" width=\"724\" height=\"1024\" srcset=\"https:\/\/i0.wp.com\/politicosaldesnudo.com.mx\/wp-content\/uploads\/2023\/07\/P-FESTIVAL-ECOLOGICO-4.png?resize=724%2C1024&amp;ssl=1 724w, https:\/\/i0.wp.com\/politicosaldesnudo.com.mx\/wp-content\/uploads\/2023\/07\/P-FESTIVAL-ECOLOGICO-4.png?resize=212%2C300&amp;ssl=1 212w, https:\/\/i0.wp.com\/politicosaldesnudo.com.mx\/wp-content\/uploads\/2023\/07\/P-FESTIVAL-ECOLOGICO-4.png?resize=768%2C1086&amp;ssl=1 768w, https:\/\/i0.wp.com\/politicosaldesnudo.com.mx\/wp-content\/uploads\/2023\/07\/P-FESTIVAL-ECOLOGICO-4.png?resize=1086%2C1536&amp;ssl=1 1086w, https:\/\/i0.wp.com\/politicosaldesnudo.com.mx\/wp-content\/uploads\/2023\/07\/P-FESTIVAL-ECOLOGICO-4.png?w=1131&amp;ssl=1 1131w\" sizes=\"auto, (max-width: 724px) 100vw, 724px\" \/><\/p>\n<p>&nbsp;<\/p>\n<p class=\"p1\"><span style=\"font-size: 14pt;\">Adem\u00e1s, por la tarde se realizar\u00e1 un Papaqui Ambiental que partir\u00e1 a las 18:00 horas del Puente Tenechaco, y terminar\u00e1 en la Plaza C\u00edvica de la Presidencia Municipal.<span class=\"Apple-converted-space\">\u00a0<\/span><\/span><\/p>\n<p class=\"p1\"><span style=\"font-size: 18pt;\"><strong>Quienes participen en estas actividades del \u201cFestival Ecol\u00f3gico Ambient\u00f3n\u201d recibir\u00e1n de manera gratuita plantas como Lluvia de oro, framboy\u00e1n y jobo, en apoyo al medio ambiente.<\/strong><\/span><\/p>\n<p class=\"p1\"><span style=\"font-size: 14pt;\">El jueves, desde la 10:00 horas se instalar\u00e1 en la Plaza C\u00edvica un Centro de Acopio de Residuos de manejo especial, como televisores, computadoras, ferrosos, electrodom\u00e9sticos y llantas.<\/span><\/p>\n<p class=\"p1\"><span style=\"font-size: 14pt;\">Los asistentes se llevar\u00e1n gratis boletos para el baile con Hugo Ruiz el viernes 7 de julio a partir de las 22:00 horas en la Explanada Municipal.<\/span><\/p>\n<p>&nbsp;<\/p>\n<p>&nbsp;<\/p>\n","protected":false},"excerpt":{"rendered":"<p>&nbsp; TUXPAN, VERACRUZ. Del 5 al 7 de julio Tuxpan fungir\u00e1 como sede del \u201cFestival Ecol\u00f3gico Ambient\u00f3n\u201d que realiza la<\/p>\n","protected":false},"author":4,"featured_media":21868,"comment_status":"closed","ping_status":"closed","sticky":false,"template":"","format":"standard","meta":{"colormag_page_container_layout":"default_layout","colormag_page_sidebar_layout":"default_layout","_jetpack_memberships_contains_paid_content":false,"footnotes":"","jetpack_publicize_message":"","jetpack_publicize_feature_enabled":true,"jetpack_social_post_already_shared":false,"jetpack_social_options":{"image_generator_settings":{"template":"highway","default_image_id":0,"font":"","enabled":false},"version":2}},"categories":[1082],"tags":[2958,70,100],"class_list":["post-21864","post","type-post","status-publish","format-standard","has-post-thumbnail","hentry","category-tuxpan","tag-festival-ecologico-ambienton","tag-tuxpan","tag-veracruz"],"jetpack_publicize_connections":[],"jetpack_featured_media_url":"https:\/\/i0.wp.com\/politicosaldesnudo.com.mx\/wp-content\/uploads\/2023\/07\/P-P-FESTIVAL-ECOLOGICO-2.png?fit=1816%2C1016&ssl=1","jetpack-related-posts":[],"jetpack_sharing_enabled":true,"_links":{"self":[{"href":"https:\/\/politicosaldesnudo.com.mx\/index.php\/wp-json\/wp\/v2\/posts\/21864","targetHints":{"allow":["GET"]}}],"collection":[{"href":"https:\/\/politicosaldesnudo.com.mx\/index.php\/wp-json\/wp\/v2\/posts"}],"about":[{"href":"https:\/\/politicosaldesnudo.com.mx\/index.php\/wp-json\/wp\/v2\/types\/post"}],"author":[{"embeddable":true,"href":"https:\/\/politicosaldesnudo.com.mx\/index.php\/wp-json\/wp\/v2\/users\/4"}],"replies":[{"embeddable":true,"href":"https:\/\/politicosaldesnudo.com.mx\/index.php\/wp-json\/wp\/v2\/comments?post=21864"}],"version-history":[{"count":0,"href":"https:\/\/politicosaldesnudo.com.mx\/index.php\/wp-json\/wp\/v2\/posts\/21864\/revisions"}],"wp:featuredmedia":[{"embeddable":true,"href":"https:\/\/politicosaldesnudo.com.mx\/index.php\/wp-json\/wp\/v2\/media\/21868"}],"wp:attachment":[{"href":"https:\/\/politicosaldesnudo.com.mx\/index.php\/wp-json\/wp\/v2\/media?parent=21864"}],"wp:term":[{"taxonomy":"category","embeddable":true,"href":"https:\/\/politicosaldesnudo.com.mx\/index.php\/wp-json\/wp\/v2\/categories?post=21864"},{"taxonomy":"post_tag","embeddable":true,"href":"https:\/\/politicosaldesnudo.com.mx\/index.php\/wp-json\/wp\/v2\/tags?post=21864"}],"curies":[{"name":"wp","href":"https:\/\/api.w.org\/{rel}","templated":true}]}}