{"id":21896,"date":"2023-07-04T21:19:56","date_gmt":"2023-07-05T02:19:56","guid":{"rendered":"https:\/\/politicosaldesnudo.com.mx\/?p=21896"},"modified":"2023-07-04T22:17:58","modified_gmt":"2023-07-05T03:17:58","slug":"galvez-y-creel-se-registran-como-aspirantes-de-frente-amplio-por-mexico","status":"publish","type":"post","link":"https:\/\/politicosaldesnudo.com.mx\/index.php\/2023\/07\/04\/galvez-y-creel-se-registran-como-aspirantes-de-frente-amplio-por-mexico\/","title":{"rendered":"G\u00e1lvez y Creel se registran como aspirantes de Frente Amplio por M\u00e9xico\u00a0"},"content":{"rendered":"<p>&nbsp;<\/p>\n<p class=\"p1\"><span style=\"font-size: 14pt;\"><em><strong>CIUDAD DE M\u00c9XICO. <\/strong><\/em>Los panistas <strong>X\u00f3chitl G\u00e1lvez y Santiago Creel<\/strong> acudieron a la sede nacional del <strong>PRI<\/strong> a presentar su registro para participar en el proceso interno del <em>Frente Amplio por M\u00e9xico.<\/em><\/span><\/p>\n<p class=\"p1\"><span style=\"font-size: 14pt;\">El primero en arribar fue el diputado federal, y una hora m\u00e1s tarde lleg\u00f3 la senadora a las oficinas pri\u00edstas en la avenida Insurgentes.<\/span><\/p>\n<p class=\"p1\"><span style=\"font-size: 14pt;\">Ambos fueron recibidos por decenas de trabajadores del Comit\u00e9 Ejecutivo Nacional (CEN) a quienes les repartieron banderas del tricolor.<span class=\"Apple-converted-space\">\u00a0<\/span><\/span><\/p>\n<p class=\"p1\"><span style=\"font-size: 18pt;\"><strong>X\u00f3chitl G\u00e1lvez dijo sobre las declaraciones del presidente Andr\u00e9s Manuel L\u00f3pez Obrador, quien asegur\u00f3 que es ella la elegida por el bloque opositor para que sea la candidata presidencial en 2024.<\/strong><\/span><\/p>\n<p>&nbsp;<\/p>\n<blockquote>\n<p class=\"p1\"><span style=\"font-size: 14pt;\">No hay que ser muy inteligente para saber que ahorita en las encuestas voy creciendo muy r\u00e1pido y es muy probable que pueda ganar esta contienda; \u00e9l lo ve, se lo pasan los n\u00fameros, y al rato va a decir \u2018se los dije\u2019. La verdad es que lo que intenta es descarrilarme, \u00e9l va a echarme toda la caballer\u00eda\u201d<\/span><\/p>\n<\/blockquote>\n<p>&nbsp;<\/p>\n<p class=\"p1\"><span style=\"font-size: 14pt;\">Y al afirmar que no rinde pleites\u00eda a ning\u00fan personaje pol\u00edtico, agreg\u00f3: \u201cestoy casada hace m\u00e1s de 30 a\u00f1os y mi marido camina conmigo pero no me manda ni mucho menos, \u00e9l es el \u00fanico que medio podr\u00eda intentarlo, de ah\u00ed en fuera ning\u00fan cabr\u00f3n me va a \u2026\u201d<\/span><\/p>\n<p class=\"p1\"><span style=\"font-size: 14pt;\">Expuso que como funcionaria federal durante el sexenio de Vicente Fox, siempre tuvo una buena relaci\u00f3n con los gobernadores del PRI. A la vez, a\u00f1adi\u00f3, \u201ctengo que confesar que mi pap\u00e1 muri\u00f3 pri\u00edsta\u201d y cre\u00eda en los principios del tricolor.<\/span><\/p>\n<p>&nbsp;<\/p>\n<p class=\"p1\"><span style=\"font-size: 18pt;\"><strong>Por su parte, Santiago Creel se dijo contento de estar con aliados y en \u201cun lugar de amigas y amigos\u201d. Relat\u00f3 que ha visitado el PRI en distintas ocasiones y no les es ajeno. \u201cMi vida es de pluralidad\u201d.<\/strong><\/span><\/p>\n<p class=\"p1\"><span style=\"font-size: 14pt;\">Reconoci\u00f3 que no imagin\u00f3 acudir al PRI a registrarse en un proceso, pero \u201cla pol\u00edtica es una actividad de sorpresas permanentes, de hacer posible lo que parece imposible, y por M\u00e9xico har\u00e9 lo que sea necesarios\u201d.<\/span><\/p>\n<p>&nbsp;<\/p>\n<p><img data-recalc-dims=\"1\" loading=\"lazy\" decoding=\"async\" class=\"aligncenter wp-image-21899 size-large\" src=\"https:\/\/i0.wp.com\/politicosaldesnudo.com.mx\/wp-content\/uploads\/2023\/07\/P-FRENTE-AMPLIO-3-1024x573.png?resize=800%2C448&#038;ssl=1\" alt=\"\" width=\"800\" height=\"448\" srcset=\"https:\/\/i0.wp.com\/politicosaldesnudo.com.mx\/wp-content\/uploads\/2023\/07\/P-FRENTE-AMPLIO-3.png?resize=1024%2C573&amp;ssl=1 1024w, https:\/\/i0.wp.com\/politicosaldesnudo.com.mx\/wp-content\/uploads\/2023\/07\/P-FRENTE-AMPLIO-3.png?resize=300%2C168&amp;ssl=1 300w, https:\/\/i0.wp.com\/politicosaldesnudo.com.mx\/wp-content\/uploads\/2023\/07\/P-FRENTE-AMPLIO-3.png?resize=768%2C430&amp;ssl=1 768w, https:\/\/i0.wp.com\/politicosaldesnudo.com.mx\/wp-content\/uploads\/2023\/07\/P-FRENTE-AMPLIO-3.png?resize=1536%2C859&amp;ssl=1 1536w, https:\/\/i0.wp.com\/politicosaldesnudo.com.mx\/wp-content\/uploads\/2023\/07\/P-FRENTE-AMPLIO-3.png?w=1816&amp;ssl=1 1816w, https:\/\/i0.wp.com\/politicosaldesnudo.com.mx\/wp-content\/uploads\/2023\/07\/P-FRENTE-AMPLIO-3.png?w=1600&amp;ssl=1 1600w\" sizes=\"auto, (max-width: 800px) 100vw, 800px\" \/><\/p>\n<p>&nbsp;<\/p>\n<p class=\"p1\"><span style=\"font-size: 18pt;\"><strong>Durante la tarde tambi\u00e9n acudieron los panistas Gabriel Quadri y Jorge Luis Preciado, luego que todos ellos se registraron por la ma\u00f1ana ante el comit\u00e9 organizador del frente, y posteriormente lo hicieron en la sede del PAN.<\/strong><\/span><\/p>\n<p>&nbsp;<\/p>\n<p><img data-recalc-dims=\"1\" loading=\"lazy\" decoding=\"async\" class=\"aligncenter wp-image-21900 size-large\" src=\"https:\/\/i0.wp.com\/politicosaldesnudo.com.mx\/wp-content\/uploads\/2023\/07\/P-FRENTE-AMPLIO-4-1024x573.png?resize=800%2C448&#038;ssl=1\" alt=\"\" width=\"800\" height=\"448\" srcset=\"https:\/\/i0.wp.com\/politicosaldesnudo.com.mx\/wp-content\/uploads\/2023\/07\/P-FRENTE-AMPLIO-4.png?resize=1024%2C573&amp;ssl=1 1024w, https:\/\/i0.wp.com\/politicosaldesnudo.com.mx\/wp-content\/uploads\/2023\/07\/P-FRENTE-AMPLIO-4.png?resize=300%2C168&amp;ssl=1 300w, https:\/\/i0.wp.com\/politicosaldesnudo.com.mx\/wp-content\/uploads\/2023\/07\/P-FRENTE-AMPLIO-4.png?resize=768%2C430&amp;ssl=1 768w, https:\/\/i0.wp.com\/politicosaldesnudo.com.mx\/wp-content\/uploads\/2023\/07\/P-FRENTE-AMPLIO-4.png?resize=1536%2C859&amp;ssl=1 1536w, https:\/\/i0.wp.com\/politicosaldesnudo.com.mx\/wp-content\/uploads\/2023\/07\/P-FRENTE-AMPLIO-4.png?w=1816&amp;ssl=1 1816w, https:\/\/i0.wp.com\/politicosaldesnudo.com.mx\/wp-content\/uploads\/2023\/07\/P-FRENTE-AMPLIO-4.png?w=1600&amp;ssl=1 1600w\" sizes=\"auto, (max-width: 800px) 100vw, 800px\" \/><\/p>\n<p>&nbsp;<\/p>\n<p>&nbsp;<\/p>\n","protected":false},"excerpt":{"rendered":"<p>&nbsp; CIUDAD DE M\u00c9XICO. Los panistas X\u00f3chitl G\u00e1lvez y Santiago Creel acudieron a la sede nacional del PRI a presentar<\/p>\n","protected":false},"author":4,"featured_media":21897,"comment_status":"closed","ping_status":"closed","sticky":false,"template":"","format":"standard","meta":{"colormag_page_container_layout":"default_layout","colormag_page_sidebar_layout":"default_layout","_jetpack_memberships_contains_paid_content":false,"footnotes":"","jetpack_publicize_message":"","jetpack_publicize_feature_enabled":true,"jetpack_social_post_already_shared":false,"jetpack_social_options":{"image_generator_settings":{"template":"highway","default_image_id":0,"font":"","enabled":false},"version":2}},"categories":[33],"tags":[2960,226,1548,2120],"class_list":["post-21896","post","type-post","status-publish","format-standard","has-post-thumbnail","hentry","category-nacional","tag-frente-amplio-de-mexico","tag-pri","tag-santiago-creel","tag-xochitl-galvez"],"jetpack_publicize_connections":[],"jetpack_featured_media_url":"https:\/\/i0.wp.com\/politicosaldesnudo.com.mx\/wp-content\/uploads\/2023\/07\/P-FRENTE-AMPLIO-1-1.png?fit=1816%2C1016&ssl=1","jetpack-related-posts":[],"jetpack_sharing_enabled":true,"_links":{"self":[{"href":"https:\/\/politicosaldesnudo.com.mx\/index.php\/wp-json\/wp\/v2\/posts\/21896","targetHints":{"allow":["GET"]}}],"collection":[{"href":"https:\/\/politicosaldesnudo.com.mx\/index.php\/wp-json\/wp\/v2\/posts"}],"about":[{"href":"https:\/\/politicosaldesnudo.com.mx\/index.php\/wp-json\/wp\/v2\/types\/post"}],"author":[{"embeddable":true,"href":"https:\/\/politicosaldesnudo.com.mx\/index.php\/wp-json\/wp\/v2\/users\/4"}],"replies":[{"embeddable":true,"href":"https:\/\/politicosaldesnudo.com.mx\/index.php\/wp-json\/wp\/v2\/comments?post=21896"}],"version-history":[{"count":0,"href":"https:\/\/politicosaldesnudo.com.mx\/index.php\/wp-json\/wp\/v2\/posts\/21896\/revisions"}],"wp:featuredmedia":[{"embeddable":true,"href":"https:\/\/politicosaldesnudo.com.mx\/index.php\/wp-json\/wp\/v2\/media\/21897"}],"wp:attachment":[{"href":"https:\/\/politicosaldesnudo.com.mx\/index.php\/wp-json\/wp\/v2\/media?parent=21896"}],"wp:term":[{"taxonomy":"category","embeddable":true,"href":"https:\/\/politicosaldesnudo.com.mx\/index.php\/wp-json\/wp\/v2\/categories?post=21896"},{"taxonomy":"post_tag","embeddable":true,"href":"https:\/\/politicosaldesnudo.com.mx\/index.php\/wp-json\/wp\/v2\/tags?post=21896"}],"curies":[{"name":"wp","href":"https:\/\/api.w.org\/{rel}","templated":true}]}}