{"id":21958,"date":"2023-07-04T23:00:11","date_gmt":"2023-07-05T04:00:11","guid":{"rendered":"https:\/\/politicosaldesnudo.com.mx\/?p=21958"},"modified":"2023-07-05T09:46:45","modified_gmt":"2023-07-05T14:46:45","slug":"tuxpan-esta-listo-para-asumir-un-papel-protagonico-en-el-pais-alcalde-jm-pozos","status":"publish","type":"post","link":"https:\/\/politicosaldesnudo.com.mx\/index.php\/2023\/07\/04\/tuxpan-esta-listo-para-asumir-un-papel-protagonico-en-el-pais-alcalde-jm-pozos\/","title":{"rendered":"Tuxpan est\u00e1 listo para asumir un papel protag\u00f3nico en el pa\u00eds: alcalde JM Pozos"},"content":{"rendered":"<p>&nbsp;<\/p>\n<p>&nbsp;<\/p>\n<p class=\"p1\" style=\"text-align: center;\"><em><span style=\"font-size: 18pt;\"><strong>&lt;&lt;C<span class=\"s1\">ronista Salvador Hern\u00e1ndez diserta conferencia \u201c142 Aniversario de la ciudad de Tuxpan\u201d&gt;&gt;<\/span><\/strong><\/span><\/em><\/p>\n<p>&nbsp;<\/p>\n<p>&nbsp;<\/p>\n<p class=\"p4\"><span style=\"font-size: 14pt;\"><em><strong>TUXPAN, VERACRUZ.<\/strong> <\/em>Acompa\u00f1ado por el alcalde <strong>Jos\u00e9 Manuel Pozos, Don Salvador Hern\u00e1ndez Garc\u00eda,<\/strong> Cronista de la ciudad, disert\u00f3 la conferencia magistral <strong>\u201c142 Aniversario de la ciudad de Tuxpan\u201d.<\/strong><\/span><\/p>\n<p class=\"p4\"><span style=\"font-size: 14pt;\">El presidente municipal, Jos\u00e9 Manuel Pozos destac\u00f3 que \u201csolo quienes honran su pasado, pueden mirar el futuro con certeza y esperanza\u201d.<\/span><\/p>\n<p class=\"p4\"><span style=\"font-size: 18pt;\"><strong>Jos\u00e9 Manuel Pozos dijo que Tuxpan no tan solo ha sido testigo, sino que adem\u00e1s fue protagonista, de las grandes transformaciones nuestro M\u00e9xico, con una participaci\u00f3n activa en la Independencia y en la Revoluci\u00f3n Mexicana.<\/strong><\/span><\/p>\n<p class=\"p4\"><span style=\"font-size: 18pt; color: #139eca;\"><strong>Pozos Castro record\u00f3 que fue el 4 de julio de 1881 cuando el Congreso del Estado de Veracruz elev\u00f3 la villa de Tuxpan a ciudad: \u201cUn hecho que marc\u00f3 la historia y el futuro de nuestro municipio\u201d<\/strong><\/span><\/p>\n<p>&nbsp;<\/p>\n<p><img data-recalc-dims=\"1\" loading=\"lazy\" decoding=\"async\" class=\"aligncenter wp-image-21959 size-large\" src=\"https:\/\/i0.wp.com\/politicosaldesnudo.com.mx\/wp-content\/uploads\/2023\/07\/P-CONFERENCIA-CD-TUXPAN-1-1024x573.png?resize=800%2C448&#038;ssl=1\" alt=\"\" width=\"800\" height=\"448\" srcset=\"https:\/\/i0.wp.com\/politicosaldesnudo.com.mx\/wp-content\/uploads\/2023\/07\/P-CONFERENCIA-CD-TUXPAN-1.png?resize=1024%2C573&amp;ssl=1 1024w, https:\/\/i0.wp.com\/politicosaldesnudo.com.mx\/wp-content\/uploads\/2023\/07\/P-CONFERENCIA-CD-TUXPAN-1.png?resize=300%2C168&amp;ssl=1 300w, https:\/\/i0.wp.com\/politicosaldesnudo.com.mx\/wp-content\/uploads\/2023\/07\/P-CONFERENCIA-CD-TUXPAN-1.png?resize=768%2C430&amp;ssl=1 768w, https:\/\/i0.wp.com\/politicosaldesnudo.com.mx\/wp-content\/uploads\/2023\/07\/P-CONFERENCIA-CD-TUXPAN-1.png?resize=1536%2C859&amp;ssl=1 1536w, https:\/\/i0.wp.com\/politicosaldesnudo.com.mx\/wp-content\/uploads\/2023\/07\/P-CONFERENCIA-CD-TUXPAN-1.png?w=1816&amp;ssl=1 1816w, https:\/\/i0.wp.com\/politicosaldesnudo.com.mx\/wp-content\/uploads\/2023\/07\/P-CONFERENCIA-CD-TUXPAN-1.png?w=1600&amp;ssl=1 1600w\" sizes=\"auto, (max-width: 800px) 100vw, 800px\" \/><\/p>\n<p>&nbsp;<\/p>\n<blockquote>\n<p class=\"p4\"><span style=\"font-size: 14pt;\">No hay duda de que honrar nuestro pasado hist\u00f3rico nos fortalece, nos da identidad y nos alienta a seguir construyendo un mejor futuro\u201d<\/span><\/p>\n<\/blockquote>\n<p>&nbsp;<\/p>\n<p class=\"p4\"><span style=\"font-size: 18pt;\"><strong>A\u00f1adi\u00f3 que nuestro municipio est\u00e1 listo para asumir un papel protag\u00f3nico en el gran desarrollo de nuestro pa\u00eds.<\/strong><\/span><\/p>\n<p class=\"p4\"><span style=\"font-size: 14pt;\">El alcalde Jos\u00e9 Manuel Pozos hizo entrega de un merecido reconocimiento a Don Salvador Hern\u00e1ndez, por su invaluable labor de investigaci\u00f3n, promoci\u00f3n, difusi\u00f3n y preservaci\u00f3n de la memoria hist\u00f3rica de Tuxpan.<\/span><\/p>\n<p>&nbsp;<\/p>\n<p><img data-recalc-dims=\"1\" loading=\"lazy\" decoding=\"async\" class=\"aligncenter wp-image-21960 size-large\" src=\"https:\/\/i0.wp.com\/politicosaldesnudo.com.mx\/wp-content\/uploads\/2023\/07\/P-CONFERENCIA-CD-TUXPAN-2-1024x573.png?resize=800%2C448&#038;ssl=1\" alt=\"\" width=\"800\" height=\"448\" srcset=\"https:\/\/i0.wp.com\/politicosaldesnudo.com.mx\/wp-content\/uploads\/2023\/07\/P-CONFERENCIA-CD-TUXPAN-2.png?resize=1024%2C573&amp;ssl=1 1024w, https:\/\/i0.wp.com\/politicosaldesnudo.com.mx\/wp-content\/uploads\/2023\/07\/P-CONFERENCIA-CD-TUXPAN-2.png?resize=300%2C168&amp;ssl=1 300w, https:\/\/i0.wp.com\/politicosaldesnudo.com.mx\/wp-content\/uploads\/2023\/07\/P-CONFERENCIA-CD-TUXPAN-2.png?resize=768%2C430&amp;ssl=1 768w, https:\/\/i0.wp.com\/politicosaldesnudo.com.mx\/wp-content\/uploads\/2023\/07\/P-CONFERENCIA-CD-TUXPAN-2.png?resize=1536%2C859&amp;ssl=1 1536w, https:\/\/i0.wp.com\/politicosaldesnudo.com.mx\/wp-content\/uploads\/2023\/07\/P-CONFERENCIA-CD-TUXPAN-2.png?w=1816&amp;ssl=1 1816w, https:\/\/i0.wp.com\/politicosaldesnudo.com.mx\/wp-content\/uploads\/2023\/07\/P-CONFERENCIA-CD-TUXPAN-2.png?w=1600&amp;ssl=1 1600w\" sizes=\"auto, (max-width: 800px) 100vw, 800px\" \/><\/p>\n<p>&nbsp;<\/p>\n<p class=\"p4\"><span style=\"font-size: 18pt;\"><strong>Por su parte, Don Salvador Hern\u00e1ndez dio las gracias a los asistentes por la c\u00e1lida recepci\u00f3n hacia su persona; agradeci\u00f3 particularmente al alcalde, de quien dijo: \u201cGracias a mi amigo Jos\u00e9 Manuel, a quien conozco desde hace m\u00e1s de 40 a\u00f1os, por la realizaci\u00f3n de este evento\u201d.<\/strong><\/span><\/p>\n<p>&nbsp;<\/p>\n<blockquote>\n<p class=\"p4\"><span style=\"font-size: 14pt;\">Este es el inicio de una etapa de divulgaci\u00f3n de la historia de Tuxpan que har\u00e9 por las 84 congregaciones del municipio, porque quiero que las nuevas generaciones sepan que Tuxpan no fue producto de una casualidad, sino del esfuerzo de varias generaciones de tuxpe\u00f1os que crearon los cimientos de este lugar tan maravilloso que le da abrigo a propios y a ajenos\u201d<\/span><\/p>\n<\/blockquote>\n<p>&nbsp;<\/p>\n<p><img data-recalc-dims=\"1\" loading=\"lazy\" decoding=\"async\" class=\"aligncenter wp-image-21962 size-large\" src=\"https:\/\/i0.wp.com\/politicosaldesnudo.com.mx\/wp-content\/uploads\/2023\/07\/P-CONFERENCIA-CD-TUXPAN-4-1024x573.png?resize=800%2C448&#038;ssl=1\" alt=\"\" width=\"800\" height=\"448\" srcset=\"https:\/\/i0.wp.com\/politicosaldesnudo.com.mx\/wp-content\/uploads\/2023\/07\/P-CONFERENCIA-CD-TUXPAN-4.png?resize=1024%2C573&amp;ssl=1 1024w, https:\/\/i0.wp.com\/politicosaldesnudo.com.mx\/wp-content\/uploads\/2023\/07\/P-CONFERENCIA-CD-TUXPAN-4.png?resize=300%2C168&amp;ssl=1 300w, https:\/\/i0.wp.com\/politicosaldesnudo.com.mx\/wp-content\/uploads\/2023\/07\/P-CONFERENCIA-CD-TUXPAN-4.png?resize=768%2C430&amp;ssl=1 768w, https:\/\/i0.wp.com\/politicosaldesnudo.com.mx\/wp-content\/uploads\/2023\/07\/P-CONFERENCIA-CD-TUXPAN-4.png?resize=1536%2C859&amp;ssl=1 1536w, https:\/\/i0.wp.com\/politicosaldesnudo.com.mx\/wp-content\/uploads\/2023\/07\/P-CONFERENCIA-CD-TUXPAN-4.png?w=1816&amp;ssl=1 1816w, https:\/\/i0.wp.com\/politicosaldesnudo.com.mx\/wp-content\/uploads\/2023\/07\/P-CONFERENCIA-CD-TUXPAN-4.png?w=1600&amp;ssl=1 1600w\" sizes=\"auto, (max-width: 800px) 100vw, 800px\" \/><\/p>\n<p>&nbsp;<\/p>\n<p class=\"p4\"><span style=\"font-size: 18pt;\"><strong>Al finalizar, los asistentes pudieron apreciar una exposici\u00f3n fotogr\u00e1fica y pict\u00f3rica, relativa a la historia de nuestro municipio.<span class=\"Apple-converted-space\">\u00a0<\/span><\/strong><\/span><\/p>\n<p class=\"p4\"><span style=\"font-size: 14pt;\">Estuvieron presentes en este evento la Teniente de Nav\u00edo, Julia L\u00f3pez Maldonado; en representaci\u00f3n de la Quinta Zona Naval; el Teniente de Infanter\u00eda Fabi\u00e1n Leonardo Lorenzo Cruz, en representaci\u00f3n del 39\u00b0 Batall\u00f3n de Infanter\u00eda; los ediles Anah\u00ed Aguilar L\u00f3pez, Lucero Res\u00e9ndiz Ambrocio y Luciano Folgueras Pioli.<span class=\"Apple-converted-space\">\u00a0<\/span><\/span><\/p>\n<p class=\"p4\"><span style=\"font-size: 14pt;\">Asimismo Estela L\u00f3pez S\u00e1nchez, presidenta de la Asociaci\u00f3n de Hoteles y Moteles de Tuxpan y la Huasteca Veracruzana; Salvador Cruz Bautista, presidente de Canirac Tuxpan; Gustavo Aoyama Ontiveros, presidente del Consejo Cultural Tur\u00edstico; Ra\u00fal Serrallonga Bas\u00e1\u00f1ez; directores y coordinadores de las diferentes \u00e1reas del Ayuntamiento de Tuxpan; as\u00ed como presidentes de C\u00e1maras, Asociaciones e invitados especiales.<\/span><\/p>\n<p>&nbsp;<\/p>\n<p><img data-recalc-dims=\"1\" loading=\"lazy\" decoding=\"async\" class=\"aligncenter wp-image-21963 size-large\" src=\"https:\/\/i0.wp.com\/politicosaldesnudo.com.mx\/wp-content\/uploads\/2023\/07\/P-CONFERENCIA-CD-TUXPAN-5-1024x573.png?resize=800%2C448&#038;ssl=1\" alt=\"\" width=\"800\" height=\"448\" srcset=\"https:\/\/i0.wp.com\/politicosaldesnudo.com.mx\/wp-content\/uploads\/2023\/07\/P-CONFERENCIA-CD-TUXPAN-5.png?resize=1024%2C573&amp;ssl=1 1024w, https:\/\/i0.wp.com\/politicosaldesnudo.com.mx\/wp-content\/uploads\/2023\/07\/P-CONFERENCIA-CD-TUXPAN-5.png?resize=300%2C168&amp;ssl=1 300w, https:\/\/i0.wp.com\/politicosaldesnudo.com.mx\/wp-content\/uploads\/2023\/07\/P-CONFERENCIA-CD-TUXPAN-5.png?resize=768%2C430&amp;ssl=1 768w, https:\/\/i0.wp.com\/politicosaldesnudo.com.mx\/wp-content\/uploads\/2023\/07\/P-CONFERENCIA-CD-TUXPAN-5.png?resize=1536%2C859&amp;ssl=1 1536w, https:\/\/i0.wp.com\/politicosaldesnudo.com.mx\/wp-content\/uploads\/2023\/07\/P-CONFERENCIA-CD-TUXPAN-5.png?w=1816&amp;ssl=1 1816w, https:\/\/i0.wp.com\/politicosaldesnudo.com.mx\/wp-content\/uploads\/2023\/07\/P-CONFERENCIA-CD-TUXPAN-5.png?w=1600&amp;ssl=1 1600w\" sizes=\"auto, (max-width: 800px) 100vw, 800px\" \/><\/p>\n<p>&nbsp;<\/p>\n<p>&nbsp;<\/p>\n<p>&nbsp;<\/p>\n","protected":false},"excerpt":{"rendered":"<p>&nbsp; &nbsp; &lt;&lt;Cronista Salvador Hern\u00e1ndez diserta conferencia \u201c142 Aniversario de la ciudad de Tuxpan\u201d&gt;&gt; &nbsp; &nbsp; TUXPAN, VERACRUZ. Acompa\u00f1ado por<\/p>\n","protected":false},"author":4,"featured_media":21961,"comment_status":"closed","ping_status":"closed","sticky":false,"template":"","format":"standard","meta":{"colormag_page_container_layout":"default_layout","colormag_page_sidebar_layout":"default_layout","_jetpack_memberships_contains_paid_content":false,"footnotes":"","jetpack_publicize_message":"","jetpack_publicize_feature_enabled":true,"jetpack_social_post_already_shared":false,"jetpack_social_options":{"image_generator_settings":{"template":"highway","default_image_id":0,"font":"","enabled":false},"version":2}},"categories":[1082],"tags":[2970,576,2969,70,100],"class_list":["post-21958","post","type-post","status-publish","format-standard","has-post-thumbnail","hentry","category-tuxpan","tag-142-aniversario-de-la-ciudad-de-tuxpan","tag-jose-manuel-pozos","tag-salvador-hernandez","tag-tuxpan","tag-veracruz"],"jetpack_publicize_connections":[],"jetpack_featured_media_url":"https:\/\/i0.wp.com\/politicosaldesnudo.com.mx\/wp-content\/uploads\/2023\/07\/P-CONFERENCIA-CD-TUXPAN-3.png?fit=1816%2C1016&ssl=1","jetpack-related-posts":[],"jetpack_sharing_enabled":true,"_links":{"self":[{"href":"https:\/\/politicosaldesnudo.com.mx\/index.php\/wp-json\/wp\/v2\/posts\/21958","targetHints":{"allow":["GET"]}}],"collection":[{"href":"https:\/\/politicosaldesnudo.com.mx\/index.php\/wp-json\/wp\/v2\/posts"}],"about":[{"href":"https:\/\/politicosaldesnudo.com.mx\/index.php\/wp-json\/wp\/v2\/types\/post"}],"author":[{"embeddable":true,"href":"https:\/\/politicosaldesnudo.com.mx\/index.php\/wp-json\/wp\/v2\/users\/4"}],"replies":[{"embeddable":true,"href":"https:\/\/politicosaldesnudo.com.mx\/index.php\/wp-json\/wp\/v2\/comments?post=21958"}],"version-history":[{"count":0,"href":"https:\/\/politicosaldesnudo.com.mx\/index.php\/wp-json\/wp\/v2\/posts\/21958\/revisions"}],"wp:featuredmedia":[{"embeddable":true,"href":"https:\/\/politicosaldesnudo.com.mx\/index.php\/wp-json\/wp\/v2\/media\/21961"}],"wp:attachment":[{"href":"https:\/\/politicosaldesnudo.com.mx\/index.php\/wp-json\/wp\/v2\/media?parent=21958"}],"wp:term":[{"taxonomy":"category","embeddable":true,"href":"https:\/\/politicosaldesnudo.com.mx\/index.php\/wp-json\/wp\/v2\/categories?post=21958"},{"taxonomy":"post_tag","embeddable":true,"href":"https:\/\/politicosaldesnudo.com.mx\/index.php\/wp-json\/wp\/v2\/tags?post=21958"}],"curies":[{"name":"wp","href":"https:\/\/api.w.org\/{rel}","templated":true}]}}