{"id":21988,"date":"2023-07-05T21:10:10","date_gmt":"2023-07-06T02:10:10","guid":{"rendered":"https:\/\/politicosaldesnudo.com.mx\/?p=21988"},"modified":"2023-07-05T21:11:03","modified_gmt":"2023-07-06T02:11:03","slug":"tras-fallo-judicial-lideres-indigenas-exigen-respetar-resultados-de-elecciones-en-guatemala","status":"publish","type":"post","link":"https:\/\/politicosaldesnudo.com.mx\/index.php\/2023\/07\/05\/tras-fallo-judicial-lideres-indigenas-exigen-respetar-resultados-de-elecciones-en-guatemala\/","title":{"rendered":"Tras fallo judicial, l\u00edderes indigenas exigen respetar resultados de elecciones en Guatemala"},"content":{"rendered":"<p>&nbsp;<\/p>\n<p class=\"p2\"><span style=\"font-size: 14pt;\"><em><strong>GUATEMALA.<\/strong><\/em> <strong>L\u00edderes ind\u00edgenas<\/strong> pidieron <strong>respetar los resultados de las elecciones presidenciales de junio<\/strong>, tras un fallo judicial que orden\u00f3 revisar los escrutinios por supuestas irregularidades.<\/span><\/p>\n<p>&nbsp;<\/p>\n<blockquote>\n<p class=\"p2\"><span style=\"font-size: 14pt;\">Este es un momento hist\u00f3rico para el pueblo de Guatemala exigimos e invitamos a que se agreguen otros sectores porque est\u00e1n vulnerando nuestra democracia, libertad e igualdad\u201d, dijo a periodistas Luis Pacheco, presidente de la junta de alcaldes de los 48 cantones del departamento de Totonicap\u00e1n.<\/span><\/p>\n<\/blockquote>\n<p>&nbsp;<\/p>\n<p class=\"p2\"><span style=\"font-size: 18pt;\"><strong>Los ind\u00edgenas, que representan el 42% de los 17.6 millones de guatemaltecos, viajaron desde sus comunidades a la capital, donde acudieron a la Corte de Constitucionalidad (CC) para exigirle que revoque la decisi\u00f3n de revisar el conteo de votos y respete los resultados que divulg\u00f3 el Tribunal Supremo Electoral (TSE).<\/strong><\/span><\/p>\n<p>&nbsp;<\/p>\n<blockquote>\n<p class=\"p2\"><span style=\"font-size: 14pt;\">Lo que buscamos es defender la democracia, la soberan\u00eda y la voluntad del pueblo\u201d, afirm\u00f3 Pacheco, que asegur\u00f3 que la iniciativa es apol\u00edtica y lo \u00fanico que pretende es fortalecer el Estado de derecho.<\/span><\/p>\n<\/blockquote>\n<p>&nbsp;<\/p>\n<p class=\"p2\"><span style=\"font-size: 18pt; color: #139eca;\"><strong>Con 95% de las actas escrutadas, Sandra Torres, ex esposa del ex presidente \u00c1lvaro Colom (2008-2012), result\u00f3 primera entre 22 candidatos en los comicios del 25 de junio con 15,86% de los votos, seguida sorpresivamente por Bernardo Ar\u00e9valo, hijo del presidente reformista Juan Jos\u00e9 Ar\u00e9valo (1945-1951), que obtuvo 11,77%.<\/strong><\/span><\/p>\n<p>&nbsp;<\/p>\n<p><img data-recalc-dims=\"1\" loading=\"lazy\" decoding=\"async\" class=\"aligncenter wp-image-21991 size-large\" src=\"https:\/\/i0.wp.com\/politicosaldesnudo.com.mx\/wp-content\/uploads\/2023\/07\/P-GUATEMALA-ELECCIONES-3-1024x573.png?resize=800%2C448&#038;ssl=1\" alt=\"\" width=\"800\" height=\"448\" srcset=\"https:\/\/i0.wp.com\/politicosaldesnudo.com.mx\/wp-content\/uploads\/2023\/07\/P-GUATEMALA-ELECCIONES-3.png?resize=1024%2C573&amp;ssl=1 1024w, https:\/\/i0.wp.com\/politicosaldesnudo.com.mx\/wp-content\/uploads\/2023\/07\/P-GUATEMALA-ELECCIONES-3.png?resize=300%2C168&amp;ssl=1 300w, https:\/\/i0.wp.com\/politicosaldesnudo.com.mx\/wp-content\/uploads\/2023\/07\/P-GUATEMALA-ELECCIONES-3.png?resize=768%2C430&amp;ssl=1 768w, https:\/\/i0.wp.com\/politicosaldesnudo.com.mx\/wp-content\/uploads\/2023\/07\/P-GUATEMALA-ELECCIONES-3.png?resize=1536%2C859&amp;ssl=1 1536w, https:\/\/i0.wp.com\/politicosaldesnudo.com.mx\/wp-content\/uploads\/2023\/07\/P-GUATEMALA-ELECCIONES-3.png?w=1816&amp;ssl=1 1816w, https:\/\/i0.wp.com\/politicosaldesnudo.com.mx\/wp-content\/uploads\/2023\/07\/P-GUATEMALA-ELECCIONES-3.png?w=1600&amp;ssl=1 1600w\" sizes=\"auto, (max-width: 800px) 100vw, 800px\" \/><\/p>\n<p>&nbsp;<\/p>\n<p class=\"p2\"><span style=\"font-size: 18pt;\"><strong>Ambos deber\u00edan medirse en una segunda vuelta prevista para el 20 de agosto.<\/strong><\/span><\/p>\n<p class=\"p2\"><span style=\"font-size: 14pt;\">Pero la Corte de Constitucionalidad dio lugar a un recurso de nueve partidos de derecha que, tras el fracaso en las urnas, impugnaron los resultados argumentando que hubo \u201cfraude\u201d.<\/span><\/p>\n<p>&nbsp;<\/p>\n<p class=\"p2\"><span style=\"font-size: 18pt; color: #139eca;\"><strong>EL TRIBUNAL Y SU FALLO<\/strong><\/span><\/p>\n<p class=\"p2\"><span style=\"font-size: 18pt;\"><strong>El fallo del m\u00e1ximo tribunal guatemalteco gener\u00f3 descontento tanto dentro como fuera del pa\u00eds. El martes se inici\u00f3 el recuento.<\/strong><\/span><\/p>\n<p class=\"p2\"><span style=\"font-size: 14pt;\">No vamos a motivar a que voten por alguien o por equis partido, simple y sencillamente que se d\u00e9 la segunda vuelta y que el pueblo decida, as\u00ed de f\u00e1cil, y lo vamos a respetar\u201d, se\u00f1al\u00f3 Pacheco.<\/span><\/p>\n<p class=\"p2\"><span style=\"font-size: 18pt;\"><strong>Sin embargo, el l\u00edder maya advirti\u00f3 que podr\u00edan \u201cmovilizar a la poblaci\u00f3n\u201d si contin\u00faan utilizando las cortes judiciales en un tema electoral.<\/strong><\/span><\/p>\n<p>&nbsp;<\/p>\n<p><img data-recalc-dims=\"1\" loading=\"lazy\" decoding=\"async\" class=\"aligncenter wp-image-21990 size-large\" src=\"https:\/\/i0.wp.com\/politicosaldesnudo.com.mx\/wp-content\/uploads\/2023\/07\/P-GUATEMALA-ELECCIONES-2-1024x573.png?resize=800%2C448&#038;ssl=1\" alt=\"\" width=\"800\" height=\"448\" srcset=\"https:\/\/i0.wp.com\/politicosaldesnudo.com.mx\/wp-content\/uploads\/2023\/07\/P-GUATEMALA-ELECCIONES-2.png?resize=1024%2C573&amp;ssl=1 1024w, https:\/\/i0.wp.com\/politicosaldesnudo.com.mx\/wp-content\/uploads\/2023\/07\/P-GUATEMALA-ELECCIONES-2.png?resize=300%2C168&amp;ssl=1 300w, https:\/\/i0.wp.com\/politicosaldesnudo.com.mx\/wp-content\/uploads\/2023\/07\/P-GUATEMALA-ELECCIONES-2.png?resize=768%2C430&amp;ssl=1 768w, https:\/\/i0.wp.com\/politicosaldesnudo.com.mx\/wp-content\/uploads\/2023\/07\/P-GUATEMALA-ELECCIONES-2.png?resize=1536%2C859&amp;ssl=1 1536w, https:\/\/i0.wp.com\/politicosaldesnudo.com.mx\/wp-content\/uploads\/2023\/07\/P-GUATEMALA-ELECCIONES-2.png?w=1816&amp;ssl=1 1816w, https:\/\/i0.wp.com\/politicosaldesnudo.com.mx\/wp-content\/uploads\/2023\/07\/P-GUATEMALA-ELECCIONES-2.png?w=1600&amp;ssl=1 1600w\" sizes=\"auto, (max-width: 800px) 100vw, 800px\" \/><\/p>\n<p>&nbsp;<\/p>\n<p class=\"p2\"><span style=\"font-size: 14pt;\">Entre los partidos que impugnaron figuran el oficialista Vamos, con Manuel Conde (tercero en la contienda con 7,84%), y Valor, con Zury R\u00edos, hija del fallecido exdictador Efra\u00edn R\u00edos Montt (1982-1983).<\/span><\/p>\n<p class=\"p2\"><span style=\"font-size: 14pt;\">Las denuncias sostienen que hay m\u00e1s de mil actas alteradas. Esa cantidad de actas representan el 0,82% de las 121.227 procesadas (de un total de 122.293) en el escrutinio, seg\u00fan cifras oficiales.<\/span><\/p>\n<p class=\"p2\"><span style=\"font-size: 18pt;\"><strong>La decisi\u00f3n de la Corte de Constitucionalidad fue criticada por Estados Unidos, la Uni\u00f3n Europea (EU), la Organizaci\u00f3n de Estados Americanos (OEA) y diversas organizaciones locales acad\u00e9micas, la Iglesia cat\u00f3lica y organizaciones de defensa de los derechos humanos.<\/strong><\/span><\/p>\n<p>&nbsp;<\/p>\n<p>&nbsp;<\/p>\n<p>&nbsp;<\/p>\n","protected":false},"excerpt":{"rendered":"<p>&nbsp; GUATEMALA. L\u00edderes ind\u00edgenas pidieron respetar los resultados de las elecciones presidenciales de junio, tras un fallo judicial que orden\u00f3<\/p>\n","protected":false},"author":4,"featured_media":21989,"comment_status":"closed","ping_status":"closed","sticky":false,"template":"","format":"standard","meta":{"colormag_page_container_layout":"default_layout","colormag_page_sidebar_layout":"default_layout","_jetpack_memberships_contains_paid_content":false,"footnotes":"","jetpack_publicize_message":"","jetpack_publicize_feature_enabled":true,"jetpack_social_post_already_shared":false,"jetpack_social_options":{"image_generator_settings":{"template":"highway","default_image_id":0,"font":"","enabled":false},"version":2}},"categories":[28],"tags":[2976,51,55,2907],"class_list":["post-21988","post","type-post","status-publish","format-standard","has-post-thumbnail","hentry","category-internacional","tag-corte-de-constitucionalidad","tag-elecciones","tag-guatemala","tag-sandra-torres"],"jetpack_publicize_connections":[],"jetpack_featured_media_url":"https:\/\/i0.wp.com\/politicosaldesnudo.com.mx\/wp-content\/uploads\/2023\/07\/P-GUATEMALA-ELECCIONES-1.png?fit=1816%2C1016&ssl=1","jetpack-related-posts":[],"jetpack_sharing_enabled":true,"_links":{"self":[{"href":"https:\/\/politicosaldesnudo.com.mx\/index.php\/wp-json\/wp\/v2\/posts\/21988","targetHints":{"allow":["GET"]}}],"collection":[{"href":"https:\/\/politicosaldesnudo.com.mx\/index.php\/wp-json\/wp\/v2\/posts"}],"about":[{"href":"https:\/\/politicosaldesnudo.com.mx\/index.php\/wp-json\/wp\/v2\/types\/post"}],"author":[{"embeddable":true,"href":"https:\/\/politicosaldesnudo.com.mx\/index.php\/wp-json\/wp\/v2\/users\/4"}],"replies":[{"embeddable":true,"href":"https:\/\/politicosaldesnudo.com.mx\/index.php\/wp-json\/wp\/v2\/comments?post=21988"}],"version-history":[{"count":0,"href":"https:\/\/politicosaldesnudo.com.mx\/index.php\/wp-json\/wp\/v2\/posts\/21988\/revisions"}],"wp:featuredmedia":[{"embeddable":true,"href":"https:\/\/politicosaldesnudo.com.mx\/index.php\/wp-json\/wp\/v2\/media\/21989"}],"wp:attachment":[{"href":"https:\/\/politicosaldesnudo.com.mx\/index.php\/wp-json\/wp\/v2\/media?parent=21988"}],"wp:term":[{"taxonomy":"category","embeddable":true,"href":"https:\/\/politicosaldesnudo.com.mx\/index.php\/wp-json\/wp\/v2\/categories?post=21988"},{"taxonomy":"post_tag","embeddable":true,"href":"https:\/\/politicosaldesnudo.com.mx\/index.php\/wp-json\/wp\/v2\/tags?post=21988"}],"curies":[{"name":"wp","href":"https:\/\/api.w.org\/{rel}","templated":true}]}}