{"id":22013,"date":"2023-07-06T04:23:39","date_gmt":"2023-07-06T09:23:39","guid":{"rendered":"https:\/\/politicosaldesnudo.com.mx\/?p=22013"},"modified":"2023-07-06T08:25:44","modified_gmt":"2023-07-06T13:25:44","slug":"volaron-las-golondrinas","status":"publish","type":"post","link":"https:\/\/politicosaldesnudo.com.mx\/index.php\/2023\/07\/06\/volaron-las-golondrinas\/","title":{"rendered":"Volaron las golondrinas"},"content":{"rendered":"<p class=\"p1\">\n<p>&nbsp;<\/p>\n<p class=\"p1\"><span style=\"font-size: 18pt;\"><strong>Por Norma Meraz<\/strong><\/span><\/p>\n<p class=\"p1\"><span style=\"font-size: 14pt;\">Los priistas que pomposamente anunciaron su salida del partido, argullendo poca claridad en el proceso de selecci\u00f3n de candidato a la Presidencia , no los necesita el PRI.<\/span><\/p>\n<p class=\"p1\"><span style=\"font-size: 14pt;\">\u201c Una golondrina no hace verano \u201c, cuatro senadores , muy buenos para ostentar el poder . Entre estos, dos ex gobernadores color gris como Miguel Angel Osorio Chong que en Hidalgo &#8211; estado min\u00fasculo -, no hizo mayor cosa por la miner\u00eda y por ayudar a los ind\u00edgenas y Eruviel \u00c1vila del Edomex; nefasto , que cuando el rector de la Universidad llegaba a exponerle alg\u00fan problema estudiantil, contestaba:\u201d yo solo s\u00e9 que no se nada\u201d. !,Claudia Ruiz Massieu, ella si,con experiencia en la Administraci\u00f3n P\u00fablica<span class=\"Apple-converted-space\">\u00a0<\/span><\/span><\/p>\n<p class=\"p1\"><span style=\"font-size: 14pt;\">y un fantasma en la espalda: el asesinato de su padre ; Nuvia Mayorga , hidalguense , diputada federal 2012-2013 ,directora del Instituto Nacional<span class=\"Apple-converted-space\">\u00a0 <\/span>de los Pueblos Ind\u00edgenas y senadora .<\/span><\/p>\n<p class=\"p1\"><span style=\"font-size: 14pt;\">A d\u00f3nde creen que van esos priistas de membrete ?<span class=\"Apple-converted-space\">\u00a0<\/span><\/span><\/p>\n<p class=\"p1\"><span style=\"font-size: 14pt;\">Solo a hacerle el juego a Andres Manuel Lopez Obrador o aceptarle un puestecito en el extranjero como algunos ex gobernadores se han conformado y otros que est\u00e1n haciendo fila<span class=\"Apple-converted-space\">\u00a0 <\/span>como: Alejandrito Murat, Alfredito del Mazo y Omar Fayad.<\/span><\/p>\n<p class=\"p1\"><span style=\"font-size: 14pt;\">En el PRI se queda con lo que siempre ha hecho bien, el trabajo pie a tierra con sus militantes y que ser\u00e1 el gran aporte al Frente Amplio por M\u00e9xico en la competencia por la Presidencia.<\/span><\/p>\n<p class=\"p1\"><span style=\"font-size: 14pt;\">Muchos priistas auto borrado de la lista original de aspirantes a la candidatura en el 2024.<\/span><\/p>\n<p class=\"p1\"><span style=\"font-size: 14pt;\">Alejandrito Murat, Gustavo de Hoyos, Ildefonso Guajardo, Jos\u00e9 Angel Gurria y anteriormente , Claudia Ruiz Massieu.<span class=\"Apple-converted-space\">\u00a0<\/span><\/span><\/p>\n<p class=\"p1\"><span style=\"font-size: 14pt;\">Su intenci\u00f3n no era realmente llegar al final del camino a la competencia , s\u00f3lo buscaban salir en la foto .<\/span><\/p>\n<p class=\"p1\"><span style=\"font-size: 14pt;\">Hoy en d\u00eda , quedan realmente en la contienda : Beatriz Paredes, Enrique de la Madrid,<span class=\"Apple-converted-space\">\u00a0 <\/span>X\u00f3chitl G\u00e1lvez, Juan Carlos Romero Hicks<span class=\"Apple-converted-space\">\u00a0 <\/span>y SAntiago Creel..<\/span><\/p>\n<p class=\"p1\"><span style=\"font-size: 14pt;\">El vuelo de las golondrinas<span class=\"Apple-converted-space\">\u00a0 <\/span>puso muy contento a Lopez Obrador, crey\u00f3 que dejaban la v\u00eda libre<span class=\"Apple-converted-space\">\u00a0 <\/span>a sus fichas sembradoras de millones de pesos en espectaculares tapiz\u00e1ndole cerros y edificios , con el fin de que los conozcan porque a excepci\u00f3n de Marcelo Ebrard &#8211; el comprador de medicinas y apaga fuegos de la migraci\u00f3n-, a la se\u00f1ora Sheimbaun y el se\u00f1or Adan Augusto Lopez -el de los relojes del mill\u00f3n-, Ni\u00f1o quien lo conociera en el centro y norte del pa\u00eds .<\/span><\/p>\n<p class=\"p1\"><span style=\"font-size: 14pt;\">Comentase que en las reuniones de seguridad en las ma\u00f1anas de Palacio, lo que revisa el Presidente, son las encuestas , no los reportes de masacres y enfrentamientos armados del crimen organizado contra la poblaci\u00f3n civil.<\/span><\/p>\n<p class=\"p1\"><span style=\"font-size: 14pt;\">Cuando se re\u00fane con su grupo de empleados , o sea su \u201c gabinete \u201c, es para tirar l\u00ednea pol\u00edtica pues desesperado est\u00e1 el se\u00f1or Presidente Lopez Obrador , por que MORENA , gane el<span class=\"Apple-converted-space\">\u00a0 <\/span>Congredo el pr\u00f3ximo a\u00f1o.<\/span><\/p>\n<p class=\"p1\"><span style=\"font-size: 14pt;\">Mientras tanto, se esmera en tratar de derruir el Estado de Derecho, con tal de lograr sus caprichos .<\/span><\/p>\n<p class=\"p1\"><span style=\"font-size: 14pt;\">No cesar\u00e1 en acusar de lo indecible a la Suprema Corte para desprestigiar a ese poder independiente , que le dice: No , a sus ocurrencias .<\/span><\/p>\n<p class=\"p1\"><span style=\"font-size: 14pt;\">No acaba de entender<span class=\"Apple-converted-space\">\u00a0 <\/span>que el Poder Judicial no est\u00e1 para complacencias sino para hacer valer la Ley; pero a \u00e9l lo ciega su obsesi\u00f3n de poder !<span class=\"Apple-converted-space\">\u00a0<\/span><\/span><\/p>\n<p class=\"p1\"><span style=\"font-size: 14pt;\">Lo bueno es que \u201cya falta menos que al principio\u201d y cumpla con lo que prometi\u00f3- aunque no tiene palabra-, que se ir\u00e1 a su rancho en Tabasco!<\/span><\/p>\n<p class=\"p1\"><span style=\"font-size: 14pt;\">Las golondrinas volaron y todo sigue igual !<span class=\"Apple-converted-space\">\u00a0<\/span><\/span><\/p>\n<p>&nbsp;<\/p>\n<hr \/>\n<p>&nbsp;<\/p>\n<p><img data-recalc-dims=\"1\" loading=\"lazy\" decoding=\"async\" class=\"aligncenter wp-image-14351 size-large\" src=\"https:\/\/i0.wp.com\/politicosaldesnudo.com.mx\/wp-content\/uploads\/2023\/01\/FIRMA-EDITORIAL-PD-1024x125.png?resize=800%2C98&#038;ssl=1\" alt=\"\" width=\"800\" height=\"98\" srcset=\"https:\/\/i0.wp.com\/politicosaldesnudo.com.mx\/wp-content\/uploads\/2023\/01\/FIRMA-EDITORIAL-PD.png?resize=1024%2C125&amp;ssl=1 1024w, https:\/\/i0.wp.com\/politicosaldesnudo.com.mx\/wp-content\/uploads\/2023\/01\/FIRMA-EDITORIAL-PD.png?resize=300%2C37&amp;ssl=1 300w, https:\/\/i0.wp.com\/politicosaldesnudo.com.mx\/wp-content\/uploads\/2023\/01\/FIRMA-EDITORIAL-PD.png?resize=768%2C94&amp;ssl=1 768w, https:\/\/i0.wp.com\/politicosaldesnudo.com.mx\/wp-content\/uploads\/2023\/01\/FIRMA-EDITORIAL-PD.png?resize=1536%2C188&amp;ssl=1 1536w, https:\/\/i0.wp.com\/politicosaldesnudo.com.mx\/wp-content\/uploads\/2023\/01\/FIRMA-EDITORIAL-PD.png?resize=2048%2C250&amp;ssl=1 2048w, https:\/\/i0.wp.com\/politicosaldesnudo.com.mx\/wp-content\/uploads\/2023\/01\/FIRMA-EDITORIAL-PD.png?w=1600&amp;ssl=1 1600w, https:\/\/i0.wp.com\/politicosaldesnudo.com.mx\/wp-content\/uploads\/2023\/01\/FIRMA-EDITORIAL-PD.png?w=2400&amp;ssl=1 2400w\" sizes=\"auto, (max-width: 800px) 100vw, 800px\" \/><\/p>\n<p>&nbsp;<\/p>\n<p>&nbsp;<\/p>\n<p>&nbsp;<\/p>\n<p>&nbsp;<\/p>\n","protected":false},"excerpt":{"rendered":"<p>&nbsp; Por Norma Meraz Los priistas que pomposamente anunciaron su salida del partido, argullendo poca claridad en el proceso de<\/p>\n","protected":false},"author":4,"featured_media":12682,"comment_status":"closed","ping_status":"closed","sticky":false,"template":"","format":"standard","meta":{"colormag_page_container_layout":"default_layout","colormag_page_sidebar_layout":"default_layout","_jetpack_memberships_contains_paid_content":false,"footnotes":"","jetpack_publicize_message":"","jetpack_publicize_feature_enabled":true,"jetpack_social_post_already_shared":false,"jetpack_social_options":{"image_generator_settings":{"template":"highway","default_image_id":0,"font":"","enabled":false},"version":2}},"categories":[26],"tags":[],"class_list":["post-22013","post","type-post","status-publish","format-standard","has-post-thumbnail","hentry","category-columnistas"],"jetpack_publicize_connections":[],"jetpack_featured_media_url":"https:\/\/i0.wp.com\/politicosaldesnudo.com.mx\/wp-content\/uploads\/2022\/11\/P-NORMA-MERAZ-PD.png?fit=1816%2C1016&ssl=1","jetpack-related-posts":[],"jetpack_sharing_enabled":true,"_links":{"self":[{"href":"https:\/\/politicosaldesnudo.com.mx\/index.php\/wp-json\/wp\/v2\/posts\/22013","targetHints":{"allow":["GET"]}}],"collection":[{"href":"https:\/\/politicosaldesnudo.com.mx\/index.php\/wp-json\/wp\/v2\/posts"}],"about":[{"href":"https:\/\/politicosaldesnudo.com.mx\/index.php\/wp-json\/wp\/v2\/types\/post"}],"author":[{"embeddable":true,"href":"https:\/\/politicosaldesnudo.com.mx\/index.php\/wp-json\/wp\/v2\/users\/4"}],"replies":[{"embeddable":true,"href":"https:\/\/politicosaldesnudo.com.mx\/index.php\/wp-json\/wp\/v2\/comments?post=22013"}],"version-history":[{"count":0,"href":"https:\/\/politicosaldesnudo.com.mx\/index.php\/wp-json\/wp\/v2\/posts\/22013\/revisions"}],"wp:featuredmedia":[{"embeddable":true,"href":"https:\/\/politicosaldesnudo.com.mx\/index.php\/wp-json\/wp\/v2\/media\/12682"}],"wp:attachment":[{"href":"https:\/\/politicosaldesnudo.com.mx\/index.php\/wp-json\/wp\/v2\/media?parent=22013"}],"wp:term":[{"taxonomy":"category","embeddable":true,"href":"https:\/\/politicosaldesnudo.com.mx\/index.php\/wp-json\/wp\/v2\/categories?post=22013"},{"taxonomy":"post_tag","embeddable":true,"href":"https:\/\/politicosaldesnudo.com.mx\/index.php\/wp-json\/wp\/v2\/tags?post=22013"}],"curies":[{"name":"wp","href":"https:\/\/api.w.org\/{rel}","templated":true}]}}