{"id":22026,"date":"2023-07-07T05:30:05","date_gmt":"2023-07-07T10:30:05","guid":{"rendered":"https:\/\/politicosaldesnudo.com.mx\/?p=22026"},"modified":"2023-07-07T08:13:48","modified_gmt":"2023-07-07T13:13:48","slug":"espionaje-del-gobierno-a-xochitl-sus-3-caminos","status":"publish","type":"post","link":"https:\/\/politicosaldesnudo.com.mx\/index.php\/2023\/07\/07\/espionaje-del-gobierno-a-xochitl-sus-3-caminos\/","title":{"rendered":"Espionaje del Gobierno a X\u00f3chitl\u2026 Sus 3 caminos"},"content":{"rendered":"<p class=\"p1\">\n<p>&nbsp;<\/p>\n<p class=\"p1\"><span style=\"font-size: 18pt;\"><strong>Por Jos\u00e9 Ure\u00f1a<\/strong><\/span><\/p>\n<p class=\"p1\"><span style=\"font-size: 14pt;\">X\u00f3chitl G\u00e1lvez no deja de ser noticia. <\/span><span style=\"font-size: 14pt;\">Aqu\u00ed le damos las novedades:<\/span><\/p>\n<p class=\"p1\"><span style=\"font-size: 14pt;\">1. El Gobierno ha establecido un r\u00edgido sistema de vigilancia que en ocasiones le impide tener actividades personales y no se diga proselitistas.<\/span><\/p>\n<p class=\"p1\"><span style=\"font-size: 14pt;\">Un dato: cuando el fin de semana visit\u00f3 el proyecto de refiner\u00eda de Dos Bocas, mor\u00eda de calor y sus anfitriones la invitaron a una cerveza.<\/span><\/p>\n<p class=\"p1\"><span style=\"font-size: 14pt;\">No pudo beberla en libertad porque le tomaban fotos y sin duda hubiesen sido el esc\u00e1ndalo de desprestigio tan esperado por el Gobierno.<\/span><\/p>\n<p class=\"p1\"><span style=\"font-size: 14pt;\">2. A pesar de ello, rechaza contratar un cuerpo de seguridad propio.<\/span><\/p>\n<p class=\"p1\"><span style=\"font-size: 14pt;\">Terca como es, insiste en viajar sola en la Ciudad de M\u00e9xico en una bicicleta el\u00e9ctrica \u201cporque en auto tardo mucho y en bicicleta de pedal jam\u00e1s llegar\u00eda\u201d.<\/span><\/p>\n<p class=\"p1\"><span style=\"font-size: 14pt;\">3. Tambi\u00e9n rechaza utilizar un veh\u00edculo blindado \u201cporque no va conmigo. No debo nada y cuando eso suceda no me reconocer\u00eda\u201d.<\/span><\/p>\n<p class=\"p1\"><span style=\"font-size: 14pt;\">Con algo peor: no acepta viajar en la parte posterior de la camioneta. \u201cYo voy adelante, como copiloto, aunque sea un blanco m\u00e1s f\u00e1cil si alguien me quiere atacar\u201d.<\/span><\/p>\n<p class=\"p1\"><span style=\"font-size: 14pt;\">No lo dice ella, pero s\u00ed los expertos en seguridad: desde ah\u00ed tiene dos \u00e1ngulos si atentan contra ella, el delantero y por la ventanilla derecha\u201d.<\/span><\/p>\n<p>&nbsp;<\/p>\n<p class=\"p1\"><span style=\"font-size: 18pt; color: #139eca;\"><strong>FRENTE FAMILIAR<\/strong><\/span><\/p>\n<p class=\"p1\"><span style=\"font-size: 14pt;\">En otro aspecto, lleva la delantera. <\/span><span style=\"font-size: 14pt;\">Ya le desquici\u00f3 el esquema de Andr\u00e9s Manuel L\u00f3pez Obrador de su partido personal, Morena, y de la alianza conformada con el Verde y el PT.<\/span><\/p>\n<p class=\"p1\"><span style=\"font-size: 14pt;\">Ha aparecido para dar vida a una oposici\u00f3n muerta todo el sexenio, aunque tambi\u00e9n est\u00e1 en la mira de Palacio Nacional, las corcholatas y su gran aparato medi\u00e1tico.<\/span><\/p>\n<p class=\"p1\"><span style=\"font-size: 14pt;\">-S\u00e9 qu\u00e9 viene, pero estoy decidida a enfrentarlo.<\/span><\/p>\n<p class=\"p1\"><span style=\"font-size: 14pt;\">Se lo dijo a su marido cuando, al sentir el aguij\u00f3n presidencial por ser considerada la candidata del gran capital, de Carlos Salinas, Vicente Fox, Felipe Calder\u00f3n, Claudio X Gonz\u00e1lez y todos los fantasmas de L\u00f3pez Obrador.<\/span><\/p>\n<p class=\"p1\"><span style=\"font-size: 14pt;\">-Seguir\u00e9 adelante -contest\u00f3 a su esposo, mientras su hijo le pidi\u00f3 reconsiderar y su hija le ofreci\u00f3 su total respaldo bajo un voto de confianza: \u201cT\u00fa puedes\u201d.<\/span><\/p>\n<p class=\"p1\"><span style=\"font-size: 14pt;\">Dado su car\u00e1cter, va la apuesta: no abandonar\u00e1 al frente Va por M\u00e9xico.<\/span><\/p>\n<p>&nbsp;<\/p>\n<p class=\"p1\"><span style=\"font-size: 18pt; color: #139eca;\"><strong>TRES DISYUNTIVAS<\/strong><\/span><\/p>\n<p class=\"p1\"><span style=\"font-size: 14pt;\">Aupada por la negativa de Andr\u00e9s Manuel L\u00f3pez Obrador de recibirla en Palacio Nacional, hoy tiene muchas alternativas.<\/span><\/p>\n<p class=\"p1\"><span style=\"font-size: 14pt;\">La principal, obvio, es ser abanderada del Frente Amplio por M\u00e9xico con el respaldo de tres partidos, PAN, PRI y PRD.<\/span><\/p>\n<p class=\"p1\"><span style=\"font-size: 14pt;\">Pero si no vence sobre todo la resistencia al interior de Acci\u00f3n Nacional, tiene la opci\u00f3n de presentarse como candidata de la sociedad civil.<\/span><\/p>\n<p class=\"p1\"><span style=\"font-size: 14pt;\">Deber\u00eda recibir el registro si PRI y PRD la apoyan o, junto con el PAN, cumple el compromiso de abrir espacio a la gente para democratizar la postulaci\u00f3n.<\/span><\/p>\n<p class=\"p1\"><span style=\"font-size: 14pt;\">Pero tambi\u00e9n tiene la oferta de Movimiento Ciudadano, de cuyo dirigente Dante Delgado es amiga desde hace tiempo e inclusive han tenido cruzadas juntos.<\/span><\/p>\n<p class=\"p1\"><span style=\"font-size: 14pt;\">Ayer ese \u00e1nimo se encendi\u00f3 cuando Clemente Casta\u00f1eda, dirigente emecista en San L\u00e1zaro, habl\u00f3 de darle el apoyo a X\u00f3chitl G\u00e1lvez.<\/span><\/p>\n<p class=\"p1\"><span style=\"font-size: 14pt;\">Pero luego Dante Delgado sigui\u00f3 con su pol\u00edtica de negarse a formar un frente anti gobierno -en realidad antiobradorista- con un tuit muy preciso:<\/span><\/p>\n<p class=\"p1\"><span style=\"font-size: 14pt;\">\u201cEn MC siempre hemos estado abiertos al debate. Lo que est\u00e1 fuera de toda discusi\u00f3n es que con el PRI ni a la esquina. Y con el Titanic de la Alianza tampoco\u201d.<\/span><\/p>\n<p class=\"p1\"><span style=\"font-size: 14pt;\">O sea, nada contra L\u00f3pez Obrador.<\/span><\/p>\n<p>&nbsp;<\/p>\n<hr \/>\n<p>&nbsp;<\/p>\n<p><img data-recalc-dims=\"1\" loading=\"lazy\" decoding=\"async\" class=\"aligncenter wp-image-14351\" src=\"https:\/\/i0.wp.com\/politicosaldesnudo.com.mx\/wp-content\/uploads\/2023\/01\/FIRMA-EDITORIAL-PD-300x37.png?resize=800%2C98&#038;ssl=1\" alt=\"\" width=\"800\" height=\"98\" srcset=\"https:\/\/i0.wp.com\/politicosaldesnudo.com.mx\/wp-content\/uploads\/2023\/01\/FIRMA-EDITORIAL-PD.png?resize=300%2C37&amp;ssl=1 300w, https:\/\/i0.wp.com\/politicosaldesnudo.com.mx\/wp-content\/uploads\/2023\/01\/FIRMA-EDITORIAL-PD.png?resize=1024%2C125&amp;ssl=1 1024w, https:\/\/i0.wp.com\/politicosaldesnudo.com.mx\/wp-content\/uploads\/2023\/01\/FIRMA-EDITORIAL-PD.png?resize=768%2C94&amp;ssl=1 768w, https:\/\/i0.wp.com\/politicosaldesnudo.com.mx\/wp-content\/uploads\/2023\/01\/FIRMA-EDITORIAL-PD.png?resize=1536%2C188&amp;ssl=1 1536w, https:\/\/i0.wp.com\/politicosaldesnudo.com.mx\/wp-content\/uploads\/2023\/01\/FIRMA-EDITORIAL-PD.png?resize=2048%2C250&amp;ssl=1 2048w, https:\/\/i0.wp.com\/politicosaldesnudo.com.mx\/wp-content\/uploads\/2023\/01\/FIRMA-EDITORIAL-PD.png?w=1600&amp;ssl=1 1600w, https:\/\/i0.wp.com\/politicosaldesnudo.com.mx\/wp-content\/uploads\/2023\/01\/FIRMA-EDITORIAL-PD.png?w=2400&amp;ssl=1 2400w\" sizes=\"auto, (max-width: 800px) 100vw, 800px\" \/><\/p>\n<p>&nbsp;<\/p>\n<p>&nbsp;<\/p>\n<p>&nbsp;<\/p>\n<p>&nbsp;<\/p>\n","protected":false},"excerpt":{"rendered":"<p>&nbsp; Por Jos\u00e9 Ure\u00f1a X\u00f3chitl G\u00e1lvez no deja de ser noticia. Aqu\u00ed le damos las novedades: 1. El Gobierno ha<\/p>\n","protected":false},"author":4,"featured_media":4036,"comment_status":"closed","ping_status":"closed","sticky":false,"template":"","format":"standard","meta":{"colormag_page_container_layout":"default_layout","colormag_page_sidebar_layout":"default_layout","_jetpack_memberships_contains_paid_content":false,"footnotes":"","jetpack_publicize_message":"","jetpack_publicize_feature_enabled":true,"jetpack_social_post_already_shared":false,"jetpack_social_options":{"image_generator_settings":{"template":"highway","default_image_id":0,"font":"","enabled":false},"version":2}},"categories":[26],"tags":[],"class_list":["post-22026","post","type-post","status-publish","format-standard","has-post-thumbnail","hentry","category-columnistas"],"jetpack_publicize_connections":[],"jetpack_featured_media_url":"https:\/\/i0.wp.com\/politicosaldesnudo.com.mx\/wp-content\/uploads\/2022\/04\/JOSE%CC%81-UREN%CC%83A-1.png?fit=1816%2C1016&ssl=1","jetpack-related-posts":[],"jetpack_sharing_enabled":true,"_links":{"self":[{"href":"https:\/\/politicosaldesnudo.com.mx\/index.php\/wp-json\/wp\/v2\/posts\/22026","targetHints":{"allow":["GET"]}}],"collection":[{"href":"https:\/\/politicosaldesnudo.com.mx\/index.php\/wp-json\/wp\/v2\/posts"}],"about":[{"href":"https:\/\/politicosaldesnudo.com.mx\/index.php\/wp-json\/wp\/v2\/types\/post"}],"author":[{"embeddable":true,"href":"https:\/\/politicosaldesnudo.com.mx\/index.php\/wp-json\/wp\/v2\/users\/4"}],"replies":[{"embeddable":true,"href":"https:\/\/politicosaldesnudo.com.mx\/index.php\/wp-json\/wp\/v2\/comments?post=22026"}],"version-history":[{"count":0,"href":"https:\/\/politicosaldesnudo.com.mx\/index.php\/wp-json\/wp\/v2\/posts\/22026\/revisions"}],"wp:featuredmedia":[{"embeddable":true,"href":"https:\/\/politicosaldesnudo.com.mx\/index.php\/wp-json\/wp\/v2\/media\/4036"}],"wp:attachment":[{"href":"https:\/\/politicosaldesnudo.com.mx\/index.php\/wp-json\/wp\/v2\/media?parent=22026"}],"wp:term":[{"taxonomy":"category","embeddable":true,"href":"https:\/\/politicosaldesnudo.com.mx\/index.php\/wp-json\/wp\/v2\/categories?post=22026"},{"taxonomy":"post_tag","embeddable":true,"href":"https:\/\/politicosaldesnudo.com.mx\/index.php\/wp-json\/wp\/v2\/tags?post=22026"}],"curies":[{"name":"wp","href":"https:\/\/api.w.org\/{rel}","templated":true}]}}