{"id":22040,"date":"2023-07-06T23:28:24","date_gmt":"2023-07-07T04:28:24","guid":{"rendered":"https:\/\/politicosaldesnudo.com.mx\/?p=22040"},"modified":"2023-07-08T12:36:48","modified_gmt":"2023-07-08T17:36:48","slug":"tuxpan-recibe-galardon-de-oro-por-la-proteccion-al-medio-ambiente","status":"publish","type":"post","link":"https:\/\/politicosaldesnudo.com.mx\/index.php\/2023\/07\/06\/tuxpan-recibe-galardon-de-oro-por-la-proteccion-al-medio-ambiente\/","title":{"rendered":"Tuxpan recibe \u201cGalard\u00f3n de Oro\u201d  por la protecci\u00f3n al medio ambiente"},"content":{"rendered":"<p>&nbsp;<\/p>\n<p class=\"p1\" style=\"text-align: center;\"><em><strong><span style=\"font-size: 18pt;\">&lt;&lt;Alcalde Jos\u00e9 Manuel Pozos anunci\u00f3 que se sembrar\u00e1n 15,000 \u00e1rboles aprovechando la temporada de lluvias&gt;&gt;<\/span><\/strong><\/em><\/p>\n<p>&nbsp;<\/p>\n<p class=\"p1\"><span style=\"font-size: 14pt;\"><em><strong>TUXPAN, VERACRUZ.<\/strong> <\/em>El Procurador Estatal de Protecci\u00f3n al Medio Ambiente (PMA), <strong>Sergio Rodr\u00edguez Cort\u00e9s<\/strong>\u00a0entreg\u00f3 un <strong>\u201cGalard\u00f3n de Oro\u201d<\/strong><span class=\"Apple-converted-space\"> \u00a0<\/span>al alcalde <strong>Jos\u00e9 Manuel Pozos<\/strong>, porque Tuxpan maneja con normatividad los residuos s\u00f3lidos urbanos.<\/span><\/p>\n<p class=\"p1\"><span style=\"font-size: 18pt;\"><strong>Tuxpan y otros municipios de la regi\u00f3n firmaron un Convenio de Coordinaci\u00f3n para la Implementaci\u00f3n del Plan de Gesti\u00f3n Estatal de Residuos S\u00f3lidos Urbanos (RSU) y Residuos de Manejo Especial (RME).<\/strong><\/span><\/p>\n<p class=\"p1\"><span style=\"font-size: 14pt;\">A trav\u00e9s de este convenio se busca desaparecer los tiraderos de basura a cielo abierto, con el objetivo de revertir la contaminaci\u00f3n del suelo y los cuerpos de agua.<span class=\"Apple-converted-space\">\u00a0<\/span><\/span><\/p>\n<p class=\"p1\"><span style=\"font-size: 14pt;\">Las autoridades municipales que firmaron el acuerdo fueron: Jos\u00e9 Manuel Pozos, alcalde de Tuxpan; Jes\u00fas Guzm\u00e1n Avil\u00e9s, alcalde de Tantoyuca; Esteban \u00c1vila Hern\u00e1ndez, alcalde de Castillo de Teayo y Leobardo G\u00f3mez Gonz\u00e1lez, alcalde de Tihuatl\u00e1n.<span class=\"Apple-converted-space\">\u00a0<\/span><\/span><span style=\"font-size: 14pt;\">Adem\u00e1s Sergio Rodr\u00edguez, tambi\u00e9n presidi\u00f3 el evento Alejandra Edith Rivera Hern\u00e1ndez, subprocuradora de Asuntos Jur\u00eddicos de la PMA.\u00a0<\/span><\/p>\n<p class=\"p1\"><span style=\"font-size: 18pt;\"><strong>Por su parte, Jos\u00e9 Manuel Pozos se\u00f1al\u00f3 que el Plan Municipal de Desarrollo de Tuxpan contiene las directrices para lograr el equilibrio entre crecimiento, cuidado del medio ambiente y el bienestar de los ciudadanos.<\/strong><\/span><\/p>\n<p>&nbsp;<\/p>\n<blockquote>\n<p class=\"p1\"><span style=\"font-size: 14pt;\">Con la participaci\u00f3n de todos, estamos avanzando para hacer de Tuxpan un municipio inclusivo, resiliente y sostenible, como parte de nuestra responsabilidad con la Agenda 2030\u201d<\/span><\/p>\n<\/blockquote>\n<p>&nbsp;<\/p>\n<p><img data-recalc-dims=\"1\" loading=\"lazy\" decoding=\"async\" class=\"aligncenter wp-image-22043 size-large\" src=\"https:\/\/i0.wp.com\/politicosaldesnudo.com.mx\/wp-content\/uploads\/2023\/07\/P-GALARDON-ORO-TUXPAN-3-1024x573.png?resize=800%2C448&#038;ssl=1\" alt=\"\" width=\"800\" height=\"448\" srcset=\"https:\/\/i0.wp.com\/politicosaldesnudo.com.mx\/wp-content\/uploads\/2023\/07\/P-GALARDON-ORO-TUXPAN-3.png?resize=1024%2C573&amp;ssl=1 1024w, https:\/\/i0.wp.com\/politicosaldesnudo.com.mx\/wp-content\/uploads\/2023\/07\/P-GALARDON-ORO-TUXPAN-3.png?resize=300%2C168&amp;ssl=1 300w, https:\/\/i0.wp.com\/politicosaldesnudo.com.mx\/wp-content\/uploads\/2023\/07\/P-GALARDON-ORO-TUXPAN-3.png?resize=768%2C430&amp;ssl=1 768w, https:\/\/i0.wp.com\/politicosaldesnudo.com.mx\/wp-content\/uploads\/2023\/07\/P-GALARDON-ORO-TUXPAN-3.png?resize=1536%2C859&amp;ssl=1 1536w, https:\/\/i0.wp.com\/politicosaldesnudo.com.mx\/wp-content\/uploads\/2023\/07\/P-GALARDON-ORO-TUXPAN-3.png?w=1816&amp;ssl=1 1816w, https:\/\/i0.wp.com\/politicosaldesnudo.com.mx\/wp-content\/uploads\/2023\/07\/P-GALARDON-ORO-TUXPAN-3.png?w=1600&amp;ssl=1 1600w\" sizes=\"auto, (max-width: 800px) 100vw, 800px\" \/><\/p>\n<p>&nbsp;<\/p>\n<p class=\"p1\"><span style=\"font-size: 18pt;\"><strong>Destac\u00f3 Jos\u00e9 Manuel Pozos que la sociedad, ambientalistas, prestadores de servicios y estudiantes se han sumado a las campa\u00f1as de limpieza en playas, r\u00edo, lagunas y manglares, obteniendo resultados satisfactorios.<\/strong><\/span><\/p>\n<p>&nbsp;<\/p>\n<blockquote>\n<p class=\"p1\"><span style=\"font-size: 14pt;\">Prueba de ello es que la Cofepris nos ha reconocido como una de las playas m\u00e1s limpias, con mejor calidad del agua de todo el pa\u00eds\u201d<\/span><\/p>\n<\/blockquote>\n<p>&nbsp;<\/p>\n<p class=\"p1\"><span style=\"font-size: 18pt;\"><strong>Jos\u00e9 Manuel Pozos agradeci\u00f3 la gran coordinaci\u00f3n que ahora existe con la Procuradur\u00eda Estatal de Protecci\u00f3n al Medio Ambiente para impulsar un gran programa de reforestaci\u00f3n, respecto a esto anunci\u00f3 que pr\u00f3ximamente ser\u00e1n sembrados m\u00e1s de 15 mil \u00e1rboles en Tuxpan, aprovechando la temporada de lluvias.<span class=\"Apple-converted-space\">\u00a0<\/span><\/strong><\/span><\/p>\n<p>&nbsp;<\/p>\n<blockquote>\n<p class=\"p1\"><span style=\"font-size: 14pt;\">Estamos decididos a seguir construyendo una ciudad de derechos, innovadora y conectada con la naturaleza\u201d<\/span><\/p>\n<\/blockquote>\n<p>&nbsp;<\/p>\n<p><img data-recalc-dims=\"1\" loading=\"lazy\" decoding=\"async\" class=\"aligncenter wp-image-22042 size-large\" src=\"https:\/\/i0.wp.com\/politicosaldesnudo.com.mx\/wp-content\/uploads\/2023\/07\/P-GALARDON-ORO-TUXPAN-2-1024x573.png?resize=800%2C448&#038;ssl=1\" alt=\"\" width=\"800\" height=\"448\" srcset=\"https:\/\/i0.wp.com\/politicosaldesnudo.com.mx\/wp-content\/uploads\/2023\/07\/P-GALARDON-ORO-TUXPAN-2.png?resize=1024%2C573&amp;ssl=1 1024w, https:\/\/i0.wp.com\/politicosaldesnudo.com.mx\/wp-content\/uploads\/2023\/07\/P-GALARDON-ORO-TUXPAN-2.png?resize=300%2C168&amp;ssl=1 300w, https:\/\/i0.wp.com\/politicosaldesnudo.com.mx\/wp-content\/uploads\/2023\/07\/P-GALARDON-ORO-TUXPAN-2.png?resize=768%2C430&amp;ssl=1 768w, https:\/\/i0.wp.com\/politicosaldesnudo.com.mx\/wp-content\/uploads\/2023\/07\/P-GALARDON-ORO-TUXPAN-2.png?resize=1536%2C859&amp;ssl=1 1536w, https:\/\/i0.wp.com\/politicosaldesnudo.com.mx\/wp-content\/uploads\/2023\/07\/P-GALARDON-ORO-TUXPAN-2.png?w=1816&amp;ssl=1 1816w, https:\/\/i0.wp.com\/politicosaldesnudo.com.mx\/wp-content\/uploads\/2023\/07\/P-GALARDON-ORO-TUXPAN-2.png?w=1600&amp;ssl=1 1600w\" sizes=\"auto, (max-width: 800px) 100vw, 800px\" \/><\/p>\n<p>&nbsp;<\/p>\n<p class=\"p1\"><span style=\"font-size: 18pt;\"><strong>Por su parte, el titular de la PMA, Sergio Rodr\u00edguez Cort\u00e9s, dio las gracias al Gobierno de Tuxpan por brindar las facilidades para realizar el primer \u201cAmbient\u00f3n: Festival Ecol\u00f3gico\u201d asimismo, agradeci\u00f3 a los municipios que se sumaron al Plan de Gesti\u00f3n Estatal de RSU y RME.<\/strong><\/span><\/p>\n<p class=\"p1\"><span style=\"font-size: 14pt;\">Sergio Rodr\u00edguez detall\u00f3 que, acorde a este plan se est\u00e1n construyendo rellenos sanitarios en 4 municipios: Tantoyuca, Paso de Ovejas, Acayucan y Cosamaloapan; as\u00ed como 5 centros de transferencia en Tuxpan, Papantla, Mart\u00ednez de la Torre, Juan Rodr\u00edguez Clara y \u00c1ngel R. Cabada.<\/span><\/p>\n<p class=\"p1\"><span style=\"font-size: 18pt;\"><strong>Luego de la firma del convenio, los municipios participantes recibieron el \u201cGalard\u00f3n de Oro\u201d, por manejar con normatividad los residuos s\u00f3lidos urbanos.<\/strong><\/span><\/p>\n<p class=\"p1\"><span style=\"font-size: 14pt;\">Al respecto, el presidente municipal de Tuxpan dijo: \u201cEsto nos compromete a mantener el esfuerzo, la participaci\u00f3n y el trabajo coordinado para hacer de Tuxpan una ciudad que nos llene de orgullo\u201d.<\/span><\/p>\n<p class=\"p1\"><span style=\"font-size: 14pt;\">La empresa de Recolecci\u00f3n de Residuos S\u00f3lidos Urbanos, Residuos de Manejos Especial, y Residuos Peligrosos \u201cReco Cero S.A. de C.V\u201d, tambi\u00e9n recibi\u00f3 un reconocimiento durante el evento.<span class=\"Apple-converted-space\">\u00a0<\/span><\/span><\/p>\n<p class=\"p1\"><span style=\"font-size: 14pt;\">Entre los asistentes estuvieron Marcelo Velasco Blanco, regidor de Tempoal; Rolando L\u00f3pez Salda\u00f1a, director general de Educaci\u00f3n Tecnol\u00f3gica Industrial de la Secretar\u00eda de Educaci\u00f3n P\u00fablica; Celestino Rivera, padre del alcalde de Tempoal; los ediles tuxpe\u00f1os Lucero Res\u00e9ndis Ambrocio, Luis Demetrio L\u00f3pez Mar\u00edn y Axel Bernal Herrera.<span class=\"Apple-converted-space\">\u00a0<\/span><\/span><\/p>\n<p class=\"p1\"><span style=\"font-size: 14pt;\">Tambi\u00e9n estuvieron presentes directores y coordinadores de las diferentes \u00e1reas del Ayuntamiento de Tuxpan, empresarios, prestadores de servicios tur\u00edsticos y sociedad en general.<\/span><\/p>\n<p>&nbsp;<\/p>\n<p>&nbsp;<\/p>\n<p>&nbsp;<\/p>\n<p>&nbsp;<\/p>\n","protected":false},"excerpt":{"rendered":"<p>&nbsp; &lt;&lt;Alcalde Jos\u00e9 Manuel Pozos anunci\u00f3 que se sembrar\u00e1n 15,000 \u00e1rboles aprovechando la temporada de lluvias&gt;&gt; &nbsp; TUXPAN, VERACRUZ. El<\/p>\n","protected":false},"author":4,"featured_media":22041,"comment_status":"closed","ping_status":"closed","sticky":false,"template":"","format":"standard","meta":{"colormag_page_container_layout":"default_layout","colormag_page_sidebar_layout":"default_layout","_jetpack_memberships_contains_paid_content":false,"footnotes":"","jetpack_publicize_message":"","jetpack_publicize_feature_enabled":true,"jetpack_social_post_already_shared":false,"jetpack_social_options":{"image_generator_settings":{"template":"highway","default_image_id":0,"font":"","enabled":false},"version":2}},"categories":[1082],"tags":[2978,576,2977,2979,70,100],"class_list":["post-22040","post","type-post","status-publish","format-standard","has-post-thumbnail","hentry","category-tuxpan","tag-galardon-de-oro","tag-jose-manuel-pozos","tag-pma","tag-sergio-rodriguez","tag-tuxpan","tag-veracruz"],"jetpack_publicize_connections":[],"jetpack_featured_media_url":"https:\/\/i0.wp.com\/politicosaldesnudo.com.mx\/wp-content\/uploads\/2023\/07\/P-GALARDON-ORO-TUXPAN-1.png?fit=1816%2C1016&ssl=1","jetpack-related-posts":[],"jetpack_sharing_enabled":true,"_links":{"self":[{"href":"https:\/\/politicosaldesnudo.com.mx\/index.php\/wp-json\/wp\/v2\/posts\/22040","targetHints":{"allow":["GET"]}}],"collection":[{"href":"https:\/\/politicosaldesnudo.com.mx\/index.php\/wp-json\/wp\/v2\/posts"}],"about":[{"href":"https:\/\/politicosaldesnudo.com.mx\/index.php\/wp-json\/wp\/v2\/types\/post"}],"author":[{"embeddable":true,"href":"https:\/\/politicosaldesnudo.com.mx\/index.php\/wp-json\/wp\/v2\/users\/4"}],"replies":[{"embeddable":true,"href":"https:\/\/politicosaldesnudo.com.mx\/index.php\/wp-json\/wp\/v2\/comments?post=22040"}],"version-history":[{"count":0,"href":"https:\/\/politicosaldesnudo.com.mx\/index.php\/wp-json\/wp\/v2\/posts\/22040\/revisions"}],"wp:featuredmedia":[{"embeddable":true,"href":"https:\/\/politicosaldesnudo.com.mx\/index.php\/wp-json\/wp\/v2\/media\/22041"}],"wp:attachment":[{"href":"https:\/\/politicosaldesnudo.com.mx\/index.php\/wp-json\/wp\/v2\/media?parent=22040"}],"wp:term":[{"taxonomy":"category","embeddable":true,"href":"https:\/\/politicosaldesnudo.com.mx\/index.php\/wp-json\/wp\/v2\/categories?post=22040"},{"taxonomy":"post_tag","embeddable":true,"href":"https:\/\/politicosaldesnudo.com.mx\/index.php\/wp-json\/wp\/v2\/tags?post=22040"}],"curies":[{"name":"wp","href":"https:\/\/api.w.org\/{rel}","templated":true}]}}