{"id":22053,"date":"2023-07-10T01:36:32","date_gmt":"2023-07-10T06:36:32","guid":{"rendered":"https:\/\/politicosaldesnudo.com.mx\/?p=22053"},"modified":"2023-07-10T01:36:32","modified_gmt":"2023-07-10T06:36:32","slug":"delgado-el-presidente-se-reserva-las-candidaturas","status":"publish","type":"post","link":"https:\/\/politicosaldesnudo.com.mx\/index.php\/2023\/07\/10\/delgado-el-presidente-se-reserva-las-candidaturas\/","title":{"rendered":"Delgado: el Presidente se reserva las candidaturas"},"content":{"rendered":"<p>&nbsp;<\/p>\n<p>&nbsp;<\/p>\n<p class=\"p1\"><span style=\"font-size: 18pt;\"><strong>Por Jos\u00e9 Ure\u00f1a<\/strong><\/span><\/p>\n<p class=\"p1\"><span style=\"font-size: 14pt;\">Ni los morenistas se creen sus faramallas.<\/span><\/p>\n<p class=\"p1\"><span style=\"font-size: 14pt;\">Vea usted: En Palacio Nacional el Presidente niega cualquier injerencia en la vida interna de su partido y en la postulaci\u00f3n de candidatos.<\/span><\/p>\n<p class=\"p1\"><span style=\"font-size: 14pt;\">Pero el lunes 5 de junio congreg\u00f3 en el restaurante El Mayor al dirigente Mario Delgado, a las cuatro corcholatas de Palacio Nacional y a los 22 gobernadores morenistas -m\u00e1s la electa Delfina G\u00f3mez- para dictarles l\u00ednea.<\/span><\/p>\n<p class=\"p1\"><span style=\"font-size: 14pt;\">Les habl\u00f3 del programa, de su compromiso de elogios a su persona y cero discrepancias entre ellos, y hasta los oblig\u00f3 a firmar una carta-compromiso de lealtad a su movimiento.<\/span><\/p>\n<p class=\"p1\"><span style=\"font-size: 14pt;\">Salvo algunas cr\u00edticas por evidentes violaciones a las leyes electorales -verbigracia: tapizado nacional con espectaculares y concentraciones masivas de costo millonario-, las cuatro corcholatas se han mantenido d\u00f3ciles.<\/span><\/p>\n<p class=\"p1\"><span style=\"font-size: 14pt;\">Para esa campa\u00f1a han contado con la sol\u00edcita disposici\u00f3n del INE, condicionado con la designaci\u00f3n de consejeros afines con la presidenta Guadalupe Taddei de adalid.<\/span><\/p>\n<p class=\"p1\"><span style=\"font-size: 14pt;\">As\u00ed tienen v\u00eda libre.<\/span><\/p>\n<p>&nbsp;<\/p>\n<p class=\"p1\"><span style=\"font-size: 18pt; color: #139eca;\"><strong>DIRIGENTE DE PAPEL<\/strong><\/span><\/p>\n<p class=\"p1\"><span style=\"font-size: 14pt;\">Pero hay m\u00e1s. Est\u00e1 en marcha la operaci\u00f3n de Estado para imponer el dedazo presidencial bajo una faramalla de campa\u00f1a y encuestas, pero las prisas se desbordan en otros lares.<\/span><\/p>\n<p class=\"p1\"><span style=\"font-size: 14pt;\">Decenas de aspirantes a gobernadores buscan congraciarse con elogios al Presidente y garant\u00edas de obediencia al movimiento en aras de ganar las nueve candidaturas.<\/span><\/p>\n<p class=\"p1\"><span style=\"font-size: 14pt;\">Como pocos tienen acceso a Andr\u00e9s Manuel L\u00f3pez Obrador, el jefe real, acuden con el administrador morenista Mario Delgado a plantear sus inquietudes y a pedir respuesta.<\/span><\/p>\n<p class=\"p1\"><span style=\"font-size: 14pt;\">Casi todos salen desencantados.<\/span><\/p>\n<p class=\"p1\"><span style=\"font-size: 14pt;\">No son Zo\u00e9 Robledo (IMSS), Roc\u00edo Nahle (Energ\u00eda), Javier May (Fonatur) o Rosa Icela Rodr\u00edguez (Seguridad P\u00fablica) para recibir de manera directa la respuesta a su suerte.<\/span><\/p>\n<p class=\"p1\"><span style=\"font-size: 14pt;\">Por eso van con Delgado, pero no encuentran el voto superior para dejar sus cargos y lanzarse con alguna certidumbre de ser finalmente bendecidos por el dios.<\/span><\/p>\n<p class=\"p1\"><span style=\"font-size: 14pt;\">Porque, les dice Mario, yo no puedo invadir una decisi\u00f3n que corresponde al Presidente porque \u00e9l se ha reservado las candidaturas a gobernador, a las senadur\u00edas, a las capitales de los estados y a la mayor\u00eda de las diputaciones\u2026<\/span><\/p>\n<p class=\"p1\"><span style=\"font-size: 14pt;\">O sea, es un dirigente de papel.<\/span><\/p>\n<p>&nbsp;<\/p>\n<p class=\"p1\"><span style=\"font-size: 18pt; color: #139eca;\"><strong>ACTOS DEFINITORIOS<\/strong><\/span><\/p>\n<p class=\"p1\"><span style=\"font-size: 14pt;\">Hoy habr\u00e1 dos actos definitorios. <\/span><span style=\"font-size: 14pt;\">Marcelo Ebrard promete anunciar su plan para hacer del pa\u00eds el M\u00e9xico m\u00e1s seguro de la historia, algo posible tras la renuncia del Estado con el plan abrazos no balazos.<\/span><\/p>\n<p class=\"p1\"><span style=\"font-size: 14pt;\">Ya lo demostr\u00f3: <\/span><span style=\"font-size: 14pt;\">Con el doctor Manuel Mondrag\u00f3n y Kalb hizo un Distrito Federal donde los capitalinos pod\u00edamos salir de d\u00eda y de noche y sentirnos confiados, con reacciones oportunas de la Polic\u00eda.<\/span><\/p>\n<p class=\"p1\"><span style=\"font-size: 14pt;\">Ojal\u00e1 sea una propuesta disruptiva, como se propuso cuando a falta del apoyo presidencial se convenci\u00f3 de su \u00fanica salida: tomar la iniciativa entre todas las corcholatas.<\/span><\/p>\n<p class=\"p1\"><span style=\"font-size: 14pt;\">Y 2. En acto aparte, Mexicolectivo presentar\u00e1 el segundo cap\u00edtulo de propuesta alternativa para el pa\u00eds, resumen de Guadalupe Flores y Bernardo \u00c1valos sobre 27 textos.<\/span><\/p>\n<p class=\"p1\"><span style=\"font-size: 14pt;\">El atractivo ser\u00e1 la presidenciable X\u00f3chitl G\u00e1lvez, la mujer que ha dislocado la pol\u00edtica mexicana y al r\u00e9gimen, quien promete estar presente para escuchar propuestas.<\/span><\/p>\n<p class=\"p1\"><span style=\"font-size: 14pt;\">La meta, explican los autores en la presentaci\u00f3n, es ir hacia un M\u00e9xico posible con \u201ccasa, salud, sustento (material e inmaterial) y trabajo digno\u201d para todos y con una naci\u00f3n puesta de pie.<\/span><\/p>\n<p>&nbsp;<\/p>\n<hr \/>\n<p>&nbsp;<\/p>\n<p><img data-recalc-dims=\"1\" loading=\"lazy\" decoding=\"async\" class=\"aligncenter wp-image-14351\" src=\"https:\/\/i0.wp.com\/politicosaldesnudo.com.mx\/wp-content\/uploads\/2023\/01\/FIRMA-EDITORIAL-PD-300x37.png?resize=1000%2C122&#038;ssl=1\" alt=\"\" width=\"1000\" height=\"122\" srcset=\"https:\/\/i0.wp.com\/politicosaldesnudo.com.mx\/wp-content\/uploads\/2023\/01\/FIRMA-EDITORIAL-PD.png?resize=300%2C37&amp;ssl=1 300w, https:\/\/i0.wp.com\/politicosaldesnudo.com.mx\/wp-content\/uploads\/2023\/01\/FIRMA-EDITORIAL-PD.png?resize=1024%2C125&amp;ssl=1 1024w, https:\/\/i0.wp.com\/politicosaldesnudo.com.mx\/wp-content\/uploads\/2023\/01\/FIRMA-EDITORIAL-PD.png?resize=768%2C94&amp;ssl=1 768w, https:\/\/i0.wp.com\/politicosaldesnudo.com.mx\/wp-content\/uploads\/2023\/01\/FIRMA-EDITORIAL-PD.png?resize=1536%2C188&amp;ssl=1 1536w, https:\/\/i0.wp.com\/politicosaldesnudo.com.mx\/wp-content\/uploads\/2023\/01\/FIRMA-EDITORIAL-PD.png?resize=2048%2C250&amp;ssl=1 2048w\" sizes=\"auto, (max-width: 1000px) 100vw, 1000px\" \/><\/p>\n<p>&nbsp;<\/p>\n<p>&nbsp;<\/p>\n<p>&nbsp;<\/p>\n<p>&nbsp;<\/p>\n","protected":false},"excerpt":{"rendered":"<p>&nbsp; &nbsp; Por Jos\u00e9 Ure\u00f1a Ni los morenistas se creen sus faramallas. Vea usted: En Palacio Nacional el Presidente niega [&hellip;]<\/p>\n","protected":false},"author":4,"featured_media":4036,"comment_status":"closed","ping_status":"closed","sticky":false,"template":"","format":"standard","meta":{"site-sidebar-layout":"default","site-content-layout":"","ast-site-content-layout":"default","site-content-style":"default","site-sidebar-style":"default","ast-global-header-display":"","ast-banner-title-visibility":"","ast-main-header-display":"","ast-hfb-above-header-display":"","ast-hfb-below-header-display":"","ast-hfb-mobile-header-display":"","site-post-title":"","ast-breadcrumbs-content":"","ast-featured-img":"","footer-sml-layout":"","ast-disable-related-posts":"","theme-transparent-header-meta":"","adv-header-id-meta":"","stick-header-meta":"","header-above-stick-meta":"","header-main-stick-meta":"","header-below-stick-meta":"","astra-migrate-meta-layouts":"default","ast-page-background-enabled":"default","ast-page-background-meta":{"desktop":{"background-color":"var(--ast-global-color-5)","background-image":"","background-repeat":"repeat","background-position":"center center","background-size":"auto","background-attachment":"scroll","background-type":"","background-media":"","overlay-type":"","overlay-color":"","overlay-opacity":"","overlay-gradient":""},"tablet":{"background-color":"","background-image":"","background-repeat":"repeat","background-position":"center center","background-size":"auto","background-attachment":"scroll","background-type":"","background-media":"","overlay-type":"","overlay-color":"","overlay-opacity":"","overlay-gradient":""},"mobile":{"background-color":"","background-image":"","background-repeat":"repeat","background-position":"center center","background-size":"auto","background-attachment":"scroll","background-type":"","background-media":"","overlay-type":"","overlay-color":"","overlay-opacity":"","overlay-gradient":""}},"ast-content-background-meta":{"desktop":{"background-color":"var(--ast-global-color-4)","background-image":"","background-repeat":"repeat","background-position":"center center","background-size":"auto","background-attachment":"scroll","background-type":"","background-media":"","overlay-type":"","overlay-color":"","overlay-opacity":"","overlay-gradient":""},"tablet":{"background-color":"var(--ast-global-color-4)","background-image":"","background-repeat":"repeat","background-position":"center center","background-size":"auto","background-attachment":"scroll","background-type":"","background-media":"","overlay-type":"","overlay-color":"","overlay-opacity":"","overlay-gradient":""},"mobile":{"background-color":"var(--ast-global-color-4)","background-image":"","background-repeat":"repeat","background-position":"center center","background-size":"auto","background-attachment":"scroll","background-type":"","background-media":"","overlay-type":"","overlay-color":"","overlay-opacity":"","overlay-gradient":""}},"_jetpack_newsletter_access":"","_jetpack_dont_email_post_to_subs":false,"_jetpack_newsletter_tier_id":0,"_jetpack_memberships_contains_paywalled_content":false,"_jetpack_feature_clip_id":0,"_jetpack_memberships_contains_paid_content":false,"footnotes":"","jetpack_publicize_message":"","jetpack_publicize_feature_enabled":true,"jetpack_social_post_already_shared":false,"jetpack_social_options":{"image_generator_settings":{"template":"highway","default_image_id":0,"font":"","enabled":false},"version":2},"jetpack_post_was_ever_published":false},"categories":[26],"tags":[],"class_list":["post-22053","post","type-post","status-publish","format-standard","has-post-thumbnail","hentry","category-columnistas"],"yoast_head":"<!-- This site is optimized with the Yoast SEO plugin v28.3 - https:\/\/yoast.com\/product\/yoast-seo-wordpress\/ -->\n<title>Delgado: el Presidente se reserva las candidaturas - Pol\u00edticos al Desnudo<\/title>\n<meta name=\"robots\" content=\"index, follow, max-snippet:-1, max-image-preview:large, max-video-preview:-1\" \/>\n<link rel=\"canonical\" href=\"https:\/\/politicosaldesnudo.com.mx\/index.php\/2023\/07\/10\/delgado-el-presidente-se-reserva-las-candidaturas\/\" \/>\n<meta property=\"og:locale\" content=\"es_ES\" \/>\n<meta property=\"og:type\" content=\"article\" \/>\n<meta property=\"og:title\" content=\"Delgado: el Presidente se reserva las candidaturas - Pol\u00edticos al Desnudo\" \/>\n<meta property=\"og:description\" content=\"&nbsp; &nbsp; Por Jos\u00e9 Ure\u00f1a Ni los morenistas se creen sus faramallas. Vea usted: En Palacio Nacional el Presidente niega [&hellip;]\" \/>\n<meta property=\"og:url\" content=\"https:\/\/politicosaldesnudo.com.mx\/index.php\/2023\/07\/10\/delgado-el-presidente-se-reserva-las-candidaturas\/\" \/>\n<meta property=\"og:site_name\" content=\"Pol\u00edticos al Desnudo\" \/>\n<meta property=\"article:publisher\" content=\"https:\/\/www.facebook.com\/PoliticosAD\" \/>\n<meta property=\"article:published_time\" content=\"2023-07-10T06:36:32+00:00\" \/>\n<meta property=\"og:image\" content=\"https:\/\/i0.wp.com\/politicosaldesnudo.com.mx\/wp-content\/uploads\/2022\/04\/JOSE%CC%81-UREN%CC%83A-1.png?fit=1816%2C1016&ssl=1\" \/>\n\t<meta property=\"og:image:width\" content=\"1816\" \/>\n\t<meta property=\"og:image:height\" content=\"1016\" \/>\n\t<meta property=\"og:image:type\" content=\"image\/png\" \/>\n<meta name=\"author\" content=\"Redacci\u00f3n Pol\u00edticos\" \/>\n<meta name=\"twitter:card\" content=\"summary_large_image\" \/>\n<meta name=\"twitter:label1\" content=\"Escrito por\" \/>\n\t<meta name=\"twitter:data1\" content=\"Redacci\u00f3n Pol\u00edticos\" \/>\n\t<meta name=\"twitter:label2\" content=\"Tiempo de lectura\" \/>\n\t<meta name=\"twitter:data2\" content=\"3 minutos\" \/>\n<script type=\"application\/ld+json\" class=\"yoast-schema-graph\">{\"@context\":\"https:\\\/\\\/schema.org\",\"@graph\":[{\"@type\":\"Article\",\"@id\":\"https:\\\/\\\/politicosaldesnudo.com.mx\\\/index.php\\\/2023\\\/07\\\/10\\\/delgado-el-presidente-se-reserva-las-candidaturas\\\/#article\",\"isPartOf\":{\"@id\":\"https:\\\/\\\/politicosaldesnudo.com.mx\\\/index.php\\\/2023\\\/07\\\/10\\\/delgado-el-presidente-se-reserva-las-candidaturas\\\/\"},\"author\":{\"name\":\"Redacci\u00f3n Pol\u00edticos\",\"@id\":\"https:\\\/\\\/politicosaldesnudo.com.mx\\\/#\\\/schema\\\/person\\\/ef3a64e561cc3f3f5dc52fab81adde7e\"},\"headline\":\"Delgado: el Presidente se reserva las candidaturas\",\"datePublished\":\"2023-07-10T06:36:32+00:00\",\"mainEntityOfPage\":{\"@id\":\"https:\\\/\\\/politicosaldesnudo.com.mx\\\/index.php\\\/2023\\\/07\\\/10\\\/delgado-el-presidente-se-reserva-las-candidaturas\\\/\"},\"wordCount\":580,\"publisher\":{\"@id\":\"https:\\\/\\\/politicosaldesnudo.com.mx\\\/#organization\"},\"image\":{\"@id\":\"https:\\\/\\\/politicosaldesnudo.com.mx\\\/index.php\\\/2023\\\/07\\\/10\\\/delgado-el-presidente-se-reserva-las-candidaturas\\\/#primaryimage\"},\"thumbnailUrl\":\"https:\\\/\\\/i0.wp.com\\\/politicosaldesnudo.com.mx\\\/wp-content\\\/uploads\\\/2022\\\/04\\\/JOSE%CC%81-UREN%CC%83A-1.png?fit=1816%2C1016&ssl=1\",\"articleSection\":[\"OPINI\u00d3N\"],\"inLanguage\":\"es\"},{\"@type\":\"WebPage\",\"@id\":\"https:\\\/\\\/politicosaldesnudo.com.mx\\\/index.php\\\/2023\\\/07\\\/10\\\/delgado-el-presidente-se-reserva-las-candidaturas\\\/\",\"url\":\"https:\\\/\\\/politicosaldesnudo.com.mx\\\/index.php\\\/2023\\\/07\\\/10\\\/delgado-el-presidente-se-reserva-las-candidaturas\\\/\",\"name\":\"Delgado: el Presidente se reserva las candidaturas - Pol\u00edticos al Desnudo\",\"isPartOf\":{\"@id\":\"https:\\\/\\\/politicosaldesnudo.com.mx\\\/#website\"},\"primaryImageOfPage\":{\"@id\":\"https:\\\/\\\/politicosaldesnudo.com.mx\\\/index.php\\\/2023\\\/07\\\/10\\\/delgado-el-presidente-se-reserva-las-candidaturas\\\/#primaryimage\"},\"image\":{\"@id\":\"https:\\\/\\\/politicosaldesnudo.com.mx\\\/index.php\\\/2023\\\/07\\\/10\\\/delgado-el-presidente-se-reserva-las-candidaturas\\\/#primaryimage\"},\"thumbnailUrl\":\"https:\\\/\\\/i0.wp.com\\\/politicosaldesnudo.com.mx\\\/wp-content\\\/uploads\\\/2022\\\/04\\\/JOSE%CC%81-UREN%CC%83A-1.png?fit=1816%2C1016&ssl=1\",\"datePublished\":\"2023-07-10T06:36:32+00:00\",\"breadcrumb\":{\"@id\":\"https:\\\/\\\/politicosaldesnudo.com.mx\\\/index.php\\\/2023\\\/07\\\/10\\\/delgado-el-presidente-se-reserva-las-candidaturas\\\/#breadcrumb\"},\"inLanguage\":\"es\",\"potentialAction\":[{\"@type\":\"ReadAction\",\"target\":[\"https:\\\/\\\/politicosaldesnudo.com.mx\\\/index.php\\\/2023\\\/07\\\/10\\\/delgado-el-presidente-se-reserva-las-candidaturas\\\/\"]}]},{\"@type\":\"ImageObject\",\"inLanguage\":\"es\",\"@id\":\"https:\\\/\\\/politicosaldesnudo.com.mx\\\/index.php\\\/2023\\\/07\\\/10\\\/delgado-el-presidente-se-reserva-las-candidaturas\\\/#primaryimage\",\"url\":\"https:\\\/\\\/i0.wp.com\\\/politicosaldesnudo.com.mx\\\/wp-content\\\/uploads\\\/2022\\\/04\\\/JOSE%CC%81-UREN%CC%83A-1.png?fit=1816%2C1016&ssl=1\",\"contentUrl\":\"https:\\\/\\\/i0.wp.com\\\/politicosaldesnudo.com.mx\\\/wp-content\\\/uploads\\\/2022\\\/04\\\/JOSE%CC%81-UREN%CC%83A-1.png?fit=1816%2C1016&ssl=1\",\"width\":1816,\"height\":1016},{\"@type\":\"BreadcrumbList\",\"@id\":\"https:\\\/\\\/politicosaldesnudo.com.mx\\\/index.php\\\/2023\\\/07\\\/10\\\/delgado-el-presidente-se-reserva-las-candidaturas\\\/#breadcrumb\",\"itemListElement\":[{\"@type\":\"ListItem\",\"position\":1,\"name\":\"Portada\",\"item\":\"https:\\\/\\\/politicosaldesnudo.com.mx\\\/\"},{\"@type\":\"ListItem\",\"position\":2,\"name\":\"Delgado: el Presidente se reserva las candidaturas\"}]},{\"@type\":\"WebSite\",\"@id\":\"https:\\\/\\\/politicosaldesnudo.com.mx\\\/#website\",\"url\":\"https:\\\/\\\/politicosaldesnudo.com.mx\\\/\",\"name\":\"Pol\u00edticos al Desnudo\",\"description\":\"\",\"publisher\":{\"@id\":\"https:\\\/\\\/politicosaldesnudo.com.mx\\\/#organization\"},\"potentialAction\":[{\"@type\":\"SearchAction\",\"target\":{\"@type\":\"EntryPoint\",\"urlTemplate\":\"https:\\\/\\\/politicosaldesnudo.com.mx\\\/?s={search_term_string}\"},\"query-input\":{\"@type\":\"PropertyValueSpecification\",\"valueRequired\":true,\"valueName\":\"search_term_string\"}}],\"inLanguage\":\"es\"},{\"@type\":\"Organization\",\"@id\":\"https:\\\/\\\/politicosaldesnudo.com.mx\\\/#organization\",\"name\":\"Pol\u00edticos al Desnudo\",\"url\":\"https:\\\/\\\/politicosaldesnudo.com.mx\\\/\",\"logo\":{\"@type\":\"ImageObject\",\"inLanguage\":\"es\",\"@id\":\"https:\\\/\\\/politicosaldesnudo.com.mx\\\/#\\\/schema\\\/logo\\\/image\\\/\",\"url\":\"https:\\\/\\\/i0.wp.com\\\/politicosaldesnudo.com.mx\\\/wp-content\\\/uploads\\\/2026\\\/08\\\/cropped-logo.webp?fit=400%2C126&ssl=1\",\"contentUrl\":\"https:\\\/\\\/i0.wp.com\\\/politicosaldesnudo.com.mx\\\/wp-content\\\/uploads\\\/2026\\\/08\\\/cropped-logo.webp?fit=400%2C126&ssl=1\",\"width\":400,\"height\":126,\"caption\":\"Pol\u00edticos al Desnudo\"},\"image\":{\"@id\":\"https:\\\/\\\/politicosaldesnudo.com.mx\\\/#\\\/schema\\\/logo\\\/image\\\/\"},\"sameAs\":[\"https:\\\/\\\/www.facebook.com\\\/PoliticosAD\"]},{\"@type\":\"Person\",\"@id\":\"https:\\\/\\\/politicosaldesnudo.com.mx\\\/#\\\/schema\\\/person\\\/ef3a64e561cc3f3f5dc52fab81adde7e\",\"name\":\"Redacci\u00f3n Pol\u00edticos\",\"url\":\"https:\\\/\\\/politicosaldesnudo.com.mx\\\/index.php\\\/author\\\/redaccion-politicos\\\/\"}]}<\/script>\n<!-- \/ Yoast SEO plugin. -->","yoast_head_json":{"title":"Delgado: el Presidente se reserva las candidaturas - Pol\u00edticos al Desnudo","robots":{"index":"index","follow":"follow","max-snippet":"max-snippet:-1","max-image-preview":"max-image-preview:large","max-video-preview":"max-video-preview:-1"},"canonical":"https:\/\/politicosaldesnudo.com.mx\/index.php\/2023\/07\/10\/delgado-el-presidente-se-reserva-las-candidaturas\/","og_locale":"es_ES","og_type":"article","og_title":"Delgado: el Presidente se reserva las candidaturas - Pol\u00edticos al Desnudo","og_description":"&nbsp; &nbsp; Por Jos\u00e9 Ure\u00f1a Ni los morenistas se creen sus faramallas. Vea usted: En Palacio Nacional el Presidente niega [&hellip;]","og_url":"https:\/\/politicosaldesnudo.com.mx\/index.php\/2023\/07\/10\/delgado-el-presidente-se-reserva-las-candidaturas\/","og_site_name":"Pol\u00edticos al Desnudo","article_publisher":"https:\/\/www.facebook.com\/PoliticosAD","article_published_time":"2023-07-10T06:36:32+00:00","og_image":[{"width":1816,"height":1016,"url":"https:\/\/i0.wp.com\/politicosaldesnudo.com.mx\/wp-content\/uploads\/2022\/04\/JOSE%CC%81-UREN%CC%83A-1.png?fit=1816%2C1016&ssl=1","type":"image\/png"}],"author":"Redacci\u00f3n Pol\u00edticos","twitter_card":"summary_large_image","twitter_misc":{"Escrito por":"Redacci\u00f3n Pol\u00edticos","Tiempo de lectura":"3 minutos"},"schema":{"@context":"https:\/\/schema.org","@graph":[{"@type":"Article","@id":"https:\/\/politicosaldesnudo.com.mx\/index.php\/2023\/07\/10\/delgado-el-presidente-se-reserva-las-candidaturas\/#article","isPartOf":{"@id":"https:\/\/politicosaldesnudo.com.mx\/index.php\/2023\/07\/10\/delgado-el-presidente-se-reserva-las-candidaturas\/"},"author":{"name":"Redacci\u00f3n Pol\u00edticos","@id":"https:\/\/politicosaldesnudo.com.mx\/#\/schema\/person\/ef3a64e561cc3f3f5dc52fab81adde7e"},"headline":"Delgado: el Presidente se reserva las candidaturas","datePublished":"2023-07-10T06:36:32+00:00","mainEntityOfPage":{"@id":"https:\/\/politicosaldesnudo.com.mx\/index.php\/2023\/07\/10\/delgado-el-presidente-se-reserva-las-candidaturas\/"},"wordCount":580,"publisher":{"@id":"https:\/\/politicosaldesnudo.com.mx\/#organization"},"image":{"@id":"https:\/\/politicosaldesnudo.com.mx\/index.php\/2023\/07\/10\/delgado-el-presidente-se-reserva-las-candidaturas\/#primaryimage"},"thumbnailUrl":"https:\/\/i0.wp.com\/politicosaldesnudo.com.mx\/wp-content\/uploads\/2022\/04\/JOSE%CC%81-UREN%CC%83A-1.png?fit=1816%2C1016&ssl=1","articleSection":["OPINI\u00d3N"],"inLanguage":"es"},{"@type":"WebPage","@id":"https:\/\/politicosaldesnudo.com.mx\/index.php\/2023\/07\/10\/delgado-el-presidente-se-reserva-las-candidaturas\/","url":"https:\/\/politicosaldesnudo.com.mx\/index.php\/2023\/07\/10\/delgado-el-presidente-se-reserva-las-candidaturas\/","name":"Delgado: el Presidente se reserva las candidaturas - Pol\u00edticos al Desnudo","isPartOf":{"@id":"https:\/\/politicosaldesnudo.com.mx\/#website"},"primaryImageOfPage":{"@id":"https:\/\/politicosaldesnudo.com.mx\/index.php\/2023\/07\/10\/delgado-el-presidente-se-reserva-las-candidaturas\/#primaryimage"},"image":{"@id":"https:\/\/politicosaldesnudo.com.mx\/index.php\/2023\/07\/10\/delgado-el-presidente-se-reserva-las-candidaturas\/#primaryimage"},"thumbnailUrl":"https:\/\/i0.wp.com\/politicosaldesnudo.com.mx\/wp-content\/uploads\/2022\/04\/JOSE%CC%81-UREN%CC%83A-1.png?fit=1816%2C1016&ssl=1","datePublished":"2023-07-10T06:36:32+00:00","breadcrumb":{"@id":"https:\/\/politicosaldesnudo.com.mx\/index.php\/2023\/07\/10\/delgado-el-presidente-se-reserva-las-candidaturas\/#breadcrumb"},"inLanguage":"es","potentialAction":[{"@type":"ReadAction","target":["https:\/\/politicosaldesnudo.com.mx\/index.php\/2023\/07\/10\/delgado-el-presidente-se-reserva-las-candidaturas\/"]}]},{"@type":"ImageObject","inLanguage":"es","@id":"https:\/\/politicosaldesnudo.com.mx\/index.php\/2023\/07\/10\/delgado-el-presidente-se-reserva-las-candidaturas\/#primaryimage","url":"https:\/\/i0.wp.com\/politicosaldesnudo.com.mx\/wp-content\/uploads\/2022\/04\/JOSE%CC%81-UREN%CC%83A-1.png?fit=1816%2C1016&ssl=1","contentUrl":"https:\/\/i0.wp.com\/politicosaldesnudo.com.mx\/wp-content\/uploads\/2022\/04\/JOSE%CC%81-UREN%CC%83A-1.png?fit=1816%2C1016&ssl=1","width":1816,"height":1016},{"@type":"BreadcrumbList","@id":"https:\/\/politicosaldesnudo.com.mx\/index.php\/2023\/07\/10\/delgado-el-presidente-se-reserva-las-candidaturas\/#breadcrumb","itemListElement":[{"@type":"ListItem","position":1,"name":"Portada","item":"https:\/\/politicosaldesnudo.com.mx\/"},{"@type":"ListItem","position":2,"name":"Delgado: el Presidente se reserva las candidaturas"}]},{"@type":"WebSite","@id":"https:\/\/politicosaldesnudo.com.mx\/#website","url":"https:\/\/politicosaldesnudo.com.mx\/","name":"Pol\u00edticos al Desnudo","description":"","publisher":{"@id":"https:\/\/politicosaldesnudo.com.mx\/#organization"},"potentialAction":[{"@type":"SearchAction","target":{"@type":"EntryPoint","urlTemplate":"https:\/\/politicosaldesnudo.com.mx\/?s={search_term_string}"},"query-input":{"@type":"PropertyValueSpecification","valueRequired":true,"valueName":"search_term_string"}}],"inLanguage":"es"},{"@type":"Organization","@id":"https:\/\/politicosaldesnudo.com.mx\/#organization","name":"Pol\u00edticos al Desnudo","url":"https:\/\/politicosaldesnudo.com.mx\/","logo":{"@type":"ImageObject","inLanguage":"es","@id":"https:\/\/politicosaldesnudo.com.mx\/#\/schema\/logo\/image\/","url":"https:\/\/i0.wp.com\/politicosaldesnudo.com.mx\/wp-content\/uploads\/2026\/08\/cropped-logo.webp?fit=400%2C126&ssl=1","contentUrl":"https:\/\/i0.wp.com\/politicosaldesnudo.com.mx\/wp-content\/uploads\/2026\/08\/cropped-logo.webp?fit=400%2C126&ssl=1","width":400,"height":126,"caption":"Pol\u00edticos al Desnudo"},"image":{"@id":"https:\/\/politicosaldesnudo.com.mx\/#\/schema\/logo\/image\/"},"sameAs":["https:\/\/www.facebook.com\/PoliticosAD"]},{"@type":"Person","@id":"https:\/\/politicosaldesnudo.com.mx\/#\/schema\/person\/ef3a64e561cc3f3f5dc52fab81adde7e","name":"Redacci\u00f3n Pol\u00edticos","url":"https:\/\/politicosaldesnudo.com.mx\/index.php\/author\/redaccion-politicos\/"}]}},"jetpack_publicize_connections":[],"jetpack-related-posts":[{"id":88247,"url":"https:\/\/politicosaldesnudo.com.mx\/index.php\/2026\/08\/31\/pepe-yunes-frena-rumores-de-ruptura-con-el-pri-y-se-ofrece-para-unir-a-la-oposicion-en-veracruz\/","url_meta":{"origin":22053,"position":0},"title":"Pepe Yunes frena rumores de ruptura con el PRI y se ofrece para unir a la oposici\u00f3n en Veracruz","author":"Redacci\u00f3n Pol\u00edticos","date":"31 de agosto de 2026","format":false,"excerpt":"Su aparici\u00f3n en un encuentro de Movimiento Ciudadano aliment\u00f3 las versiones sobre un posible cambio de partido. El excandidato a gobernador asegur\u00f3 que seguir\u00e1 en el tricolor, pero buscar\u00e1 construir un bloque amplio contra Morena rumbo a 2027. Xalapa, Ver.\u2014 Jos\u00e9 Francisco Yunes Zorrilla puso freno a las especulaciones sobre\u2026","rel":"","context":"En \u00abESTADOS\u00bb","block_context":{"text":"ESTADOS","link":"https:\/\/politicosaldesnudo.com.mx\/index.php\/category\/estados\/"},"img":{"alt_text":"","src":"https:\/\/i0.wp.com\/politicosaldesnudo.com.mx\/wp-content\/uploads\/2026\/08\/pepe-scaled.jpg?fit=1200%2C800&ssl=1&resize=350%2C200","width":350,"height":200,"srcset":"https:\/\/i0.wp.com\/politicosaldesnudo.com.mx\/wp-content\/uploads\/2026\/08\/pepe-scaled.jpg?fit=1200%2C800&ssl=1&resize=350%2C200 1x, https:\/\/i0.wp.com\/politicosaldesnudo.com.mx\/wp-content\/uploads\/2026\/08\/pepe-scaled.jpg?fit=1200%2C800&ssl=1&resize=525%2C300 1.5x, https:\/\/i0.wp.com\/politicosaldesnudo.com.mx\/wp-content\/uploads\/2026\/08\/pepe-scaled.jpg?fit=1200%2C800&ssl=1&resize=700%2C400 2x, https:\/\/i0.wp.com\/politicosaldesnudo.com.mx\/wp-content\/uploads\/2026\/08\/pepe-scaled.jpg?fit=1200%2C800&ssl=1&resize=1050%2C600 3x"},"classes":[]},{"id":87957,"url":"https:\/\/politicosaldesnudo.com.mx\/index.php\/2026\/08\/21\/morena-rompe-filas-con-rocha-moya-y-respalda-a-sheinbaum\/","url_meta":{"origin":22053,"position":1},"title":"Morena rompe filas con Rocha Moya y respalda a Sheinbaum","author":"Redacci\u00f3n Pol\u00edticos","date":"21 de agosto de 2026","format":false,"excerpt":"Rub\u00e9n Rocha Moya regres\u00f3 a la gubernatura de Sinaloa, pero la bienvenida estuvo lejos de ser c\u00e1lida. Apenas unas horas despu\u00e9s de anunciar su reincorporaci\u00f3n, 23 gobernadoras y gobernadores vinculados a la Cuarta Transformaci\u00f3n marcaron distancia de su decisi\u00f3n y cerraron filas con la presidenta Claudia Sheinbaum. En un pronunciamiento\u2026","rel":"","context":"En \u00abNACIONAL\u00bb","block_context":{"text":"NACIONAL","link":"https:\/\/politicosaldesnudo.com.mx\/index.php\/category\/nacional\/"},"img":{"alt_text":"","src":"https:\/\/i0.wp.com\/politicosaldesnudo.com.mx\/wp-content\/uploads\/2026\/08\/whatsapp-image-2026-02-27-at-74507-am-bcb617ec-focus-0-0-966-544.webp?fit=966%2C544&ssl=1&resize=350%2C200","width":350,"height":200,"srcset":"https:\/\/i0.wp.com\/politicosaldesnudo.com.mx\/wp-content\/uploads\/2026\/08\/whatsapp-image-2026-02-27-at-74507-am-bcb617ec-focus-0-0-966-544.webp?fit=966%2C544&ssl=1&resize=350%2C200 1x, https:\/\/i0.wp.com\/politicosaldesnudo.com.mx\/wp-content\/uploads\/2026\/08\/whatsapp-image-2026-02-27-at-74507-am-bcb617ec-focus-0-0-966-544.webp?fit=966%2C544&ssl=1&resize=525%2C300 1.5x, https:\/\/i0.wp.com\/politicosaldesnudo.com.mx\/wp-content\/uploads\/2026\/08\/whatsapp-image-2026-02-27-at-74507-am-bcb617ec-focus-0-0-966-544.webp?fit=966%2C544&ssl=1&resize=700%2C400 2x"},"classes":[]},{"id":87734,"url":"https:\/\/politicosaldesnudo.com.mx\/index.php\/2026\/08\/14\/entre-el-desafuero-y-los-golpes-la-politica-vuelve-a-calentarse\/","url_meta":{"origin":22053,"position":2},"title":"Entre el desafuero y los golpes, la pol\u00edtica vuelve a calentarse","author":"Redacci\u00f3n Pol\u00edticos","date":"14 de agosto de 2026","format":false,"excerpt":"ALMA GRANDE POR \u00c1NGEL \u00c1LVARO PE\u00d1A La disputa por el fuero de Alejandro Moreno C\u00e1rdenas, dirigente nacional del PRI, volvi\u00f3 a elevar el tono entre legisladores de Morena y el tricolor. Esta vez, el intercambio pol\u00edtico termin\u00f3 en un enfrentamiento f\u00edsico que estuvo cerca de llegar a los golpes. El\u2026","rel":"","context":"En \u00abOPINI\u00d3N\u00bb","block_context":{"text":"OPINI\u00d3N","link":"https:\/\/politicosaldesnudo.com.mx\/index.php\/category\/columnistas\/"},"img":{"alt_text":"","src":"https:\/\/i0.wp.com\/politicosaldesnudo.com.mx\/wp-content\/uploads\/2026\/08\/alma-grande-140826.png?fit=1200%2C659&ssl=1&resize=350%2C200","width":350,"height":200,"srcset":"https:\/\/i0.wp.com\/politicosaldesnudo.com.mx\/wp-content\/uploads\/2026\/08\/alma-grande-140826.png?fit=1200%2C659&ssl=1&resize=350%2C200 1x, https:\/\/i0.wp.com\/politicosaldesnudo.com.mx\/wp-content\/uploads\/2026\/08\/alma-grande-140826.png?fit=1200%2C659&ssl=1&resize=525%2C300 1.5x, https:\/\/i0.wp.com\/politicosaldesnudo.com.mx\/wp-content\/uploads\/2026\/08\/alma-grande-140826.png?fit=1200%2C659&ssl=1&resize=700%2C400 2x, https:\/\/i0.wp.com\/politicosaldesnudo.com.mx\/wp-content\/uploads\/2026\/08\/alma-grande-140826.png?fit=1200%2C659&ssl=1&resize=1050%2C600 3x"},"classes":[]},{"id":88022,"url":"https:\/\/politicosaldesnudo.com.mx\/index.php\/2026\/08\/24\/34-horas-entre-washington-y-palacio-nacional\/","url_meta":{"origin":22053,"position":3},"title":"34 horas entre Washington y Palacio Nacional","author":"Redacci\u00f3n Pol\u00edticos","date":"24 de agosto de 2026","format":false,"excerpt":"MEDIACIONES Por: Zaira Rosas zairosas.22@gmail.com Rub\u00e9n Rocha Moya necesit\u00f3 apenas 34 horas para comprobar que volver al gobierno no era lo mismo que volver al poder. Despu\u00e9s de 112 d\u00edas de licencia, regres\u00f3 a la gubernatura de Sinaloa y, poco m\u00e1s de un d\u00eda despu\u00e9s, volvi\u00f3 a separarse del cargo.\u2026","rel":"","context":"En \u00abOPINI\u00d3N\u00bb","block_context":{"text":"OPINI\u00d3N","link":"https:\/\/politicosaldesnudo.com.mx\/index.php\/category\/columnistas\/"},"img":{"alt_text":"","src":"https:\/\/i0.wp.com\/politicosaldesnudo.com.mx\/wp-content\/uploads\/2026\/08\/zaira-2308-scaled.png?fit=1200%2C659&ssl=1&resize=350%2C200","width":350,"height":200,"srcset":"https:\/\/i0.wp.com\/politicosaldesnudo.com.mx\/wp-content\/uploads\/2026\/08\/zaira-2308-scaled.png?fit=1200%2C659&ssl=1&resize=350%2C200 1x, https:\/\/i0.wp.com\/politicosaldesnudo.com.mx\/wp-content\/uploads\/2026\/08\/zaira-2308-scaled.png?fit=1200%2C659&ssl=1&resize=525%2C300 1.5x, https:\/\/i0.wp.com\/politicosaldesnudo.com.mx\/wp-content\/uploads\/2026\/08\/zaira-2308-scaled.png?fit=1200%2C659&ssl=1&resize=700%2C400 2x, https:\/\/i0.wp.com\/politicosaldesnudo.com.mx\/wp-content\/uploads\/2026\/08\/zaira-2308-scaled.png?fit=1200%2C659&ssl=1&resize=1050%2C600 3x"},"classes":[]},{"id":88244,"url":"https:\/\/politicosaldesnudo.com.mx\/index.php\/2026\/08\/31\/relevo-en-el-congreso-higinio-martinez-toma-el-senado-y-raul-bolanos-encabeza-san-lazaro\/","url_meta":{"origin":22053,"position":4},"title":"Relevo en el Congreso: Higinio Mart\u00ednez toma el Senado y Ra\u00fal Bola\u00f1os encabeza San L\u00e1zaro","author":"Redacci\u00f3n Pol\u00edticos","date":"31 de agosto de 2026","format":false,"excerpt":"Las dos c\u00e1maras del Congreso de la Uni\u00f3n renovaron sus mesas directivas para el \u00faltimo a\u00f1o de la LXVI Legislatura. Morena conservar\u00e1 la conducci\u00f3n del Senado, mientras el Partido Verde asumir\u00e1 por primera vez la presidencia de la C\u00e1mara de Diputados. El Congreso de la Uni\u00f3n inicia una nueva etapa\u2026","rel":"","context":"En \u00abNACIONAL\u00bb","block_context":{"text":"NACIONAL","link":"https:\/\/politicosaldesnudo.com.mx\/index.php\/category\/nacional\/"},"img":{"alt_text":"","src":"https:\/\/i0.wp.com\/politicosaldesnudo.com.mx\/wp-content\/uploads\/2026\/08\/3c93aced-3583-4f59-bf8b-eb1b5153d09e.png?fit=1200%2C675&ssl=1&resize=350%2C200","width":350,"height":200,"srcset":"https:\/\/i0.wp.com\/politicosaldesnudo.com.mx\/wp-content\/uploads\/2026\/08\/3c93aced-3583-4f59-bf8b-eb1b5153d09e.png?fit=1200%2C675&ssl=1&resize=350%2C200 1x, https:\/\/i0.wp.com\/politicosaldesnudo.com.mx\/wp-content\/uploads\/2026\/08\/3c93aced-3583-4f59-bf8b-eb1b5153d09e.png?fit=1200%2C675&ssl=1&resize=525%2C300 1.5x, https:\/\/i0.wp.com\/politicosaldesnudo.com.mx\/wp-content\/uploads\/2026\/08\/3c93aced-3583-4f59-bf8b-eb1b5153d09e.png?fit=1200%2C675&ssl=1&resize=700%2C400 2x, https:\/\/i0.wp.com\/politicosaldesnudo.com.mx\/wp-content\/uploads\/2026\/08\/3c93aced-3583-4f59-bf8b-eb1b5153d09e.png?fit=1200%2C675&ssl=1&resize=1050%2C600 3x"},"classes":[]},{"id":88074,"url":"https:\/\/politicosaldesnudo.com.mx\/index.php\/2026\/08\/26\/presionado-por-acusaciones-enrique-inzunza-deja-la-bancada-de-morena-pero-no-el-senado\/","url_meta":{"origin":22053,"position":5},"title":"Presionado por acusaciones, Enrique Inzunza deja la bancada de Morena, pero no el Senado","author":"Redacci\u00f3n Pol\u00edticos","date":"26 de agosto de 2026","format":false,"excerpt":"El senador Enrique Inzunza anunci\u00f3 su salida del grupo parlamentario de Morena y continuar\u00e1 sus funciones como legislador independiente, en medio de los se\u00f1alamientos que lo relacionan presuntamente con la facci\u00f3n de Los Chapitos. La decisi\u00f3n fue comunicada mediante una carta enviada a Ignacio Mier, coordinador de la bancada morenista\u2026","rel":"","context":"En \u00abNACIONAL\u00bb","block_context":{"text":"NACIONAL","link":"https:\/\/politicosaldesnudo.com.mx\/index.php\/category\/nacional\/"},"img":{"alt_text":"","src":"https:\/\/i0.wp.com\/politicosaldesnudo.com.mx\/wp-content\/uploads\/2026\/08\/inzunza-1.png?fit=1200%2C675&ssl=1&resize=350%2C200","width":350,"height":200,"srcset":"https:\/\/i0.wp.com\/politicosaldesnudo.com.mx\/wp-content\/uploads\/2026\/08\/inzunza-1.png?fit=1200%2C675&ssl=1&resize=350%2C200 1x, https:\/\/i0.wp.com\/politicosaldesnudo.com.mx\/wp-content\/uploads\/2026\/08\/inzunza-1.png?fit=1200%2C675&ssl=1&resize=525%2C300 1.5x, https:\/\/i0.wp.com\/politicosaldesnudo.com.mx\/wp-content\/uploads\/2026\/08\/inzunza-1.png?fit=1200%2C675&ssl=1&resize=700%2C400 2x, https:\/\/i0.wp.com\/politicosaldesnudo.com.mx\/wp-content\/uploads\/2026\/08\/inzunza-1.png?fit=1200%2C675&ssl=1&resize=1050%2C600 3x"},"classes":[]}],"jetpack_sharing_enabled":true,"jetpack_featured_media_url":"https:\/\/i0.wp.com\/politicosaldesnudo.com.mx\/wp-content\/uploads\/2022\/04\/JOSE%CC%81-UREN%CC%83A-1.png?fit=1816%2C1016&ssl=1","_links":{"self":[{"href":"https:\/\/politicosaldesnudo.com.mx\/index.php\/wp-json\/wp\/v2\/posts\/22053","targetHints":{"allow":["GET"]}}],"collection":[{"href":"https:\/\/politicosaldesnudo.com.mx\/index.php\/wp-json\/wp\/v2\/posts"}],"about":[{"href":"https:\/\/politicosaldesnudo.com.mx\/index.php\/wp-json\/wp\/v2\/types\/post"}],"author":[{"embeddable":true,"href":"https:\/\/politicosaldesnudo.com.mx\/index.php\/wp-json\/wp\/v2\/users\/4"}],"replies":[{"embeddable":true,"href":"https:\/\/politicosaldesnudo.com.mx\/index.php\/wp-json\/wp\/v2\/comments?post=22053"}],"version-history":[{"count":0,"href":"https:\/\/politicosaldesnudo.com.mx\/index.php\/wp-json\/wp\/v2\/posts\/22053\/revisions"}],"wp:featuredmedia":[{"embeddable":true,"href":"https:\/\/politicosaldesnudo.com.mx\/index.php\/wp-json\/wp\/v2\/media\/4036"}],"wp:attachment":[{"href":"https:\/\/politicosaldesnudo.com.mx\/index.php\/wp-json\/wp\/v2\/media?parent=22053"}],"wp:term":[{"taxonomy":"category","embeddable":true,"href":"https:\/\/politicosaldesnudo.com.mx\/index.php\/wp-json\/wp\/v2\/categories?post=22053"},{"taxonomy":"post_tag","embeddable":true,"href":"https:\/\/politicosaldesnudo.com.mx\/index.php\/wp-json\/wp\/v2\/tags?post=22053"}],"curies":[{"name":"wp","href":"https:\/\/api.w.org\/{rel}","templated":true}]}}