{"id":22059,"date":"2023-07-10T01:47:05","date_gmt":"2023-07-10T06:47:05","guid":{"rendered":"https:\/\/politicosaldesnudo.com.mx\/?p=22059"},"modified":"2023-07-10T01:47:55","modified_gmt":"2023-07-10T06:47:55","slug":"claudia-y-xochitl","status":"publish","type":"post","link":"https:\/\/politicosaldesnudo.com.mx\/index.php\/2023\/07\/10\/claudia-y-xochitl\/","title":{"rendered":"Claudia y X\u00f3chitl"},"content":{"rendered":"<p>&nbsp;<\/p>\n<p class=\"p1\"><span style=\"font-size: 18pt;\"><b>Por Pepe Valencia<\/b><\/span><\/p>\n<p class=\"p1\"><span style=\"font-size: 14pt;\">Analicen con calma. Sin apasionamientos. Con el cerebro y no con el coraz\u00f3n. Al margen de fobias y filias, y disculpen el lugar com\u00fan. Sin pecar de ingenuos ni caer en pesimismos u optimismos sin fundamentos. Si hoy fueran las elecciones, \u00bfqui\u00e9n conquistar\u00eda la presidencia?<span class=\"Apple-converted-space\">\u00a0<\/span><\/span><\/p>\n<p class=\"p1\"><span style=\"font-size: 14pt;\">A\u00fan no hay candidato por Morena y aliados. Tampoco por el <em>Frente Amplio por M\u00e9xico<\/em> (PAN-PRI-PRD). Y se ignora qu\u00e9 camino tomar\u00e1 finalmente<span class=\"Apple-converted-space\">\u00a0 <\/span>Movimiento Ciudadano.<\/span><\/p>\n<p class=\"p1\"><span style=\"font-size: 14pt;\">Se presume que Andr\u00e9s Manuel L\u00f3pez Obrador ya escogi\u00f3 a Claudia Sheinbaum y que no cambiar\u00e1 de opini\u00f3n. Tal vez. Aunque simpatizantes de Marcelo Ebrard y amigos de Ad\u00e1n Augusto L\u00f3pez abrigan esperanzas cada vez m\u00e1s remotas de un milagro pol\u00edtico.<span class=\"Apple-converted-space\">\u00a0<\/span><\/span><\/p>\n<p>&nbsp;<\/p>\n<p><img data-recalc-dims=\"1\" loading=\"lazy\" decoding=\"async\" class=\"aligncenter wp-image-22060 size-large\" src=\"https:\/\/i0.wp.com\/politicosaldesnudo.com.mx\/wp-content\/uploads\/2023\/07\/P-CLAUDIA-XOCHITL-1024x573.png?resize=800%2C448&#038;ssl=1\" alt=\"\" width=\"800\" height=\"448\" srcset=\"https:\/\/i0.wp.com\/politicosaldesnudo.com.mx\/wp-content\/uploads\/2023\/07\/P-CLAUDIA-XOCHITL.png?resize=1024%2C573&amp;ssl=1 1024w, https:\/\/i0.wp.com\/politicosaldesnudo.com.mx\/wp-content\/uploads\/2023\/07\/P-CLAUDIA-XOCHITL.png?resize=300%2C168&amp;ssl=1 300w, https:\/\/i0.wp.com\/politicosaldesnudo.com.mx\/wp-content\/uploads\/2023\/07\/P-CLAUDIA-XOCHITL.png?resize=768%2C430&amp;ssl=1 768w, https:\/\/i0.wp.com\/politicosaldesnudo.com.mx\/wp-content\/uploads\/2023\/07\/P-CLAUDIA-XOCHITL.png?resize=1536%2C859&amp;ssl=1 1536w, https:\/\/i0.wp.com\/politicosaldesnudo.com.mx\/wp-content\/uploads\/2023\/07\/P-CLAUDIA-XOCHITL.png?w=1816&amp;ssl=1 1816w, https:\/\/i0.wp.com\/politicosaldesnudo.com.mx\/wp-content\/uploads\/2023\/07\/P-CLAUDIA-XOCHITL.png?w=1600&amp;ssl=1 1600w\" sizes=\"auto, (max-width: 800px) 100vw, 800px\" \/><\/p>\n<p>&nbsp;<\/p>\n<p class=\"p1\"><span style=\"font-size: 14pt;\">Seg\u00fan recientes encuestas, algunas publicadas y otras no, Sheinbaum y Ebrard van en virtual empate t\u00e9cnico con X\u00f3chitl G\u00e1lvez. S\u00ed, incre\u00edble, en menos de un mes los alcanz\u00f3 y est\u00e1 a punto de rebasarlos.<span class=\"Apple-converted-space\">\u00a0 <\/span>No es mi favorita. Quiz\u00e1 Marcelo Ebrard o Miguel \u00c1ngel Mancera ser\u00eda un magn\u00edfico presidente, pero si en este momento fuesen las elecciones, acaso X\u00f3chitl G\u00e1lvez los<span class=\"Apple-converted-space\">\u00a0 <\/span>arrasar\u00eda.<span class=\"Apple-converted-space\">\u00a0<\/span><\/span><\/p>\n<p class=\"p1\"><span style=\"font-size: 14pt;\">X\u00f3chitl cae bien, es valiente y honesta. No tiene cola que le pisen. Y mientras m\u00e1s la ataca el presidente, m\u00e1s aumenta su popularidad.<span class=\"Apple-converted-space\">\u00a0<\/span><\/span><\/p>\n<p class=\"p1\"><span style=\"font-size: 14pt;\">Por ahora veamos si la dejan llegar a candidata. Merece la oportunidad. Se la ha ganado a pulso.<\/span><\/p>\n<p class=\"p1\"><span style=\"font-size: 14pt;\"><span class=\"Apple-converted-space\">\u00a0<\/span>Falta menos de un a\u00f1o para las votaciones y en el \u00ednterin ocurrir\u00e1n<span class=\"Apple-converted-space\">\u00a0 <\/span>situaciones y circunstancias negativas y positivas relacionadas con este proceso electoral y podr\u00edan modificarse los escenarios actuales.<\/span><\/p>\n<p class=\"p1\"><span style=\"font-size: 14pt;\">O sea, hoy probablemente triunfar\u00eda X\u00f3chitl. El<span class=\"Apple-converted-space\">\u00a0 <\/span>pr\u00f3ximo a\u00f1o, no lo sabemos. \u00a1Es cu\u00e1nto! dir\u00edan los cl\u00e1sicos.<\/span><\/p>\n<p>&nbsp;<\/p>\n<hr \/>\n<p>&nbsp;<\/p>\n<p><img data-recalc-dims=\"1\" loading=\"lazy\" decoding=\"async\" class=\"aligncenter wp-image-14351\" src=\"https:\/\/i0.wp.com\/politicosaldesnudo.com.mx\/wp-content\/uploads\/2023\/01\/FIRMA-EDITORIAL-PD-300x37.png?resize=800%2C98&#038;ssl=1\" alt=\"\" width=\"800\" height=\"98\" srcset=\"https:\/\/i0.wp.com\/politicosaldesnudo.com.mx\/wp-content\/uploads\/2023\/01\/FIRMA-EDITORIAL-PD.png?resize=300%2C37&amp;ssl=1 300w, https:\/\/i0.wp.com\/politicosaldesnudo.com.mx\/wp-content\/uploads\/2023\/01\/FIRMA-EDITORIAL-PD.png?resize=1024%2C125&amp;ssl=1 1024w, https:\/\/i0.wp.com\/politicosaldesnudo.com.mx\/wp-content\/uploads\/2023\/01\/FIRMA-EDITORIAL-PD.png?resize=768%2C94&amp;ssl=1 768w, https:\/\/i0.wp.com\/politicosaldesnudo.com.mx\/wp-content\/uploads\/2023\/01\/FIRMA-EDITORIAL-PD.png?resize=1536%2C188&amp;ssl=1 1536w, https:\/\/i0.wp.com\/politicosaldesnudo.com.mx\/wp-content\/uploads\/2023\/01\/FIRMA-EDITORIAL-PD.png?resize=2048%2C250&amp;ssl=1 2048w, https:\/\/i0.wp.com\/politicosaldesnudo.com.mx\/wp-content\/uploads\/2023\/01\/FIRMA-EDITORIAL-PD.png?w=1600&amp;ssl=1 1600w, https:\/\/i0.wp.com\/politicosaldesnudo.com.mx\/wp-content\/uploads\/2023\/01\/FIRMA-EDITORIAL-PD.png?w=2400&amp;ssl=1 2400w\" sizes=\"auto, (max-width: 800px) 100vw, 800px\" \/><\/p>\n<p>&nbsp;<\/p>\n<p>&nbsp;<\/p>\n<p>&nbsp;<\/p>\n<p>&nbsp;<\/p>\n","protected":false},"excerpt":{"rendered":"<p>&nbsp; Por Pepe Valencia Analicen con calma. Sin apasionamientos. Con el cerebro y no con el coraz\u00f3n. Al margen de<\/p>\n","protected":false},"author":4,"featured_media":4618,"comment_status":"closed","ping_status":"closed","sticky":false,"template":"","format":"standard","meta":{"colormag_page_container_layout":"default_layout","colormag_page_sidebar_layout":"default_layout","_jetpack_memberships_contains_paid_content":false,"footnotes":"","jetpack_publicize_message":"","jetpack_publicize_feature_enabled":true,"jetpack_social_post_already_shared":false,"jetpack_social_options":{"image_generator_settings":{"template":"highway","default_image_id":0,"font":"","enabled":false},"version":2}},"categories":[26],"tags":[],"class_list":["post-22059","post","type-post","status-publish","format-standard","has-post-thumbnail","hentry","category-columnistas"],"jetpack_publicize_connections":[],"jetpack_featured_media_url":"https:\/\/i0.wp.com\/politicosaldesnudo.com.mx\/wp-content\/uploads\/2022\/05\/EJEMPLO.png?fit=1816%2C1016&ssl=1","jetpack-related-posts":[],"jetpack_sharing_enabled":true,"_links":{"self":[{"href":"https:\/\/politicosaldesnudo.com.mx\/index.php\/wp-json\/wp\/v2\/posts\/22059","targetHints":{"allow":["GET"]}}],"collection":[{"href":"https:\/\/politicosaldesnudo.com.mx\/index.php\/wp-json\/wp\/v2\/posts"}],"about":[{"href":"https:\/\/politicosaldesnudo.com.mx\/index.php\/wp-json\/wp\/v2\/types\/post"}],"author":[{"embeddable":true,"href":"https:\/\/politicosaldesnudo.com.mx\/index.php\/wp-json\/wp\/v2\/users\/4"}],"replies":[{"embeddable":true,"href":"https:\/\/politicosaldesnudo.com.mx\/index.php\/wp-json\/wp\/v2\/comments?post=22059"}],"version-history":[{"count":0,"href":"https:\/\/politicosaldesnudo.com.mx\/index.php\/wp-json\/wp\/v2\/posts\/22059\/revisions"}],"wp:featuredmedia":[{"embeddable":true,"href":"https:\/\/politicosaldesnudo.com.mx\/index.php\/wp-json\/wp\/v2\/media\/4618"}],"wp:attachment":[{"href":"https:\/\/politicosaldesnudo.com.mx\/index.php\/wp-json\/wp\/v2\/media?parent=22059"}],"wp:term":[{"taxonomy":"category","embeddable":true,"href":"https:\/\/politicosaldesnudo.com.mx\/index.php\/wp-json\/wp\/v2\/categories?post=22059"},{"taxonomy":"post_tag","embeddable":true,"href":"https:\/\/politicosaldesnudo.com.mx\/index.php\/wp-json\/wp\/v2\/tags?post=22059"}],"curies":[{"name":"wp","href":"https:\/\/api.w.org\/{rel}","templated":true}]}}