{"id":22069,"date":"2023-07-10T02:04:01","date_gmt":"2023-07-10T07:04:01","guid":{"rendered":"https:\/\/politicosaldesnudo.com.mx\/?p=22069"},"modified":"2023-07-10T02:04:01","modified_gmt":"2023-07-10T07:04:01","slug":"que-ocupa-y-preocupa-al-presidente-amlo","status":"publish","type":"post","link":"https:\/\/politicosaldesnudo.com.mx\/index.php\/2023\/07\/10\/que-ocupa-y-preocupa-al-presidente-amlo\/","title":{"rendered":"Que ocupa y preocupa al Presidente AMLO"},"content":{"rendered":"<p>&nbsp;<\/p>\n<p class=\"p1\"><span style=\"font-size: 18pt;\"><b>Por Carlos O. Silva Bandala<\/b><\/span><\/p>\n<p class=\"p1\"><span style=\"font-size: 14pt;\">Ya en otras ocasiones se ha analizado las consecuencias en que se encuentran los presidentes de M\u00e9xico, a partir de cuando dejan de serlo. El dedazo pri\u00edsta se caracteriz\u00f3 por dos razones, a fin de garantizar eficacia electoral: primero, mantener unido al partido, no echando a pelear a los posibles candidatos. Todos ellos siempre fueron secretarios de Estado como en la Curia Romana, solo Cardenales. Segundo, el binomio de capacidad y lealtad a toda prueba, era indispensable experiencia y conocimientos en el ejercicio de gobierno desde de una Secretar\u00eda de Estado, pues se valoraba con mucha responsabilidad esa capacidad profesional. Tal ropaje necesariamente deb\u00eda asociarse con fidelidad a toda prueba al Presidente de la Rep\u00fablica.<\/span><\/p>\n<p class=\"p1\"><span style=\"font-size: 18pt;\"><strong>En casi cien a\u00f1os, nunca en la historia del pa\u00eds un Regente, ahora Jefe(a) de Gobierno de la CdMx, tuvo en los hechos la posibilidad de suceder al Presidente como gobernante de la Rep\u00fablica. No era Cardenal, sin embargo, hoy vemos a Claudia Sheinbaum como precandidata, lo cual marca una diferencia circunstancial con el pri\u00edsmo del ayer.<\/strong><\/span><\/p>\n<p class=\"p1\"><span style=\"font-size: 14pt;\">La Curia Romana (conjunto de \u00f3rganos del gobierno de la Santa Sede y de la Iglesia Cat\u00f3lica) es gu\u00eda inteligente que, por centenares de a\u00f1os, ha llevado a la pr\u00e1ctica la ruta al papado cat\u00f3lico. Imposible e impropio en ese poder religioso que un Obispo que no haya logrado escalar a Cardenal, tenga el m\u00e9rito de aspirar a Papa. A querer reconocerse o no, ese fue un sabio proceder de los expresidentes de M\u00e9xico pri\u00edstas, al se\u00f1alar (dedazo) a su posible sucesor, \u00fanicamente, para Secretarios de Estado en posibilidad de sucederlo. Lo que acontece con los nombrados por el Presidente como precandidatos de Morena, es copia fiel del hacer pri\u00edsta en sus tiempos de gloria.<\/span><\/p>\n<p class=\"p1\"><span style=\"font-size: 14pt;\">La desinformaci\u00f3n y ambici\u00f3n descontrolada de la oposici\u00f3n partidista al Presidente, en \u00e1nimo de un candidato presidencial de Alianza PAN\/PRI\/PRD\/CC, est\u00e1 llena de incapaces en el conocimiento de administraci\u00f3n p\u00fablica de Gobierno Nacional. Para la Curia Romana ser\u00edan como p\u00e1rrocos de pueblo \u00bfQu\u00e9 sabe Beatriz Paredes, Enrique de la Madrid, X\u00f3chilt G\u00e1lvez, Santiago Creel y dem\u00e1s de como gobernar en el pa\u00eds sin estar al tanto, en el presente, de los problemas nacionales? Hechos y circunstancias que a diario se tratan (cinco a\u00f1os ininterrumpidos) y discuten con el Presidente y sus tres principales precandidatos. En la oposici\u00f3n, unos, desinformados, otros desencanchados y atrapados en el pasado de lo que fueron. p\u00eddele al tiempo que vuelva. Imposible. El reto es c\u00f3mo hacerlo entender a la gente.<\/span><\/p>\n<p>&nbsp;<\/p>\n<p><img data-recalc-dims=\"1\" loading=\"lazy\" decoding=\"async\" class=\"aligncenter wp-image-22070 size-large\" src=\"https:\/\/i0.wp.com\/politicosaldesnudo.com.mx\/wp-content\/uploads\/2023\/07\/P-AMLO-1024x573.png?resize=800%2C448&#038;ssl=1\" alt=\"\" width=\"800\" height=\"448\" srcset=\"https:\/\/i0.wp.com\/politicosaldesnudo.com.mx\/wp-content\/uploads\/2023\/07\/P-AMLO.png?resize=1024%2C573&amp;ssl=1 1024w, https:\/\/i0.wp.com\/politicosaldesnudo.com.mx\/wp-content\/uploads\/2023\/07\/P-AMLO.png?resize=300%2C168&amp;ssl=1 300w, https:\/\/i0.wp.com\/politicosaldesnudo.com.mx\/wp-content\/uploads\/2023\/07\/P-AMLO.png?resize=768%2C430&amp;ssl=1 768w, https:\/\/i0.wp.com\/politicosaldesnudo.com.mx\/wp-content\/uploads\/2023\/07\/P-AMLO.png?resize=1536%2C859&amp;ssl=1 1536w, https:\/\/i0.wp.com\/politicosaldesnudo.com.mx\/wp-content\/uploads\/2023\/07\/P-AMLO.png?w=1816&amp;ssl=1 1816w, https:\/\/i0.wp.com\/politicosaldesnudo.com.mx\/wp-content\/uploads\/2023\/07\/P-AMLO.png?w=1600&amp;ssl=1 1600w\" sizes=\"auto, (max-width: 800px) 100vw, 800px\" \/><\/p>\n<p>&nbsp;<\/p>\n<p class=\"p1\"><span style=\"font-size: 18pt; color: #139eca;\"><b>QUE LE OCUPA Y PREOCUPA AL PRESIDENTE<\/b><\/span><\/p>\n<p class=\"p1\"><span style=\"font-size: 18pt;\"><strong>Ejercer el poder presidencial en nuestro pa\u00eds es muy complicado y dif\u00edcil. Se requiere experiencia, capacidad, honor, honradez y valent\u00eda. Cada d\u00eda que pasa se confirma lo que la gente ha intuido como la preferida del Presidente a Claudia Sheinbaum. El triunfo electoral presidencial de Morena no le preocupa al Presidente, le ocupa. La gran preocupaci\u00f3n del Presidente es la composici\u00f3n num\u00e9rica partidista del Congreso de la Uni\u00f3n (C\u00e1mara de Diputados y Senadores).<\/strong><\/span><\/p>\n<p class=\"p1\"><span style=\"font-size: 14pt;\">La persistencia del Presidente de hacer el se\u00f1alamiento de que los Ministros de la SCJM no respetan el ordenamiento del Art\u00edculo 127 constitucional en que ning\u00fan servidor p\u00fablico podr\u00e1 recibir remuneraci\u00f3n de su funci\u00f3n en empleo, cargo o comisi\u00f3n, mayor a la establecida para el Presidente de la Rep\u00fablica, ya que ha dicho que \u00e9l recibe un total de m\u00e1s- menos 140 mil pesos mensuales y que algunos Ministros andan por 600 mil pesos, no parece venganza por los reveses que le propin\u00f3 la Suprema Corte, m\u00e1s bien lleva a considerar que hay gato encerrado.<\/span><\/p>\n<p>&nbsp;<\/p>\n<p class=\"p1\"><span style=\"font-size: 18pt; color: #139eca;\"><b>GATO ENCERRADO<\/b><\/span><\/p>\n<p class=\"p1\"><span style=\"font-size: 14pt;\">Haber causa o raz\u00f3n oculta o secreta, o manejos ocultos. Como ves, haces bien mostrando desconfianza (como har\u00eda un gato).<\/span><\/p>\n<p class=\"p1\"><span style=\"font-size: 14pt;\">La campa\u00f1a presidencial de AMLO se signific\u00f3 pidiendo a la ciudadan\u00eda que votase por el candidato presidencial de Morena y en cascada por todos los candidatos a la C\u00e1mara de Diputados y Senadores; lo logr\u00f3. En ocasi\u00f3n a las elecciones en junio del 2024, seguramente la petici\u00f3n ser\u00e1 la misma desde el Presidente, pero no con el prop\u00f3sito de lograr mayor\u00eda calificada, parlamentaria, para presentar la iniciativa de ley que lleve a la elecci\u00f3n de los Ministros de la Corte y cambiar a todos ellos. \u00bfRealmente es cre\u00edble que se busque el voto en cascada para mayor\u00eda calificada con el prop\u00f3sito de descarrilar a la actual composici\u00f3n de la SCJN, cuando el Presidente est\u00e1 en los \u00faltimos meses de su mandato? \u00bfA tal grado est\u00e1 el enojo del Presidente?<\/span><\/p>\n<p>&nbsp;<\/p>\n<p class=\"p1\"><span style=\"font-size: 18pt; color: #139eca;\"><b>NO HAY DEUDAS POL\u00cdTICAS INCOBRABLES<\/b><\/span><\/p>\n<p class=\"p1\"><span style=\"font-size: 18pt;\"><strong>La gran preocupaci\u00f3n del Presidente es autoprotegerse pol\u00edticamente en el Congreso de la Uni\u00f3n, desde donde los opositores le van a soltar una bater\u00eda de denuncias y se\u00f1alamientos que pueden poner en riesgo su tranquilidad y sue\u00f1os en paz. Si con dedazo, al Presidente en turno le vali\u00f3 tres pitos quien lo protegi\u00f3 y encumbr\u00f3 y de all\u00ed casi al ostracismo y silencio sepulcral de los expresidentes (hasta exiliados), ahora imaginemos una C\u00e1mara de Diputados con sed de venganza pol\u00edtica. Que no quede en duda, que quien ocupe la presidencia de la Rep\u00fablica, a querer o no, se lavar\u00e1 las manos ante lo que pudiere acontecer en el Congreso de la Uni\u00f3n, si no se tiene la tan nombrada mayor\u00eda calificada morenista. Por ello, no es concebible en un pol\u00edtico de 24 horas diarias, de toda la vida, tal cual AMLO, se vaya a La Chingada a escribir sus memorias (y san se acab\u00f3). Las responsabilidades p\u00fablicas del ejercicio de su mandato presidencial entrar\u00e1n a revisi\u00f3n profunda en el Congreso de la Uni\u00f3n. Eso s\u00ed le preocupa al Presidente, ciertamente, no tanto el tema de los Ministros de la Corte, anotado.<span class=\"Apple-converted-space\">\u00a0<\/span><\/strong><\/span><\/p>\n<p class=\"p1\"><span style=\"font-size: 14pt;\">El Presidente no desconoce lo que les ha acontecido a los expresidentes, por quienes, \u201chermanos o amigos leales\u201d con la banda presidencial en el pecho, los han aislados para siempre en pol\u00edtica. Ah\u00ed que, en su juego de poder pol\u00edtico, asegurar lo conducente en las C\u00e1maras citadas, aconseja continuar con el liderazgo en Morena, desde La Chingada. Un ojo al gato y otro al garabato.<\/span><\/p>\n<p>&nbsp;<\/p>\n<hr \/>\n<p>&nbsp;<\/p>\n<p><strong><span style=\"font-size: 18pt;\">Correo: <span class=\"s1\"><a href=\"mailto:flormarcc2@gmail.com\">flormarcc2@gmail.com<\/a><\/span><\/span><\/strong><\/p>\n<p>&nbsp;<\/p>\n<p><img data-recalc-dims=\"1\" loading=\"lazy\" decoding=\"async\" class=\"aligncenter wp-image-14351\" src=\"https:\/\/i0.wp.com\/politicosaldesnudo.com.mx\/wp-content\/uploads\/2023\/01\/FIRMA-EDITORIAL-PD-300x37.png?resize=800%2C98&#038;ssl=1\" alt=\"\" width=\"800\" height=\"98\" srcset=\"https:\/\/i0.wp.com\/politicosaldesnudo.com.mx\/wp-content\/uploads\/2023\/01\/FIRMA-EDITORIAL-PD.png?resize=300%2C37&amp;ssl=1 300w, https:\/\/i0.wp.com\/politicosaldesnudo.com.mx\/wp-content\/uploads\/2023\/01\/FIRMA-EDITORIAL-PD.png?resize=1024%2C125&amp;ssl=1 1024w, https:\/\/i0.wp.com\/politicosaldesnudo.com.mx\/wp-content\/uploads\/2023\/01\/FIRMA-EDITORIAL-PD.png?resize=768%2C94&amp;ssl=1 768w, https:\/\/i0.wp.com\/politicosaldesnudo.com.mx\/wp-content\/uploads\/2023\/01\/FIRMA-EDITORIAL-PD.png?resize=1536%2C188&amp;ssl=1 1536w, https:\/\/i0.wp.com\/politicosaldesnudo.com.mx\/wp-content\/uploads\/2023\/01\/FIRMA-EDITORIAL-PD.png?resize=2048%2C250&amp;ssl=1 2048w, https:\/\/i0.wp.com\/politicosaldesnudo.com.mx\/wp-content\/uploads\/2023\/01\/FIRMA-EDITORIAL-PD.png?w=1600&amp;ssl=1 1600w, https:\/\/i0.wp.com\/politicosaldesnudo.com.mx\/wp-content\/uploads\/2023\/01\/FIRMA-EDITORIAL-PD.png?w=2400&amp;ssl=1 2400w\" sizes=\"auto, (max-width: 800px) 100vw, 800px\" \/><\/p>\n<p>&nbsp;<\/p>\n<p>&nbsp;<\/p>\n<p>&nbsp;<\/p>\n<p>&nbsp;<\/p>\n","protected":false},"excerpt":{"rendered":"<p>&nbsp; Por Carlos O. Silva Bandala Ya en otras ocasiones se ha analizado las consecuencias en que se encuentran los<\/p>\n","protected":false},"author":4,"featured_media":11705,"comment_status":"closed","ping_status":"closed","sticky":false,"template":"","format":"standard","meta":{"colormag_page_container_layout":"default_layout","colormag_page_sidebar_layout":"default_layout","_jetpack_memberships_contains_paid_content":false,"footnotes":"","jetpack_publicize_message":"","jetpack_publicize_feature_enabled":true,"jetpack_social_post_already_shared":false,"jetpack_social_options":{"image_generator_settings":{"template":"highway","default_image_id":0,"font":"","enabled":false},"version":2}},"categories":[26],"tags":[],"class_list":["post-22069","post","type-post","status-publish","format-standard","has-post-thumbnail","hentry","category-columnistas"],"jetpack_publicize_connections":[],"jetpack_featured_media_url":"https:\/\/i0.wp.com\/politicosaldesnudo.com.mx\/wp-content\/uploads\/2022\/10\/CARLOS-O.-SILVA-BANDALA.png?fit=1816%2C1016&ssl=1","jetpack-related-posts":[],"jetpack_sharing_enabled":true,"_links":{"self":[{"href":"https:\/\/politicosaldesnudo.com.mx\/index.php\/wp-json\/wp\/v2\/posts\/22069","targetHints":{"allow":["GET"]}}],"collection":[{"href":"https:\/\/politicosaldesnudo.com.mx\/index.php\/wp-json\/wp\/v2\/posts"}],"about":[{"href":"https:\/\/politicosaldesnudo.com.mx\/index.php\/wp-json\/wp\/v2\/types\/post"}],"author":[{"embeddable":true,"href":"https:\/\/politicosaldesnudo.com.mx\/index.php\/wp-json\/wp\/v2\/users\/4"}],"replies":[{"embeddable":true,"href":"https:\/\/politicosaldesnudo.com.mx\/index.php\/wp-json\/wp\/v2\/comments?post=22069"}],"version-history":[{"count":0,"href":"https:\/\/politicosaldesnudo.com.mx\/index.php\/wp-json\/wp\/v2\/posts\/22069\/revisions"}],"wp:featuredmedia":[{"embeddable":true,"href":"https:\/\/politicosaldesnudo.com.mx\/index.php\/wp-json\/wp\/v2\/media\/11705"}],"wp:attachment":[{"href":"https:\/\/politicosaldesnudo.com.mx\/index.php\/wp-json\/wp\/v2\/media?parent=22069"}],"wp:term":[{"taxonomy":"category","embeddable":true,"href":"https:\/\/politicosaldesnudo.com.mx\/index.php\/wp-json\/wp\/v2\/categories?post=22069"},{"taxonomy":"post_tag","embeddable":true,"href":"https:\/\/politicosaldesnudo.com.mx\/index.php\/wp-json\/wp\/v2\/tags?post=22069"}],"curies":[{"name":"wp","href":"https:\/\/api.w.org\/{rel}","templated":true}]}}