{"id":22110,"date":"2023-07-11T05:00:47","date_gmt":"2023-07-11T10:00:47","guid":{"rendered":"https:\/\/politicosaldesnudo.com.mx\/?p=22110"},"modified":"2023-07-11T07:03:10","modified_gmt":"2023-07-11T12:03:10","slug":"sera-presidenta","status":"publish","type":"post","link":"https:\/\/politicosaldesnudo.com.mx\/index.php\/2023\/07\/11\/sera-presidenta\/","title":{"rendered":"# Ser\u00e1 presidenta"},"content":{"rendered":"<p>&nbsp;<\/p>\n<p class=\"p3\" style=\"text-align: center;\"><em><span style=\"font-size: 18pt;\"><strong>&lt;&lt;Hasta el d\u00eda de hoy, dos mujeres encabezan las preferencias&gt;&gt;<\/strong><\/span><\/em><\/p>\n<p class=\"p3\" style=\"text-align: center;\"><em><span style=\"font-size: 18pt;\"><strong>&lt;&lt;El poder quedar\u00e1 entre Claudia Sheinbaum y X\u00f3chitl G\u00e1lvez&gt;&gt;<\/strong><\/span><\/em><\/p>\n<p class=\"p3\" style=\"text-align: center;\"><em><span style=\"font-size: 18pt;\"><strong>&lt;&lt;Son muchos los aspirantes, pero no logran convencer&gt;&gt;<\/strong><\/span><\/em><\/p>\n<p>&nbsp;<\/p>\n<p>&nbsp;<\/p>\n<p class=\"p3\"><span style=\"font-size: 18pt;\"><strong>Por Miguel \u00c1ngel Cristiani G.<\/strong><\/span><\/p>\n<p class=\"p3\"><span style=\"font-size: 14pt;\">Todo parece indicar -hasta la ma\u00f1ana de este lunes 10 de julio- que la pr\u00f3xima presidente de la rep\u00fablica ser\u00e1 una mujer, que habr\u00e1 de ser Claudia Sheinbaum o X\u00f3chitl G\u00e1lvez.<\/span><\/p>\n<p class=\"p3\"><span style=\"font-size: 14pt;\">Como dir\u00eda el cl\u00e1sico: \u201cno se hagan bolas\u201d.<\/span><\/p>\n<p class=\"p3\"><span style=\"font-size: 14pt;\">En efecto, la lista de los aspirantes que quisieran ser el pr\u00f3ximo primer mandatario, es muy grande y todos los d\u00edas va en aumento.<\/span><\/p>\n<p class=\"p3\"><span style=\"font-size: 14pt;\">Pero todas esas famosas \u201calianzas\u201d \u201cuniones\u201d \u201cdefensas\u201d y dem\u00e1s agrupaciones, son un mero distractor, porque hasta ahora no han logrado conectar con el electorado, que es el que al final de cuentas va a decidir.<\/span><\/p>\n<p class=\"p3\"><span style=\"font-size: 14pt;\">Aunque Claudia Sheinbaum tampoco ha logrado despertar el entusiasmo de los votantes, por el hecho de ser la favorita de ya saben qui\u00e9n, se mantiene al frente de las encuestas de las preferencias electorales.<\/span><\/p>\n<p class=\"p3\"><span style=\"font-size: 14pt;\">Para ello no han servido de nada los millones de pesos que se han gastado para manchar las bardas en todas las ciudades y pueblos del pa\u00eds, anunciando que #ClaudiaEs.<\/span><\/p>\n<p class=\"p3\"><span style=\"font-size: 14pt;\">Tambi\u00e9n hasta ahora, todas las corcholatas de Morena lo que han hecho es lo mismito que hac\u00edan el PRI y el PAN en sus campa\u00f1as electorales, organizar eventos -que los llaman de diferente manera- pero que son concentraciones masivas de acarreados que no saben ni por quien tienen que apoyar.<\/span><\/p>\n<p class=\"p3\"><span style=\"font-size: 14pt;\">Pr\u00e1cticamente todos los aspirantes est\u00e1n ya en campa\u00f1a electoral, aunque hasta el d\u00eda de hoy, no se sabe tampoco que alguno de los partidos mal llamados de oposici\u00f3n, haya presentado una denuncia ante las autoridades correspondientes -INE y OPLE- para que se proceda a aplicar la Ley.<\/span><\/p>\n<p class=\"p3\"><span style=\"font-size: 14pt;\">El caso de Xochitl G\u00e1lvez es diferente, aunque pudiera parecer producto de la mera casualidad el crecimiento como candidata de oposici\u00f3n a Morena, lo cierto es que se trata de una muy bien organizada y preparada campa\u00f1a de marketing pol\u00edtico.<\/span><\/p>\n<p class=\"p3\"><span style=\"font-size: 14pt;\">No fue mera ocurrencia, el que haya demandado al presidente L\u00f3pez Obrador el que le permitiera ejercer su derecho a r\u00e9plica, luego de que la mencionara en la conferencia Ma\u00f1anera.<\/span><\/p>\n<p class=\"p3\"><span style=\"font-size: 14pt;\">El propio presidente la subi\u00f3 al ring, cuando le negaron el acceso a palacio nacional.<\/span><\/p>\n<p class=\"p3\"><span style=\"font-size: 14pt;\">De ah\u00ed se agarr\u00f3 para hacer crecer su imagen de opositora, retando al mandatario y dici\u00e9ndole en tono de burla que no se riera, porque le iba a entregar a ella la banda presidencial.<\/span><\/p>\n<p class=\"p3\"><span style=\"font-size: 14pt;\">Como de inmediato empezaron los ataques contra X\u00f3chitl, porque en su ni\u00f1ez ven\u00eda tamales, la respuesta tambi\u00e9n fue una serie de memes, de que era preferible vender tamales que \u201cdarle atole con el dedo\u201d a la gente.<\/span><\/p>\n<p class=\"p3\"><span style=\"font-size: 14pt;\">Como hasta ahora ha sido la \u00fanica que ha salido a contestar al presidente en las benditas redes sociales, su candidatura se ha disparado y cada d\u00eda sigue creciendo.<\/span><\/p>\n<p class=\"p3\"><span style=\"font-size: 14pt;\">El \u00faltimo mensaje que subi\u00f3, \u201ccomo no tiene dinero para pagar costosa publicidad\u201d invita a la poblaci\u00f3n a que en sus redes suban mensajes de apoyo y en los lugares p\u00fablicos pinten su nombre.<\/span><\/p>\n<p class=\"p3\"><span style=\"font-size: 14pt;\">Aunque como en pol\u00edtica todo cambia de un d\u00eda para otro, dependiendo de las circunstancias, lo \u00fanico que parecer ser un hecho seguro, es que la pr\u00f3xima presidenta de M\u00e9xico, ser\u00e1 una mujer.<\/span><\/p>\n<p>&nbsp;<\/p>\n<hr \/>\n<p>&nbsp;<\/p>\n<p class=\"p1\"><span style=\"font-size: 18pt;\"><strong>Cont\u00e1ctanos en nuestra p\u00e1gina:<\/strong><\/span><\/p>\n<p><a href=\"https:\/\/www.xn--bitacoraspolticas-ovb.com\/\"><span style=\"font-size: 18pt;\"><strong>BitacorasPolticas.com<\/strong><\/span><\/a><\/p>\n<p>&nbsp;<\/p>\n<p><img data-recalc-dims=\"1\" loading=\"lazy\" decoding=\"async\" class=\"aligncenter wp-image-14351\" src=\"https:\/\/i0.wp.com\/politicosaldesnudo.com.mx\/wp-content\/uploads\/2023\/01\/FIRMA-EDITORIAL-PD-300x37.png?resize=800%2C98&#038;ssl=1\" alt=\"\" width=\"800\" height=\"98\" srcset=\"https:\/\/i0.wp.com\/politicosaldesnudo.com.mx\/wp-content\/uploads\/2023\/01\/FIRMA-EDITORIAL-PD.png?resize=300%2C37&amp;ssl=1 300w, https:\/\/i0.wp.com\/politicosaldesnudo.com.mx\/wp-content\/uploads\/2023\/01\/FIRMA-EDITORIAL-PD.png?resize=1024%2C125&amp;ssl=1 1024w, https:\/\/i0.wp.com\/politicosaldesnudo.com.mx\/wp-content\/uploads\/2023\/01\/FIRMA-EDITORIAL-PD.png?resize=768%2C94&amp;ssl=1 768w, https:\/\/i0.wp.com\/politicosaldesnudo.com.mx\/wp-content\/uploads\/2023\/01\/FIRMA-EDITORIAL-PD.png?resize=1536%2C188&amp;ssl=1 1536w, https:\/\/i0.wp.com\/politicosaldesnudo.com.mx\/wp-content\/uploads\/2023\/01\/FIRMA-EDITORIAL-PD.png?resize=2048%2C250&amp;ssl=1 2048w, https:\/\/i0.wp.com\/politicosaldesnudo.com.mx\/wp-content\/uploads\/2023\/01\/FIRMA-EDITORIAL-PD.png?w=1600&amp;ssl=1 1600w, https:\/\/i0.wp.com\/politicosaldesnudo.com.mx\/wp-content\/uploads\/2023\/01\/FIRMA-EDITORIAL-PD.png?w=2400&amp;ssl=1 2400w\" sizes=\"auto, (max-width: 800px) 100vw, 800px\" \/><\/p>\n<p>&nbsp;<\/p>\n<p>&nbsp;<\/p>\n<p>&nbsp;<\/p>\n<p>&nbsp;<\/p>\n","protected":false},"excerpt":{"rendered":"<p>&nbsp; &lt;&lt;Hasta el d\u00eda de hoy, dos mujeres encabezan las preferencias&gt;&gt; &lt;&lt;El poder quedar\u00e1 entre Claudia Sheinbaum y X\u00f3chitl G\u00e1lvez&gt;&gt;<\/p>\n","protected":false},"author":4,"featured_media":3789,"comment_status":"closed","ping_status":"closed","sticky":false,"template":"","format":"standard","meta":{"colormag_page_container_layout":"default_layout","colormag_page_sidebar_layout":"default_layout","_jetpack_memberships_contains_paid_content":false,"footnotes":"","jetpack_publicize_message":"","jetpack_publicize_feature_enabled":true,"jetpack_social_post_already_shared":false,"jetpack_social_options":{"image_generator_settings":{"template":"highway","default_image_id":0,"font":"","enabled":false},"version":2}},"categories":[26],"tags":[],"class_list":["post-22110","post","type-post","status-publish","format-standard","has-post-thumbnail","hentry","category-columnistas"],"jetpack_publicize_connections":[],"jetpack_featured_media_url":"https:\/\/i0.wp.com\/politicosaldesnudo.com.mx\/wp-content\/uploads\/2022\/04\/CRISTIANI.png?fit=1816%2C1016&ssl=1","jetpack-related-posts":[],"jetpack_sharing_enabled":true,"_links":{"self":[{"href":"https:\/\/politicosaldesnudo.com.mx\/index.php\/wp-json\/wp\/v2\/posts\/22110","targetHints":{"allow":["GET"]}}],"collection":[{"href":"https:\/\/politicosaldesnudo.com.mx\/index.php\/wp-json\/wp\/v2\/posts"}],"about":[{"href":"https:\/\/politicosaldesnudo.com.mx\/index.php\/wp-json\/wp\/v2\/types\/post"}],"author":[{"embeddable":true,"href":"https:\/\/politicosaldesnudo.com.mx\/index.php\/wp-json\/wp\/v2\/users\/4"}],"replies":[{"embeddable":true,"href":"https:\/\/politicosaldesnudo.com.mx\/index.php\/wp-json\/wp\/v2\/comments?post=22110"}],"version-history":[{"count":0,"href":"https:\/\/politicosaldesnudo.com.mx\/index.php\/wp-json\/wp\/v2\/posts\/22110\/revisions"}],"wp:featuredmedia":[{"embeddable":true,"href":"https:\/\/politicosaldesnudo.com.mx\/index.php\/wp-json\/wp\/v2\/media\/3789"}],"wp:attachment":[{"href":"https:\/\/politicosaldesnudo.com.mx\/index.php\/wp-json\/wp\/v2\/media?parent=22110"}],"wp:term":[{"taxonomy":"category","embeddable":true,"href":"https:\/\/politicosaldesnudo.com.mx\/index.php\/wp-json\/wp\/v2\/categories?post=22110"},{"taxonomy":"post_tag","embeddable":true,"href":"https:\/\/politicosaldesnudo.com.mx\/index.php\/wp-json\/wp\/v2\/tags?post=22110"}],"curies":[{"name":"wp","href":"https:\/\/api.w.org\/{rel}","templated":true}]}}