{"id":22118,"date":"2023-07-11T06:00:19","date_gmt":"2023-07-11T11:00:19","guid":{"rendered":"https:\/\/politicosaldesnudo.com.mx\/?p=22118"},"modified":"2023-07-11T07:19:05","modified_gmt":"2023-07-11T12:19:05","slug":"xochitl-la-embaucadora","status":"publish","type":"post","link":"https:\/\/politicosaldesnudo.com.mx\/index.php\/2023\/07\/11\/xochitl-la-embaucadora\/","title":{"rendered":"X\u00f3chitl, la embaucadora"},"content":{"rendered":"<p class=\"p1\">\n<p>&nbsp;<\/p>\n<p class=\"p1\"><span style=\"font-size: 18pt;\"><strong>Por Jos\u00e9 Garc\u00eda S\u00e1nchez<\/strong><\/span><\/p>\n<p class=\"p1\"><span style=\"font-size: 14pt;\">El atuendo de ind\u00edgena es un disfraz m\u00e1s de X\u00f3chitl G\u00e1lvez. La hemos visto con el uniforme del Cruz azul, de botarga de dinosaurio, de Houdini encadenada, de ciclista improvisada, de ni\u00f1a traviesa en una pijamada, de agente fiscal de los sanitarios de un mercado, de agente de tr\u00e1nsito en Miguel Hidalgo, de brigadista sanitaria en un puesto de comida ambulante, de vende-votos el d\u00eda de las elecciones, de tal manera que no adopte el disfraz de candidata como una pieza m\u00e1s de la mascarada en la que ha convertido su vida.<\/span><\/p>\n<p class=\"p1\"><span style=\"font-size: 18pt;\"><strong>Desde el origen de su vida trata de tergiversar la realidad, crea una historia paralela alejada de la realidad, pero, o m\u00e1s grave es que su plataforma de despegue y la justificaci\u00f3n de su candidatura es la fantas\u00eda con la que vuelve su vida asegurando que era pobre, que vend\u00eda gelatinas, que caminaba \u201cdos pueblos\u201d para llegar a su escuela cuando en realidad estaba a dos cuadras, , que los maestros eran unos flojos, que pap\u00e1 era alcoh\u00f3lico y quiso matar a su mam\u00e1 con un molcajete, etc.<\/strong><\/span><\/p>\n<p class=\"p1\"><span style=\"font-size: 14pt;\">Si destroza la dignidad de sus familiares m\u00e1s cercanos que no podr\u00e1 sacrificar en nombre de sus ambiciones. Anteriormente s\u00f3lo era el disfraz, ahora, como candidata debe manejar guion y disfraz lo que para ella es una experiencia nueva y m\u00e1s compleja que o durar\u00e1 mucho soport\u00e1ndola, menos a\u00fan si a eso sumamos las cr\u00edticas que se multiplican por mentirosa.<\/span><\/p>\n<p class=\"p1\"><span style=\"font-size: 18pt;\"><strong>Primero fue el primo de X\u00f3chitl, Juan G\u00e1lvez Gonz\u00e1lez, quien desminti\u00f3 mucho de las mentiras sobre la lejan\u00eda de su escuela, la pobreza de su familia, y la necesidad de trabajar a edad temprana. Ahora fue su t\u00eda Macrina G\u00e1lvez, hermana de sus pap\u00e1s, quien asegura que su pap\u00e1 no era un alcoh\u00f3lico, ni le pegaba a la madre de la panista, y afirm\u00f3 que siempre le ayud\u00f3 mucha gente a llevar a cabo sus estudios. Adem\u00e1s, nunca hizo nada por el pueblo que al vio nacer, donde s\u00ed hay gente muy pobre.<\/strong><\/span><\/p>\n<p class=\"p1\"><span style=\"color: #139eca;\"><span style=\"font-size: 18pt;\"><strong>Despu\u00e9s vino la declaraci\u00f3n de la profesora de la primaria <\/strong><\/span><em><span style=\"font-size: 18pt;\"><strong>\u201cFrancisco I, Madero\u201d<\/strong><\/span><\/em><span style=\"font-size: 18pt;\"><strong>, Mar\u00eda Magdalena Hern\u00e1ndez, quien dijo sentirse ofendida por las expresiones de X\u00f3chitl, quien las calific\u00f3 de flojas, irresponsables e ignorantes.<\/strong><\/span><\/span><\/p>\n<p class=\"p1\"><span style=\"font-size: 14pt;\">Ahora no s\u00f3lo X\u00f3chitl miente sino que atenta contra la imagen de personas que ni conoce porque pocas veces ha visitado su lugar de nacimiento. a pesar de que no est\u00e1 lejos de la capital del pa\u00eds. Se trata de un delito que debe ser castigado porque atenta contra la integridad de personas que est\u00e1n vivas y que deteriora su imagen. X\u00f3chitl, s\u00f3lo por eso, deber\u00eda estar en la c\u00e1rcel. Toda la mentira que rodea a X\u00f3chitl G\u00e1lvez es una plataforma fantasiosa para que al crean los m\u00e1s ingenuos o los odiadores de tiempo completo del Presidente que lo mismo se suben a un burro si saben que va en sentido contrario al camino de la 4T.<\/span><\/p>\n<p class=\"p1\"><span style=\"font-size: 14pt;\">Cada d\u00eda surgen m\u00e1s evidencias de las mentiras de una candidata que crea su plataforma electoral en una pobreza ficticia, medi\u00e1tica, cosa que no hacen quienes verdaderamente han surgido desde abajo. As\u00ed como hay gente que no puede vivir sin mentir hay quienes les gusta que les mientan y m\u00e1s a\u00fan si esas mentiras pueden fortalecer su lucha por derribar el muro de la 4T.<\/span><\/p>\n<p class=\"p1\"><span style=\"font-size: 18pt;\"><strong>La pobreza de oropel de X\u00f3chitl G\u00e1lvez, es s\u00f3lo parte de una publicidad, que anuncia un medicamento milagro que dice ser bueno para todo mal, cuando en realidad s\u00f3lo es un placebo y en este caso, ni a eso llega.<\/strong><\/span><\/p>\n<div><\/div>\n<div><\/div>\n<div>\n<hr \/>\n<p>&nbsp;<\/p>\n<p><span style=\"font-size: 18pt;\"><strong>Twitter:\u00a0<a href=\"https:\/\/twitter.com\/Josangasa3\">@Josangasa3<\/a><\/strong><\/span><\/p>\n<p>&nbsp;<\/p>\n<p><img data-recalc-dims=\"1\" loading=\"lazy\" decoding=\"async\" class=\"aligncenter wp-image-14351\" src=\"https:\/\/i0.wp.com\/politicosaldesnudo.com.mx\/wp-content\/uploads\/2023\/01\/FIRMA-EDITORIAL-PD-300x37.png?resize=1000%2C122&#038;ssl=1\" alt=\"\" width=\"1000\" height=\"122\" srcset=\"https:\/\/i0.wp.com\/politicosaldesnudo.com.mx\/wp-content\/uploads\/2023\/01\/FIRMA-EDITORIAL-PD.png?resize=300%2C37&amp;ssl=1 300w, https:\/\/i0.wp.com\/politicosaldesnudo.com.mx\/wp-content\/uploads\/2023\/01\/FIRMA-EDITORIAL-PD.png?resize=1024%2C125&amp;ssl=1 1024w, https:\/\/i0.wp.com\/politicosaldesnudo.com.mx\/wp-content\/uploads\/2023\/01\/FIRMA-EDITORIAL-PD.png?resize=768%2C94&amp;ssl=1 768w, https:\/\/i0.wp.com\/politicosaldesnudo.com.mx\/wp-content\/uploads\/2023\/01\/FIRMA-EDITORIAL-PD.png?resize=1536%2C188&amp;ssl=1 1536w, https:\/\/i0.wp.com\/politicosaldesnudo.com.mx\/wp-content\/uploads\/2023\/01\/FIRMA-EDITORIAL-PD.png?resize=2048%2C250&amp;ssl=1 2048w\" sizes=\"auto, (max-width: 1000px) 100vw, 1000px\" \/><\/p>\n<\/div>\n<p>&nbsp;<\/p>\n<p>&nbsp;<\/p>\n<p>&nbsp;<\/p>\n","protected":false},"excerpt":{"rendered":"<p>&nbsp; Por Jos\u00e9 Garc\u00eda S\u00e1nchez El atuendo de ind\u00edgena es un disfraz m\u00e1s de X\u00f3chitl G\u00e1lvez. La hemos visto con [&hellip;]<\/p>\n","protected":false},"author":4,"featured_media":3934,"comment_status":"closed","ping_status":"closed","sticky":false,"template":"","format":"standard","meta":{"site-sidebar-layout":"default","site-content-layout":"","ast-site-content-layout":"default","site-content-style":"default","site-sidebar-style":"default","ast-global-header-display":"","ast-banner-title-visibility":"","ast-main-header-display":"","ast-hfb-above-header-display":"","ast-hfb-below-header-display":"","ast-hfb-mobile-header-display":"","site-post-title":"","ast-breadcrumbs-content":"","ast-featured-img":"","footer-sml-layout":"","ast-disable-related-posts":"","theme-transparent-header-meta":"","adv-header-id-meta":"","stick-header-meta":"","header-above-stick-meta":"","header-main-stick-meta":"","header-below-stick-meta":"","astra-migrate-meta-layouts":"default","ast-page-background-enabled":"default","ast-page-background-meta":{"desktop":{"background-color":"var(--ast-global-color-5)","background-image":"","background-repeat":"repeat","background-position":"center center","background-size":"auto","background-attachment":"scroll","background-type":"","background-media":"","overlay-type":"","overlay-color":"","overlay-opacity":"","overlay-gradient":""},"tablet":{"background-color":"","background-image":"","background-repeat":"repeat","background-position":"center center","background-size":"auto","background-attachment":"scroll","background-type":"","background-media":"","overlay-type":"","overlay-color":"","overlay-opacity":"","overlay-gradient":""},"mobile":{"background-color":"","background-image":"","background-repeat":"repeat","background-position":"center center","background-size":"auto","background-attachment":"scroll","background-type":"","background-media":"","overlay-type":"","overlay-color":"","overlay-opacity":"","overlay-gradient":""}},"ast-content-background-meta":{"desktop":{"background-color":"var(--ast-global-color-4)","background-image":"","background-repeat":"repeat","background-position":"center center","background-size":"auto","background-attachment":"scroll","background-type":"","background-media":"","overlay-type":"","overlay-color":"","overlay-opacity":"","overlay-gradient":""},"tablet":{"background-color":"var(--ast-global-color-4)","background-image":"","background-repeat":"repeat","background-position":"center center","background-size":"auto","background-attachment":"scroll","background-type":"","background-media":"","overlay-type":"","overlay-color":"","overlay-opacity":"","overlay-gradient":""},"mobile":{"background-color":"var(--ast-global-color-4)","background-image":"","background-repeat":"repeat","background-position":"center center","background-size":"auto","background-attachment":"scroll","background-type":"","background-media":"","overlay-type":"","overlay-color":"","overlay-opacity":"","overlay-gradient":""}},"_jetpack_newsletter_access":"","_jetpack_dont_email_post_to_subs":false,"_jetpack_newsletter_tier_id":0,"_jetpack_memberships_contains_paywalled_content":false,"_jetpack_feature_clip_id":0,"_jetpack_memberships_contains_paid_content":false,"footnotes":"","jetpack_publicize_message":"","jetpack_publicize_feature_enabled":true,"jetpack_social_post_already_shared":false,"jetpack_social_options":{"image_generator_settings":{"template":"highway","default_image_id":0,"font":"","enabled":false},"version":2},"jetpack_post_was_ever_published":false},"categories":[26],"tags":[386,2120],"class_list":["post-22118","post","type-post","status-publish","format-standard","has-post-thumbnail","hentry","category-columnistas","tag-4t","tag-xochitl-galvez"],"yoast_head":"<!-- This site is optimized with the Yoast SEO plugin v28.3 - https:\/\/yoast.com\/product\/yoast-seo-wordpress\/ -->\n<title>X\u00f3chitl, la embaucadora - Pol\u00edticos al Desnudo<\/title>\n<meta name=\"robots\" content=\"index, follow, max-snippet:-1, max-image-preview:large, max-video-preview:-1\" \/>\n<link rel=\"canonical\" href=\"https:\/\/politicosaldesnudo.com.mx\/index.php\/2023\/07\/11\/xochitl-la-embaucadora\/\" \/>\n<meta property=\"og:locale\" content=\"es_ES\" \/>\n<meta property=\"og:type\" content=\"article\" \/>\n<meta property=\"og:title\" content=\"X\u00f3chitl, la embaucadora - Pol\u00edticos al Desnudo\" \/>\n<meta property=\"og:description\" content=\"&nbsp; Por Jos\u00e9 Garc\u00eda S\u00e1nchez El atuendo de ind\u00edgena es un disfraz m\u00e1s de X\u00f3chitl G\u00e1lvez. La hemos visto con [&hellip;]\" \/>\n<meta property=\"og:url\" content=\"https:\/\/politicosaldesnudo.com.mx\/index.php\/2023\/07\/11\/xochitl-la-embaucadora\/\" \/>\n<meta property=\"og:site_name\" content=\"Pol\u00edticos al Desnudo\" \/>\n<meta property=\"article:publisher\" content=\"https:\/\/www.facebook.com\/PoliticosAD\" \/>\n<meta property=\"article:published_time\" content=\"2023-07-11T11:00:19+00:00\" \/>\n<meta property=\"article:modified_time\" content=\"2023-07-11T12:19:05+00:00\" \/>\n<meta property=\"og:image\" content=\"https:\/\/i0.wp.com\/politicosaldesnudo.com.mx\/wp-content\/uploads\/2022\/04\/JOSE%CC%81-GARCI%CC%81A.png?fit=1816%2C1016&ssl=1\" \/>\n\t<meta property=\"og:image:width\" content=\"1816\" \/>\n\t<meta property=\"og:image:height\" content=\"1016\" \/>\n\t<meta property=\"og:image:type\" content=\"image\/png\" \/>\n<meta name=\"author\" content=\"Redacci\u00f3n Pol\u00edticos\" \/>\n<meta name=\"twitter:card\" content=\"summary_large_image\" \/>\n<meta name=\"twitter:label1\" content=\"Escrito por\" \/>\n\t<meta name=\"twitter:data1\" content=\"Redacci\u00f3n Pol\u00edticos\" \/>\n\t<meta name=\"twitter:label2\" content=\"Tiempo de lectura\" \/>\n\t<meta name=\"twitter:data2\" content=\"3 minutos\" \/>\n<script type=\"application\/ld+json\" class=\"yoast-schema-graph\">{\"@context\":\"https:\\\/\\\/schema.org\",\"@graph\":[{\"@type\":\"Article\",\"@id\":\"https:\\\/\\\/politicosaldesnudo.com.mx\\\/index.php\\\/2023\\\/07\\\/11\\\/xochitl-la-embaucadora\\\/#article\",\"isPartOf\":{\"@id\":\"https:\\\/\\\/politicosaldesnudo.com.mx\\\/index.php\\\/2023\\\/07\\\/11\\\/xochitl-la-embaucadora\\\/\"},\"author\":{\"name\":\"Redacci\u00f3n Pol\u00edticos\",\"@id\":\"https:\\\/\\\/politicosaldesnudo.com.mx\\\/#\\\/schema\\\/person\\\/ef3a64e561cc3f3f5dc52fab81adde7e\"},\"headline\":\"X\u00f3chitl, la embaucadora\",\"datePublished\":\"2023-07-11T11:00:19+00:00\",\"dateModified\":\"2023-07-11T12:19:05+00:00\",\"mainEntityOfPage\":{\"@id\":\"https:\\\/\\\/politicosaldesnudo.com.mx\\\/index.php\\\/2023\\\/07\\\/11\\\/xochitl-la-embaucadora\\\/\"},\"wordCount\":658,\"publisher\":{\"@id\":\"https:\\\/\\\/politicosaldesnudo.com.mx\\\/#organization\"},\"image\":{\"@id\":\"https:\\\/\\\/politicosaldesnudo.com.mx\\\/index.php\\\/2023\\\/07\\\/11\\\/xochitl-la-embaucadora\\\/#primaryimage\"},\"thumbnailUrl\":\"https:\\\/\\\/i0.wp.com\\\/politicosaldesnudo.com.mx\\\/wp-content\\\/uploads\\\/2022\\\/04\\\/JOSE%CC%81-GARCI%CC%81A.png?fit=1816%2C1016&ssl=1\",\"keywords\":[\"4T\",\"X\u00d3CHITL GALVEZ\"],\"articleSection\":[\"OPINI\u00d3N\"],\"inLanguage\":\"es\"},{\"@type\":\"WebPage\",\"@id\":\"https:\\\/\\\/politicosaldesnudo.com.mx\\\/index.php\\\/2023\\\/07\\\/11\\\/xochitl-la-embaucadora\\\/\",\"url\":\"https:\\\/\\\/politicosaldesnudo.com.mx\\\/index.php\\\/2023\\\/07\\\/11\\\/xochitl-la-embaucadora\\\/\",\"name\":\"X\u00f3chitl, la embaucadora - Pol\u00edticos al Desnudo\",\"isPartOf\":{\"@id\":\"https:\\\/\\\/politicosaldesnudo.com.mx\\\/#website\"},\"primaryImageOfPage\":{\"@id\":\"https:\\\/\\\/politicosaldesnudo.com.mx\\\/index.php\\\/2023\\\/07\\\/11\\\/xochitl-la-embaucadora\\\/#primaryimage\"},\"image\":{\"@id\":\"https:\\\/\\\/politicosaldesnudo.com.mx\\\/index.php\\\/2023\\\/07\\\/11\\\/xochitl-la-embaucadora\\\/#primaryimage\"},\"thumbnailUrl\":\"https:\\\/\\\/i0.wp.com\\\/politicosaldesnudo.com.mx\\\/wp-content\\\/uploads\\\/2022\\\/04\\\/JOSE%CC%81-GARCI%CC%81A.png?fit=1816%2C1016&ssl=1\",\"datePublished\":\"2023-07-11T11:00:19+00:00\",\"dateModified\":\"2023-07-11T12:19:05+00:00\",\"breadcrumb\":{\"@id\":\"https:\\\/\\\/politicosaldesnudo.com.mx\\\/index.php\\\/2023\\\/07\\\/11\\\/xochitl-la-embaucadora\\\/#breadcrumb\"},\"inLanguage\":\"es\",\"potentialAction\":[{\"@type\":\"ReadAction\",\"target\":[\"https:\\\/\\\/politicosaldesnudo.com.mx\\\/index.php\\\/2023\\\/07\\\/11\\\/xochitl-la-embaucadora\\\/\"]}]},{\"@type\":\"ImageObject\",\"inLanguage\":\"es\",\"@id\":\"https:\\\/\\\/politicosaldesnudo.com.mx\\\/index.php\\\/2023\\\/07\\\/11\\\/xochitl-la-embaucadora\\\/#primaryimage\",\"url\":\"https:\\\/\\\/i0.wp.com\\\/politicosaldesnudo.com.mx\\\/wp-content\\\/uploads\\\/2022\\\/04\\\/JOSE%CC%81-GARCI%CC%81A.png?fit=1816%2C1016&ssl=1\",\"contentUrl\":\"https:\\\/\\\/i0.wp.com\\\/politicosaldesnudo.com.mx\\\/wp-content\\\/uploads\\\/2022\\\/04\\\/JOSE%CC%81-GARCI%CC%81A.png?fit=1816%2C1016&ssl=1\",\"width\":1816,\"height\":1016},{\"@type\":\"BreadcrumbList\",\"@id\":\"https:\\\/\\\/politicosaldesnudo.com.mx\\\/index.php\\\/2023\\\/07\\\/11\\\/xochitl-la-embaucadora\\\/#breadcrumb\",\"itemListElement\":[{\"@type\":\"ListItem\",\"position\":1,\"name\":\"Portada\",\"item\":\"https:\\\/\\\/politicosaldesnudo.com.mx\\\/\"},{\"@type\":\"ListItem\",\"position\":2,\"name\":\"X\u00f3chitl, la embaucadora\"}]},{\"@type\":\"WebSite\",\"@id\":\"https:\\\/\\\/politicosaldesnudo.com.mx\\\/#website\",\"url\":\"https:\\\/\\\/politicosaldesnudo.com.mx\\\/\",\"name\":\"Pol\u00edticos al Desnudo\",\"description\":\"\",\"publisher\":{\"@id\":\"https:\\\/\\\/politicosaldesnudo.com.mx\\\/#organization\"},\"potentialAction\":[{\"@type\":\"SearchAction\",\"target\":{\"@type\":\"EntryPoint\",\"urlTemplate\":\"https:\\\/\\\/politicosaldesnudo.com.mx\\\/?s={search_term_string}\"},\"query-input\":{\"@type\":\"PropertyValueSpecification\",\"valueRequired\":true,\"valueName\":\"search_term_string\"}}],\"inLanguage\":\"es\"},{\"@type\":\"Organization\",\"@id\":\"https:\\\/\\\/politicosaldesnudo.com.mx\\\/#organization\",\"name\":\"Pol\u00edticos al Desnudo\",\"url\":\"https:\\\/\\\/politicosaldesnudo.com.mx\\\/\",\"logo\":{\"@type\":\"ImageObject\",\"inLanguage\":\"es\",\"@id\":\"https:\\\/\\\/politicosaldesnudo.com.mx\\\/#\\\/schema\\\/logo\\\/image\\\/\",\"url\":\"https:\\\/\\\/i0.wp.com\\\/politicosaldesnudo.com.mx\\\/wp-content\\\/uploads\\\/2026\\\/08\\\/cropped-logo.webp?fit=400%2C126&ssl=1\",\"contentUrl\":\"https:\\\/\\\/i0.wp.com\\\/politicosaldesnudo.com.mx\\\/wp-content\\\/uploads\\\/2026\\\/08\\\/cropped-logo.webp?fit=400%2C126&ssl=1\",\"width\":400,\"height\":126,\"caption\":\"Pol\u00edticos al Desnudo\"},\"image\":{\"@id\":\"https:\\\/\\\/politicosaldesnudo.com.mx\\\/#\\\/schema\\\/logo\\\/image\\\/\"},\"sameAs\":[\"https:\\\/\\\/www.facebook.com\\\/PoliticosAD\"]},{\"@type\":\"Person\",\"@id\":\"https:\\\/\\\/politicosaldesnudo.com.mx\\\/#\\\/schema\\\/person\\\/ef3a64e561cc3f3f5dc52fab81adde7e\",\"name\":\"Redacci\u00f3n Pol\u00edticos\",\"url\":\"https:\\\/\\\/politicosaldesnudo.com.mx\\\/index.php\\\/author\\\/redaccion-politicos\\\/\"}]}<\/script>\n<!-- \/ Yoast SEO plugin. -->","yoast_head_json":{"title":"X\u00f3chitl, la embaucadora - Pol\u00edticos al Desnudo","robots":{"index":"index","follow":"follow","max-snippet":"max-snippet:-1","max-image-preview":"max-image-preview:large","max-video-preview":"max-video-preview:-1"},"canonical":"https:\/\/politicosaldesnudo.com.mx\/index.php\/2023\/07\/11\/xochitl-la-embaucadora\/","og_locale":"es_ES","og_type":"article","og_title":"X\u00f3chitl, la embaucadora - Pol\u00edticos al Desnudo","og_description":"&nbsp; Por Jos\u00e9 Garc\u00eda S\u00e1nchez El atuendo de ind\u00edgena es un disfraz m\u00e1s de X\u00f3chitl G\u00e1lvez. La hemos visto con [&hellip;]","og_url":"https:\/\/politicosaldesnudo.com.mx\/index.php\/2023\/07\/11\/xochitl-la-embaucadora\/","og_site_name":"Pol\u00edticos al Desnudo","article_publisher":"https:\/\/www.facebook.com\/PoliticosAD","article_published_time":"2023-07-11T11:00:19+00:00","article_modified_time":"2023-07-11T12:19:05+00:00","og_image":[{"width":1816,"height":1016,"url":"https:\/\/i0.wp.com\/politicosaldesnudo.com.mx\/wp-content\/uploads\/2022\/04\/JOSE%CC%81-GARCI%CC%81A.png?fit=1816%2C1016&ssl=1","type":"image\/png"}],"author":"Redacci\u00f3n Pol\u00edticos","twitter_card":"summary_large_image","twitter_misc":{"Escrito por":"Redacci\u00f3n Pol\u00edticos","Tiempo de lectura":"3 minutos"},"schema":{"@context":"https:\/\/schema.org","@graph":[{"@type":"Article","@id":"https:\/\/politicosaldesnudo.com.mx\/index.php\/2023\/07\/11\/xochitl-la-embaucadora\/#article","isPartOf":{"@id":"https:\/\/politicosaldesnudo.com.mx\/index.php\/2023\/07\/11\/xochitl-la-embaucadora\/"},"author":{"name":"Redacci\u00f3n Pol\u00edticos","@id":"https:\/\/politicosaldesnudo.com.mx\/#\/schema\/person\/ef3a64e561cc3f3f5dc52fab81adde7e"},"headline":"X\u00f3chitl, la embaucadora","datePublished":"2023-07-11T11:00:19+00:00","dateModified":"2023-07-11T12:19:05+00:00","mainEntityOfPage":{"@id":"https:\/\/politicosaldesnudo.com.mx\/index.php\/2023\/07\/11\/xochitl-la-embaucadora\/"},"wordCount":658,"publisher":{"@id":"https:\/\/politicosaldesnudo.com.mx\/#organization"},"image":{"@id":"https:\/\/politicosaldesnudo.com.mx\/index.php\/2023\/07\/11\/xochitl-la-embaucadora\/#primaryimage"},"thumbnailUrl":"https:\/\/i0.wp.com\/politicosaldesnudo.com.mx\/wp-content\/uploads\/2022\/04\/JOSE%CC%81-GARCI%CC%81A.png?fit=1816%2C1016&ssl=1","keywords":["4T","X\u00d3CHITL GALVEZ"],"articleSection":["OPINI\u00d3N"],"inLanguage":"es"},{"@type":"WebPage","@id":"https:\/\/politicosaldesnudo.com.mx\/index.php\/2023\/07\/11\/xochitl-la-embaucadora\/","url":"https:\/\/politicosaldesnudo.com.mx\/index.php\/2023\/07\/11\/xochitl-la-embaucadora\/","name":"X\u00f3chitl, la embaucadora - Pol\u00edticos al Desnudo","isPartOf":{"@id":"https:\/\/politicosaldesnudo.com.mx\/#website"},"primaryImageOfPage":{"@id":"https:\/\/politicosaldesnudo.com.mx\/index.php\/2023\/07\/11\/xochitl-la-embaucadora\/#primaryimage"},"image":{"@id":"https:\/\/politicosaldesnudo.com.mx\/index.php\/2023\/07\/11\/xochitl-la-embaucadora\/#primaryimage"},"thumbnailUrl":"https:\/\/i0.wp.com\/politicosaldesnudo.com.mx\/wp-content\/uploads\/2022\/04\/JOSE%CC%81-GARCI%CC%81A.png?fit=1816%2C1016&ssl=1","datePublished":"2023-07-11T11:00:19+00:00","dateModified":"2023-07-11T12:19:05+00:00","breadcrumb":{"@id":"https:\/\/politicosaldesnudo.com.mx\/index.php\/2023\/07\/11\/xochitl-la-embaucadora\/#breadcrumb"},"inLanguage":"es","potentialAction":[{"@type":"ReadAction","target":["https:\/\/politicosaldesnudo.com.mx\/index.php\/2023\/07\/11\/xochitl-la-embaucadora\/"]}]},{"@type":"ImageObject","inLanguage":"es","@id":"https:\/\/politicosaldesnudo.com.mx\/index.php\/2023\/07\/11\/xochitl-la-embaucadora\/#primaryimage","url":"https:\/\/i0.wp.com\/politicosaldesnudo.com.mx\/wp-content\/uploads\/2022\/04\/JOSE%CC%81-GARCI%CC%81A.png?fit=1816%2C1016&ssl=1","contentUrl":"https:\/\/i0.wp.com\/politicosaldesnudo.com.mx\/wp-content\/uploads\/2022\/04\/JOSE%CC%81-GARCI%CC%81A.png?fit=1816%2C1016&ssl=1","width":1816,"height":1016},{"@type":"BreadcrumbList","@id":"https:\/\/politicosaldesnudo.com.mx\/index.php\/2023\/07\/11\/xochitl-la-embaucadora\/#breadcrumb","itemListElement":[{"@type":"ListItem","position":1,"name":"Portada","item":"https:\/\/politicosaldesnudo.com.mx\/"},{"@type":"ListItem","position":2,"name":"X\u00f3chitl, la embaucadora"}]},{"@type":"WebSite","@id":"https:\/\/politicosaldesnudo.com.mx\/#website","url":"https:\/\/politicosaldesnudo.com.mx\/","name":"Pol\u00edticos al Desnudo","description":"","publisher":{"@id":"https:\/\/politicosaldesnudo.com.mx\/#organization"},"potentialAction":[{"@type":"SearchAction","target":{"@type":"EntryPoint","urlTemplate":"https:\/\/politicosaldesnudo.com.mx\/?s={search_term_string}"},"query-input":{"@type":"PropertyValueSpecification","valueRequired":true,"valueName":"search_term_string"}}],"inLanguage":"es"},{"@type":"Organization","@id":"https:\/\/politicosaldesnudo.com.mx\/#organization","name":"Pol\u00edticos al Desnudo","url":"https:\/\/politicosaldesnudo.com.mx\/","logo":{"@type":"ImageObject","inLanguage":"es","@id":"https:\/\/politicosaldesnudo.com.mx\/#\/schema\/logo\/image\/","url":"https:\/\/i0.wp.com\/politicosaldesnudo.com.mx\/wp-content\/uploads\/2026\/08\/cropped-logo.webp?fit=400%2C126&ssl=1","contentUrl":"https:\/\/i0.wp.com\/politicosaldesnudo.com.mx\/wp-content\/uploads\/2026\/08\/cropped-logo.webp?fit=400%2C126&ssl=1","width":400,"height":126,"caption":"Pol\u00edticos al Desnudo"},"image":{"@id":"https:\/\/politicosaldesnudo.com.mx\/#\/schema\/logo\/image\/"},"sameAs":["https:\/\/www.facebook.com\/PoliticosAD"]},{"@type":"Person","@id":"https:\/\/politicosaldesnudo.com.mx\/#\/schema\/person\/ef3a64e561cc3f3f5dc52fab81adde7e","name":"Redacci\u00f3n Pol\u00edticos","url":"https:\/\/politicosaldesnudo.com.mx\/index.php\/author\/redaccion-politicos\/"}]}},"jetpack_publicize_connections":[],"jetpack-related-posts":[{"id":88010,"url":"https:\/\/politicosaldesnudo.com.mx\/index.php\/2026\/08\/24\/la-soberbia-institucional-como-antesala-del-castigo-electoral\/","url_meta":{"origin":22118,"position":0},"title":"La soberbia institucional como antesala del castigo electoral","author":"Redacci\u00f3n Pol\u00edticos","date":"24 de agosto de 2026","format":false,"excerpt":"Una Opini\u00f3n Alternativa. Un an\u00e1lisis de la Antipat\u00eda pol\u00edtica de la Presidenta Claudia Sheinbaum ante la Clase Media. Por. Carlos O. Silva Bandala. DESGASTE EN LA CIMA\u2026 APROVACION DE LA PRESIDENTA SHEINBAUM: 2025-80%... 2026\u201359%... 21% MENOS. MORENA: PREFERENCIA EN INTENCION DE VOTO 34%-2026. En Psicolog\u00eda, la ANTIPAT\u00cdA no es simplemente\u2026","rel":"","context":"En \u00abOPINI\u00d3N\u00bb","block_context":{"text":"OPINI\u00d3N","link":"https:\/\/politicosaldesnudo.com.mx\/index.php\/category\/columnistas\/"},"img":{"alt_text":"","src":"https:\/\/i0.wp.com\/politicosaldesnudo.com.mx\/wp-content\/uploads\/2026\/08\/silva-2408-scaled.png?fit=1200%2C659&ssl=1&resize=350%2C200","width":350,"height":200,"srcset":"https:\/\/i0.wp.com\/politicosaldesnudo.com.mx\/wp-content\/uploads\/2026\/08\/silva-2408-scaled.png?fit=1200%2C659&ssl=1&resize=350%2C200 1x, https:\/\/i0.wp.com\/politicosaldesnudo.com.mx\/wp-content\/uploads\/2026\/08\/silva-2408-scaled.png?fit=1200%2C659&ssl=1&resize=525%2C300 1.5x, https:\/\/i0.wp.com\/politicosaldesnudo.com.mx\/wp-content\/uploads\/2026\/08\/silva-2408-scaled.png?fit=1200%2C659&ssl=1&resize=700%2C400 2x, https:\/\/i0.wp.com\/politicosaldesnudo.com.mx\/wp-content\/uploads\/2026\/08\/silva-2408-scaled.png?fit=1200%2C659&ssl=1&resize=1050%2C600 3x"},"classes":[]},{"id":87118,"url":"https:\/\/politicosaldesnudo.com.mx\/index.php\/2026\/07\/22\/la-infancia-digital-entra-a-la-agenda-nacional\/","url_meta":{"origin":22118,"position":1},"title":"La infancia digital entra a la agenda nacional","author":"Redacci\u00f3n Pol\u00edticos","date":"22 de julio de 2026","format":false,"excerpt":"ALMA GRANDE POR \u00c1NGEL \u00c1LVARO PE\u00d1A La decisi\u00f3n de la presidenta Claudia Sheinbaum de dedicar un espacio semanal en \u201cLa ma\u00f1anera del pueblo\u201d para hablar sobre el impacto de las redes sociales en ni\u00f1as, ni\u00f1os y adolescentes coloca en la agenda p\u00fablica un tema que durante a\u00f1os se ha discutido\u2026","rel":"","context":"En \u00abOPINI\u00d3N\u00bb","block_context":{"text":"OPINI\u00d3N","link":"https:\/\/politicosaldesnudo.com.mx\/index.php\/category\/columnistas\/"},"img":{"alt_text":"","src":"https:\/\/i0.wp.com\/politicosaldesnudo.com.mx\/wp-content\/uploads\/2026\/07\/BANNER-LOPEZ-DORIGA-DIGITAL-3.jpg?fit=800%2C445&ssl=1&resize=350%2C200","width":350,"height":200,"srcset":"https:\/\/i0.wp.com\/politicosaldesnudo.com.mx\/wp-content\/uploads\/2026\/07\/BANNER-LOPEZ-DORIGA-DIGITAL-3.jpg?fit=800%2C445&ssl=1&resize=350%2C200 1x, https:\/\/i0.wp.com\/politicosaldesnudo.com.mx\/wp-content\/uploads\/2026\/07\/BANNER-LOPEZ-DORIGA-DIGITAL-3.jpg?fit=800%2C445&ssl=1&resize=525%2C300 1.5x, https:\/\/i0.wp.com\/politicosaldesnudo.com.mx\/wp-content\/uploads\/2026\/07\/BANNER-LOPEZ-DORIGA-DIGITAL-3.jpg?fit=800%2C445&ssl=1&resize=700%2C400 2x"},"classes":[]},{"id":87295,"url":"https:\/\/politicosaldesnudo.com.mx\/index.php\/2026\/07\/27\/disciplina-no-es-violencia-el-vacio-en-las-escuelas-militarizadas-de-mexico\/","url_meta":{"origin":22118,"position":2},"title":"Disciplina no es violencia: el vac\u00edo en las escuelas militarizadas de M\u00e9xico","author":"Redacci\u00f3n Pol\u00edticos","date":"27 de julio de 2026","format":false,"excerpt":"Dafne Zapata ten\u00eda 13 a\u00f1os, la edad de la adolescencia, esa etapa donde muchas familias, en busca de disciplina o de nuevas alternativas para la formaci\u00f3n de sus hijas e hijos, consideran opciones distintas al modelo educativo tradicional. Entre ellas se encuentran las llamadas escuelas militarizadas, instituciones que ofrecen orden,\u2026","rel":"","context":"En \u00abOPINI\u00d3N\u00bb","block_context":{"text":"OPINI\u00d3N","link":"https:\/\/politicosaldesnudo.com.mx\/index.php\/category\/columnistas\/"},"img":{"alt_text":"","src":"https:\/\/i0.wp.com\/politicosaldesnudo.com.mx\/wp-content\/uploads\/2026\/01\/ZAIRA-ROSAS-1.jpg?fit=800%2C445&ssl=1&resize=350%2C200","width":350,"height":200,"srcset":"https:\/\/i0.wp.com\/politicosaldesnudo.com.mx\/wp-content\/uploads\/2026\/01\/ZAIRA-ROSAS-1.jpg?fit=800%2C445&ssl=1&resize=350%2C200 1x, https:\/\/i0.wp.com\/politicosaldesnudo.com.mx\/wp-content\/uploads\/2026\/01\/ZAIRA-ROSAS-1.jpg?fit=800%2C445&ssl=1&resize=525%2C300 1.5x, https:\/\/i0.wp.com\/politicosaldesnudo.com.mx\/wp-content\/uploads\/2026\/01\/ZAIRA-ROSAS-1.jpg?fit=800%2C445&ssl=1&resize=700%2C400 2x"},"classes":[]},{"id":87936,"url":"https:\/\/politicosaldesnudo.com.mx\/index.php\/2026\/08\/20\/tiroteo-entre-grupos-criminales-deja-cuatro-muertos-en-irapuato\/","url_meta":{"origin":22118,"position":3},"title":"Tiroteo entre grupos criminales deja cuatro muertos en Irapuato","author":"Redacci\u00f3n Pol\u00edticos","date":"20 de agosto de 2026","format":false,"excerpt":"Un enfrentamiento armado registrado despu\u00e9s de un torneo de futbol dej\u00f3 cuatro personas sin vida y una m\u00e1s lesionada en la comunidad de Las Malvas, perteneciente al municipio de Irapuato, Guanajuato. Los hechos ocurrieron durante la noche del mi\u00e9rcoles, cuando varios asistentes se retiraban del encuentro deportivo. De acuerdo con\u2026","rel":"","context":"En \u00abESTADOS\u00bb","block_context":{"text":"ESTADOS","link":"https:\/\/politicosaldesnudo.com.mx\/index.php\/category\/estados\/"},"img":{"alt_text":"","src":"https:\/\/i0.wp.com\/politicosaldesnudo.com.mx\/wp-content\/uploads\/2026\/08\/ChatGPT-Image-21-ago-2026-02_48_19.png?fit=1200%2C675&ssl=1&resize=350%2C200","width":350,"height":200,"srcset":"https:\/\/i0.wp.com\/politicosaldesnudo.com.mx\/wp-content\/uploads\/2026\/08\/ChatGPT-Image-21-ago-2026-02_48_19.png?fit=1200%2C675&ssl=1&resize=350%2C200 1x, https:\/\/i0.wp.com\/politicosaldesnudo.com.mx\/wp-content\/uploads\/2026\/08\/ChatGPT-Image-21-ago-2026-02_48_19.png?fit=1200%2C675&ssl=1&resize=525%2C300 1.5x, https:\/\/i0.wp.com\/politicosaldesnudo.com.mx\/wp-content\/uploads\/2026\/08\/ChatGPT-Image-21-ago-2026-02_48_19.png?fit=1200%2C675&ssl=1&resize=700%2C400 2x, https:\/\/i0.wp.com\/politicosaldesnudo.com.mx\/wp-content\/uploads\/2026\/08\/ChatGPT-Image-21-ago-2026-02_48_19.png?fit=1200%2C675&ssl=1&resize=1050%2C600 3x"},"classes":[]},{"id":87055,"url":"https:\/\/politicosaldesnudo.com.mx\/index.php\/2026\/07\/20\/la-pension-una-promesa-que-tarda-treinta-anos-en-cumplirse\/","url_meta":{"origin":22118,"position":4},"title":"La pensi\u00f3n: una promesa que tarda treinta a\u00f1os en cumplirse","author":"Redacci\u00f3n Pol\u00edticos","date":"20 de julio de 2026","format":false,"excerpt":"\u201cQuien tiene la voluntad tiene la fuerza\u201d. \u2013 Menandro. \u00a0 Los sistemas de pensiones representan uno de los mayores desaf\u00edos financieros que enfrentan los gobiernos modernos. A diferencia de una carretera, un hospital o una obra p\u00fablica, cuyos resultados pueden medirse en cuesti\u00f3n de meses, un sistema pensionario s\u00f3lo demuestra\u2026","rel":"","context":"En \u00abOPINI\u00d3N\u00bb","block_context":{"text":"OPINI\u00d3N","link":"https:\/\/politicosaldesnudo.com.mx\/index.php\/category\/columnistas\/"},"img":{"alt_text":"","src":"https:\/\/i0.wp.com\/politicosaldesnudo.com.mx\/wp-content\/uploads\/2026\/01\/BANNER-BAQUEIRO.jpg?fit=666%2C371&ssl=1&resize=350%2C200","width":350,"height":200,"srcset":"https:\/\/i0.wp.com\/politicosaldesnudo.com.mx\/wp-content\/uploads\/2026\/01\/BANNER-BAQUEIRO.jpg?fit=666%2C371&ssl=1&resize=350%2C200 1x, https:\/\/i0.wp.com\/politicosaldesnudo.com.mx\/wp-content\/uploads\/2026\/01\/BANNER-BAQUEIRO.jpg?fit=666%2C371&ssl=1&resize=525%2C300 1.5x"},"classes":[]},{"id":88125,"url":"https:\/\/politicosaldesnudo.com.mx\/index.php\/2026\/08\/28\/cosas-habras-de-ver-en-el-congreso\/","url_meta":{"origin":22118,"position":5},"title":"Cosas habr\u00e1s de ver\u2026 en el Congreso","author":"Redacci\u00f3n Pol\u00edticos","date":"28 de agosto de 2026","format":false,"excerpt":"BIT\u00c1CORA POL\u00cdTICA Por Miguel \u00c1ngel Cristiani G. Como dir\u00eda aquella vieja expresi\u00f3n Cervantina: \u201ccosas habr\u00e1s de ver\u201d. Y vaya que las hubo ayer, minutos antes de comenzar en el Congreso del Estado la sesi\u00f3n solemne para entregar la Medalla y Diploma \u201cHeberto Castillo Mart\u00ednez\u201d 2025 a la maestra Gloria S\u00e1nchez\u2026","rel":"","context":"En \u00abOPINI\u00d3N\u00bb","block_context":{"text":"OPINI\u00d3N","link":"https:\/\/politicosaldesnudo.com.mx\/index.php\/category\/columnistas\/"},"img":{"alt_text":"","src":"https:\/\/i0.wp.com\/politicosaldesnudo.com.mx\/wp-content\/uploads\/2026\/08\/BITACORA-2808.png?fit=1200%2C658&ssl=1&resize=350%2C200","width":350,"height":200,"srcset":"https:\/\/i0.wp.com\/politicosaldesnudo.com.mx\/wp-content\/uploads\/2026\/08\/BITACORA-2808.png?fit=1200%2C658&ssl=1&resize=350%2C200 1x, https:\/\/i0.wp.com\/politicosaldesnudo.com.mx\/wp-content\/uploads\/2026\/08\/BITACORA-2808.png?fit=1200%2C658&ssl=1&resize=525%2C300 1.5x, https:\/\/i0.wp.com\/politicosaldesnudo.com.mx\/wp-content\/uploads\/2026\/08\/BITACORA-2808.png?fit=1200%2C658&ssl=1&resize=700%2C400 2x, https:\/\/i0.wp.com\/politicosaldesnudo.com.mx\/wp-content\/uploads\/2026\/08\/BITACORA-2808.png?fit=1200%2C658&ssl=1&resize=1050%2C600 3x"},"classes":[]}],"jetpack_sharing_enabled":true,"jetpack_featured_media_url":"https:\/\/i0.wp.com\/politicosaldesnudo.com.mx\/wp-content\/uploads\/2022\/04\/JOSE%CC%81-GARCI%CC%81A.png?fit=1816%2C1016&ssl=1","_links":{"self":[{"href":"https:\/\/politicosaldesnudo.com.mx\/index.php\/wp-json\/wp\/v2\/posts\/22118","targetHints":{"allow":["GET"]}}],"collection":[{"href":"https:\/\/politicosaldesnudo.com.mx\/index.php\/wp-json\/wp\/v2\/posts"}],"about":[{"href":"https:\/\/politicosaldesnudo.com.mx\/index.php\/wp-json\/wp\/v2\/types\/post"}],"author":[{"embeddable":true,"href":"https:\/\/politicosaldesnudo.com.mx\/index.php\/wp-json\/wp\/v2\/users\/4"}],"replies":[{"embeddable":true,"href":"https:\/\/politicosaldesnudo.com.mx\/index.php\/wp-json\/wp\/v2\/comments?post=22118"}],"version-history":[{"count":0,"href":"https:\/\/politicosaldesnudo.com.mx\/index.php\/wp-json\/wp\/v2\/posts\/22118\/revisions"}],"wp:featuredmedia":[{"embeddable":true,"href":"https:\/\/politicosaldesnudo.com.mx\/index.php\/wp-json\/wp\/v2\/media\/3934"}],"wp:attachment":[{"href":"https:\/\/politicosaldesnudo.com.mx\/index.php\/wp-json\/wp\/v2\/media?parent=22118"}],"wp:term":[{"taxonomy":"category","embeddable":true,"href":"https:\/\/politicosaldesnudo.com.mx\/index.php\/wp-json\/wp\/v2\/categories?post=22118"},{"taxonomy":"post_tag","embeddable":true,"href":"https:\/\/politicosaldesnudo.com.mx\/index.php\/wp-json\/wp\/v2\/tags?post=22118"}],"curies":[{"name":"wp","href":"https:\/\/api.w.org\/{rel}","templated":true}]}}