{"id":22146,"date":"2023-07-12T07:51:26","date_gmt":"2023-07-12T12:51:26","guid":{"rendered":"https:\/\/politicosaldesnudo.com.mx\/?p=22146"},"modified":"2023-07-12T08:38:22","modified_gmt":"2023-07-12T13:38:22","slug":"el-peso-politico-del-peso","status":"publish","type":"post","link":"https:\/\/politicosaldesnudo.com.mx\/index.php\/2023\/07\/12\/el-peso-politico-del-peso\/","title":{"rendered":"El peso pol\u00edtico del peso"},"content":{"rendered":"<p>&nbsp;<\/p>\n<p class=\"p1\"><span style=\"font-size: 18pt;\"><b>Por \u00c1ngel \u00c1lvaro Pe\u00f1a<\/b><\/span><\/p>\n<p class=\"p1\"><span style=\"font-size: 14pt;\">Para algunos el peso mexicano tiene vida propia y se fortalece o debilita de acuerdo a su condici\u00f3n f\u00edsica, alimentaci\u00f3n o su ejercicio diario, con titulares en los medios como \u201cEl peso le echa ganas\u201d, o \u201cgana terreno\u201d, que parecieran otorgarle m\u00e9ritos particulares a una moneda fuera de todo su contexto pol\u00edtico, social y econ\u00f3mico.<\/span><\/p>\n<p class=\"p1\"><span style=\"font-size: 14pt;\">Ante la politizaci\u00f3n de todo acontecimiento en M\u00e9xico, a la paridad entre el peso y el d\u00f3lar se le quiere dar interpretaciones \u00fanicamente pol\u00edticas, como si se tratara de un fen\u00f3meno natural, un terremoto o un hurac\u00e1n, cuando en realidad obedece a mecanismos financieros precisos y medidas econ\u00f3micas medibles, que impulsan su reducci\u00f3n en la paridad con la moneda m\u00e1s fuerte del mundo.<\/span><\/p>\n<p class=\"p1\"><span style=\"font-size: 14pt;\">Pero a la hora de criticar esa fortaleza del peso sobran contextos e historias, como el hecho de que cada vez que vale menos el d\u00f3lar en relaci\u00f3n al peso, y el dinero de las remesas de los mexicanos trabajando en el extranjero pueden comprar menos productos en nuestro territorio, lo cual quieren mostrar como un problema nacional y de incremento a la pobreza.<\/span><\/p>\n<p class=\"p1\"><span style=\"font-size: 18pt;\"><strong>La conciencia de los trabajadores mexicanos respeto al fortalecimiento del peso ha obligado a aumentar el n\u00famero de d\u00f3lares para que lejos de reducir el consumo de sus familiares se incremente. Pero \u00e9ste es solo una de las historias que tratan de esconder que el d\u00f3lar cada d\u00eda vale menos y est\u00e1 a punto de tocar la barrera de los 16 pesos, luego de haberlo encontrado el actual gobierno, en 2018, en 25 pesos por d\u00f3lar.<\/strong><\/span><\/p>\n<p>&nbsp;<\/p>\n<p><img data-recalc-dims=\"1\" loading=\"lazy\" decoding=\"async\" class=\"aligncenter wp-image-22147 size-large\" src=\"https:\/\/i0.wp.com\/politicosaldesnudo.com.mx\/wp-content\/uploads\/2023\/07\/P-PESO-MEXICANO-1024x573.png?resize=800%2C448&#038;ssl=1\" alt=\"\" width=\"800\" height=\"448\" srcset=\"https:\/\/i0.wp.com\/politicosaldesnudo.com.mx\/wp-content\/uploads\/2023\/07\/P-PESO-MEXICANO.png?resize=1024%2C573&amp;ssl=1 1024w, https:\/\/i0.wp.com\/politicosaldesnudo.com.mx\/wp-content\/uploads\/2023\/07\/P-PESO-MEXICANO.png?resize=300%2C168&amp;ssl=1 300w, https:\/\/i0.wp.com\/politicosaldesnudo.com.mx\/wp-content\/uploads\/2023\/07\/P-PESO-MEXICANO.png?resize=768%2C430&amp;ssl=1 768w, https:\/\/i0.wp.com\/politicosaldesnudo.com.mx\/wp-content\/uploads\/2023\/07\/P-PESO-MEXICANO.png?resize=1536%2C859&amp;ssl=1 1536w, https:\/\/i0.wp.com\/politicosaldesnudo.com.mx\/wp-content\/uploads\/2023\/07\/P-PESO-MEXICANO.png?w=1816&amp;ssl=1 1816w\" sizes=\"auto, (max-width: 800px) 100vw, 800px\" \/><\/p>\n<p>&nbsp;<\/p>\n<p class=\"p1\"><span style=\"font-size: 18pt; color: #139eca;\"><strong>La disciplina en el gasto, la ausencia de pr\u00e9stamos al extranjero, la cancelaci\u00f3n de impuestos nuevos, son s\u00f3lo parte de esta situaci\u00f3n que arroja el fortalecimiento de nuestra moneda y de nuestra econom\u00eda.<\/strong><\/span><\/p>\n<p class=\"p1\"><span style=\"font-size: 14pt;\">Otros autodenominados analistas en finanzas que tomaron los medios por asalto desde administraciones anteriores, aseguran que no es ning\u00fan m\u00e9rito que el d\u00f3lar est\u00e9 barato para los mexicanos porque el d\u00f3lar se ha depreciado en todo el mundo, lo cual es mentira. Ahora, ante la aparici\u00f3n de las fuerzas econ\u00f3micas de Rusia y China, el rublo y el yuan, <\/span>\u2014<span style=\"font-size: 14pt;\">tambi\u00e9n denominada renmimbi, que quiere decir, el dinero del pueblo<\/span>\u2014<span style=\"font-size: 14pt;\">, le arrebatan al d\u00f3lar la posibilidad de ser la \u00fanica moneda de compra venta en el comercio internacional, pero esto nada tiene que ver con la fluctuaci\u00f3n de la moneda, y menos en M\u00e9xico, con quien Estados Unidos comparte m\u00e1s de tres mil kil\u00f3metros de frontera y es uno de sus principales socios comerciales.<\/span><\/p>\n<p class=\"p1\"><span style=\"font-size: 18pt;\"><strong>El caso y la consigna radica en reducir los m\u00e9ritos que el logran que el peso regrese al precio justo frente al d\u00f3lar, que no es la \u00fanica moneda con la cual ha mostrado el peso fortaleza, tambi\u00e9n ha bajado el euro y otras monedas, que los analistas de los medios parecen desconocer. Tambi\u00e9n desconocen que, desde Porfirio D\u00edaz, M\u00e9xico ha pedido prestado al extranjero dinero, lo cual condiciona la pol\u00edtica econ\u00f3mica de nuestro pa\u00eds, pero eso no lo dicen aunque hayan vivido crisis importantes durante su cobertura en la fuente de la que dicen ser expertos.<\/strong><\/span><\/p>\n<p class=\"p1\"><span style=\"font-size: 14pt;\">Miguel de la Madrid vendi\u00f3 la pol\u00edtica econ\u00f3mica a cambio de cr\u00e9ditos con el FMI, pero nadie quiere recordarlo en esas p\u00e1ginas.<\/span><\/p>\n<p class=\"p1\"><span style=\"font-size: 18pt;\"><strong>El peso tiene historia, marco legal, significados pol\u00edticos, pero, sobre todo representaci\u00f3n econ\u00f3mica que quieren hacer a un lado los enemigos de una econom\u00eda que se les fue de las manos. Porque ahora deben dar cuenta de una paridad del peso frente al d\u00f3lar quienes aseguraban que con la llegada del actual gobierno el peso estar\u00eda a 50 pesos por d\u00f3lar.<\/strong><\/span><\/p>\n<p class=\"p1\"><span style=\"font-size: 14pt;\">Porque ahora a los mecanismos econ\u00f3micos han optado por darle significados ideol\u00f3gicos a algo que es tangible y comprobable a los ojos de todos, claro, menos a la visi\u00f3n de los necios.<\/span><\/p>\n<p>&nbsp;<\/p>\n<p class=\"p1\"><span style=\"font-size: 18pt; color: #139eca;\"><b>PEGA Y CORRE<\/b><\/span><\/p>\n<p class=\"p1\"><span style=\"font-size: 14pt;\">Jos\u00e9 \u00c1ngel Gurr\u00eda considera buena idea anunciar que el <em>Frente Amplio por M\u00e9xico<\/em> opositor mantendr\u00e1 los apoyos sociales, como si \u00e9stos no estuvieran ya garantizados en la Constituci\u00f3n, y ahora se dicen protectores de una ayuda a la poblaci\u00f3n a la que siempre se negaron rotundamente.<\/span><\/p>\n<p>&nbsp;<\/p>\n<p><em><span style=\"font-size: 18pt;\"><strong>Esta columna se publica los lunes, mi\u00e9rcoles y viernes<\/strong><\/span><\/em><\/p>\n<p>&nbsp;<\/p>\n<hr \/>\n<p>&nbsp;<\/p>\n<p><img data-recalc-dims=\"1\" loading=\"lazy\" decoding=\"async\" class=\"aligncenter wp-image-14351\" src=\"https:\/\/i0.wp.com\/politicosaldesnudo.com.mx\/wp-content\/uploads\/2023\/01\/FIRMA-EDITORIAL-PD-300x37.png?resize=1000%2C122&#038;ssl=1\" alt=\"\" width=\"1000\" height=\"122\" srcset=\"https:\/\/i0.wp.com\/politicosaldesnudo.com.mx\/wp-content\/uploads\/2023\/01\/FIRMA-EDITORIAL-PD.png?resize=300%2C37&amp;ssl=1 300w, https:\/\/i0.wp.com\/politicosaldesnudo.com.mx\/wp-content\/uploads\/2023\/01\/FIRMA-EDITORIAL-PD.png?resize=1024%2C125&amp;ssl=1 1024w, https:\/\/i0.wp.com\/politicosaldesnudo.com.mx\/wp-content\/uploads\/2023\/01\/FIRMA-EDITORIAL-PD.png?resize=768%2C94&amp;ssl=1 768w, https:\/\/i0.wp.com\/politicosaldesnudo.com.mx\/wp-content\/uploads\/2023\/01\/FIRMA-EDITORIAL-PD.png?resize=1536%2C188&amp;ssl=1 1536w, https:\/\/i0.wp.com\/politicosaldesnudo.com.mx\/wp-content\/uploads\/2023\/01\/FIRMA-EDITORIAL-PD.png?resize=2048%2C250&amp;ssl=1 2048w\" sizes=\"auto, (max-width: 1000px) 100vw, 1000px\" \/><\/p>\n<p>&nbsp;<\/p>\n<p>&nbsp;<\/p>\n<p>&nbsp;<\/p>\n<p>&nbsp;<\/p>\n","protected":false},"excerpt":{"rendered":"<p>&nbsp; Por \u00c1ngel \u00c1lvaro Pe\u00f1a Para algunos el peso mexicano tiene vida propia y se fortalece o debilita de acuerdo [&hellip;]<\/p>\n","protected":false},"author":4,"featured_media":3775,"comment_status":"closed","ping_status":"closed","sticky":false,"template":"","format":"standard","meta":{"site-sidebar-layout":"default","site-content-layout":"","ast-site-content-layout":"default","site-content-style":"default","site-sidebar-style":"default","ast-global-header-display":"","ast-banner-title-visibility":"","ast-main-header-display":"","ast-hfb-above-header-display":"","ast-hfb-below-header-display":"","ast-hfb-mobile-header-display":"","site-post-title":"","ast-breadcrumbs-content":"","ast-featured-img":"","footer-sml-layout":"","ast-disable-related-posts":"","theme-transparent-header-meta":"","adv-header-id-meta":"","stick-header-meta":"","header-above-stick-meta":"","header-main-stick-meta":"","header-below-stick-meta":"","astra-migrate-meta-layouts":"default","ast-page-background-enabled":"default","ast-page-background-meta":{"desktop":{"background-color":"var(--ast-global-color-5)","background-image":"","background-repeat":"repeat","background-position":"center center","background-size":"auto","background-attachment":"scroll","background-type":"","background-media":"","overlay-type":"","overlay-color":"","overlay-opacity":"","overlay-gradient":""},"tablet":{"background-color":"","background-image":"","background-repeat":"repeat","background-position":"center center","background-size":"auto","background-attachment":"scroll","background-type":"","background-media":"","overlay-type":"","overlay-color":"","overlay-opacity":"","overlay-gradient":""},"mobile":{"background-color":"","background-image":"","background-repeat":"repeat","background-position":"center center","background-size":"auto","background-attachment":"scroll","background-type":"","background-media":"","overlay-type":"","overlay-color":"","overlay-opacity":"","overlay-gradient":""}},"ast-content-background-meta":{"desktop":{"background-color":"var(--ast-global-color-4)","background-image":"","background-repeat":"repeat","background-position":"center center","background-size":"auto","background-attachment":"scroll","background-type":"","background-media":"","overlay-type":"","overlay-color":"","overlay-opacity":"","overlay-gradient":""},"tablet":{"background-color":"var(--ast-global-color-4)","background-image":"","background-repeat":"repeat","background-position":"center center","background-size":"auto","background-attachment":"scroll","background-type":"","background-media":"","overlay-type":"","overlay-color":"","overlay-opacity":"","overlay-gradient":""},"mobile":{"background-color":"var(--ast-global-color-4)","background-image":"","background-repeat":"repeat","background-position":"center center","background-size":"auto","background-attachment":"scroll","background-type":"","background-media":"","overlay-type":"","overlay-color":"","overlay-opacity":"","overlay-gradient":""}},"_jetpack_newsletter_access":"","_jetpack_dont_email_post_to_subs":false,"_jetpack_newsletter_tier_id":0,"_jetpack_memberships_contains_paywalled_content":false,"_jetpack_feature_clip_id":0,"_jetpack_memberships_contains_paid_content":false,"footnotes":"","jetpack_publicize_message":"","jetpack_publicize_feature_enabled":true,"jetpack_social_post_already_shared":false,"jetpack_social_options":{"image_generator_settings":{"template":"highway","default_image_id":0,"font":"","enabled":false},"version":2},"jetpack_post_was_ever_published":false},"categories":[26],"tags":[2041],"class_list":["post-22146","post","type-post","status-publish","format-standard","has-post-thumbnail","hentry","category-columnistas","tag-peso-mexicano"],"yoast_head":"<!-- This site is optimized with the Yoast SEO plugin v28.3 - https:\/\/yoast.com\/product\/yoast-seo-wordpress\/ -->\n<title>El peso pol\u00edtico del peso - Pol\u00edticos al Desnudo<\/title>\n<meta name=\"robots\" content=\"index, follow, max-snippet:-1, max-image-preview:large, max-video-preview:-1\" \/>\n<link rel=\"canonical\" href=\"https:\/\/politicosaldesnudo.com.mx\/index.php\/2023\/07\/12\/el-peso-politico-del-peso\/\" \/>\n<meta property=\"og:locale\" content=\"es_ES\" \/>\n<meta property=\"og:type\" content=\"article\" \/>\n<meta property=\"og:title\" content=\"El peso pol\u00edtico del peso - Pol\u00edticos al Desnudo\" \/>\n<meta property=\"og:description\" content=\"&nbsp; Por \u00c1ngel \u00c1lvaro Pe\u00f1a Para algunos el peso mexicano tiene vida propia y se fortalece o debilita de acuerdo [&hellip;]\" \/>\n<meta property=\"og:url\" content=\"https:\/\/politicosaldesnudo.com.mx\/index.php\/2023\/07\/12\/el-peso-politico-del-peso\/\" \/>\n<meta property=\"og:site_name\" content=\"Pol\u00edticos al Desnudo\" \/>\n<meta property=\"article:publisher\" content=\"https:\/\/www.facebook.com\/PoliticosAD\" \/>\n<meta property=\"article:published_time\" content=\"2023-07-12T12:51:26+00:00\" \/>\n<meta property=\"article:modified_time\" content=\"2023-07-12T13:38:22+00:00\" \/>\n<meta property=\"og:image\" content=\"https:\/\/i0.wp.com\/politicosaldesnudo.com.mx\/wp-content\/uploads\/2022\/04\/A%CC%81NGEL-A%CC%81LVARO-PEN%CC%83A1.png?fit=1816%2C1016&ssl=1\" \/>\n\t<meta property=\"og:image:width\" content=\"1816\" \/>\n\t<meta property=\"og:image:height\" content=\"1016\" \/>\n\t<meta property=\"og:image:type\" content=\"image\/png\" \/>\n<meta name=\"author\" content=\"Redacci\u00f3n Pol\u00edticos\" \/>\n<meta name=\"twitter:card\" content=\"summary_large_image\" \/>\n<meta name=\"twitter:label1\" content=\"Escrito por\" \/>\n\t<meta name=\"twitter:data1\" content=\"Redacci\u00f3n Pol\u00edticos\" \/>\n\t<meta name=\"twitter:label2\" content=\"Tiempo de lectura\" \/>\n\t<meta name=\"twitter:data2\" content=\"4 minutos\" \/>\n<script type=\"application\/ld+json\" class=\"yoast-schema-graph\">{\"@context\":\"https:\\\/\\\/schema.org\",\"@graph\":[{\"@type\":\"Article\",\"@id\":\"https:\\\/\\\/politicosaldesnudo.com.mx\\\/index.php\\\/2023\\\/07\\\/12\\\/el-peso-politico-del-peso\\\/#article\",\"isPartOf\":{\"@id\":\"https:\\\/\\\/politicosaldesnudo.com.mx\\\/index.php\\\/2023\\\/07\\\/12\\\/el-peso-politico-del-peso\\\/\"},\"author\":{\"name\":\"Redacci\u00f3n Pol\u00edticos\",\"@id\":\"https:\\\/\\\/politicosaldesnudo.com.mx\\\/#\\\/schema\\\/person\\\/ef3a64e561cc3f3f5dc52fab81adde7e\"},\"headline\":\"El peso pol\u00edtico del peso\",\"datePublished\":\"2023-07-12T12:51:26+00:00\",\"dateModified\":\"2023-07-12T13:38:22+00:00\",\"mainEntityOfPage\":{\"@id\":\"https:\\\/\\\/politicosaldesnudo.com.mx\\\/index.php\\\/2023\\\/07\\\/12\\\/el-peso-politico-del-peso\\\/\"},\"wordCount\":769,\"publisher\":{\"@id\":\"https:\\\/\\\/politicosaldesnudo.com.mx\\\/#organization\"},\"image\":{\"@id\":\"https:\\\/\\\/politicosaldesnudo.com.mx\\\/index.php\\\/2023\\\/07\\\/12\\\/el-peso-politico-del-peso\\\/#primaryimage\"},\"thumbnailUrl\":\"https:\\\/\\\/i0.wp.com\\\/politicosaldesnudo.com.mx\\\/wp-content\\\/uploads\\\/2022\\\/04\\\/A%CC%81NGEL-A%CC%81LVARO-PEN%CC%83A1.png?fit=1816%2C1016&ssl=1\",\"keywords\":[\"PESO MEXICANO\"],\"articleSection\":[\"OPINI\u00d3N\"],\"inLanguage\":\"es\"},{\"@type\":\"WebPage\",\"@id\":\"https:\\\/\\\/politicosaldesnudo.com.mx\\\/index.php\\\/2023\\\/07\\\/12\\\/el-peso-politico-del-peso\\\/\",\"url\":\"https:\\\/\\\/politicosaldesnudo.com.mx\\\/index.php\\\/2023\\\/07\\\/12\\\/el-peso-politico-del-peso\\\/\",\"name\":\"El peso pol\u00edtico del peso - Pol\u00edticos al Desnudo\",\"isPartOf\":{\"@id\":\"https:\\\/\\\/politicosaldesnudo.com.mx\\\/#website\"},\"primaryImageOfPage\":{\"@id\":\"https:\\\/\\\/politicosaldesnudo.com.mx\\\/index.php\\\/2023\\\/07\\\/12\\\/el-peso-politico-del-peso\\\/#primaryimage\"},\"image\":{\"@id\":\"https:\\\/\\\/politicosaldesnudo.com.mx\\\/index.php\\\/2023\\\/07\\\/12\\\/el-peso-politico-del-peso\\\/#primaryimage\"},\"thumbnailUrl\":\"https:\\\/\\\/i0.wp.com\\\/politicosaldesnudo.com.mx\\\/wp-content\\\/uploads\\\/2022\\\/04\\\/A%CC%81NGEL-A%CC%81LVARO-PEN%CC%83A1.png?fit=1816%2C1016&ssl=1\",\"datePublished\":\"2023-07-12T12:51:26+00:00\",\"dateModified\":\"2023-07-12T13:38:22+00:00\",\"breadcrumb\":{\"@id\":\"https:\\\/\\\/politicosaldesnudo.com.mx\\\/index.php\\\/2023\\\/07\\\/12\\\/el-peso-politico-del-peso\\\/#breadcrumb\"},\"inLanguage\":\"es\",\"potentialAction\":[{\"@type\":\"ReadAction\",\"target\":[\"https:\\\/\\\/politicosaldesnudo.com.mx\\\/index.php\\\/2023\\\/07\\\/12\\\/el-peso-politico-del-peso\\\/\"]}]},{\"@type\":\"ImageObject\",\"inLanguage\":\"es\",\"@id\":\"https:\\\/\\\/politicosaldesnudo.com.mx\\\/index.php\\\/2023\\\/07\\\/12\\\/el-peso-politico-del-peso\\\/#primaryimage\",\"url\":\"https:\\\/\\\/i0.wp.com\\\/politicosaldesnudo.com.mx\\\/wp-content\\\/uploads\\\/2022\\\/04\\\/A%CC%81NGEL-A%CC%81LVARO-PEN%CC%83A1.png?fit=1816%2C1016&ssl=1\",\"contentUrl\":\"https:\\\/\\\/i0.wp.com\\\/politicosaldesnudo.com.mx\\\/wp-content\\\/uploads\\\/2022\\\/04\\\/A%CC%81NGEL-A%CC%81LVARO-PEN%CC%83A1.png?fit=1816%2C1016&ssl=1\",\"width\":1816,\"height\":1016},{\"@type\":\"BreadcrumbList\",\"@id\":\"https:\\\/\\\/politicosaldesnudo.com.mx\\\/index.php\\\/2023\\\/07\\\/12\\\/el-peso-politico-del-peso\\\/#breadcrumb\",\"itemListElement\":[{\"@type\":\"ListItem\",\"position\":1,\"name\":\"Portada\",\"item\":\"https:\\\/\\\/politicosaldesnudo.com.mx\\\/\"},{\"@type\":\"ListItem\",\"position\":2,\"name\":\"El peso pol\u00edtico del peso\"}]},{\"@type\":\"WebSite\",\"@id\":\"https:\\\/\\\/politicosaldesnudo.com.mx\\\/#website\",\"url\":\"https:\\\/\\\/politicosaldesnudo.com.mx\\\/\",\"name\":\"Pol\u00edticos al Desnudo\",\"description\":\"\",\"publisher\":{\"@id\":\"https:\\\/\\\/politicosaldesnudo.com.mx\\\/#organization\"},\"potentialAction\":[{\"@type\":\"SearchAction\",\"target\":{\"@type\":\"EntryPoint\",\"urlTemplate\":\"https:\\\/\\\/politicosaldesnudo.com.mx\\\/?s={search_term_string}\"},\"query-input\":{\"@type\":\"PropertyValueSpecification\",\"valueRequired\":true,\"valueName\":\"search_term_string\"}}],\"inLanguage\":\"es\"},{\"@type\":\"Organization\",\"@id\":\"https:\\\/\\\/politicosaldesnudo.com.mx\\\/#organization\",\"name\":\"Pol\u00edticos al Desnudo\",\"url\":\"https:\\\/\\\/politicosaldesnudo.com.mx\\\/\",\"logo\":{\"@type\":\"ImageObject\",\"inLanguage\":\"es\",\"@id\":\"https:\\\/\\\/politicosaldesnudo.com.mx\\\/#\\\/schema\\\/logo\\\/image\\\/\",\"url\":\"https:\\\/\\\/i0.wp.com\\\/politicosaldesnudo.com.mx\\\/wp-content\\\/uploads\\\/2026\\\/08\\\/cropped-logo.webp?fit=400%2C126&ssl=1\",\"contentUrl\":\"https:\\\/\\\/i0.wp.com\\\/politicosaldesnudo.com.mx\\\/wp-content\\\/uploads\\\/2026\\\/08\\\/cropped-logo.webp?fit=400%2C126&ssl=1\",\"width\":400,\"height\":126,\"caption\":\"Pol\u00edticos al Desnudo\"},\"image\":{\"@id\":\"https:\\\/\\\/politicosaldesnudo.com.mx\\\/#\\\/schema\\\/logo\\\/image\\\/\"},\"sameAs\":[\"https:\\\/\\\/www.facebook.com\\\/PoliticosAD\"]},{\"@type\":\"Person\",\"@id\":\"https:\\\/\\\/politicosaldesnudo.com.mx\\\/#\\\/schema\\\/person\\\/ef3a64e561cc3f3f5dc52fab81adde7e\",\"name\":\"Redacci\u00f3n Pol\u00edticos\",\"url\":\"https:\\\/\\\/politicosaldesnudo.com.mx\\\/index.php\\\/author\\\/redaccion-politicos\\\/\"}]}<\/script>\n<!-- \/ Yoast SEO plugin. -->","yoast_head_json":{"title":"El peso pol\u00edtico del peso - Pol\u00edticos al Desnudo","robots":{"index":"index","follow":"follow","max-snippet":"max-snippet:-1","max-image-preview":"max-image-preview:large","max-video-preview":"max-video-preview:-1"},"canonical":"https:\/\/politicosaldesnudo.com.mx\/index.php\/2023\/07\/12\/el-peso-politico-del-peso\/","og_locale":"es_ES","og_type":"article","og_title":"El peso pol\u00edtico del peso - Pol\u00edticos al Desnudo","og_description":"&nbsp; Por \u00c1ngel \u00c1lvaro Pe\u00f1a Para algunos el peso mexicano tiene vida propia y se fortalece o debilita de acuerdo [&hellip;]","og_url":"https:\/\/politicosaldesnudo.com.mx\/index.php\/2023\/07\/12\/el-peso-politico-del-peso\/","og_site_name":"Pol\u00edticos al Desnudo","article_publisher":"https:\/\/www.facebook.com\/PoliticosAD","article_published_time":"2023-07-12T12:51:26+00:00","article_modified_time":"2023-07-12T13:38:22+00:00","og_image":[{"width":1816,"height":1016,"url":"https:\/\/i0.wp.com\/politicosaldesnudo.com.mx\/wp-content\/uploads\/2022\/04\/A%CC%81NGEL-A%CC%81LVARO-PEN%CC%83A1.png?fit=1816%2C1016&ssl=1","type":"image\/png"}],"author":"Redacci\u00f3n Pol\u00edticos","twitter_card":"summary_large_image","twitter_misc":{"Escrito por":"Redacci\u00f3n Pol\u00edticos","Tiempo de lectura":"4 minutos"},"schema":{"@context":"https:\/\/schema.org","@graph":[{"@type":"Article","@id":"https:\/\/politicosaldesnudo.com.mx\/index.php\/2023\/07\/12\/el-peso-politico-del-peso\/#article","isPartOf":{"@id":"https:\/\/politicosaldesnudo.com.mx\/index.php\/2023\/07\/12\/el-peso-politico-del-peso\/"},"author":{"name":"Redacci\u00f3n Pol\u00edticos","@id":"https:\/\/politicosaldesnudo.com.mx\/#\/schema\/person\/ef3a64e561cc3f3f5dc52fab81adde7e"},"headline":"El peso pol\u00edtico del peso","datePublished":"2023-07-12T12:51:26+00:00","dateModified":"2023-07-12T13:38:22+00:00","mainEntityOfPage":{"@id":"https:\/\/politicosaldesnudo.com.mx\/index.php\/2023\/07\/12\/el-peso-politico-del-peso\/"},"wordCount":769,"publisher":{"@id":"https:\/\/politicosaldesnudo.com.mx\/#organization"},"image":{"@id":"https:\/\/politicosaldesnudo.com.mx\/index.php\/2023\/07\/12\/el-peso-politico-del-peso\/#primaryimage"},"thumbnailUrl":"https:\/\/i0.wp.com\/politicosaldesnudo.com.mx\/wp-content\/uploads\/2022\/04\/A%CC%81NGEL-A%CC%81LVARO-PEN%CC%83A1.png?fit=1816%2C1016&ssl=1","keywords":["PESO MEXICANO"],"articleSection":["OPINI\u00d3N"],"inLanguage":"es"},{"@type":"WebPage","@id":"https:\/\/politicosaldesnudo.com.mx\/index.php\/2023\/07\/12\/el-peso-politico-del-peso\/","url":"https:\/\/politicosaldesnudo.com.mx\/index.php\/2023\/07\/12\/el-peso-politico-del-peso\/","name":"El peso pol\u00edtico del peso - Pol\u00edticos al Desnudo","isPartOf":{"@id":"https:\/\/politicosaldesnudo.com.mx\/#website"},"primaryImageOfPage":{"@id":"https:\/\/politicosaldesnudo.com.mx\/index.php\/2023\/07\/12\/el-peso-politico-del-peso\/#primaryimage"},"image":{"@id":"https:\/\/politicosaldesnudo.com.mx\/index.php\/2023\/07\/12\/el-peso-politico-del-peso\/#primaryimage"},"thumbnailUrl":"https:\/\/i0.wp.com\/politicosaldesnudo.com.mx\/wp-content\/uploads\/2022\/04\/A%CC%81NGEL-A%CC%81LVARO-PEN%CC%83A1.png?fit=1816%2C1016&ssl=1","datePublished":"2023-07-12T12:51:26+00:00","dateModified":"2023-07-12T13:38:22+00:00","breadcrumb":{"@id":"https:\/\/politicosaldesnudo.com.mx\/index.php\/2023\/07\/12\/el-peso-politico-del-peso\/#breadcrumb"},"inLanguage":"es","potentialAction":[{"@type":"ReadAction","target":["https:\/\/politicosaldesnudo.com.mx\/index.php\/2023\/07\/12\/el-peso-politico-del-peso\/"]}]},{"@type":"ImageObject","inLanguage":"es","@id":"https:\/\/politicosaldesnudo.com.mx\/index.php\/2023\/07\/12\/el-peso-politico-del-peso\/#primaryimage","url":"https:\/\/i0.wp.com\/politicosaldesnudo.com.mx\/wp-content\/uploads\/2022\/04\/A%CC%81NGEL-A%CC%81LVARO-PEN%CC%83A1.png?fit=1816%2C1016&ssl=1","contentUrl":"https:\/\/i0.wp.com\/politicosaldesnudo.com.mx\/wp-content\/uploads\/2022\/04\/A%CC%81NGEL-A%CC%81LVARO-PEN%CC%83A1.png?fit=1816%2C1016&ssl=1","width":1816,"height":1016},{"@type":"BreadcrumbList","@id":"https:\/\/politicosaldesnudo.com.mx\/index.php\/2023\/07\/12\/el-peso-politico-del-peso\/#breadcrumb","itemListElement":[{"@type":"ListItem","position":1,"name":"Portada","item":"https:\/\/politicosaldesnudo.com.mx\/"},{"@type":"ListItem","position":2,"name":"El peso pol\u00edtico del peso"}]},{"@type":"WebSite","@id":"https:\/\/politicosaldesnudo.com.mx\/#website","url":"https:\/\/politicosaldesnudo.com.mx\/","name":"Pol\u00edticos al Desnudo","description":"","publisher":{"@id":"https:\/\/politicosaldesnudo.com.mx\/#organization"},"potentialAction":[{"@type":"SearchAction","target":{"@type":"EntryPoint","urlTemplate":"https:\/\/politicosaldesnudo.com.mx\/?s={search_term_string}"},"query-input":{"@type":"PropertyValueSpecification","valueRequired":true,"valueName":"search_term_string"}}],"inLanguage":"es"},{"@type":"Organization","@id":"https:\/\/politicosaldesnudo.com.mx\/#organization","name":"Pol\u00edticos al Desnudo","url":"https:\/\/politicosaldesnudo.com.mx\/","logo":{"@type":"ImageObject","inLanguage":"es","@id":"https:\/\/politicosaldesnudo.com.mx\/#\/schema\/logo\/image\/","url":"https:\/\/i0.wp.com\/politicosaldesnudo.com.mx\/wp-content\/uploads\/2026\/08\/cropped-logo.webp?fit=400%2C126&ssl=1","contentUrl":"https:\/\/i0.wp.com\/politicosaldesnudo.com.mx\/wp-content\/uploads\/2026\/08\/cropped-logo.webp?fit=400%2C126&ssl=1","width":400,"height":126,"caption":"Pol\u00edticos al Desnudo"},"image":{"@id":"https:\/\/politicosaldesnudo.com.mx\/#\/schema\/logo\/image\/"},"sameAs":["https:\/\/www.facebook.com\/PoliticosAD"]},{"@type":"Person","@id":"https:\/\/politicosaldesnudo.com.mx\/#\/schema\/person\/ef3a64e561cc3f3f5dc52fab81adde7e","name":"Redacci\u00f3n Pol\u00edticos","url":"https:\/\/politicosaldesnudo.com.mx\/index.php\/author\/redaccion-politicos\/"}]}},"jetpack_publicize_connections":[],"jetpack-related-posts":[{"id":87385,"url":"https:\/\/politicosaldesnudo.com.mx\/index.php\/2026\/07\/31\/cfe-obtuvo-ganancias-por-48-mil-mdp-en-el-segundo-trimestre-de-2026\/","url_meta":{"origin":22146,"position":0},"title":"CFE obtuvo ganancias por 48 mil mdp en el segundo trimestre de 2026","author":"Redacci\u00f3n Pol\u00edticos","date":"31 de julio de 2026","format":false,"excerpt":"La Comisi\u00f3n Federal de Electricidad (CFE) obtuvo ganancias por 48 mil 025 millones de pesos en el segundo trimestre de 2026, monto que revierte parte de las p\u00e9rdidas reportadas en los tres primeros meses del a\u00f1o, de acuerdo con el reporte enviado este jueves por la empresa a la Bolsa\u2026","rel":"","context":"En \u00abECONOM\u00cdA\u00bb","block_context":{"text":"ECONOM\u00cdA","link":"https:\/\/politicosaldesnudo.com.mx\/index.php\/category\/economia\/"},"img":{"alt_text":"","src":"https:\/\/i0.wp.com\/politicosaldesnudo.com.mx\/wp-content\/uploads\/2026\/07\/ALAC.webp?fit=1200%2C741&ssl=1&resize=350%2C200","width":350,"height":200,"srcset":"https:\/\/i0.wp.com\/politicosaldesnudo.com.mx\/wp-content\/uploads\/2026\/07\/ALAC.webp?fit=1200%2C741&ssl=1&resize=350%2C200 1x, https:\/\/i0.wp.com\/politicosaldesnudo.com.mx\/wp-content\/uploads\/2026\/07\/ALAC.webp?fit=1200%2C741&ssl=1&resize=525%2C300 1.5x, https:\/\/i0.wp.com\/politicosaldesnudo.com.mx\/wp-content\/uploads\/2026\/07\/ALAC.webp?fit=1200%2C741&ssl=1&resize=700%2C400 2x, https:\/\/i0.wp.com\/politicosaldesnudo.com.mx\/wp-content\/uploads\/2026\/07\/ALAC.webp?fit=1200%2C741&ssl=1&resize=1050%2C600 3x"},"classes":[]},{"id":88169,"url":"https:\/\/politicosaldesnudo.com.mx\/index.php\/2026\/08\/29\/sheinbaum-destaca-cinco-senales-positivas-de-la-economia-mexicana-rumbo-a-su-segundo-informe\/","url_meta":{"origin":22146,"position":1},"title":"Sheinbaum destaca cinco se\u00f1ales positivas de la econom\u00eda mexicana rumbo a su Segundo Informe","author":"Redacci\u00f3n Pol\u00edticos","date":"29 de agosto de 2026","format":false,"excerpt":"La presidenta Claudia Sheinbaum present\u00f3 un balance sobre la situaci\u00f3n econ\u00f3mica del pa\u00eds, en el que resalt\u00f3 el comportamiento de los combustibles, el empleo, los salarios, la inflaci\u00f3n y la inversi\u00f3n extranjera. A trav\u00e9s de un mensaje difundido en sus redes sociales, la mandataria asegur\u00f3 que durante su administraci\u00f3n se\u2026","rel":"","context":"En \u00abNACIONAL\u00bb","block_context":{"text":"NACIONAL","link":"https:\/\/politicosaldesnudo.com.mx\/index.php\/category\/nacional\/"},"img":{"alt_text":"","src":"https:\/\/i0.wp.com\/politicosaldesnudo.com.mx\/wp-content\/uploads\/2026\/08\/SHIN.png?fit=1200%2C673&ssl=1&resize=350%2C200","width":350,"height":200,"srcset":"https:\/\/i0.wp.com\/politicosaldesnudo.com.mx\/wp-content\/uploads\/2026\/08\/SHIN.png?fit=1200%2C673&ssl=1&resize=350%2C200 1x, https:\/\/i0.wp.com\/politicosaldesnudo.com.mx\/wp-content\/uploads\/2026\/08\/SHIN.png?fit=1200%2C673&ssl=1&resize=525%2C300 1.5x, https:\/\/i0.wp.com\/politicosaldesnudo.com.mx\/wp-content\/uploads\/2026\/08\/SHIN.png?fit=1200%2C673&ssl=1&resize=700%2C400 2x, https:\/\/i0.wp.com\/politicosaldesnudo.com.mx\/wp-content\/uploads\/2026\/08\/SHIN.png?fit=1200%2C673&ssl=1&resize=1050%2C600 3x"},"classes":[]},{"id":87138,"url":"https:\/\/politicosaldesnudo.com.mx\/index.php\/2026\/07\/23\/walmart-mexico-reporta-caida-del-0-7-en-ganancias-durante-segundo-trimestre-del-2026\/","url_meta":{"origin":22146,"position":2},"title":"Walmart-M\u00e9xico reporta ca\u00edda del 0.7% en ganancias durante segundo trimestre del 2026","author":"Redacci\u00f3n Pol\u00edticos","date":"23 de julio de 2026","format":false,"excerpt":"Walmart de M\u00e9xico (Walmex) report\u00f3 una ca\u00edda del 0.7 por ciento en su ganancia neta durante el segundo trimestre del a\u00f1o, donde alcanz\u00f3 los 11 mil 152 millones de pesos en comparaci\u00f3n de los 11 mil 227 millones de pesos del mismo periodo en 2025. Las ventas en M\u00e9xico aumentaron\u2026","rel":"","context":"En \u00abECONOM\u00cdA\u00bb","block_context":{"text":"ECONOM\u00cdA","link":"https:\/\/politicosaldesnudo.com.mx\/index.php\/category\/economia\/"},"img":{"alt_text":"","src":"https:\/\/i0.wp.com\/politicosaldesnudo.com.mx\/wp-content\/uploads\/2026\/07\/WALA.webp?fit=1200%2C804&ssl=1&resize=350%2C200","width":350,"height":200,"srcset":"https:\/\/i0.wp.com\/politicosaldesnudo.com.mx\/wp-content\/uploads\/2026\/07\/WALA.webp?fit=1200%2C804&ssl=1&resize=350%2C200 1x, https:\/\/i0.wp.com\/politicosaldesnudo.com.mx\/wp-content\/uploads\/2026\/07\/WALA.webp?fit=1200%2C804&ssl=1&resize=525%2C300 1.5x, https:\/\/i0.wp.com\/politicosaldesnudo.com.mx\/wp-content\/uploads\/2026\/07\/WALA.webp?fit=1200%2C804&ssl=1&resize=700%2C400 2x, https:\/\/i0.wp.com\/politicosaldesnudo.com.mx\/wp-content\/uploads\/2026\/07\/WALA.webp?fit=1200%2C804&ssl=1&resize=1050%2C600 3x"},"classes":[]},{"id":88084,"url":"https:\/\/politicosaldesnudo.com.mx\/index.php\/2026\/08\/26\/veracruz-dara-apoyo-de-transporte-a-20-mil-universitarios-entregaran-hasta-800-pesos\/","url_meta":{"origin":22146,"position":3},"title":"Veracruz dar\u00e1 apoyo de transporte a 20 mil universitarios; entregar\u00e1n hasta 800 pesos","author":"Redacci\u00f3n Pol\u00edticos","date":"26 de agosto de 2026","format":false,"excerpt":"Cerca de 20 mil j\u00f3venes inscritos en instituciones p\u00fablicas de educaci\u00f3n superior podr\u00e1n recibir una ayuda econ\u00f3mica para cubrir parte de sus gastos de traslado en el municipio de Veracruz. La alcaldesa Rosa Mar\u00eda Hern\u00e1ndez Espejo present\u00f3 la Beca Municipal Universitaria \u201cJoven H\u00e9roe Veracruzano Iv\u00e1n G\u00f3mez G\u00f3mez\u201d, un programa dirigido\u2026","rel":"","context":"En \u00abESTADOS\u00bb","block_context":{"text":"ESTADOS","link":"https:\/\/politicosaldesnudo.com.mx\/index.php\/category\/estados\/"},"img":{"alt_text":"","src":"https:\/\/i0.wp.com\/politicosaldesnudo.com.mx\/wp-content\/uploads\/2026\/08\/787342245_1643175124474327_9044534255507489650_n.jpg?fit=1200%2C800&ssl=1&resize=350%2C200","width":350,"height":200,"srcset":"https:\/\/i0.wp.com\/politicosaldesnudo.com.mx\/wp-content\/uploads\/2026\/08\/787342245_1643175124474327_9044534255507489650_n.jpg?fit=1200%2C800&ssl=1&resize=350%2C200 1x, https:\/\/i0.wp.com\/politicosaldesnudo.com.mx\/wp-content\/uploads\/2026\/08\/787342245_1643175124474327_9044534255507489650_n.jpg?fit=1200%2C800&ssl=1&resize=525%2C300 1.5x, https:\/\/i0.wp.com\/politicosaldesnudo.com.mx\/wp-content\/uploads\/2026\/08\/787342245_1643175124474327_9044534255507489650_n.jpg?fit=1200%2C800&ssl=1&resize=700%2C400 2x, https:\/\/i0.wp.com\/politicosaldesnudo.com.mx\/wp-content\/uploads\/2026\/08\/787342245_1643175124474327_9044534255507489650_n.jpg?fit=1200%2C800&ssl=1&resize=1050%2C600 3x"},"classes":[]},{"id":87005,"url":"https:\/\/politicosaldesnudo.com.mx\/index.php\/2026\/07\/20\/vacaciones-de-verano-dejaran-una-derrama-economica-a-mexico-por-883-mil-mdp\/","url_meta":{"origin":22146,"position":4},"title":"Vacaciones de verano dejar\u00e1n una derrama econ\u00f3mica a M\u00e9xico por 883 mil mdp","author":"Redacci\u00f3n Pol\u00edticos","date":"20 de julio de 2026","format":false,"excerpt":"M\u00e9xico recibir\u00e1 a m\u00e1s de 22 millones 400 mil turistas este verano, mismos que impulsar\u00e1n una derrama econ\u00f3mica de 883 mil millones de pesos. Este monto representa un crecimiento de 6.5 por ciento en comparaci\u00f3n con el mismo lapso de 2025, seg\u00fan datos oficiales y del sector privado. La Sectur\u2026","rel":"","context":"En \u00abECONOM\u00cdA\u00bb","block_context":{"text":"ECONOM\u00cdA","link":"https:\/\/politicosaldesnudo.com.mx\/index.php\/category\/economia\/"},"img":{"alt_text":"","src":"https:\/\/i0.wp.com\/politicosaldesnudo.com.mx\/wp-content\/uploads\/2026\/07\/GNDJWVNHRKDHOYFJ3PET7PYJTI.jpg?fit=1181%2C788&ssl=1&resize=350%2C200","width":350,"height":200,"srcset":"https:\/\/i0.wp.com\/politicosaldesnudo.com.mx\/wp-content\/uploads\/2026\/07\/GNDJWVNHRKDHOYFJ3PET7PYJTI.jpg?fit=1181%2C788&ssl=1&resize=350%2C200 1x, https:\/\/i0.wp.com\/politicosaldesnudo.com.mx\/wp-content\/uploads\/2026\/07\/GNDJWVNHRKDHOYFJ3PET7PYJTI.jpg?fit=1181%2C788&ssl=1&resize=525%2C300 1.5x, https:\/\/i0.wp.com\/politicosaldesnudo.com.mx\/wp-content\/uploads\/2026\/07\/GNDJWVNHRKDHOYFJ3PET7PYJTI.jpg?fit=1181%2C788&ssl=1&resize=700%2C400 2x, https:\/\/i0.wp.com\/politicosaldesnudo.com.mx\/wp-content\/uploads\/2026\/07\/GNDJWVNHRKDHOYFJ3PET7PYJTI.jpg?fit=1181%2C788&ssl=1&resize=1050%2C600 3x"},"classes":[]},{"id":72843,"url":"https:\/\/politicosaldesnudo.com.mx\/index.php\/2025\/10\/15\/senado-extingue-fideicomiso-y-devuelve-mil-50-millones-de-pesos-a-la-federacion\/","url_meta":{"origin":22146,"position":5},"title":"Senado extingue fideicomiso y devuelve mil 50 millones de pesos a la Federaci\u00f3n","author":"Redacci\u00f3n Pol\u00edticos","date":"15 de octubre de 2025","format":false,"excerpt":"El Senado de la Rep\u00fablica acord\u00f3 extinguir el fideicomiso creado hace 31 a\u00f1os para la construcci\u00f3n y equipamiento de su sede de Reforma e Insurgentes y devolver\u00e1 los m\u00e1s de mil millones de pesos que contiene a la Tesorer\u00eda de la Federaci\u00f3n. La presidenta del Senado, Laura Itzel Castillo, ratific\u00f3\u2026","rel":"","context":"En \u00abNACIONAL\u00bb","block_context":{"text":"NACIONAL","link":"https:\/\/politicosaldesnudo.com.mx\/index.php\/category\/nacional\/"},"img":{"alt_text":"","src":"https:\/\/i0.wp.com\/politicosaldesnudo.com.mx\/wp-content\/uploads\/2025\/10\/RATY.jpg?fit=770%2C514&ssl=1&resize=350%2C200","width":350,"height":200,"srcset":"https:\/\/i0.wp.com\/politicosaldesnudo.com.mx\/wp-content\/uploads\/2025\/10\/RATY.jpg?fit=770%2C514&ssl=1&resize=350%2C200 1x, https:\/\/i0.wp.com\/politicosaldesnudo.com.mx\/wp-content\/uploads\/2025\/10\/RATY.jpg?fit=770%2C514&ssl=1&resize=525%2C300 1.5x, https:\/\/i0.wp.com\/politicosaldesnudo.com.mx\/wp-content\/uploads\/2025\/10\/RATY.jpg?fit=770%2C514&ssl=1&resize=700%2C400 2x"},"classes":[]}],"jetpack_sharing_enabled":true,"jetpack_featured_media_url":"https:\/\/i0.wp.com\/politicosaldesnudo.com.mx\/wp-content\/uploads\/2022\/04\/A%CC%81NGEL-A%CC%81LVARO-PEN%CC%83A1.png?fit=1816%2C1016&ssl=1","_links":{"self":[{"href":"https:\/\/politicosaldesnudo.com.mx\/index.php\/wp-json\/wp\/v2\/posts\/22146","targetHints":{"allow":["GET"]}}],"collection":[{"href":"https:\/\/politicosaldesnudo.com.mx\/index.php\/wp-json\/wp\/v2\/posts"}],"about":[{"href":"https:\/\/politicosaldesnudo.com.mx\/index.php\/wp-json\/wp\/v2\/types\/post"}],"author":[{"embeddable":true,"href":"https:\/\/politicosaldesnudo.com.mx\/index.php\/wp-json\/wp\/v2\/users\/4"}],"replies":[{"embeddable":true,"href":"https:\/\/politicosaldesnudo.com.mx\/index.php\/wp-json\/wp\/v2\/comments?post=22146"}],"version-history":[{"count":0,"href":"https:\/\/politicosaldesnudo.com.mx\/index.php\/wp-json\/wp\/v2\/posts\/22146\/revisions"}],"wp:featuredmedia":[{"embeddable":true,"href":"https:\/\/politicosaldesnudo.com.mx\/index.php\/wp-json\/wp\/v2\/media\/3775"}],"wp:attachment":[{"href":"https:\/\/politicosaldesnudo.com.mx\/index.php\/wp-json\/wp\/v2\/media?parent=22146"}],"wp:term":[{"taxonomy":"category","embeddable":true,"href":"https:\/\/politicosaldesnudo.com.mx\/index.php\/wp-json\/wp\/v2\/categories?post=22146"},{"taxonomy":"post_tag","embeddable":true,"href":"https:\/\/politicosaldesnudo.com.mx\/index.php\/wp-json\/wp\/v2\/tags?post=22146"}],"curies":[{"name":"wp","href":"https:\/\/api.w.org\/{rel}","templated":true}]}}