{"id":22180,"date":"2023-07-13T05:10:47","date_gmt":"2023-07-13T10:10:47","guid":{"rendered":"https:\/\/politicosaldesnudo.com.mx\/?p=22180"},"modified":"2023-07-13T05:50:34","modified_gmt":"2023-07-13T10:50:34","slug":"el-mensaje-de-amlo","status":"publish","type":"post","link":"https:\/\/politicosaldesnudo.com.mx\/index.php\/2023\/07\/13\/el-mensaje-de-amlo\/","title":{"rendered":"El mensaje de AMLO"},"content":{"rendered":"<p class=\"p1\">\n<p>&nbsp;<\/p>\n<p class=\"p1\" style=\"text-align: center;\"><span style=\"font-size: 18pt;\"><strong>&lt;&lt;La publicidad del secretario de Gobierno&gt;&gt;<\/strong><\/span><\/p>\n<p class=\"p1\" style=\"text-align: center;\"><span style=\"font-size: 18pt;\"><strong>&lt;&lt;Que se borre todo, no nada m\u00e1s su nombre&gt;&gt;<\/strong><\/span><\/p>\n<p class=\"p1\" style=\"text-align: center;\"><span style=\"font-size: 18pt;\"><strong>&lt;&lt;\u00bfQui\u00e9n estar\u00e1 pagando espectaculares y bardas?&gt;&gt;<\/strong><\/span><\/p>\n<p>&nbsp;<\/p>\n<p class=\"p1\" style=\"text-align: left;\"><span style=\"font-size: 18pt;\"><strong>Por Miguel \u00c1ngel Cristiani G.<\/strong><\/span><\/p>\n<p class=\"p1\"><span style=\"font-size: 14pt;\">Todo parece indicar que en palacio de gobierno del estado de Veracruz no vieron o al menos les pasaron una tarjeta informativa con lo que textualmente les mand\u00f3 a decir el mism\u00edsimo l\u00edder moral de Morena y presidente de la Rep\u00fablica Andr\u00e9s Manuel L\u00f3pez Obrador.<\/span><\/p>\n<p class=\"p1\"><span style=\"font-size: 14pt;\">Como se recordar\u00e1 en la conferencia ma\u00f1anera del lunes, AMLO respondi\u00f3 a una pregunta que le hizo una reportera del Diario del Istmo sobre la publicidad que se estaba colocando en todo el estado y la respuesta fue contundente:<\/span><\/p>\n<p class=\"p1\"><span style=\"font-size: 14pt;\">\u201c\u00a1Pues est\u00e1 mal! \u00bfQu\u00e9 tiene que hacer un secretario de gobierno haci\u00e9ndose publicidad?\u00a0 Si quiere ser candidato que renuncie a su cargo\u2026 y eso, que habr\u00eda que ver si son los tiempos que dictan los partidos, que deciden los partidos\u201d.<\/span><\/p>\n<p class=\"p1\"><span style=\"font-size: 14pt;\">Luego este martes, el gobernador del Estado de Veracruz Cuitl\u00e1huac Garc\u00eda Jim\u00e9nez, antes de iniciar la conferencia de prensa en sala de banderas, inform\u00f3 que se reuni\u00f3 la noche del lunes con el secretario de Gobierno Eric Cisneros Burgos.<\/span><\/p>\n<p class=\"p1\"><span style=\"font-size: 14pt;\">\u201cEl secretario de Gobierno va acatar la recomendaci\u00f3n que impl\u00edcitamente se hiciera el d\u00eda de ayer y para que no haya dudas, no participara en la elecci\u00f3n para Gobernador y me parece correcta su decisi\u00f3n\u201d.<\/span><\/p>\n<p class=\"p1\"><span style=\"font-size: 14pt;\">Garc\u00eda Jim\u00e9nez dijo que, en este equipo de la 4 Transformaci\u00f3n, todos deben ser disciplinados saber actuar ante la efervescencia, electoral saber y tener tacto y no perder de vista los principios por los cuales hemos luchado mucho tiempo.<\/span><\/p>\n<p class=\"p1\"><span style=\"font-size: 14pt;\">Mencion\u00f3 que platicaron del tema de las bardas que tienen el nombre del secretario de gobierno, les pedir\u00e1 a las personas que pintaron bardas que omitan su nombre de Cisneros Burgos, utilicen otra figura otro nombre.<\/span><\/p>\n<p class=\"p1\"><span style=\"font-size: 14pt;\">Pero porqu\u00e9 el mism\u00edsimo gobernador del estado, tendr\u00eda que salir a dar la declaraci\u00f3n, que le corresponder\u00eda al secretario de Gobierno, declarar que no quiere ser candidato a la gubernatura ni a ning\u00fan otro cargo de elecci\u00f3n popular.<\/span><\/p>\n<p class=\"p1\"><span style=\"font-size: 14pt;\">Hay que tener en cuenta que el presidente L\u00f3pez Obrador no le dijo que deber\u00eda de borrar su nombre de espectaculares y bardas que han sido pagadas en todo el estado.<\/span><\/p>\n<p class=\"p1\"><span style=\"font-size: 14pt;\">Acaso nada m\u00e1s van a quitar el nombre del secretario de Gobierno Eric Cisneros.<\/span><\/p>\n<p class=\"p1\"><span style=\"font-size: 14pt;\">Porque como lo que se trataba era de hacer publicidad del nombre del funcionario, en todos los anuncios, es lo que est\u00e1 a gran tama\u00f1o y solamente en unas letras peque\u00f1as aparece el nombre del libro de la negritud en Veracruz.<\/span><\/p>\n<p class=\"p1\"><span style=\"font-size: 14pt;\">Que no vayan a salir el pr\u00f3ximo fin de semana con una fotito del secretario o del gobernador, haciendo limpieza de bardas, como acostumbran hacer con el corte de pasto en jardines p\u00fablicos.<\/span><\/p>\n<p class=\"p1\"><span style=\"font-size: 14pt;\">La cuesti\u00f3n tambi\u00e9n es ahora quien va a pagar por el cambio del texto en los espectaculares y bardas.<\/span><\/p>\n<p class=\"p1\"><span style=\"font-size: 14pt;\">Porque nada m\u00e1s para tener una idea, el costo de las mantas de los espectaculares anda alrededor de los tres mil pesos, multiplicado por quien sabe cu\u00e1ntos promocionales, ya es un buen billete, que como dir\u00eda el tabasque\u00f1o Chico Che \u00bfQui\u00e9n pompo?<\/span><\/p>\n<p class=\"p1\"><span style=\"font-size: 14pt;\">Hasta hoy los mal llamados partidos de oposici\u00f3n y sus dirigentes, no han dicho nada al respecto.<\/span><\/p>\n<p class=\"p1\"><span style=\"font-size: 14pt;\">Mucho menos han procedido a presentar una denuncia ante las autoridades responsables.<\/span><\/p>\n<p class=\"p1\"><span style=\"font-size: 14pt;\">Todo quedar\u00e1 en un tema medi\u00e1ticos nada m\u00e1s.<\/span><\/p>\n<p>&nbsp;<\/p>\n<hr \/>\n<p>&nbsp;<\/p>\n<p class=\"p1\"><span style=\"font-size: 18pt;\"><strong>Cont\u00e1ctanos en nuestra p\u00e1gina:<\/strong><\/span><\/p>\n<p><a href=\"https:\/\/www.xn--bitacoraspolticas-ovb.com\/\"><span style=\"font-size: 18pt;\"><strong>BitacorasPolticas.com<\/strong><\/span><\/a><\/p>\n<p>&nbsp;<\/p>\n<p><img data-recalc-dims=\"1\" loading=\"lazy\" decoding=\"async\" class=\"aligncenter wp-image-14351\" src=\"https:\/\/i0.wp.com\/politicosaldesnudo.com.mx\/wp-content\/uploads\/2023\/01\/FIRMA-EDITORIAL-PD-300x37.png?resize=800%2C98&#038;ssl=1\" alt=\"\" width=\"800\" height=\"98\" srcset=\"https:\/\/i0.wp.com\/politicosaldesnudo.com.mx\/wp-content\/uploads\/2023\/01\/FIRMA-EDITORIAL-PD.png?resize=300%2C37&amp;ssl=1 300w, https:\/\/i0.wp.com\/politicosaldesnudo.com.mx\/wp-content\/uploads\/2023\/01\/FIRMA-EDITORIAL-PD.png?resize=1024%2C125&amp;ssl=1 1024w, https:\/\/i0.wp.com\/politicosaldesnudo.com.mx\/wp-content\/uploads\/2023\/01\/FIRMA-EDITORIAL-PD.png?resize=768%2C94&amp;ssl=1 768w, https:\/\/i0.wp.com\/politicosaldesnudo.com.mx\/wp-content\/uploads\/2023\/01\/FIRMA-EDITORIAL-PD.png?resize=1536%2C188&amp;ssl=1 1536w, https:\/\/i0.wp.com\/politicosaldesnudo.com.mx\/wp-content\/uploads\/2023\/01\/FIRMA-EDITORIAL-PD.png?resize=2048%2C250&amp;ssl=1 2048w, https:\/\/i0.wp.com\/politicosaldesnudo.com.mx\/wp-content\/uploads\/2023\/01\/FIRMA-EDITORIAL-PD.png?w=1600&amp;ssl=1 1600w, https:\/\/i0.wp.com\/politicosaldesnudo.com.mx\/wp-content\/uploads\/2023\/01\/FIRMA-EDITORIAL-PD.png?w=2400&amp;ssl=1 2400w\" sizes=\"auto, (max-width: 800px) 100vw, 800px\" \/><\/p>\n<p>&nbsp;<\/p>\n<p>&nbsp;<\/p>\n<p>&nbsp;<\/p>\n<p>&nbsp;<\/p>\n","protected":false},"excerpt":{"rendered":"<p>&nbsp; &lt;&lt;La publicidad del secretario de Gobierno&gt;&gt; &lt;&lt;Que se borre todo, no nada m\u00e1s su nombre&gt;&gt; &lt;&lt;\u00bfQui\u00e9n estar\u00e1 pagando espectaculares<\/p>\n","protected":false},"author":4,"featured_media":3789,"comment_status":"closed","ping_status":"closed","sticky":false,"template":"","format":"standard","meta":{"colormag_page_container_layout":"default_layout","colormag_page_sidebar_layout":"default_layout","_jetpack_memberships_contains_paid_content":false,"footnotes":"","jetpack_publicize_message":"","jetpack_publicize_feature_enabled":true,"jetpack_social_post_already_shared":false,"jetpack_social_options":{"image_generator_settings":{"template":"highway","default_image_id":0,"font":"","enabled":false},"version":2}},"categories":[26],"tags":[],"class_list":["post-22180","post","type-post","status-publish","format-standard","has-post-thumbnail","hentry","category-columnistas"],"jetpack_publicize_connections":[],"jetpack_featured_media_url":"https:\/\/i0.wp.com\/politicosaldesnudo.com.mx\/wp-content\/uploads\/2022\/04\/CRISTIANI.png?fit=1816%2C1016&ssl=1","jetpack-related-posts":[],"jetpack_sharing_enabled":true,"_links":{"self":[{"href":"https:\/\/politicosaldesnudo.com.mx\/index.php\/wp-json\/wp\/v2\/posts\/22180","targetHints":{"allow":["GET"]}}],"collection":[{"href":"https:\/\/politicosaldesnudo.com.mx\/index.php\/wp-json\/wp\/v2\/posts"}],"about":[{"href":"https:\/\/politicosaldesnudo.com.mx\/index.php\/wp-json\/wp\/v2\/types\/post"}],"author":[{"embeddable":true,"href":"https:\/\/politicosaldesnudo.com.mx\/index.php\/wp-json\/wp\/v2\/users\/4"}],"replies":[{"embeddable":true,"href":"https:\/\/politicosaldesnudo.com.mx\/index.php\/wp-json\/wp\/v2\/comments?post=22180"}],"version-history":[{"count":0,"href":"https:\/\/politicosaldesnudo.com.mx\/index.php\/wp-json\/wp\/v2\/posts\/22180\/revisions"}],"wp:featuredmedia":[{"embeddable":true,"href":"https:\/\/politicosaldesnudo.com.mx\/index.php\/wp-json\/wp\/v2\/media\/3789"}],"wp:attachment":[{"href":"https:\/\/politicosaldesnudo.com.mx\/index.php\/wp-json\/wp\/v2\/media?parent=22180"}],"wp:term":[{"taxonomy":"category","embeddable":true,"href":"https:\/\/politicosaldesnudo.com.mx\/index.php\/wp-json\/wp\/v2\/categories?post=22180"},{"taxonomy":"post_tag","embeddable":true,"href":"https:\/\/politicosaldesnudo.com.mx\/index.php\/wp-json\/wp\/v2\/tags?post=22180"}],"curies":[{"name":"wp","href":"https:\/\/api.w.org\/{rel}","templated":true}]}}