{"id":22183,"date":"2023-07-13T05:20:36","date_gmt":"2023-07-13T10:20:36","guid":{"rendered":"https:\/\/politicosaldesnudo.com.mx\/?p=22183"},"modified":"2023-07-13T05:53:51","modified_gmt":"2023-07-13T10:53:51","slug":"el-reto-de-polo","status":"publish","type":"post","link":"https:\/\/politicosaldesnudo.com.mx\/index.php\/2023\/07\/13\/el-reto-de-polo\/","title":{"rendered":"El reto de Polo"},"content":{"rendered":"<p>&nbsp;<\/p>\n<p class=\"p1\"><span style=\"font-size: 18pt;\"><strong>Por Luis Ram\u00edrez Baqueiro<\/strong><\/span><\/p>\n<p>&nbsp;<\/p>\n<p class=\"p1\" style=\"text-align: center;\"><em><span style=\"font-size: 18pt;\"><strong>\u201cCuando no se puede lograr lo que se quiere, mejor cambiar de actitud\u201d<span class=\"Apple-converted-space\">\u00a0<\/span><\/strong><\/span><\/em><\/p>\n<p class=\"p1\" style=\"text-align: center;\"><span style=\"font-size: 18pt;\">\u2013 Marco Terencio \u2013\u00a0<\/span><\/p>\n<p>&nbsp;<\/p>\n<p class=\"p1\"><span style=\"font-size: 14pt;\">El reto fue lanzado hace ya poco m\u00e1s de un mes, el primer llamado fue a resaltar que la oposici\u00f3n parec\u00eda estar hipnotizada por la fuerza y presencia del presidente Andr\u00e9s Manuel L\u00f3pez Obrador a qui\u00e9n ya deber\u00edan de dejar de mencionar y centrarse en escuchar el llamado de la sociedad.\u00a0<\/span><\/p>\n<p class=\"p1\"><span style=\"font-size: 14pt;\">Las fuerzas pol\u00edticas opositoras y sus actores pol\u00edticos, parecieran no tener agenda, no conocer las necesidades de la poblaci\u00f3n y por ello debi\u00f3 nuevamente salir en redes sociales Hip\u00f3lito Deschamps Espino Barros, ex alcalde de Medell\u00edn a invitarlos a sumarse al reto de recorrer el estado, de caminar la legua, de platicar y estar en posibilidad de conocer las verdaderas necesidades de la sociedad.\u00a0<\/span><\/p>\n<p class=\"p1\"><span style=\"font-size: 14pt;\">Ante ello, el bueno Polo como le conocen los amigos y en redes sociales, les lanz\u00f3 un reto a H\u00e9ctor, Pepe, Julen a ver qui\u00e9n se lo aceptaba.<\/span><\/p>\n<p class=\"p1\"><span style=\"font-size: 14pt;\">El \u00fanico que acuso de recibo fue H\u00e9ctor Yunes Landa quien le respondi\u00f3 afirmando que cierto es, dejare de hablar del presidente Andr\u00e9s Manuel L\u00f3pez Obrador, y me centrar\u00e9 en hablar de las inacciones del gobernador Cuitl\u00e1huac Garc\u00eda Jim\u00e9nez.<\/span><\/p>\n<p class=\"p1\"><span style=\"font-size: 14pt;\">En un mensaje con gran sentido del humor Yunes Landa afirm\u00f3: \u201cEn Cardel me enter\u00e9 de las sugerencias de Polo. Tons seguir\u00e9 caminando el estado, hoy recorr\u00ed el municipio 55 de este a\u00f1o. Ya no criticar\u00e9 a AMLO, me concentrar\u00e9 en tupir a Cuitl\u00e1huac. Mis tenis los usar\u00e9 cuando se sequen porque de tanto usarlos en mis giras ya ol\u00edan a \u201cpata sudada\u201d.<\/span><\/p>\n<p class=\"p1\"><span style=\"font-size: 14pt;\">Quiz\u00e1 comprendiendo el sentir de la sociedad, dedic\u00e1ndole tiempo a convivir con ella, y a conocer de sus circunstancias, los pol\u00edticos veracruzanos, intuyen de viva voz las vicisitudes que enfrentan de manera cotidiana para salir adelante.<\/span><\/p>\n<p class=\"p1\"><span style=\"font-size: 14pt;\">Con ese escenario tener elementos para la elaboraci\u00f3n de propuestas pol\u00edticas centradas y que atiendan de manera efectiva a los diversos niveles sociales.<\/span><\/p>\n<p class=\"p1\"><span style=\"font-size: 14pt;\">Seguramente la seguridad ser\u00e1 el principal de los reclamos, seguido de la solicitud de empleo que tanto demanda la poblaci\u00f3n, pero en propuestas reales y aterrizadas a las regiones, a la idiosincrasia de sus comunidades.<\/span><\/p>\n<p class=\"p1\"><span style=\"font-size: 14pt;\">Esperemos que la propuesta que nace de buena voluntad por parte de un joven pol\u00edtico como Polo Deschamps sea replicada por los actores pol\u00edticos de la oposici\u00f3n en Veracruz, a fin de nutrir la oferta que presentan en su aspiraci\u00f3n por gobernar la entidad.<\/span><\/p>\n<p class=\"p1\"><span style=\"font-size: 14pt;\">Sextante.<\/span><\/p>\n<p class=\"p1\"><span style=\"font-size: 14pt;\">Vaya operaci\u00f3n la que se encarg\u00f3 de elaborar el Gobernador Cuitl\u00e1huac Garc\u00eda Jim\u00e9nez para bajarle las \u00ednfulas a la revelaci\u00f3n de las letras espa\u00f1olas y promotor de la negritud afroveracruzana, Eric Patrocinio Cisneros Burgos.<\/span><\/p>\n<p class=\"p1\"><span style=\"font-size: 14pt;\">Una verdadera joya de la operaci\u00f3n pol\u00edtica, pues parec\u00eda que nada, ni nadie le pensaba poner freno al pr\u00f3cer de la cultura veracruzana.<\/span><\/p>\n<p class=\"p1\"><span style=\"font-size: 14pt;\">Y es que este primero sali\u00f3 muy gallito a decirle al presidente Andr\u00e9s Manuel L\u00f3pez Obrador que \u00e9l no se bajaba de su aspiraci\u00f3n por suceder al mandatario veracruzano, y que su promoci\u00f3n continuar\u00eda porque lo suyo es la literatura y la promoci\u00f3n de las comunidades originarias en la entidad.<\/span><\/p>\n<p class=\"p1\"><span style=\"font-size: 14pt;\">Debi\u00f3 ser el mismo mandatario estatal quien en conferencia de prensa, anunci\u00f3 la desarticulaci\u00f3n de cualquier inter\u00e9s o aspiraci\u00f3n del \u00e9mulo del libertador Yanga, quien ahora seguir\u00e1 en su encargo, claro, vigilado con lupa, sin posibilidad alguna de proyecci\u00f3n o actuaci\u00f3n, simplemente en posici\u00f3n de castigo, a la espera de que acabe la administraci\u00f3n estatal, para despu\u00e9s, esperar qu\u00e9 futuro le alcance.<\/span><\/p>\n<p class=\"p1\"><span style=\"font-size: 14pt;\">Vaya talento literario y cultural desperdiciado, si el problema no fue nombrarlo, sino donde lo pusieron, si desde el principio lo hubieran colocado en el Instituto Veracruzano de la Cultura (IVEC), seguramente la entidad ya tendr\u00eda m\u00e1s reconocimientos inmateriales universales de la Unesco y de todas las entidades dedicadas a la preservaci\u00f3n y conservaci\u00f3n del patrimonio cultural del mundo.<\/span><\/p>\n<p class=\"p1\"><span style=\"font-size: 14pt;\">En verdad, c\u00f3mo pueden ser los veracruzanos tan ciegos en eso de apreciar el talento local, adem\u00e1s de \u00ednclito miembro de la literatura universal.<\/span><\/p>\n<p>&nbsp;<\/p>\n<p class=\"p1\"><span style=\"font-size: 18pt;\"><strong>Al tiempo<\/strong><\/span><\/p>\n<p>&nbsp;<\/p>\n<hr \/>\n<p>&nbsp;<\/p>\n<p class=\"p1\"><span style=\"font-size: 18pt;\"><strong>Correo: <a href=\"mailto:astrolabiopoliticomx@gmail.com\">astrolabiopoliticomx@gmail.com<\/a><\/strong><\/span><\/p>\n<p class=\"p1\"><span style=\"font-size: 18pt;\"><strong>Twitter: <a href=\"http:\/\/www.twitter.com\/LuisBaqueiro_mx\">@LuisBaqueiro_mx<\/a><\/strong><\/span><\/p>\n<p>&nbsp;<\/p>\n<p><img data-recalc-dims=\"1\" loading=\"lazy\" decoding=\"async\" class=\"aligncenter wp-image-14351\" src=\"https:\/\/i0.wp.com\/politicosaldesnudo.com.mx\/wp-content\/uploads\/2023\/01\/FIRMA-EDITORIAL-PD-300x37.png?resize=800%2C98&#038;ssl=1\" alt=\"\" width=\"800\" height=\"98\" srcset=\"https:\/\/i0.wp.com\/politicosaldesnudo.com.mx\/wp-content\/uploads\/2023\/01\/FIRMA-EDITORIAL-PD.png?resize=300%2C37&amp;ssl=1 300w, https:\/\/i0.wp.com\/politicosaldesnudo.com.mx\/wp-content\/uploads\/2023\/01\/FIRMA-EDITORIAL-PD.png?resize=1024%2C125&amp;ssl=1 1024w, https:\/\/i0.wp.com\/politicosaldesnudo.com.mx\/wp-content\/uploads\/2023\/01\/FIRMA-EDITORIAL-PD.png?resize=768%2C94&amp;ssl=1 768w, https:\/\/i0.wp.com\/politicosaldesnudo.com.mx\/wp-content\/uploads\/2023\/01\/FIRMA-EDITORIAL-PD.png?resize=1536%2C188&amp;ssl=1 1536w, https:\/\/i0.wp.com\/politicosaldesnudo.com.mx\/wp-content\/uploads\/2023\/01\/FIRMA-EDITORIAL-PD.png?resize=2048%2C250&amp;ssl=1 2048w, https:\/\/i0.wp.com\/politicosaldesnudo.com.mx\/wp-content\/uploads\/2023\/01\/FIRMA-EDITORIAL-PD.png?w=1600&amp;ssl=1 1600w, https:\/\/i0.wp.com\/politicosaldesnudo.com.mx\/wp-content\/uploads\/2023\/01\/FIRMA-EDITORIAL-PD.png?w=2400&amp;ssl=1 2400w\" sizes=\"auto, (max-width: 800px) 100vw, 800px\" \/><\/p>\n<p>&nbsp;<\/p>\n<p>&nbsp;<\/p>\n<p>&nbsp;<\/p>\n<p>&nbsp;<\/p>\n","protected":false},"excerpt":{"rendered":"<p>&nbsp; Por Luis Ram\u00edrez Baqueiro &nbsp; \u201cCuando no se puede lograr lo que se quiere, mejor cambiar de actitud\u201d\u00a0 \u2013<\/p>\n","protected":false},"author":4,"featured_media":4390,"comment_status":"closed","ping_status":"closed","sticky":false,"template":"","format":"standard","meta":{"colormag_page_container_layout":"default_layout","colormag_page_sidebar_layout":"default_layout","_jetpack_memberships_contains_paid_content":false,"footnotes":"","jetpack_publicize_message":"","jetpack_publicize_feature_enabled":true,"jetpack_social_post_already_shared":false,"jetpack_social_options":{"image_generator_settings":{"template":"highway","default_image_id":0,"font":"","enabled":false},"version":2}},"categories":[26],"tags":[],"class_list":["post-22183","post","type-post","status-publish","format-standard","has-post-thumbnail","hentry","category-columnistas"],"jetpack_publicize_connections":[],"jetpack_featured_media_url":"https:\/\/i0.wp.com\/politicosaldesnudo.com.mx\/wp-content\/uploads\/2022\/04\/LUIS-RAMI%CC%81REZ-BAQUEIRO.png?fit=1816%2C1016&ssl=1","jetpack-related-posts":[],"jetpack_sharing_enabled":true,"_links":{"self":[{"href":"https:\/\/politicosaldesnudo.com.mx\/index.php\/wp-json\/wp\/v2\/posts\/22183","targetHints":{"allow":["GET"]}}],"collection":[{"href":"https:\/\/politicosaldesnudo.com.mx\/index.php\/wp-json\/wp\/v2\/posts"}],"about":[{"href":"https:\/\/politicosaldesnudo.com.mx\/index.php\/wp-json\/wp\/v2\/types\/post"}],"author":[{"embeddable":true,"href":"https:\/\/politicosaldesnudo.com.mx\/index.php\/wp-json\/wp\/v2\/users\/4"}],"replies":[{"embeddable":true,"href":"https:\/\/politicosaldesnudo.com.mx\/index.php\/wp-json\/wp\/v2\/comments?post=22183"}],"version-history":[{"count":0,"href":"https:\/\/politicosaldesnudo.com.mx\/index.php\/wp-json\/wp\/v2\/posts\/22183\/revisions"}],"wp:featuredmedia":[{"embeddable":true,"href":"https:\/\/politicosaldesnudo.com.mx\/index.php\/wp-json\/wp\/v2\/media\/4390"}],"wp:attachment":[{"href":"https:\/\/politicosaldesnudo.com.mx\/index.php\/wp-json\/wp\/v2\/media?parent=22183"}],"wp:term":[{"taxonomy":"category","embeddable":true,"href":"https:\/\/politicosaldesnudo.com.mx\/index.php\/wp-json\/wp\/v2\/categories?post=22183"},{"taxonomy":"post_tag","embeddable":true,"href":"https:\/\/politicosaldesnudo.com.mx\/index.php\/wp-json\/wp\/v2\/tags?post=22183"}],"curies":[{"name":"wp","href":"https:\/\/api.w.org\/{rel}","templated":true}]}}