{"id":22213,"date":"2023-07-13T21:43:15","date_gmt":"2023-07-14T02:43:15","guid":{"rendered":"https:\/\/politicosaldesnudo.com.mx\/?p=22213"},"modified":"2023-07-13T21:43:46","modified_gmt":"2023-07-14T02:43:46","slug":"busca-secgob-endurecer-sanciones-contra-la-tala-ilegal-en-ciudad-de-mexico","status":"publish","type":"post","link":"https:\/\/politicosaldesnudo.com.mx\/index.php\/2023\/07\/13\/busca-secgob-endurecer-sanciones-contra-la-tala-ilegal-en-ciudad-de-mexico\/","title":{"rendered":"Busca Secgob endurecer sanciones contra la tala ilegal\u00a0en Ciudad de M\u00e9xico"},"content":{"rendered":"<p>&nbsp;<\/p>\n<p class=\"p1\"><span style=\"font-size: 14pt;\"><em><strong>CIUDAD DE M\u00c9XICO.<\/strong> <\/em>El titular de la <strong>Secretar\u00eda de Gobierno de la Ciudad de M\u00e9xico<\/strong> (Secgob), Ricardo Ruiz Su\u00e1rez, acudi\u00f3 al Congreso capitalino para entregar la iniciativa que reforma el C\u00f3digo Penal, con el <strong>objetivo de endurecer e incrementar las sanciones contra la tala ilegal en la Ciudad de M\u00e9xico.<\/strong><\/span><\/p>\n<p class=\"p1\"><span style=\"font-size: 18pt;\"><strong>La propuesta, enviada por el jefe de Gobierno, Mart\u00ed Batres, fue recibida por el presidente de la Mesa Directiva de ese \u00f3rgano legislativo, Fausto Manuel Zamorano Esparza, quien manifest\u00f3 el reconocimiento del congreso local por esta iniciativa, e inform\u00f3 que se le dar\u00e1 el tr\u00e1mite parlamentario correspondiente.<\/strong><\/span><\/p>\n<p class=\"p1\"><span style=\"font-size: 14pt;\">En tanto, Ruiz Su\u00e1rez explic\u00f3 que el proyecto de decreto plantea modificar el art\u00edculo 345 Bis del C\u00f3digo Penal, a fin de establecer una pena de seis a 20 a\u00f1os de prisi\u00f3n, a quien tale, derribe u ocasione la muerte de uno o m\u00e1s \u00e1rboles en \u00e1reas naturales protegidas, de valor ambiental, barrancas y suelo de conservaci\u00f3n.<\/span><\/p>\n<p class=\"p1\"><span style=\"font-size: 18pt;\"><strong>Adicionalmente, propone multa de 6 mil a 10 mil Unidades de Medida y Actualizaci\u00f3n (UMA), para aquellas personas que lleven a cabo este il\u00edcito en la capital del pa\u00eds.<\/strong><\/span><\/p>\n<p class=\"p1\"><span style=\"font-size: 14pt;\">Indic\u00f3 que la iniciativa del Jefe de Gobierno contempla la aplicaci\u00f3n de la misma sanci\u00f3n de prisi\u00f3n, adem\u00e1s de una multa de 10 mil a 15 mil UMA, a quienes comercien, enajenen, suministren, distribuyan, acopien, reciban, adquieran o resguarden materias primas forestales o madera aserrada de manera ilegal.<\/span><\/p>\n<p class=\"p1\"><span style=\"font-size: 18pt;\"><strong>La pena podr\u00eda duplicarse cuando se cause la p\u00e9rdida de biodiversidad, de recursos naturales, ecosistemas o especies end\u00e9micas de la Ciudad de M\u00e9xico. En caso de que los infractores sean servidores p\u00fablicos o beneficiarios de programas sociales protectores del medio ambiente y bosques, la sanci\u00f3n se incrementar\u00eda hasta en una mitad por considerarse un hecho agravante.<\/strong><\/span><\/p>\n<p class=\"p1\"><span style=\"font-size: 14pt;\">Tambi\u00e9n se\u00f1ala que cuando este delito sea cometido por una persona moral o jur\u00eddica, a los propietarios, socios, representantes legales y apoderados se les prohibir\u00e1 hasta cinco a\u00f1os la realizaci\u00f3n de negocios relacionados con la industria maderera y se les impondr\u00e1 multa de 30 mil a 50 mil UMA vigente.<\/span><\/p>\n<p class=\"p1\"><span style=\"font-size: 14pt;\">El Secretario de Gobierno destac\u00f3 que se trata de una iniciativa \u201cmuy importante desde todos los puntos de vista\u201d, y puntualiz\u00f3 que el objetivo es la preservaci\u00f3n de los ecosistemas, principalmente, en las demarcaciones territoriales de Tlalpan y Milpa Alta.<\/span><\/p>\n<p>&nbsp;<\/p>\n<blockquote>\n<p class=\"p1\"><span style=\"font-size: 14pt;\">Por ello, una de las acciones urgentes a emprender por parte de la administraci\u00f3n encabezada por el Jefe de Gobierno, Mart\u00ed Batres, es el endurecimiento de las penalidades, a fin de desincentivar y castigar la tala\u201d<\/span><\/p>\n<\/blockquote>\n<p>&nbsp;<\/p>\n<p class=\"p1\"><span style=\"font-size: 14pt;\">Finalmente, subray\u00f3 que esta serie de medidas propuestas son fundamentales para la preservaci\u00f3n de nuestros bosques, agua y recursos naturales, por lo que es de suma importancia que Poder Legislativo pueda tramitar y discutir su aprobaci\u00f3n.<\/span><\/p>\n<p>&nbsp;<\/p>\n<p>&nbsp;<\/p>\n","protected":false},"excerpt":{"rendered":"<p>&nbsp; CIUDAD DE M\u00c9XICO. El titular de la Secretar\u00eda de Gobierno de la Ciudad de M\u00e9xico (Secgob), Ricardo Ruiz Su\u00e1rez,<\/p>\n","protected":false},"author":4,"featured_media":22214,"comment_status":"closed","ping_status":"closed","sticky":false,"template":"","format":"standard","meta":{"colormag_page_container_layout":"default_layout","colormag_page_sidebar_layout":"default_layout","_jetpack_memberships_contains_paid_content":false,"footnotes":"","jetpack_publicize_message":"","jetpack_publicize_feature_enabled":true,"jetpack_social_post_already_shared":false,"jetpack_social_options":{"image_generator_settings":{"template":"highway","default_image_id":0,"font":"","enabled":false},"version":2}},"categories":[30],"tags":[2992,2993,2991,2139],"class_list":["post-22213","post","type-post","status-publish","format-standard","has-post-thumbnail","hentry","category-estados","tag-gobierno-de-la-ciudad-de-mexico","tag-marti-batres","tag-tala-de-arboles","tag-uma"],"jetpack_publicize_connections":[],"jetpack_featured_media_url":"https:\/\/i0.wp.com\/politicosaldesnudo.com.mx\/wp-content\/uploads\/2023\/07\/P-TALA-ILEGAL-CDMX.png?fit=1816%2C1016&ssl=1","jetpack-related-posts":[],"jetpack_sharing_enabled":true,"_links":{"self":[{"href":"https:\/\/politicosaldesnudo.com.mx\/index.php\/wp-json\/wp\/v2\/posts\/22213","targetHints":{"allow":["GET"]}}],"collection":[{"href":"https:\/\/politicosaldesnudo.com.mx\/index.php\/wp-json\/wp\/v2\/posts"}],"about":[{"href":"https:\/\/politicosaldesnudo.com.mx\/index.php\/wp-json\/wp\/v2\/types\/post"}],"author":[{"embeddable":true,"href":"https:\/\/politicosaldesnudo.com.mx\/index.php\/wp-json\/wp\/v2\/users\/4"}],"replies":[{"embeddable":true,"href":"https:\/\/politicosaldesnudo.com.mx\/index.php\/wp-json\/wp\/v2\/comments?post=22213"}],"version-history":[{"count":0,"href":"https:\/\/politicosaldesnudo.com.mx\/index.php\/wp-json\/wp\/v2\/posts\/22213\/revisions"}],"wp:featuredmedia":[{"embeddable":true,"href":"https:\/\/politicosaldesnudo.com.mx\/index.php\/wp-json\/wp\/v2\/media\/22214"}],"wp:attachment":[{"href":"https:\/\/politicosaldesnudo.com.mx\/index.php\/wp-json\/wp\/v2\/media?parent=22213"}],"wp:term":[{"taxonomy":"category","embeddable":true,"href":"https:\/\/politicosaldesnudo.com.mx\/index.php\/wp-json\/wp\/v2\/categories?post=22213"},{"taxonomy":"post_tag","embeddable":true,"href":"https:\/\/politicosaldesnudo.com.mx\/index.php\/wp-json\/wp\/v2\/tags?post=22213"}],"curies":[{"name":"wp","href":"https:\/\/api.w.org\/{rel}","templated":true}]}}