{"id":22220,"date":"2023-07-14T08:03:17","date_gmt":"2023-07-14T13:03:17","guid":{"rendered":"https:\/\/politicosaldesnudo.com.mx\/?p=22220"},"modified":"2023-07-14T08:05:05","modified_gmt":"2023-07-14T13:05:05","slug":"monreal-factor-de-equilibrio","status":"publish","type":"post","link":"https:\/\/politicosaldesnudo.com.mx\/index.php\/2023\/07\/14\/monreal-factor-de-equilibrio\/","title":{"rendered":"Monreal factor de equilibrio"},"content":{"rendered":"<p>&nbsp;<\/p>\n<p class=\"p1\"><span style=\"font-size: 18pt;\"><strong>Por \u00c1ngel \u00c1lvaro Pe\u00f1a<\/strong><\/span><\/p>\n<p class=\"p1\"><span style=\"font-size: 14pt;\">La calidez con la que es recibido el senador Ricardo Monreal en el interior de la Rep\u00fablica arroja interpretaciones sobre su futuro pol\u00edtico. Nunca ha dejado de ser un cr\u00edtico no s\u00f3lo del sistema pol\u00edtico actual sino de las decisiones de su partido. A grado tal que siempre est\u00e1 latente su salida de Morena para incorporarse a cualquier otro partido.<\/span><\/p>\n<p class=\"p1\"><span style=\"font-size: 14pt;\">La rebeld\u00eda empieza por denunciar la falta de congruencia y ese es el caso de Monreal, quien desde hace meses cuestion\u00f3 algunas de las disposiciones del propio presidente y exigi\u00f3 piso parejo en la selecci\u00f3n de candidatos a la Presidencia de la Rep\u00fablica. Monreal pelea un lugar destacado en la pol\u00edtica del pa\u00eds que merece por su trayectoria y coherencia.<\/span><\/p>\n<p class=\"p1\"><span style=\"font-size: 18pt;\"><strong>De no tener oportunidad de ser candidato a la Presidencia podr\u00eda saltar a cualquier otro partido de la oposici\u00f3n. Tomando en cuenta que los tiempos electorales en realidad todav\u00eda no empiezan. Lo que ahora sucede es un escenario de placeo en las diferentes entidades federativas para quienes no son del todo conocidos en busca de dicha candidatura.<\/strong><\/span><\/p>\n<p class=\"p1\"><span style=\"font-size: 18pt; color: #139eca;\"><strong>A Monreal todos lo conocen, incluso puede asegurarse que es m\u00e1s conocido que la propia X\u00f3chitl G\u00e1lvez, quien tiene relativamente poco tiempo en la pol\u00edtica. Y de no ser porque se autodenomin\u00f3 p\u00fablicamente como su propia caricatura desde el primer acto p\u00fablico, nadie la conocer\u00eda todav\u00eda. El protagonismo y la falta de respeto a s\u00ed misma la hicieron un producto medi\u00e1tico, como una especie de medicina milagro que no cura y puede tener consecuencias secundarias graves.<\/strong><\/span><\/p>\n<p class=\"p1\"><span style=\"font-size: 14pt;\">La oposici\u00f3n parece haberla colocado en la escena de los medios para enga\u00f1ar a todos y conservar sin cr\u00edticas a su verdadero candidato. Al mismo tiempo que se desgasta X\u00f3chitl por sus propios excesos, se guarda la integridad del verdadero candidato de la oposici\u00f3n a la Presidencia de la Rep\u00fablica.<\/span><\/p>\n<p class=\"p1\"><span style=\"font-size: 14pt;\">De hecho, el propio l\u00edder nacional del PAN, Marko Cort\u00e9s, asegur\u00f3 hace un mes que todav\u00eda no se daba a conocer el nombre de su candidato para que no creara el gobierno federal un delito para ser perseguido pol\u00edtico. Lo cierto es que son pocos los que no tienen cola que les pisen, pero la t\u00e1ctica de la oposici\u00f3n se mostr\u00f3 sin tapujos hace una semanas y puede anunciar sorpresas.<\/span><\/p>\n<p class=\"p1\"><span style=\"font-size: 18pt;\"><strong>As\u00ed, Monreal camina sin mucho aspaviento como coordinador de la defensa de la 4T, escucha a la gente y prepara una estrategia donde su talento pol\u00edtico no se desperdicie. En la reciente visita al norte de Veracruz mostr\u00f3 congruencia al decir que seguir\u00e1 intentando liberar a los presos encarcelados injustamente, tarea que inici\u00f3 desde hace tiempo, cuando fue detenido su amigo Jos\u00e9 Manuel del R\u00edo Virgen, por un crimen que no cometi\u00f3, a quien liber\u00f3 y seguir\u00e1 velando por la justicia en la entidad.<\/strong><\/span><\/p>\n<p>&nbsp;<\/p>\n<p><img data-recalc-dims=\"1\" loading=\"lazy\" decoding=\"async\" class=\"aligncenter wp-image-22221 size-large\" src=\"https:\/\/i0.wp.com\/politicosaldesnudo.com.mx\/wp-content\/uploads\/2023\/07\/P-RICARDO-MONREAL-1024x573.png?resize=800%2C448&#038;ssl=1\" alt=\"\" width=\"800\" height=\"448\" srcset=\"https:\/\/i0.wp.com\/politicosaldesnudo.com.mx\/wp-content\/uploads\/2023\/07\/P-RICARDO-MONREAL.png?resize=1024%2C573&amp;ssl=1 1024w, https:\/\/i0.wp.com\/politicosaldesnudo.com.mx\/wp-content\/uploads\/2023\/07\/P-RICARDO-MONREAL.png?resize=300%2C168&amp;ssl=1 300w, https:\/\/i0.wp.com\/politicosaldesnudo.com.mx\/wp-content\/uploads\/2023\/07\/P-RICARDO-MONREAL.png?resize=768%2C430&amp;ssl=1 768w, https:\/\/i0.wp.com\/politicosaldesnudo.com.mx\/wp-content\/uploads\/2023\/07\/P-RICARDO-MONREAL.png?resize=1536%2C859&amp;ssl=1 1536w, https:\/\/i0.wp.com\/politicosaldesnudo.com.mx\/wp-content\/uploads\/2023\/07\/P-RICARDO-MONREAL.png?w=1816&amp;ssl=1 1816w, https:\/\/i0.wp.com\/politicosaldesnudo.com.mx\/wp-content\/uploads\/2023\/07\/P-RICARDO-MONREAL.png?w=1600&amp;ssl=1 1600w\" sizes=\"auto, (max-width: 800px) 100vw, 800px\" \/><\/p>\n<p>&nbsp;<\/p>\n<p class=\"p1\"><span style=\"font-size: 18pt; color: #139eca;\"><strong>Monreal guarda la congruencia y sigue exigiendo la libertad de todos aquellos que fueron encerrados con el pretexto de un delito inventado, elaborado a la medida para convertir a un ciudadano en un preso pol\u00edtico. Tal es el caso de Rogelio Franco Cast\u00e1n, quien inaugur\u00f3 la ley de ultrajes a la autoridad, para sacarlo de la jugada rumbo a una diputaci\u00f3n federal por el PRD, de tal suerte que dicha disposici\u00f3n legaloide fue denominada a <em>Ley Franco<\/em>.<\/strong><\/span><\/p>\n<p class=\"p1\"><span style=\"font-size: 14pt;\">El choque de frente con el gobernador Cuitl\u00e1huac Garc\u00eda Jim\u00e9nez, da cuenta de su b\u00fasqueda de congruencia todav\u00eda dentro de la 4T, pero no es el \u00fanico partido a trav\u00e9s del cual puede lograr su candidatura ni el \u00fanico camino de hacer justicia.<\/span><\/p>\n<p class=\"p1\"><span style=\"font-size: 14pt;\">Conoce muy bien la problem\u00e1tica de la entidad y en Xalapa, se\u00f1al\u00f3 al gobernador directamente al decir que la parcialidad de algunos como Cuitl\u00e1huac Garc\u00eda Jim\u00e9nez, quien promueve el acarreo de trabajadores a m\u00edtines de las corcholatas, y el d\u00e9ficit de procuraci\u00f3n de justicia son temas que podr\u00edan tener un costo pol\u00edtico para morena, en lo que puede interpretarse no s\u00f3lo un permanente enfrentamiento con el gobernador consentido del presidente sino como una forma de allanar el camino hacia la gubernatura del estado de su amigo, Jos\u00e9 Manuel del R\u00edo Virgen.<\/span><\/p>\n<p class=\"p1\"><span style=\"font-size: 18pt;\"><strong>En este contexto Monreal mostr\u00f3 conocimiento de Veracruz, entidad a la que visita continuamente y se\u00f1al\u00f3: \u201cEstoy preocupado por Veracruz, yo he dicho que en Veracruz hay un d\u00e9ficit de justicia y yo voy a seguir luchando por la gente injustamente est\u00e1 detenida como lo he hecho hasta ahora\u201d.<\/strong><\/span><\/p>\n<p class=\"p1\"><span style=\"font-size: 14pt;\">En realidad, si hay un d\u00e9ficit en la impartici\u00f3n de justicia la delincuencia prolifera y el orden social se descompone hasta terminar afectando a toda la poblaci\u00f3n y en la entidad hay un grave rezago en materia de justicia y legalidad.<\/span><\/p>\n<p class=\"p1\"><span style=\"font-size: 18pt;\"><strong>Este tipo de declaraciones no podr\u00e1 caber en el interior de Morena porque se tomar\u00eda como apoyo a un acto o personaje de un partido diferente al suyo, deber\u00e1 adherirse a los lineamientos del lugar donde est\u00e1 o bien pensar en brincar a otro partido. Tal vez los indecisos, que cada d\u00eda son m\u00e1s, podr\u00edan motivarse para votar por \u00e9l si no tiene puesta la camiseta de Morena, porque esos son los que tienen credibilidad, el resto parecer\u00edan manipulados por una u otra candidatura.<\/strong><\/span><\/p>\n<p class=\"p1\"><span style=\"font-size: 14pt;\">Si no sale alguien de Morena para la oposici\u00f3n, podr\u00edamos caer en el bipartidismo que se practica en el vecino pa\u00eds del norte, donde la democracia no puede consolidarse con s\u00f3lo dos partidos. Claro, tampoco el voto puede pulverizarse con 22 partidos como sucede en Guatemala. Pero mientras haya opciones, realmente seria en la pol\u00edtica, habr\u00e1 menos abstencionismo y solidez en las elecciones.<\/span><\/p>\n<p class=\"p1\"><span style=\"font-size: 14pt;\">No puede votarse con el h\u00edgado s\u00f3lo porque el candidato odia al que yo odio, tampoco puede votarse a favor de quien disculpa la incongruencia. Es necesario que se reconsidere la importancia del voto que es la base de toda actividad pol\u00edtica de los ciudadanos. Es decir, es lo m\u00ednimo que puede hacerse desde la sociedad para cambiar la sociedad, y esta oportunidad exige de una revaloraci\u00f3n permanente.<\/span><\/p>\n<p class=\"p1\"><span style=\"font-size: 18pt;\"><strong>Ricardo Monreal sigue siendo un pol\u00edtico que puede no s\u00f3lo influir en las elecciones de 2024 sino hacer que muchas encuestas rectifiquen sus actuales n\u00fameros.<\/strong><\/span><\/p>\n<p>&nbsp;<\/p>\n<p class=\"p1\"><span style=\"font-size: 18pt; color: #139eca;\"><strong>PEGA Y CORRE<\/strong><\/span><\/p>\n<p class=\"p1\"><span style=\"font-size: 14pt;\">El ex alguacil del condado Maricopa, Joe Arpaio, reconocido antinmigrante en Arizona, present\u00f3 una demanda civil por difamaci\u00f3n contra Marcelo Ebrard, por decir que facilit\u00f3 el asesinato de migrantes y fue responsable del contrabando de armas desde Estados Unidos a territorio mexicano.<\/span><\/p>\n<p>&nbsp;<\/p>\n<p><em><span style=\"font-size: 18pt;\"><strong>Esta columna se publica los lunes, mi\u00e9rcoles y viernes<\/strong><\/span><\/em><\/p>\n<p>&nbsp;<\/p>\n<hr \/>\n<p>&nbsp;<\/p>\n<p><img data-recalc-dims=\"1\" loading=\"lazy\" decoding=\"async\" class=\"aligncenter wp-image-14351\" src=\"https:\/\/i0.wp.com\/politicosaldesnudo.com.mx\/wp-content\/uploads\/2023\/01\/FIRMA-EDITORIAL-PD-300x37.png?resize=800%2C98&#038;ssl=1\" alt=\"\" width=\"800\" height=\"98\" srcset=\"https:\/\/i0.wp.com\/politicosaldesnudo.com.mx\/wp-content\/uploads\/2023\/01\/FIRMA-EDITORIAL-PD.png?resize=300%2C37&amp;ssl=1 300w, https:\/\/i0.wp.com\/politicosaldesnudo.com.mx\/wp-content\/uploads\/2023\/01\/FIRMA-EDITORIAL-PD.png?resize=1024%2C125&amp;ssl=1 1024w, https:\/\/i0.wp.com\/politicosaldesnudo.com.mx\/wp-content\/uploads\/2023\/01\/FIRMA-EDITORIAL-PD.png?resize=768%2C94&amp;ssl=1 768w, https:\/\/i0.wp.com\/politicosaldesnudo.com.mx\/wp-content\/uploads\/2023\/01\/FIRMA-EDITORIAL-PD.png?resize=1536%2C188&amp;ssl=1 1536w, https:\/\/i0.wp.com\/politicosaldesnudo.com.mx\/wp-content\/uploads\/2023\/01\/FIRMA-EDITORIAL-PD.png?resize=2048%2C250&amp;ssl=1 2048w, https:\/\/i0.wp.com\/politicosaldesnudo.com.mx\/wp-content\/uploads\/2023\/01\/FIRMA-EDITORIAL-PD.png?w=1600&amp;ssl=1 1600w, https:\/\/i0.wp.com\/politicosaldesnudo.com.mx\/wp-content\/uploads\/2023\/01\/FIRMA-EDITORIAL-PD.png?w=2400&amp;ssl=1 2400w\" sizes=\"auto, (max-width: 800px) 100vw, 800px\" \/><\/p>\n<p>&nbsp;<\/p>\n<p>&nbsp;<\/p>\n<p>&nbsp;<\/p>\n<p>&nbsp;<\/p>\n","protected":false},"excerpt":{"rendered":"<p>&nbsp; Por \u00c1ngel \u00c1lvaro Pe\u00f1a La calidez con la que es recibido el senador Ricardo Monreal en el interior de<\/p>\n","protected":false},"author":4,"featured_media":3775,"comment_status":"closed","ping_status":"closed","sticky":false,"template":"","format":"standard","meta":{"colormag_page_container_layout":"default_layout","colormag_page_sidebar_layout":"default_layout","_jetpack_memberships_contains_paid_content":false,"footnotes":"","jetpack_publicize_message":"","jetpack_publicize_feature_enabled":true,"jetpack_social_post_already_shared":false,"jetpack_social_options":{"image_generator_settings":{"template":"highway","default_image_id":0,"font":"","enabled":false},"version":2}},"categories":[26],"tags":[63,98,100],"class_list":["post-22220","post","type-post","status-publish","format-standard","has-post-thumbnail","hentry","category-columnistas","tag-morena","tag-ricardo-monreal","tag-veracruz"],"jetpack_publicize_connections":[],"jetpack_featured_media_url":"https:\/\/i0.wp.com\/politicosaldesnudo.com.mx\/wp-content\/uploads\/2022\/04\/A%CC%81NGEL-A%CC%81LVARO-PEN%CC%83A1.png?fit=1816%2C1016&ssl=1","jetpack-related-posts":[],"jetpack_sharing_enabled":true,"_links":{"self":[{"href":"https:\/\/politicosaldesnudo.com.mx\/index.php\/wp-json\/wp\/v2\/posts\/22220","targetHints":{"allow":["GET"]}}],"collection":[{"href":"https:\/\/politicosaldesnudo.com.mx\/index.php\/wp-json\/wp\/v2\/posts"}],"about":[{"href":"https:\/\/politicosaldesnudo.com.mx\/index.php\/wp-json\/wp\/v2\/types\/post"}],"author":[{"embeddable":true,"href":"https:\/\/politicosaldesnudo.com.mx\/index.php\/wp-json\/wp\/v2\/users\/4"}],"replies":[{"embeddable":true,"href":"https:\/\/politicosaldesnudo.com.mx\/index.php\/wp-json\/wp\/v2\/comments?post=22220"}],"version-history":[{"count":0,"href":"https:\/\/politicosaldesnudo.com.mx\/index.php\/wp-json\/wp\/v2\/posts\/22220\/revisions"}],"wp:featuredmedia":[{"embeddable":true,"href":"https:\/\/politicosaldesnudo.com.mx\/index.php\/wp-json\/wp\/v2\/media\/3775"}],"wp:attachment":[{"href":"https:\/\/politicosaldesnudo.com.mx\/index.php\/wp-json\/wp\/v2\/media?parent=22220"}],"wp:term":[{"taxonomy":"category","embeddable":true,"href":"https:\/\/politicosaldesnudo.com.mx\/index.php\/wp-json\/wp\/v2\/categories?post=22220"},{"taxonomy":"post_tag","embeddable":true,"href":"https:\/\/politicosaldesnudo.com.mx\/index.php\/wp-json\/wp\/v2\/tags?post=22220"}],"curies":[{"name":"wp","href":"https:\/\/api.w.org\/{rel}","templated":true}]}}