{"id":22349,"date":"2023-07-18T05:20:26","date_gmt":"2023-07-18T10:20:26","guid":{"rendered":"https:\/\/politicosaldesnudo.com.mx\/?p=22349"},"modified":"2023-07-18T08:37:05","modified_gmt":"2023-07-18T13:37:05","slug":"la-publicidad-de-eric","status":"publish","type":"post","link":"https:\/\/politicosaldesnudo.com.mx\/index.php\/2023\/07\/18\/la-publicidad-de-eric\/","title":{"rendered":"\u00a0La publicidad de Eric"},"content":{"rendered":"<p class=\"p1\">\n<p>&nbsp;<\/p>\n<p class=\"p1\" style=\"text-align: center;\"><em><span style=\"font-size: 18pt;\"><strong>&lt;&lt;No ha sido retirado ni un espectacular&gt;&gt;<\/strong><\/span><\/em><\/p>\n<p class=\"p1\" style=\"text-align: center;\"><em><span style=\"font-size: 18pt;\"><strong>&lt;&lt;La orden de L\u00f3pez Obrador \u201cse acata, pero no se cumple\u201d&gt;&gt;<\/strong><\/span><\/em><\/p>\n<p class=\"p1\" style=\"text-align: center;\"><em><span style=\"font-size: 18pt;\"><strong>&lt;&lt;\u00bfSer\u00e1 candidato por alg\u00fan mini partido estatal?&gt;&gt;<\/strong><\/span><\/em><\/p>\n<p>&nbsp;<\/p>\n<p>&nbsp;<\/p>\n<p class=\"p1\"><span style=\"font-size: 18pt;\"><strong>Por Miguel \u00c1ngel Cristiani G.<\/strong><\/span><\/p>\n<p class=\"p1\"><span style=\"font-size: 14pt;\">Se cumplen este lunes ocho d\u00edas, desde que el mism\u00edsimo presidente de la rep\u00fablica y l\u00edder moral de Morena sentenci\u00f3 desde el p\u00falpito ma\u00f1anero, que si el secretario de gobierno de Veracruz, Eric Patrocinio Cisneros quer\u00eda ser candidato deber\u00eda de renunciar y dejar de hacerse publicidad en espectaculares, bardas, pancartas y hasta camiones de servicio urbano.<\/span><\/p>\n<p class=\"p1\"><span style=\"font-size: 14pt;\">Pero hasta el d\u00eda de hoy, tampoco se ha visto que alguna cuadrilla de trabajadores haya cumplido con la \u201cindicaci\u00f3n\u201d presidencial.<\/span><\/p>\n<p class=\"p1\"><span style=\"font-size: 14pt;\">No se ha retirado ninguna de la costosa publicidad, al contrario, han seguido apareciendo bardas pintadas y mantas por todas partes.<\/span><\/p>\n<p class=\"p1\"><span style=\"font-size: 14pt;\">Tampoco ha renunciado el secretario de gobierno.<\/span><\/p>\n<p class=\"p1\"><span style=\"font-size: 14pt;\">Se estar\u00eda aplicando -eso s\u00ed- la norma de la \u00e9poca colonial, cuando el rey de Espa\u00f1a mandaba alg\u00fan decreto a la nueva Espa\u00f1a, que resultaba inc\u00f3modo cumplir, simplemente se dec\u00eda \u201cse acata, pero no se cumple\u201d.<\/span><\/p>\n<p class=\"p1\"><span style=\"font-size: 14pt;\">\u00a0As\u00ed ahora en Veracruz con la recomendaci\u00f3n presidencial, se acata, pero no se cumple.<\/span><\/p>\n<p class=\"p1\"><span style=\"font-size: 14pt;\">Aunque ya tambi\u00e9n el gobernador Cuitl\u00e1huac Garc\u00eda Jim\u00e9nez sali\u00f3 a declarar al d\u00eda siguiente que Eric Cisneros no ser\u00eda candidato a ning\u00fan cargo de elecci\u00f3n popular.<\/span><\/p>\n<p class=\"p1\"><span style=\"font-size: 14pt;\">Pero no se dijo nada de mandar a retirar los cientos de espectaculares colocados a lo largo y ancho del Estado.<\/span><\/p>\n<p class=\"p1\"><span style=\"font-size: 14pt;\">Y es que como lo que se trataba era de promover el nombre del secretario de gobierno, las letras enormes son las que tienen su nombre y las m\u00e1s peque\u00f1as, son las del t\u00edtulo del libro que supuestamente se est\u00e1 promoviendo.<\/span><\/p>\n<p class=\"p1\"><span style=\"font-size: 14pt;\">Pero lo cierto es que como ya se dijo -por el l\u00edder moral de Morena- que no va a ser candidato ni a gobernador, senador o diputado por ese partido, posiblemente no se han quitado los panor\u00e1micos espectaculares, para que, en su momento, salga como abanderado por alguno de los mini partidos pol\u00edticos estatales, que solamente tienen el membrete, pero no membres\u00edas.<\/span><\/p>\n<p class=\"p1\"><span style=\"font-size: 14pt;\">As\u00ed se aplicar\u00e1 el dicho de que no tiene la culpa el -negrito- sino el que lo hace compadre.<\/span><\/p>\n<p class=\"p1\"><span style=\"font-size: 14pt;\">Habr\u00e1 que seguir esperando, a ver hasta cuando se acata la sentencia presidencial: si quiere promocionarse que renuncie.<\/span><\/p>\n<p class=\"p1\"><span style=\"font-size: 14pt;\">\u00bfqu\u00e9 tiene que andar promocion\u00e1ndose un secretario de gobierno?&#8230; Es la pregunta que se hizo el presidente L\u00f3pez Obrador y que no ha tenido respuesta.<\/span><\/p>\n<p class=\"p1\"><span style=\"font-size: 14pt;\">En otros tiempos, ya hubieran sacado la tarjeta roja de expulsi\u00f3n y renuncia del funcionario \u201cpor motivos de salud\u201d, pero ahora que todo se resuelve con abrazos y apapachos, no pasa nada.<\/span><\/p>\n<p class=\"p1\"><span style=\"font-size: 14pt;\">Mientras tanto, a la semana siguiente, la publicidad del secretario de gobierno por todo el estado, ah\u00ed estaba.<\/span><\/p>\n<p class=\"p1\"><span style=\"font-size: 14pt;\">Como no se trata solamente de un distrito electoral, sino toda la entidad, los cargos a los que podr\u00eda estar aspirando a ser candidato son la gubernatura o ya de perdis una senadur\u00eda.<\/span><\/p>\n<p class=\"p1\"><span style=\"font-size: 14pt;\">Habr\u00e1 que esperar a ver qu\u00e9 es lo que sucede.<\/span><\/p>\n<p>&nbsp;<\/p>\n<hr \/>\n<p>&nbsp;<\/p>\n<p class=\"p1\"><span style=\"font-size: 18pt;\"><strong>Cont\u00e1ctanos en nuestra p\u00e1gina:<\/strong><\/span><\/p>\n<p><a href=\"https:\/\/www.xn--bitacoraspolticas-ovb.com\/\"><span style=\"font-size: 18pt;\"><strong>BitacorasPolticas.com<\/strong><\/span><\/a><\/p>\n<p>&nbsp;<\/p>\n<p><img data-recalc-dims=\"1\" loading=\"lazy\" decoding=\"async\" class=\"aligncenter wp-image-14351\" src=\"https:\/\/i0.wp.com\/politicosaldesnudo.com.mx\/wp-content\/uploads\/2023\/01\/FIRMA-EDITORIAL-PD-300x37.png?resize=800%2C98&#038;ssl=1\" alt=\"\" width=\"800\" height=\"98\" srcset=\"https:\/\/i0.wp.com\/politicosaldesnudo.com.mx\/wp-content\/uploads\/2023\/01\/FIRMA-EDITORIAL-PD.png?resize=300%2C37&amp;ssl=1 300w, https:\/\/i0.wp.com\/politicosaldesnudo.com.mx\/wp-content\/uploads\/2023\/01\/FIRMA-EDITORIAL-PD.png?resize=1024%2C125&amp;ssl=1 1024w, https:\/\/i0.wp.com\/politicosaldesnudo.com.mx\/wp-content\/uploads\/2023\/01\/FIRMA-EDITORIAL-PD.png?resize=768%2C94&amp;ssl=1 768w, https:\/\/i0.wp.com\/politicosaldesnudo.com.mx\/wp-content\/uploads\/2023\/01\/FIRMA-EDITORIAL-PD.png?resize=1536%2C188&amp;ssl=1 1536w, https:\/\/i0.wp.com\/politicosaldesnudo.com.mx\/wp-content\/uploads\/2023\/01\/FIRMA-EDITORIAL-PD.png?resize=2048%2C250&amp;ssl=1 2048w, https:\/\/i0.wp.com\/politicosaldesnudo.com.mx\/wp-content\/uploads\/2023\/01\/FIRMA-EDITORIAL-PD.png?w=1600&amp;ssl=1 1600w, https:\/\/i0.wp.com\/politicosaldesnudo.com.mx\/wp-content\/uploads\/2023\/01\/FIRMA-EDITORIAL-PD.png?w=2400&amp;ssl=1 2400w\" sizes=\"auto, (max-width: 800px) 100vw, 800px\" \/><\/p>\n<p>&nbsp;<\/p>\n<p>&nbsp;<\/p>\n<p>&nbsp;<\/p>\n<p>&nbsp;<\/p>\n","protected":false},"excerpt":{"rendered":"<p>&nbsp; &lt;&lt;No ha sido retirado ni un espectacular&gt;&gt; &lt;&lt;La orden de L\u00f3pez Obrador \u201cse acata, pero no se cumple\u201d&gt;&gt; &lt;&lt;\u00bfSer\u00e1<\/p>\n","protected":false},"author":4,"featured_media":3789,"comment_status":"closed","ping_status":"closed","sticky":false,"template":"","format":"standard","meta":{"colormag_page_container_layout":"default_layout","colormag_page_sidebar_layout":"default_layout","_jetpack_memberships_contains_paid_content":false,"footnotes":"","jetpack_publicize_message":"","jetpack_publicize_feature_enabled":true,"jetpack_social_post_already_shared":false,"jetpack_social_options":{"image_generator_settings":{"template":"highway","default_image_id":0,"font":"","enabled":false},"version":2}},"categories":[26],"tags":[],"class_list":["post-22349","post","type-post","status-publish","format-standard","has-post-thumbnail","hentry","category-columnistas"],"jetpack_publicize_connections":[],"jetpack_featured_media_url":"https:\/\/i0.wp.com\/politicosaldesnudo.com.mx\/wp-content\/uploads\/2022\/04\/CRISTIANI.png?fit=1816%2C1016&ssl=1","jetpack-related-posts":[],"jetpack_sharing_enabled":true,"_links":{"self":[{"href":"https:\/\/politicosaldesnudo.com.mx\/index.php\/wp-json\/wp\/v2\/posts\/22349","targetHints":{"allow":["GET"]}}],"collection":[{"href":"https:\/\/politicosaldesnudo.com.mx\/index.php\/wp-json\/wp\/v2\/posts"}],"about":[{"href":"https:\/\/politicosaldesnudo.com.mx\/index.php\/wp-json\/wp\/v2\/types\/post"}],"author":[{"embeddable":true,"href":"https:\/\/politicosaldesnudo.com.mx\/index.php\/wp-json\/wp\/v2\/users\/4"}],"replies":[{"embeddable":true,"href":"https:\/\/politicosaldesnudo.com.mx\/index.php\/wp-json\/wp\/v2\/comments?post=22349"}],"version-history":[{"count":0,"href":"https:\/\/politicosaldesnudo.com.mx\/index.php\/wp-json\/wp\/v2\/posts\/22349\/revisions"}],"wp:featuredmedia":[{"embeddable":true,"href":"https:\/\/politicosaldesnudo.com.mx\/index.php\/wp-json\/wp\/v2\/media\/3789"}],"wp:attachment":[{"href":"https:\/\/politicosaldesnudo.com.mx\/index.php\/wp-json\/wp\/v2\/media?parent=22349"}],"wp:term":[{"taxonomy":"category","embeddable":true,"href":"https:\/\/politicosaldesnudo.com.mx\/index.php\/wp-json\/wp\/v2\/categories?post=22349"},{"taxonomy":"post_tag","embeddable":true,"href":"https:\/\/politicosaldesnudo.com.mx\/index.php\/wp-json\/wp\/v2\/tags?post=22349"}],"curies":[{"name":"wp","href":"https:\/\/api.w.org\/{rel}","templated":true}]}}