{"id":22364,"date":"2023-07-17T22:00:21","date_gmt":"2023-07-18T03:00:21","guid":{"rendered":"https:\/\/politicosaldesnudo.com.mx\/?p=22364"},"modified":"2023-07-18T10:27:39","modified_gmt":"2023-07-18T15:27:39","slug":"rodada-nocturna-glow-el-proximo-viernes-21-de-julio","status":"publish","type":"post","link":"https:\/\/politicosaldesnudo.com.mx\/index.php\/2023\/07\/17\/rodada-nocturna-glow-el-proximo-viernes-21-de-julio\/","title":{"rendered":"\u201cRodada Nocturna GLOW\u201d, el pr\u00f3ximo viernes 21 de julio"},"content":{"rendered":"<p>&nbsp;<\/p>\n<p class=\"p1\"><span style=\"font-size: 14pt;\"><em><strong>TUXPAN, VERACRUZ.<\/strong> <\/em><strong>El Gobierno Municipal<\/strong> a trav\u00e9s de la <strong>Direcci\u00f3n de Juventud y Recreaci\u00f3n<\/strong>, invitan a la ciudadan\u00eda a participar en la pr\u00f3xima <strong>\u201cRodada Nocturna GLOW\u201d<\/strong>, que se realizar\u00e1 el viernes 21 de julio a las 19:30 horas.<\/span><\/p>\n<p class=\"p1\"><span style=\"font-size: 18pt;\"><strong>Los ciclistas recorrer\u00e1n el bulevar iniciando frente a la explanada de la Presidencia Municipal, hasta llegar al Parque Ribere\u00f1o.<span class=\"Apple-converted-space\">\u00a0<\/span><\/strong><\/span><\/p>\n<p>&nbsp;<\/p>\n<p><img data-recalc-dims=\"1\" loading=\"lazy\" decoding=\"async\" class=\"aligncenter wp-image-22366 size-full\" src=\"https:\/\/i0.wp.com\/politicosaldesnudo.com.mx\/wp-content\/uploads\/2023\/07\/P-RODADA-GLOW-2.jpeg?resize=720%2C960&#038;ssl=1\" alt=\"\" width=\"720\" height=\"960\" srcset=\"https:\/\/i0.wp.com\/politicosaldesnudo.com.mx\/wp-content\/uploads\/2023\/07\/P-RODADA-GLOW-2.jpeg?w=720&amp;ssl=1 720w, https:\/\/i0.wp.com\/politicosaldesnudo.com.mx\/wp-content\/uploads\/2023\/07\/P-RODADA-GLOW-2.jpeg?resize=225%2C300&amp;ssl=1 225w\" sizes=\"auto, (max-width: 720px) 100vw, 720px\" \/><\/p>\n<p>&nbsp;<\/p>\n<p>&nbsp;<\/p>\n<p class=\"p1\"><span style=\"font-size: 14pt;\">Se pide a los participantes llevar playera fosforescente o blanca,<span class=\"Apple-converted-space\">\u00a0 <\/span>adem\u00e1s al llegar al punto de partida se les obsequiar\u00e1 un kit que contiene pulseras, polvos y delineadores fluorescentes y agua.<span class=\"Apple-converted-space\">\u00a0<\/span><\/span><\/p>\n<p class=\"p1\"><span style=\"font-size: 14pt;\">Con estas actividades, el gobierno de Tuxpan promueve la actividad f\u00edsica en la poblaci\u00f3n, y fomenta la recreaci\u00f3n y la sana convivencia.<\/span><\/p>\n<p>&nbsp;<\/p>\n<p>&nbsp;<\/p>\n","protected":false},"excerpt":{"rendered":"<p>&nbsp; TUXPAN, VERACRUZ. El Gobierno Municipal a trav\u00e9s de la Direcci\u00f3n de Juventud y Recreaci\u00f3n, invitan a la ciudadan\u00eda a [&hellip;]<\/p>\n","protected":false},"author":4,"featured_media":22365,"comment_status":"closed","ping_status":"closed","sticky":false,"template":"","format":"standard","meta":{"site-sidebar-layout":"default","site-content-layout":"","ast-site-content-layout":"default","site-content-style":"default","site-sidebar-style":"default","ast-global-header-display":"","ast-banner-title-visibility":"","ast-main-header-display":"","ast-hfb-above-header-display":"","ast-hfb-below-header-display":"","ast-hfb-mobile-header-display":"","site-post-title":"","ast-breadcrumbs-content":"","ast-featured-img":"","footer-sml-layout":"","ast-disable-related-posts":"","theme-transparent-header-meta":"","adv-header-id-meta":"","stick-header-meta":"","header-above-stick-meta":"","header-main-stick-meta":"","header-below-stick-meta":"","astra-migrate-meta-layouts":"default","ast-page-background-enabled":"default","ast-page-background-meta":{"desktop":{"background-color":"var(--ast-global-color-5)","background-image":"","background-repeat":"repeat","background-position":"center center","background-size":"auto","background-attachment":"scroll","background-type":"","background-media":"","overlay-type":"","overlay-color":"","overlay-opacity":"","overlay-gradient":""},"tablet":{"background-color":"","background-image":"","background-repeat":"repeat","background-position":"center center","background-size":"auto","background-attachment":"scroll","background-type":"","background-media":"","overlay-type":"","overlay-color":"","overlay-opacity":"","overlay-gradient":""},"mobile":{"background-color":"","background-image":"","background-repeat":"repeat","background-position":"center center","background-size":"auto","background-attachment":"scroll","background-type":"","background-media":"","overlay-type":"","overlay-color":"","overlay-opacity":"","overlay-gradient":""}},"ast-content-background-meta":{"desktop":{"background-color":"var(--ast-global-color-4)","background-image":"","background-repeat":"repeat","background-position":"center center","background-size":"auto","background-attachment":"scroll","background-type":"","background-media":"","overlay-type":"","overlay-color":"","overlay-opacity":"","overlay-gradient":""},"tablet":{"background-color":"var(--ast-global-color-4)","background-image":"","background-repeat":"repeat","background-position":"center center","background-size":"auto","background-attachment":"scroll","background-type":"","background-media":"","overlay-type":"","overlay-color":"","overlay-opacity":"","overlay-gradient":""},"mobile":{"background-color":"var(--ast-global-color-4)","background-image":"","background-repeat":"repeat","background-position":"center center","background-size":"auto","background-attachment":"scroll","background-type":"","background-media":"","overlay-type":"","overlay-color":"","overlay-opacity":"","overlay-gradient":""}},"_jetpack_newsletter_access":"","_jetpack_dont_email_post_to_subs":false,"_jetpack_newsletter_tier_id":0,"_jetpack_memberships_contains_paywalled_content":false,"_jetpack_feature_clip_id":0,"_jetpack_memberships_contains_paid_content":false,"footnotes":"","jetpack_publicize_message":"","jetpack_publicize_feature_enabled":true,"jetpack_social_post_already_shared":false,"jetpack_social_options":{"image_generator_settings":{"template":"highway","default_image_id":0,"font":"","enabled":false},"version":2},"jetpack_post_was_ever_published":false},"categories":[1082],"tags":[2948,3003,70,100],"class_list":["post-22364","post","type-post","status-publish","format-standard","has-post-thumbnail","hentry","category-tuxpan","tag-ciclistas","tag-rodada-nocturna-glow","tag-tuxpan","tag-veracruz"],"yoast_head":"<!-- This site is optimized with the Yoast SEO plugin v28.3 - https:\/\/yoast.com\/product\/yoast-seo-wordpress\/ -->\n<title>\u201cRodada Nocturna GLOW\u201d, el pr\u00f3ximo viernes 21 de julio - Pol\u00edticos al Desnudo<\/title>\n<meta name=\"robots\" content=\"index, follow, max-snippet:-1, max-image-preview:large, max-video-preview:-1\" \/>\n<link rel=\"canonical\" href=\"https:\/\/politicosaldesnudo.com.mx\/index.php\/2023\/07\/17\/rodada-nocturna-glow-el-proximo-viernes-21-de-julio\/\" \/>\n<meta property=\"og:locale\" content=\"es_ES\" \/>\n<meta property=\"og:type\" content=\"article\" \/>\n<meta property=\"og:title\" content=\"\u201cRodada Nocturna GLOW\u201d, el pr\u00f3ximo viernes 21 de julio - Pol\u00edticos al Desnudo\" \/>\n<meta property=\"og:description\" content=\"&nbsp; TUXPAN, VERACRUZ. El Gobierno Municipal a trav\u00e9s de la Direcci\u00f3n de Juventud y Recreaci\u00f3n, invitan a la ciudadan\u00eda a [&hellip;]\" \/>\n<meta property=\"og:url\" content=\"https:\/\/politicosaldesnudo.com.mx\/index.php\/2023\/07\/17\/rodada-nocturna-glow-el-proximo-viernes-21-de-julio\/\" \/>\n<meta property=\"og:site_name\" content=\"Pol\u00edticos al Desnudo\" \/>\n<meta property=\"article:publisher\" content=\"https:\/\/www.facebook.com\/PoliticosAD\" \/>\n<meta property=\"article:published_time\" content=\"2023-07-18T03:00:21+00:00\" \/>\n<meta property=\"article:modified_time\" content=\"2023-07-18T15:27:39+00:00\" \/>\n<meta property=\"og:image\" content=\"https:\/\/i0.wp.com\/politicosaldesnudo.com.mx\/wp-content\/uploads\/2023\/07\/P-RODADA-GLOW.png?fit=1816%2C1016&ssl=1\" \/>\n\t<meta property=\"og:image:width\" content=\"1816\" \/>\n\t<meta property=\"og:image:height\" content=\"1016\" \/>\n\t<meta property=\"og:image:type\" content=\"image\/png\" \/>\n<meta name=\"author\" content=\"Redacci\u00f3n Pol\u00edticos\" \/>\n<meta name=\"twitter:card\" content=\"summary_large_image\" \/>\n<meta name=\"twitter:label1\" content=\"Escrito por\" \/>\n\t<meta name=\"twitter:data1\" content=\"Redacci\u00f3n Pol\u00edticos\" \/>\n\t<meta name=\"twitter:label2\" content=\"Tiempo de lectura\" \/>\n\t<meta name=\"twitter:data2\" content=\"1 minuto\" \/>\n<script type=\"application\/ld+json\" class=\"yoast-schema-graph\">{\"@context\":\"https:\\\/\\\/schema.org\",\"@graph\":[{\"@type\":\"Article\",\"@id\":\"https:\\\/\\\/politicosaldesnudo.com.mx\\\/index.php\\\/2023\\\/07\\\/17\\\/rodada-nocturna-glow-el-proximo-viernes-21-de-julio\\\/#article\",\"isPartOf\":{\"@id\":\"https:\\\/\\\/politicosaldesnudo.com.mx\\\/index.php\\\/2023\\\/07\\\/17\\\/rodada-nocturna-glow-el-proximo-viernes-21-de-julio\\\/\"},\"author\":{\"name\":\"Redacci\u00f3n Pol\u00edticos\",\"@id\":\"https:\\\/\\\/politicosaldesnudo.com.mx\\\/#\\\/schema\\\/person\\\/ef3a64e561cc3f3f5dc52fab81adde7e\"},\"headline\":\"\u201cRodada Nocturna GLOW\u201d, el pr\u00f3ximo viernes 21 de julio\",\"datePublished\":\"2023-07-18T03:00:21+00:00\",\"dateModified\":\"2023-07-18T15:27:39+00:00\",\"mainEntityOfPage\":{\"@id\":\"https:\\\/\\\/politicosaldesnudo.com.mx\\\/index.php\\\/2023\\\/07\\\/17\\\/rodada-nocturna-glow-el-proximo-viernes-21-de-julio\\\/\"},\"wordCount\":134,\"publisher\":{\"@id\":\"https:\\\/\\\/politicosaldesnudo.com.mx\\\/#organization\"},\"image\":{\"@id\":\"https:\\\/\\\/politicosaldesnudo.com.mx\\\/index.php\\\/2023\\\/07\\\/17\\\/rodada-nocturna-glow-el-proximo-viernes-21-de-julio\\\/#primaryimage\"},\"thumbnailUrl\":\"https:\\\/\\\/i0.wp.com\\\/politicosaldesnudo.com.mx\\\/wp-content\\\/uploads\\\/2023\\\/07\\\/P-RODADA-GLOW.png?fit=1816%2C1016&ssl=1\",\"keywords\":[\"CICLISTAS\",\"RODADA NOCTURNA GLOW\",\"TUXPAN\",\"VERACRUZ\"],\"articleSection\":[\"TUXPAN\"],\"inLanguage\":\"es\"},{\"@type\":\"WebPage\",\"@id\":\"https:\\\/\\\/politicosaldesnudo.com.mx\\\/index.php\\\/2023\\\/07\\\/17\\\/rodada-nocturna-glow-el-proximo-viernes-21-de-julio\\\/\",\"url\":\"https:\\\/\\\/politicosaldesnudo.com.mx\\\/index.php\\\/2023\\\/07\\\/17\\\/rodada-nocturna-glow-el-proximo-viernes-21-de-julio\\\/\",\"name\":\"\u201cRodada Nocturna GLOW\u201d, el pr\u00f3ximo viernes 21 de julio - Pol\u00edticos al Desnudo\",\"isPartOf\":{\"@id\":\"https:\\\/\\\/politicosaldesnudo.com.mx\\\/#website\"},\"primaryImageOfPage\":{\"@id\":\"https:\\\/\\\/politicosaldesnudo.com.mx\\\/index.php\\\/2023\\\/07\\\/17\\\/rodada-nocturna-glow-el-proximo-viernes-21-de-julio\\\/#primaryimage\"},\"image\":{\"@id\":\"https:\\\/\\\/politicosaldesnudo.com.mx\\\/index.php\\\/2023\\\/07\\\/17\\\/rodada-nocturna-glow-el-proximo-viernes-21-de-julio\\\/#primaryimage\"},\"thumbnailUrl\":\"https:\\\/\\\/i0.wp.com\\\/politicosaldesnudo.com.mx\\\/wp-content\\\/uploads\\\/2023\\\/07\\\/P-RODADA-GLOW.png?fit=1816%2C1016&ssl=1\",\"datePublished\":\"2023-07-18T03:00:21+00:00\",\"dateModified\":\"2023-07-18T15:27:39+00:00\",\"breadcrumb\":{\"@id\":\"https:\\\/\\\/politicosaldesnudo.com.mx\\\/index.php\\\/2023\\\/07\\\/17\\\/rodada-nocturna-glow-el-proximo-viernes-21-de-julio\\\/#breadcrumb\"},\"inLanguage\":\"es\",\"potentialAction\":[{\"@type\":\"ReadAction\",\"target\":[\"https:\\\/\\\/politicosaldesnudo.com.mx\\\/index.php\\\/2023\\\/07\\\/17\\\/rodada-nocturna-glow-el-proximo-viernes-21-de-julio\\\/\"]}]},{\"@type\":\"ImageObject\",\"inLanguage\":\"es\",\"@id\":\"https:\\\/\\\/politicosaldesnudo.com.mx\\\/index.php\\\/2023\\\/07\\\/17\\\/rodada-nocturna-glow-el-proximo-viernes-21-de-julio\\\/#primaryimage\",\"url\":\"https:\\\/\\\/i0.wp.com\\\/politicosaldesnudo.com.mx\\\/wp-content\\\/uploads\\\/2023\\\/07\\\/P-RODADA-GLOW.png?fit=1816%2C1016&ssl=1\",\"contentUrl\":\"https:\\\/\\\/i0.wp.com\\\/politicosaldesnudo.com.mx\\\/wp-content\\\/uploads\\\/2023\\\/07\\\/P-RODADA-GLOW.png?fit=1816%2C1016&ssl=1\",\"width\":1816,\"height\":1016},{\"@type\":\"BreadcrumbList\",\"@id\":\"https:\\\/\\\/politicosaldesnudo.com.mx\\\/index.php\\\/2023\\\/07\\\/17\\\/rodada-nocturna-glow-el-proximo-viernes-21-de-julio\\\/#breadcrumb\",\"itemListElement\":[{\"@type\":\"ListItem\",\"position\":1,\"name\":\"Portada\",\"item\":\"https:\\\/\\\/politicosaldesnudo.com.mx\\\/\"},{\"@type\":\"ListItem\",\"position\":2,\"name\":\"\u201cRodada Nocturna GLOW\u201d, el pr\u00f3ximo viernes 21 de julio\"}]},{\"@type\":\"WebSite\",\"@id\":\"https:\\\/\\\/politicosaldesnudo.com.mx\\\/#website\",\"url\":\"https:\\\/\\\/politicosaldesnudo.com.mx\\\/\",\"name\":\"Pol\u00edticos al Desnudo\",\"description\":\"\",\"publisher\":{\"@id\":\"https:\\\/\\\/politicosaldesnudo.com.mx\\\/#organization\"},\"potentialAction\":[{\"@type\":\"SearchAction\",\"target\":{\"@type\":\"EntryPoint\",\"urlTemplate\":\"https:\\\/\\\/politicosaldesnudo.com.mx\\\/?s={search_term_string}\"},\"query-input\":{\"@type\":\"PropertyValueSpecification\",\"valueRequired\":true,\"valueName\":\"search_term_string\"}}],\"inLanguage\":\"es\"},{\"@type\":\"Organization\",\"@id\":\"https:\\\/\\\/politicosaldesnudo.com.mx\\\/#organization\",\"name\":\"Pol\u00edticos al Desnudo\",\"url\":\"https:\\\/\\\/politicosaldesnudo.com.mx\\\/\",\"logo\":{\"@type\":\"ImageObject\",\"inLanguage\":\"es\",\"@id\":\"https:\\\/\\\/politicosaldesnudo.com.mx\\\/#\\\/schema\\\/logo\\\/image\\\/\",\"url\":\"https:\\\/\\\/i0.wp.com\\\/politicosaldesnudo.com.mx\\\/wp-content\\\/uploads\\\/2026\\\/08\\\/cropped-logo.webp?fit=400%2C126&ssl=1\",\"contentUrl\":\"https:\\\/\\\/i0.wp.com\\\/politicosaldesnudo.com.mx\\\/wp-content\\\/uploads\\\/2026\\\/08\\\/cropped-logo.webp?fit=400%2C126&ssl=1\",\"width\":400,\"height\":126,\"caption\":\"Pol\u00edticos al Desnudo\"},\"image\":{\"@id\":\"https:\\\/\\\/politicosaldesnudo.com.mx\\\/#\\\/schema\\\/logo\\\/image\\\/\"},\"sameAs\":[\"https:\\\/\\\/www.facebook.com\\\/PoliticosAD\"]},{\"@type\":\"Person\",\"@id\":\"https:\\\/\\\/politicosaldesnudo.com.mx\\\/#\\\/schema\\\/person\\\/ef3a64e561cc3f3f5dc52fab81adde7e\",\"name\":\"Redacci\u00f3n Pol\u00edticos\",\"url\":\"https:\\\/\\\/politicosaldesnudo.com.mx\\\/index.php\\\/author\\\/redaccion-politicos\\\/\"}]}<\/script>\n<!-- \/ Yoast SEO plugin. -->","yoast_head_json":{"title":"\u201cRodada Nocturna GLOW\u201d, el pr\u00f3ximo viernes 21 de julio - Pol\u00edticos al Desnudo","robots":{"index":"index","follow":"follow","max-snippet":"max-snippet:-1","max-image-preview":"max-image-preview:large","max-video-preview":"max-video-preview:-1"},"canonical":"https:\/\/politicosaldesnudo.com.mx\/index.php\/2023\/07\/17\/rodada-nocturna-glow-el-proximo-viernes-21-de-julio\/","og_locale":"es_ES","og_type":"article","og_title":"\u201cRodada Nocturna GLOW\u201d, el pr\u00f3ximo viernes 21 de julio - Pol\u00edticos al Desnudo","og_description":"&nbsp; TUXPAN, VERACRUZ. El Gobierno Municipal a trav\u00e9s de la Direcci\u00f3n de Juventud y Recreaci\u00f3n, invitan a la ciudadan\u00eda a [&hellip;]","og_url":"https:\/\/politicosaldesnudo.com.mx\/index.php\/2023\/07\/17\/rodada-nocturna-glow-el-proximo-viernes-21-de-julio\/","og_site_name":"Pol\u00edticos al Desnudo","article_publisher":"https:\/\/www.facebook.com\/PoliticosAD","article_published_time":"2023-07-18T03:00:21+00:00","article_modified_time":"2023-07-18T15:27:39+00:00","og_image":[{"width":1816,"height":1016,"url":"https:\/\/i0.wp.com\/politicosaldesnudo.com.mx\/wp-content\/uploads\/2023\/07\/P-RODADA-GLOW.png?fit=1816%2C1016&ssl=1","type":"image\/png"}],"author":"Redacci\u00f3n Pol\u00edticos","twitter_card":"summary_large_image","twitter_misc":{"Escrito por":"Redacci\u00f3n Pol\u00edticos","Tiempo de lectura":"1 minuto"},"schema":{"@context":"https:\/\/schema.org","@graph":[{"@type":"Article","@id":"https:\/\/politicosaldesnudo.com.mx\/index.php\/2023\/07\/17\/rodada-nocturna-glow-el-proximo-viernes-21-de-julio\/#article","isPartOf":{"@id":"https:\/\/politicosaldesnudo.com.mx\/index.php\/2023\/07\/17\/rodada-nocturna-glow-el-proximo-viernes-21-de-julio\/"},"author":{"name":"Redacci\u00f3n Pol\u00edticos","@id":"https:\/\/politicosaldesnudo.com.mx\/#\/schema\/person\/ef3a64e561cc3f3f5dc52fab81adde7e"},"headline":"\u201cRodada Nocturna GLOW\u201d, el pr\u00f3ximo viernes 21 de julio","datePublished":"2023-07-18T03:00:21+00:00","dateModified":"2023-07-18T15:27:39+00:00","mainEntityOfPage":{"@id":"https:\/\/politicosaldesnudo.com.mx\/index.php\/2023\/07\/17\/rodada-nocturna-glow-el-proximo-viernes-21-de-julio\/"},"wordCount":134,"publisher":{"@id":"https:\/\/politicosaldesnudo.com.mx\/#organization"},"image":{"@id":"https:\/\/politicosaldesnudo.com.mx\/index.php\/2023\/07\/17\/rodada-nocturna-glow-el-proximo-viernes-21-de-julio\/#primaryimage"},"thumbnailUrl":"https:\/\/i0.wp.com\/politicosaldesnudo.com.mx\/wp-content\/uploads\/2023\/07\/P-RODADA-GLOW.png?fit=1816%2C1016&ssl=1","keywords":["CICLISTAS","RODADA NOCTURNA GLOW","TUXPAN","VERACRUZ"],"articleSection":["TUXPAN"],"inLanguage":"es"},{"@type":"WebPage","@id":"https:\/\/politicosaldesnudo.com.mx\/index.php\/2023\/07\/17\/rodada-nocturna-glow-el-proximo-viernes-21-de-julio\/","url":"https:\/\/politicosaldesnudo.com.mx\/index.php\/2023\/07\/17\/rodada-nocturna-glow-el-proximo-viernes-21-de-julio\/","name":"\u201cRodada Nocturna GLOW\u201d, el pr\u00f3ximo viernes 21 de julio - Pol\u00edticos al Desnudo","isPartOf":{"@id":"https:\/\/politicosaldesnudo.com.mx\/#website"},"primaryImageOfPage":{"@id":"https:\/\/politicosaldesnudo.com.mx\/index.php\/2023\/07\/17\/rodada-nocturna-glow-el-proximo-viernes-21-de-julio\/#primaryimage"},"image":{"@id":"https:\/\/politicosaldesnudo.com.mx\/index.php\/2023\/07\/17\/rodada-nocturna-glow-el-proximo-viernes-21-de-julio\/#primaryimage"},"thumbnailUrl":"https:\/\/i0.wp.com\/politicosaldesnudo.com.mx\/wp-content\/uploads\/2023\/07\/P-RODADA-GLOW.png?fit=1816%2C1016&ssl=1","datePublished":"2023-07-18T03:00:21+00:00","dateModified":"2023-07-18T15:27:39+00:00","breadcrumb":{"@id":"https:\/\/politicosaldesnudo.com.mx\/index.php\/2023\/07\/17\/rodada-nocturna-glow-el-proximo-viernes-21-de-julio\/#breadcrumb"},"inLanguage":"es","potentialAction":[{"@type":"ReadAction","target":["https:\/\/politicosaldesnudo.com.mx\/index.php\/2023\/07\/17\/rodada-nocturna-glow-el-proximo-viernes-21-de-julio\/"]}]},{"@type":"ImageObject","inLanguage":"es","@id":"https:\/\/politicosaldesnudo.com.mx\/index.php\/2023\/07\/17\/rodada-nocturna-glow-el-proximo-viernes-21-de-julio\/#primaryimage","url":"https:\/\/i0.wp.com\/politicosaldesnudo.com.mx\/wp-content\/uploads\/2023\/07\/P-RODADA-GLOW.png?fit=1816%2C1016&ssl=1","contentUrl":"https:\/\/i0.wp.com\/politicosaldesnudo.com.mx\/wp-content\/uploads\/2023\/07\/P-RODADA-GLOW.png?fit=1816%2C1016&ssl=1","width":1816,"height":1016},{"@type":"BreadcrumbList","@id":"https:\/\/politicosaldesnudo.com.mx\/index.php\/2023\/07\/17\/rodada-nocturna-glow-el-proximo-viernes-21-de-julio\/#breadcrumb","itemListElement":[{"@type":"ListItem","position":1,"name":"Portada","item":"https:\/\/politicosaldesnudo.com.mx\/"},{"@type":"ListItem","position":2,"name":"\u201cRodada Nocturna GLOW\u201d, el pr\u00f3ximo viernes 21 de julio"}]},{"@type":"WebSite","@id":"https:\/\/politicosaldesnudo.com.mx\/#website","url":"https:\/\/politicosaldesnudo.com.mx\/","name":"Pol\u00edticos al Desnudo","description":"","publisher":{"@id":"https:\/\/politicosaldesnudo.com.mx\/#organization"},"potentialAction":[{"@type":"SearchAction","target":{"@type":"EntryPoint","urlTemplate":"https:\/\/politicosaldesnudo.com.mx\/?s={search_term_string}"},"query-input":{"@type":"PropertyValueSpecification","valueRequired":true,"valueName":"search_term_string"}}],"inLanguage":"es"},{"@type":"Organization","@id":"https:\/\/politicosaldesnudo.com.mx\/#organization","name":"Pol\u00edticos al Desnudo","url":"https:\/\/politicosaldesnudo.com.mx\/","logo":{"@type":"ImageObject","inLanguage":"es","@id":"https:\/\/politicosaldesnudo.com.mx\/#\/schema\/logo\/image\/","url":"https:\/\/i0.wp.com\/politicosaldesnudo.com.mx\/wp-content\/uploads\/2026\/08\/cropped-logo.webp?fit=400%2C126&ssl=1","contentUrl":"https:\/\/i0.wp.com\/politicosaldesnudo.com.mx\/wp-content\/uploads\/2026\/08\/cropped-logo.webp?fit=400%2C126&ssl=1","width":400,"height":126,"caption":"Pol\u00edticos al Desnudo"},"image":{"@id":"https:\/\/politicosaldesnudo.com.mx\/#\/schema\/logo\/image\/"},"sameAs":["https:\/\/www.facebook.com\/PoliticosAD"]},{"@type":"Person","@id":"https:\/\/politicosaldesnudo.com.mx\/#\/schema\/person\/ef3a64e561cc3f3f5dc52fab81adde7e","name":"Redacci\u00f3n Pol\u00edticos","url":"https:\/\/politicosaldesnudo.com.mx\/index.php\/author\/redaccion-politicos\/"}]}},"jetpack_publicize_connections":[],"jetpack-related-posts":[{"id":88118,"url":"https:\/\/politicosaldesnudo.com.mx\/index.php\/2026\/08\/27\/cateo-en-tuxpan-aseguran-negocio-investigado-por-presunta-extorsion-a-avicultores\/","url_meta":{"origin":22364,"position":0},"title":"Cateo en Tuxpan: aseguran negocio investigado por presunta extorsi\u00f3n a avicultores","author":"Redacci\u00f3n Pol\u00edticos","date":"27 de agosto de 2026","format":false,"excerpt":"Un establecimiento comercial de la colonia An\u00e1huac, en Tuxpan, qued\u00f3 bajo resguardo de las autoridades tras un operativo relacionado con una investigaci\u00f3n por posibles extorsiones contra integrantes del sector av\u00edcola. La diligencia fue realizada por agentes de la Unidad Especializada en Combate al Secuestro y la Extorsi\u00f3n (UECS), quienes contaron\u2026","rel":"","context":"En \u00abESTADOS\u00bb","block_context":{"text":"ESTADOS","link":"https:\/\/politicosaldesnudo.com.mx\/index.php\/category\/estados\/"},"img":{"alt_text":"","src":"https:\/\/i0.wp.com\/politicosaldesnudo.com.mx\/wp-content\/uploads\/2026\/08\/avc-tuxpan-horizontal.png?fit=1200%2C675&ssl=1&resize=350%2C200","width":350,"height":200,"srcset":"https:\/\/i0.wp.com\/politicosaldesnudo.com.mx\/wp-content\/uploads\/2026\/08\/avc-tuxpan-horizontal.png?fit=1200%2C675&ssl=1&resize=350%2C200 1x, https:\/\/i0.wp.com\/politicosaldesnudo.com.mx\/wp-content\/uploads\/2026\/08\/avc-tuxpan-horizontal.png?fit=1200%2C675&ssl=1&resize=525%2C300 1.5x, https:\/\/i0.wp.com\/politicosaldesnudo.com.mx\/wp-content\/uploads\/2026\/08\/avc-tuxpan-horizontal.png?fit=1200%2C675&ssl=1&resize=700%2C400 2x, https:\/\/i0.wp.com\/politicosaldesnudo.com.mx\/wp-content\/uploads\/2026\/08\/avc-tuxpan-horizontal.png?fit=1200%2C675&ssl=1&resize=1050%2C600 3x"},"classes":[]},{"id":88282,"url":"https:\/\/politicosaldesnudo.com.mx\/index.php\/2026\/09\/02\/tuxpan-la-memoria-tambien-merece-respeto\/","url_meta":{"origin":22364,"position":1},"title":"Tuxpan: La memoria tambi\u00e9n merece respeto","author":"Redacci\u00f3n Pol\u00edticos","date":"2 de septiembre de 2026","format":false,"excerpt":"BIT\u00c1CORA POL\u00cdTICA Por Miguel \u00c1ngel Cristiani G. Hay historias que un pueblo no deber\u00eda olvidar. Y hay otras que, antes de convertirlas en motivo de celebraci\u00f3n, deber\u00edan revisarse cuidadosamente. En Tuxpan acaba de surgir una de esas historias inc\u00f3modas. El gobierno municipal que encabeza Daniel Cortina habr\u00eda respaldado la presentaci\u00f3n\u2026","rel":"","context":"En \u00abOPINI\u00d3N\u00bb","block_context":{"text":"OPINI\u00d3N","link":"https:\/\/politicosaldesnudo.com.mx\/index.php\/category\/columnistas\/"},"img":{"alt_text":"","src":"https:\/\/i0.wp.com\/politicosaldesnudo.com.mx\/wp-content\/uploads\/2026\/09\/COLUMNISTAS-PAD-1.png?fit=1200%2C659&ssl=1&resize=350%2C200","width":350,"height":200,"srcset":"https:\/\/i0.wp.com\/politicosaldesnudo.com.mx\/wp-content\/uploads\/2026\/09\/COLUMNISTAS-PAD-1.png?fit=1200%2C659&ssl=1&resize=350%2C200 1x, https:\/\/i0.wp.com\/politicosaldesnudo.com.mx\/wp-content\/uploads\/2026\/09\/COLUMNISTAS-PAD-1.png?fit=1200%2C659&ssl=1&resize=525%2C300 1.5x, https:\/\/i0.wp.com\/politicosaldesnudo.com.mx\/wp-content\/uploads\/2026\/09\/COLUMNISTAS-PAD-1.png?fit=1200%2C659&ssl=1&resize=700%2C400 2x, https:\/\/i0.wp.com\/politicosaldesnudo.com.mx\/wp-content\/uploads\/2026\/09\/COLUMNISTAS-PAD-1.png?fit=1200%2C659&ssl=1&resize=1050%2C600 3x"},"classes":[]},{"id":88176,"url":"https:\/\/politicosaldesnudo.com.mx\/index.php\/2026\/08\/30\/un-viaje-sin-regreso-asi-habria-ocurrido-el-asesinato-del-hermano-de-la-creadora-de-contenido-ruthi-san-en-tuxpan\/","url_meta":{"origin":22364,"position":2},"title":"Un viaje sin regreso: as\u00ed habr\u00eda ocurrido el asesinato del hermano de la creadora de contenido Ruthi San, en Tuxpan","author":"Redacci\u00f3n Pol\u00edticos","date":"30 de agosto de 2026","format":false,"excerpt":"Un servicio de transporte termin\u00f3 convertido en la escena de un crimen. Cuatro meses despu\u00e9s del homicidio de Habib Ju\u00e1rez Castellanos, taxista de Tuxpan y hermano de la creadora de contenido Ruthi San, dos personas fueron detenidas y presentadas ante un juez. La investigaci\u00f3n de la Fiscal\u00eda Regional se\u00f1ala que\u2026","rel":"","context":"En \u00abESTADOS\u00bb","block_context":{"text":"ESTADOS","link":"https:\/\/politicosaldesnudo.com.mx\/index.php\/category\/estados\/"},"img":{"alt_text":"","src":"https:\/\/i0.wp.com\/politicosaldesnudo.com.mx\/wp-content\/uploads\/2026\/08\/f957448d-9e13-44e1-acb0-03d35ff4db3c.png?fit=1200%2C675&ssl=1&resize=350%2C200","width":350,"height":200,"srcset":"https:\/\/i0.wp.com\/politicosaldesnudo.com.mx\/wp-content\/uploads\/2026\/08\/f957448d-9e13-44e1-acb0-03d35ff4db3c.png?fit=1200%2C675&ssl=1&resize=350%2C200 1x, https:\/\/i0.wp.com\/politicosaldesnudo.com.mx\/wp-content\/uploads\/2026\/08\/f957448d-9e13-44e1-acb0-03d35ff4db3c.png?fit=1200%2C675&ssl=1&resize=525%2C300 1.5x, https:\/\/i0.wp.com\/politicosaldesnudo.com.mx\/wp-content\/uploads\/2026\/08\/f957448d-9e13-44e1-acb0-03d35ff4db3c.png?fit=1200%2C675&ssl=1&resize=700%2C400 2x, https:\/\/i0.wp.com\/politicosaldesnudo.com.mx\/wp-content\/uploads\/2026\/08\/f957448d-9e13-44e1-acb0-03d35ff4db3c.png?fit=1200%2C675&ssl=1&resize=1050%2C600 3x"},"classes":[]},{"id":33280,"url":"https:\/\/politicosaldesnudo.com.mx\/index.php\/2024\/03\/12\/buscaremos-el-desarrollo-de-tuxpan-y-la-region-jv\/","url_meta":{"origin":22364,"position":3},"title":"Buscaremos el desarrollo de Tuxpan y la regi\u00f3n: JV","author":"Redacci\u00f3n Pol\u00edticos","date":"12 de marzo de 2024","format":false,"excerpt":"TUXPAN.- De acuerdo con lo mencionado en entrevista por el candidato del Movimiento de Regeneraci\u00f3n Nacional Javier Vel\u00e1zquez Vallejo, la zona norte del estado ha estado olvidada por muchos a\u00f1os, y aunque sus municipios tienen un gran potencial en diversos rubros, \u00e9stos han sido debidamente apoyados y respaldados, por lo\u2026","rel":"","context":"En \u00abTUXPAN\u00bb","block_context":{"text":"TUXPAN","link":"https:\/\/politicosaldesnudo.com.mx\/index.php\/category\/tuxpan\/"},"img":{"alt_text":"","src":"https:\/\/i0.wp.com\/politicosaldesnudo.com.mx\/wp-content\/uploads\/2024\/03\/4a-4.jpg?fit=1080%2C720&ssl=1&resize=350%2C200","width":350,"height":200,"srcset":"https:\/\/i0.wp.com\/politicosaldesnudo.com.mx\/wp-content\/uploads\/2024\/03\/4a-4.jpg?fit=1080%2C720&ssl=1&resize=350%2C200 1x, https:\/\/i0.wp.com\/politicosaldesnudo.com.mx\/wp-content\/uploads\/2024\/03\/4a-4.jpg?fit=1080%2C720&ssl=1&resize=525%2C300 1.5x, https:\/\/i0.wp.com\/politicosaldesnudo.com.mx\/wp-content\/uploads\/2024\/03\/4a-4.jpg?fit=1080%2C720&ssl=1&resize=700%2C400 2x, https:\/\/i0.wp.com\/politicosaldesnudo.com.mx\/wp-content\/uploads\/2024\/03\/4a-4.jpg?fit=1080%2C720&ssl=1&resize=1050%2C600 3x"},"classes":[]},{"id":60707,"url":"https:\/\/politicosaldesnudo.com.mx\/index.php\/2025\/04\/11\/suterm-anuncia-su-separacion-del-pri\/","url_meta":{"origin":22364,"position":4},"title":"SUTERM anuncia su separaci\u00f3n del PRI","author":"Redacci\u00f3n Pol\u00edticos","date":"11 de abril de 2025","format":false,"excerpt":"Los dirigentes del Sindicato \u00danico de Trabajadores Electricistas de la Rep\u00fablica Mexicana en Tuxpan, Rolando N\u00fa\u00f1ez Uribe y David Reyes Casta\u00f1eda, respaldaron la decisi\u00f3n de Mario Alberto Mart\u00ednez Zapata de renunciar al Partido Revolucionario Institucional (PRI) y tambi\u00e9n anunciaron su retiro del partido. La raz\u00f3n de su decisi\u00f3n es la\u2026","rel":"","context":"En \u00abTUXPAN\u00bb","block_context":{"text":"TUXPAN","link":"https:\/\/politicosaldesnudo.com.mx\/index.php\/category\/tuxpan\/"},"img":{"alt_text":"","src":"https:\/\/i0.wp.com\/politicosaldesnudo.com.mx\/wp-content\/uploads\/2025\/04\/5a1.jpg?fit=1200%2C675&ssl=1&resize=350%2C200","width":350,"height":200,"srcset":"https:\/\/i0.wp.com\/politicosaldesnudo.com.mx\/wp-content\/uploads\/2025\/04\/5a1.jpg?fit=1200%2C675&ssl=1&resize=350%2C200 1x, https:\/\/i0.wp.com\/politicosaldesnudo.com.mx\/wp-content\/uploads\/2025\/04\/5a1.jpg?fit=1200%2C675&ssl=1&resize=525%2C300 1.5x, https:\/\/i0.wp.com\/politicosaldesnudo.com.mx\/wp-content\/uploads\/2025\/04\/5a1.jpg?fit=1200%2C675&ssl=1&resize=700%2C400 2x, https:\/\/i0.wp.com\/politicosaldesnudo.com.mx\/wp-content\/uploads\/2025\/04\/5a1.jpg?fit=1200%2C675&ssl=1&resize=1050%2C600 3x"},"classes":[]},{"id":45986,"url":"https:\/\/politicosaldesnudo.com.mx\/index.php\/2024\/09\/10\/habitantes-de-los-kilometros-solicitan-atender-sus-peticiones\/","url_meta":{"origin":22364,"position":5},"title":"Habitantes de Los Kil\u00f3metros solicitan atender sus peticiones","author":"Redacci\u00f3n Pol\u00edticos","date":"10 de septiembre de 2024","format":false,"excerpt":"Este lunes habitantes de la ruta de los kil\u00f3metros acudieron al Ayuntamiento de Tuxpan para solicitar a las autoridades se atienden obras en rezago de sus comunidades como la infraestructura carretera y la ampliaci\u00f3n de red el\u00e9ctrica, obras que solicitan se contemplen en el presupuesto municipal de 2025. Arturo Simbr\u00f3n\u2026","rel":"","context":"En \u00abTUXPAN\u00bb","block_context":{"text":"TUXPAN","link":"https:\/\/politicosaldesnudo.com.mx\/index.php\/category\/tuxpan\/"},"img":{"alt_text":"","src":"https:\/\/i0.wp.com\/politicosaldesnudo.com.mx\/wp-content\/uploads\/2024\/09\/habitantes-de-los-kilometros-solicitan-atender-sus-peticiones-549460.jpeg?fit=800%2C600&ssl=1&resize=350%2C200","width":350,"height":200,"srcset":"https:\/\/i0.wp.com\/politicosaldesnudo.com.mx\/wp-content\/uploads\/2024\/09\/habitantes-de-los-kilometros-solicitan-atender-sus-peticiones-549460.jpeg?fit=800%2C600&ssl=1&resize=350%2C200 1x, https:\/\/i0.wp.com\/politicosaldesnudo.com.mx\/wp-content\/uploads\/2024\/09\/habitantes-de-los-kilometros-solicitan-atender-sus-peticiones-549460.jpeg?fit=800%2C600&ssl=1&resize=525%2C300 1.5x, https:\/\/i0.wp.com\/politicosaldesnudo.com.mx\/wp-content\/uploads\/2024\/09\/habitantes-de-los-kilometros-solicitan-atender-sus-peticiones-549460.jpeg?fit=800%2C600&ssl=1&resize=700%2C400 2x"},"classes":[]}],"jetpack_sharing_enabled":true,"jetpack_featured_media_url":"https:\/\/i0.wp.com\/politicosaldesnudo.com.mx\/wp-content\/uploads\/2023\/07\/P-RODADA-GLOW.png?fit=1816%2C1016&ssl=1","_links":{"self":[{"href":"https:\/\/politicosaldesnudo.com.mx\/index.php\/wp-json\/wp\/v2\/posts\/22364","targetHints":{"allow":["GET"]}}],"collection":[{"href":"https:\/\/politicosaldesnudo.com.mx\/index.php\/wp-json\/wp\/v2\/posts"}],"about":[{"href":"https:\/\/politicosaldesnudo.com.mx\/index.php\/wp-json\/wp\/v2\/types\/post"}],"author":[{"embeddable":true,"href":"https:\/\/politicosaldesnudo.com.mx\/index.php\/wp-json\/wp\/v2\/users\/4"}],"replies":[{"embeddable":true,"href":"https:\/\/politicosaldesnudo.com.mx\/index.php\/wp-json\/wp\/v2\/comments?post=22364"}],"version-history":[{"count":0,"href":"https:\/\/politicosaldesnudo.com.mx\/index.php\/wp-json\/wp\/v2\/posts\/22364\/revisions"}],"wp:featuredmedia":[{"embeddable":true,"href":"https:\/\/politicosaldesnudo.com.mx\/index.php\/wp-json\/wp\/v2\/media\/22365"}],"wp:attachment":[{"href":"https:\/\/politicosaldesnudo.com.mx\/index.php\/wp-json\/wp\/v2\/media?parent=22364"}],"wp:term":[{"taxonomy":"category","embeddable":true,"href":"https:\/\/politicosaldesnudo.com.mx\/index.php\/wp-json\/wp\/v2\/categories?post=22364"},{"taxonomy":"post_tag","embeddable":true,"href":"https:\/\/politicosaldesnudo.com.mx\/index.php\/wp-json\/wp\/v2\/tags?post=22364"}],"curies":[{"name":"wp","href":"https:\/\/api.w.org\/{rel}","templated":true}]}}