{"id":22376,"date":"2023-07-18T13:17:24","date_gmt":"2023-07-18T18:17:24","guid":{"rendered":"https:\/\/politicosaldesnudo.com.mx\/?p=22376"},"modified":"2023-07-18T13:17:24","modified_gmt":"2023-07-18T18:17:24","slug":"condenan-a-expresidente-de-panama-a-10-anos-de-prision-por-blanqueo-de-capitales","status":"publish","type":"post","link":"https:\/\/politicosaldesnudo.com.mx\/index.php\/2023\/07\/18\/condenan-a-expresidente-de-panama-a-10-anos-de-prision-por-blanqueo-de-capitales\/","title":{"rendered":"Condenan a expresidente de Panam\u00e1 a 10 a\u00f1os de prisi\u00f3n por blanqueo de capitales"},"content":{"rendered":"<p class=\"p1\">\n<p>&nbsp;<\/p>\n<p class=\"p1\"><span style=\"font-size: 14pt;\"><em><strong>PANAM\u00c1, PANAM\u00c1.<\/strong> <\/em>El expresidente de\u00a0Panam\u00e1, <strong>Ricardo Martinelli<\/strong>, quien\u00a0aspira a volver al poder en las elecciones de mayo de 2024, fue hallado culpable este martes por el <strong>delito de blanqueo de capitales<\/strong> por la <strong>compra de una editorial de medios y condenado a 10 a\u00f1os y 6 meses de prisi\u00f3n<\/strong>. La informaci\u00f3n fue divulgada por el \u00d3rgano Judicial.<\/span><\/p>\n<p>&nbsp;<\/p>\n<blockquote>\n<p class=\"p1\"><span style=\"font-size: 14pt;\">Ricardo Alberto Martinelli Berrocal (&#8230;) lo condena a la pena de 128 meses de prisi\u00f3n y el pago de una multa por la suma total de 19.221.600,48 d\u00f3lares\u201d, indica la sentencia de la jueza liquidadora de Causas Penales Balo\u00edsa Marqu\u00ednez.<span class=\"Apple-converted-space\">\u00a0<\/span><\/span><\/p>\n<\/blockquote>\n<p>&nbsp;<\/p>\n<p class=\"p1\"><span style=\"font-size: 18pt;\"><strong>El comunicado se\u00f1ala que Ricardo Martinelli\u00a0fue declarado \u201cresponsable como autor\u201d del delito Contra el Orden Econ\u00f3mico, en la modalidad de Blanqueo de Capitales, espec\u00edficamente por el art\u00edculo 254 del C\u00f3digo Penal, que establece penas de entre 5 y 12 a\u00f1os.<\/strong><\/span><\/p>\n<p class=\"p1\"><span style=\"font-size: 14pt;\">Esta sentencia, que es de primera instancia y por tanto apelable, ordena \u201cla disoluci\u00f3n de dos sociedades y el decomiso de las acciones de una casa editorial, a favor del Estado, as\u00ed como la administraci\u00f3n de bienes muebles e inmuebles de dicha editorial\u201d, indic\u00f3 la misiva judicial. Martinelli es candidato presidencial por su partido Realizando Metas (RM).<\/span><\/p>\n<p>&nbsp;<\/p>\n<p class=\"p1\"><span style=\"font-size: 18pt; color: #139eca;\"><strong>JUICIO POL\u00cdTICO AMA\u00d1ADO<\/strong><\/span><\/p>\n<p class=\"p1\"><span style=\"font-size: 14pt;\">Ricardo Martinelli\u00a0 ha dicho en reiteradas ocasiones que se enfrenta a un \u201cjuicio pol\u00edtico ama\u00f1ado\u201d y asegura que todo se trata de una \u201cpersecuci\u00f3n pol\u00edtica\u201d para evitar que pueda presentarse a las elecciones presidenciales de 2024.<span class=\"Apple-converted-space\">\u00a0<\/span><\/span><\/p>\n<p class=\"p1\"><span style=\"font-size: 14pt;\">Aqu\u00ed hay personas que est\u00e1n haciendo lo indecible, violando la ley, violando la Constituci\u00f3n y violando el sistema judicial con el solo fin de tratar de inhabilitarme a m\u00ed pol\u00edticamente\u201d, dijo recientemente.\u00a0\u00a0<\/span><\/p>\n<p class=\"p1\"><span style=\"font-size: 18pt;\"><strong>El caso \u201cNew Business\u201d comenz\u00f3 en 2017 e involucra a 21 personas por la presunta compra con fondos p\u00fablicos de la Editorial Panam\u00e1 Am\u00e9rica S.A. (Epasa). Seg\u00fan la acusaci\u00f3n, la compra se realiz\u00f3 a trav\u00e9s de un complejo esquema de sociedades donde varias empresas depositaron un total de 43,9 millones de d\u00f3lares. Ese dinero proven\u00eda del pago de comisiones, de hasta un 10 por ciento sobre el contrato original, en obras de infraestructura durante el gobierno de Ricardo Martinelli\u00a0<\/strong><\/span><\/p>\n<p class=\"p1\"><span style=\"font-size: 14pt;\">Con parte de esos fondos, Ricardo Martinelli\u00a0adquiri\u00f3 la empresa de comunicaci\u00f3n, cuya l\u00ednea editorial defiende desde entonces los postulados del exgobernante. La Fiscal\u00eda, que ped\u00eda la pena m\u00e1xima de 12 a\u00f1os de presidio, afirma que Martinelli \u201ccontact\u00f3 a contratistas, aport\u00f3 dinero\u201d y result\u00f3 \u201cbeneficiario\u201d al ser el \u201ctenedor del 60 por ciento de las acciones\u201d de la editorial.<\/span><\/p>\n<p>&nbsp;<\/p>\n<p>&nbsp;<\/p>\n","protected":false},"excerpt":{"rendered":"<p>&nbsp; PANAM\u00c1, PANAM\u00c1. El expresidente de\u00a0Panam\u00e1, Ricardo Martinelli, quien\u00a0aspira a volver al poder en las elecciones de mayo de 2024, [&hellip;]<\/p>\n","protected":false},"author":4,"featured_media":22377,"comment_status":"closed","ping_status":"closed","sticky":false,"template":"","format":"standard","meta":{"site-sidebar-layout":"default","site-content-layout":"","ast-site-content-layout":"default","site-content-style":"default","site-sidebar-style":"default","ast-global-header-display":"","ast-banner-title-visibility":"","ast-main-header-display":"","ast-hfb-above-header-display":"","ast-hfb-below-header-display":"","ast-hfb-mobile-header-display":"","site-post-title":"","ast-breadcrumbs-content":"","ast-featured-img":"","footer-sml-layout":"","ast-disable-related-posts":"","theme-transparent-header-meta":"","adv-header-id-meta":"","stick-header-meta":"","header-above-stick-meta":"","header-main-stick-meta":"","header-below-stick-meta":"","astra-migrate-meta-layouts":"default","ast-page-background-enabled":"default","ast-page-background-meta":{"desktop":{"background-color":"var(--ast-global-color-5)","background-image":"","background-repeat":"repeat","background-position":"center center","background-size":"auto","background-attachment":"scroll","background-type":"","background-media":"","overlay-type":"","overlay-color":"","overlay-opacity":"","overlay-gradient":""},"tablet":{"background-color":"","background-image":"","background-repeat":"repeat","background-position":"center center","background-size":"auto","background-attachment":"scroll","background-type":"","background-media":"","overlay-type":"","overlay-color":"","overlay-opacity":"","overlay-gradient":""},"mobile":{"background-color":"","background-image":"","background-repeat":"repeat","background-position":"center center","background-size":"auto","background-attachment":"scroll","background-type":"","background-media":"","overlay-type":"","overlay-color":"","overlay-opacity":"","overlay-gradient":""}},"ast-content-background-meta":{"desktop":{"background-color":"var(--ast-global-color-4)","background-image":"","background-repeat":"repeat","background-position":"center center","background-size":"auto","background-attachment":"scroll","background-type":"","background-media":"","overlay-type":"","overlay-color":"","overlay-opacity":"","overlay-gradient":""},"tablet":{"background-color":"var(--ast-global-color-4)","background-image":"","background-repeat":"repeat","background-position":"center center","background-size":"auto","background-attachment":"scroll","background-type":"","background-media":"","overlay-type":"","overlay-color":"","overlay-opacity":"","overlay-gradient":""},"mobile":{"background-color":"var(--ast-global-color-4)","background-image":"","background-repeat":"repeat","background-position":"center center","background-size":"auto","background-attachment":"scroll","background-type":"","background-media":"","overlay-type":"","overlay-color":"","overlay-opacity":"","overlay-gradient":""}},"_jetpack_newsletter_access":"","_jetpack_dont_email_post_to_subs":false,"_jetpack_newsletter_tier_id":0,"_jetpack_memberships_contains_paywalled_content":false,"_jetpack_feature_clip_id":0,"_jetpack_memberships_contains_paid_content":false,"footnotes":"","jetpack_publicize_message":"","jetpack_publicize_feature_enabled":true,"jetpack_social_post_already_shared":false,"jetpack_social_options":{"image_generator_settings":{"template":"highway","default_image_id":0,"font":"","enabled":false},"version":2},"jetpack_post_was_ever_published":false},"categories":[28],"tags":[3005,480,3004],"class_list":["post-22376","post","type-post","status-publish","format-standard","has-post-thumbnail","hentry","category-internacional","tag-blanqueo-capitales","tag-panama","tag-ricardo-martinelli"],"yoast_head":"<!-- This site is optimized with the Yoast SEO plugin v28.3 - https:\/\/yoast.com\/product\/yoast-seo-wordpress\/ -->\n<title>Condenan a expresidente de Panam\u00e1 a 10 a\u00f1os de prisi\u00f3n por blanqueo de capitales - Pol\u00edticos al Desnudo<\/title>\n<meta name=\"robots\" content=\"index, follow, max-snippet:-1, max-image-preview:large, max-video-preview:-1\" \/>\n<link rel=\"canonical\" href=\"https:\/\/politicosaldesnudo.com.mx\/index.php\/2023\/07\/18\/condenan-a-expresidente-de-panama-a-10-anos-de-prision-por-blanqueo-de-capitales\/\" \/>\n<meta property=\"og:locale\" content=\"es_ES\" \/>\n<meta property=\"og:type\" content=\"article\" \/>\n<meta property=\"og:title\" content=\"Condenan a expresidente de Panam\u00e1 a 10 a\u00f1os de prisi\u00f3n por blanqueo de capitales - Pol\u00edticos al Desnudo\" \/>\n<meta property=\"og:description\" content=\"&nbsp; PANAM\u00c1, PANAM\u00c1. El expresidente de\u00a0Panam\u00e1, Ricardo Martinelli, quien\u00a0aspira a volver al poder en las elecciones de mayo de 2024, [&hellip;]\" \/>\n<meta property=\"og:url\" content=\"https:\/\/politicosaldesnudo.com.mx\/index.php\/2023\/07\/18\/condenan-a-expresidente-de-panama-a-10-anos-de-prision-por-blanqueo-de-capitales\/\" \/>\n<meta property=\"og:site_name\" content=\"Pol\u00edticos al Desnudo\" \/>\n<meta property=\"article:publisher\" content=\"https:\/\/www.facebook.com\/PoliticosAD\" \/>\n<meta property=\"article:published_time\" content=\"2023-07-18T18:17:24+00:00\" \/>\n<meta property=\"og:image\" content=\"https:\/\/i0.wp.com\/politicosaldesnudo.com.mx\/wp-content\/uploads\/2023\/07\/P-MARTINELLI-PANAMA.png?fit=1816%2C1016&ssl=1\" \/>\n\t<meta property=\"og:image:width\" content=\"1816\" \/>\n\t<meta property=\"og:image:height\" content=\"1016\" \/>\n\t<meta property=\"og:image:type\" content=\"image\/png\" \/>\n<meta name=\"author\" content=\"Redacci\u00f3n Pol\u00edticos\" \/>\n<meta name=\"twitter:card\" content=\"summary_large_image\" \/>\n<meta name=\"twitter:label1\" content=\"Escrito por\" \/>\n\t<meta name=\"twitter:data1\" content=\"Redacci\u00f3n Pol\u00edticos\" \/>\n\t<meta name=\"twitter:label2\" content=\"Tiempo de lectura\" \/>\n\t<meta name=\"twitter:data2\" content=\"2 minutos\" \/>\n<script type=\"application\/ld+json\" class=\"yoast-schema-graph\">{\"@context\":\"https:\\\/\\\/schema.org\",\"@graph\":[{\"@type\":\"Article\",\"@id\":\"https:\\\/\\\/politicosaldesnudo.com.mx\\\/index.php\\\/2023\\\/07\\\/18\\\/condenan-a-expresidente-de-panama-a-10-anos-de-prision-por-blanqueo-de-capitales\\\/#article\",\"isPartOf\":{\"@id\":\"https:\\\/\\\/politicosaldesnudo.com.mx\\\/index.php\\\/2023\\\/07\\\/18\\\/condenan-a-expresidente-de-panama-a-10-anos-de-prision-por-blanqueo-de-capitales\\\/\"},\"author\":{\"name\":\"Redacci\u00f3n Pol\u00edticos\",\"@id\":\"https:\\\/\\\/politicosaldesnudo.com.mx\\\/#\\\/schema\\\/person\\\/ef3a64e561cc3f3f5dc52fab81adde7e\"},\"headline\":\"Condenan a expresidente de Panam\u00e1 a 10 a\u00f1os de prisi\u00f3n por blanqueo de capitales\",\"datePublished\":\"2023-07-18T18:17:24+00:00\",\"mainEntityOfPage\":{\"@id\":\"https:\\\/\\\/politicosaldesnudo.com.mx\\\/index.php\\\/2023\\\/07\\\/18\\\/condenan-a-expresidente-de-panama-a-10-anos-de-prision-por-blanqueo-de-capitales\\\/\"},\"wordCount\":449,\"publisher\":{\"@id\":\"https:\\\/\\\/politicosaldesnudo.com.mx\\\/#organization\"},\"image\":{\"@id\":\"https:\\\/\\\/politicosaldesnudo.com.mx\\\/index.php\\\/2023\\\/07\\\/18\\\/condenan-a-expresidente-de-panama-a-10-anos-de-prision-por-blanqueo-de-capitales\\\/#primaryimage\"},\"thumbnailUrl\":\"https:\\\/\\\/i0.wp.com\\\/politicosaldesnudo.com.mx\\\/wp-content\\\/uploads\\\/2023\\\/07\\\/P-MARTINELLI-PANAMA.png?fit=1816%2C1016&ssl=1\",\"keywords\":[\"BLANQUEO CAPITALES\",\"PANAM\u00c1\",\"RICARDO MARTINELLI\"],\"articleSection\":[\"INTERNACIONAL\"],\"inLanguage\":\"es\"},{\"@type\":\"WebPage\",\"@id\":\"https:\\\/\\\/politicosaldesnudo.com.mx\\\/index.php\\\/2023\\\/07\\\/18\\\/condenan-a-expresidente-de-panama-a-10-anos-de-prision-por-blanqueo-de-capitales\\\/\",\"url\":\"https:\\\/\\\/politicosaldesnudo.com.mx\\\/index.php\\\/2023\\\/07\\\/18\\\/condenan-a-expresidente-de-panama-a-10-anos-de-prision-por-blanqueo-de-capitales\\\/\",\"name\":\"Condenan a expresidente de Panam\u00e1 a 10 a\u00f1os de prisi\u00f3n por blanqueo de capitales - Pol\u00edticos al Desnudo\",\"isPartOf\":{\"@id\":\"https:\\\/\\\/politicosaldesnudo.com.mx\\\/#website\"},\"primaryImageOfPage\":{\"@id\":\"https:\\\/\\\/politicosaldesnudo.com.mx\\\/index.php\\\/2023\\\/07\\\/18\\\/condenan-a-expresidente-de-panama-a-10-anos-de-prision-por-blanqueo-de-capitales\\\/#primaryimage\"},\"image\":{\"@id\":\"https:\\\/\\\/politicosaldesnudo.com.mx\\\/index.php\\\/2023\\\/07\\\/18\\\/condenan-a-expresidente-de-panama-a-10-anos-de-prision-por-blanqueo-de-capitales\\\/#primaryimage\"},\"thumbnailUrl\":\"https:\\\/\\\/i0.wp.com\\\/politicosaldesnudo.com.mx\\\/wp-content\\\/uploads\\\/2023\\\/07\\\/P-MARTINELLI-PANAMA.png?fit=1816%2C1016&ssl=1\",\"datePublished\":\"2023-07-18T18:17:24+00:00\",\"breadcrumb\":{\"@id\":\"https:\\\/\\\/politicosaldesnudo.com.mx\\\/index.php\\\/2023\\\/07\\\/18\\\/condenan-a-expresidente-de-panama-a-10-anos-de-prision-por-blanqueo-de-capitales\\\/#breadcrumb\"},\"inLanguage\":\"es\",\"potentialAction\":[{\"@type\":\"ReadAction\",\"target\":[\"https:\\\/\\\/politicosaldesnudo.com.mx\\\/index.php\\\/2023\\\/07\\\/18\\\/condenan-a-expresidente-de-panama-a-10-anos-de-prision-por-blanqueo-de-capitales\\\/\"]}]},{\"@type\":\"ImageObject\",\"inLanguage\":\"es\",\"@id\":\"https:\\\/\\\/politicosaldesnudo.com.mx\\\/index.php\\\/2023\\\/07\\\/18\\\/condenan-a-expresidente-de-panama-a-10-anos-de-prision-por-blanqueo-de-capitales\\\/#primaryimage\",\"url\":\"https:\\\/\\\/i0.wp.com\\\/politicosaldesnudo.com.mx\\\/wp-content\\\/uploads\\\/2023\\\/07\\\/P-MARTINELLI-PANAMA.png?fit=1816%2C1016&ssl=1\",\"contentUrl\":\"https:\\\/\\\/i0.wp.com\\\/politicosaldesnudo.com.mx\\\/wp-content\\\/uploads\\\/2023\\\/07\\\/P-MARTINELLI-PANAMA.png?fit=1816%2C1016&ssl=1\",\"width\":1816,\"height\":1016},{\"@type\":\"BreadcrumbList\",\"@id\":\"https:\\\/\\\/politicosaldesnudo.com.mx\\\/index.php\\\/2023\\\/07\\\/18\\\/condenan-a-expresidente-de-panama-a-10-anos-de-prision-por-blanqueo-de-capitales\\\/#breadcrumb\",\"itemListElement\":[{\"@type\":\"ListItem\",\"position\":1,\"name\":\"Portada\",\"item\":\"https:\\\/\\\/politicosaldesnudo.com.mx\\\/\"},{\"@type\":\"ListItem\",\"position\":2,\"name\":\"Condenan a expresidente de Panam\u00e1 a 10 a\u00f1os de prisi\u00f3n por blanqueo de capitales\"}]},{\"@type\":\"WebSite\",\"@id\":\"https:\\\/\\\/politicosaldesnudo.com.mx\\\/#website\",\"url\":\"https:\\\/\\\/politicosaldesnudo.com.mx\\\/\",\"name\":\"Pol\u00edticos al Desnudo\",\"description\":\"\",\"publisher\":{\"@id\":\"https:\\\/\\\/politicosaldesnudo.com.mx\\\/#organization\"},\"potentialAction\":[{\"@type\":\"SearchAction\",\"target\":{\"@type\":\"EntryPoint\",\"urlTemplate\":\"https:\\\/\\\/politicosaldesnudo.com.mx\\\/?s={search_term_string}\"},\"query-input\":{\"@type\":\"PropertyValueSpecification\",\"valueRequired\":true,\"valueName\":\"search_term_string\"}}],\"inLanguage\":\"es\"},{\"@type\":\"Organization\",\"@id\":\"https:\\\/\\\/politicosaldesnudo.com.mx\\\/#organization\",\"name\":\"Pol\u00edticos al Desnudo\",\"url\":\"https:\\\/\\\/politicosaldesnudo.com.mx\\\/\",\"logo\":{\"@type\":\"ImageObject\",\"inLanguage\":\"es\",\"@id\":\"https:\\\/\\\/politicosaldesnudo.com.mx\\\/#\\\/schema\\\/logo\\\/image\\\/\",\"url\":\"https:\\\/\\\/i0.wp.com\\\/politicosaldesnudo.com.mx\\\/wp-content\\\/uploads\\\/2026\\\/08\\\/cropped-logo.webp?fit=400%2C126&ssl=1\",\"contentUrl\":\"https:\\\/\\\/i0.wp.com\\\/politicosaldesnudo.com.mx\\\/wp-content\\\/uploads\\\/2026\\\/08\\\/cropped-logo.webp?fit=400%2C126&ssl=1\",\"width\":400,\"height\":126,\"caption\":\"Pol\u00edticos al Desnudo\"},\"image\":{\"@id\":\"https:\\\/\\\/politicosaldesnudo.com.mx\\\/#\\\/schema\\\/logo\\\/image\\\/\"},\"sameAs\":[\"https:\\\/\\\/www.facebook.com\\\/PoliticosAD\"]},{\"@type\":\"Person\",\"@id\":\"https:\\\/\\\/politicosaldesnudo.com.mx\\\/#\\\/schema\\\/person\\\/ef3a64e561cc3f3f5dc52fab81adde7e\",\"name\":\"Redacci\u00f3n Pol\u00edticos\",\"url\":\"https:\\\/\\\/politicosaldesnudo.com.mx\\\/index.php\\\/author\\\/redaccion-politicos\\\/\"}]}<\/script>\n<!-- \/ Yoast SEO plugin. -->","yoast_head_json":{"title":"Condenan a expresidente de Panam\u00e1 a 10 a\u00f1os de prisi\u00f3n por blanqueo de capitales - Pol\u00edticos al Desnudo","robots":{"index":"index","follow":"follow","max-snippet":"max-snippet:-1","max-image-preview":"max-image-preview:large","max-video-preview":"max-video-preview:-1"},"canonical":"https:\/\/politicosaldesnudo.com.mx\/index.php\/2023\/07\/18\/condenan-a-expresidente-de-panama-a-10-anos-de-prision-por-blanqueo-de-capitales\/","og_locale":"es_ES","og_type":"article","og_title":"Condenan a expresidente de Panam\u00e1 a 10 a\u00f1os de prisi\u00f3n por blanqueo de capitales - Pol\u00edticos al Desnudo","og_description":"&nbsp; PANAM\u00c1, PANAM\u00c1. El expresidente de\u00a0Panam\u00e1, Ricardo Martinelli, quien\u00a0aspira a volver al poder en las elecciones de mayo de 2024, [&hellip;]","og_url":"https:\/\/politicosaldesnudo.com.mx\/index.php\/2023\/07\/18\/condenan-a-expresidente-de-panama-a-10-anos-de-prision-por-blanqueo-de-capitales\/","og_site_name":"Pol\u00edticos al Desnudo","article_publisher":"https:\/\/www.facebook.com\/PoliticosAD","article_published_time":"2023-07-18T18:17:24+00:00","og_image":[{"width":1816,"height":1016,"url":"https:\/\/i0.wp.com\/politicosaldesnudo.com.mx\/wp-content\/uploads\/2023\/07\/P-MARTINELLI-PANAMA.png?fit=1816%2C1016&ssl=1","type":"image\/png"}],"author":"Redacci\u00f3n Pol\u00edticos","twitter_card":"summary_large_image","twitter_misc":{"Escrito por":"Redacci\u00f3n Pol\u00edticos","Tiempo de lectura":"2 minutos"},"schema":{"@context":"https:\/\/schema.org","@graph":[{"@type":"Article","@id":"https:\/\/politicosaldesnudo.com.mx\/index.php\/2023\/07\/18\/condenan-a-expresidente-de-panama-a-10-anos-de-prision-por-blanqueo-de-capitales\/#article","isPartOf":{"@id":"https:\/\/politicosaldesnudo.com.mx\/index.php\/2023\/07\/18\/condenan-a-expresidente-de-panama-a-10-anos-de-prision-por-blanqueo-de-capitales\/"},"author":{"name":"Redacci\u00f3n Pol\u00edticos","@id":"https:\/\/politicosaldesnudo.com.mx\/#\/schema\/person\/ef3a64e561cc3f3f5dc52fab81adde7e"},"headline":"Condenan a expresidente de Panam\u00e1 a 10 a\u00f1os de prisi\u00f3n por blanqueo de capitales","datePublished":"2023-07-18T18:17:24+00:00","mainEntityOfPage":{"@id":"https:\/\/politicosaldesnudo.com.mx\/index.php\/2023\/07\/18\/condenan-a-expresidente-de-panama-a-10-anos-de-prision-por-blanqueo-de-capitales\/"},"wordCount":449,"publisher":{"@id":"https:\/\/politicosaldesnudo.com.mx\/#organization"},"image":{"@id":"https:\/\/politicosaldesnudo.com.mx\/index.php\/2023\/07\/18\/condenan-a-expresidente-de-panama-a-10-anos-de-prision-por-blanqueo-de-capitales\/#primaryimage"},"thumbnailUrl":"https:\/\/i0.wp.com\/politicosaldesnudo.com.mx\/wp-content\/uploads\/2023\/07\/P-MARTINELLI-PANAMA.png?fit=1816%2C1016&ssl=1","keywords":["BLANQUEO CAPITALES","PANAM\u00c1","RICARDO MARTINELLI"],"articleSection":["INTERNACIONAL"],"inLanguage":"es"},{"@type":"WebPage","@id":"https:\/\/politicosaldesnudo.com.mx\/index.php\/2023\/07\/18\/condenan-a-expresidente-de-panama-a-10-anos-de-prision-por-blanqueo-de-capitales\/","url":"https:\/\/politicosaldesnudo.com.mx\/index.php\/2023\/07\/18\/condenan-a-expresidente-de-panama-a-10-anos-de-prision-por-blanqueo-de-capitales\/","name":"Condenan a expresidente de Panam\u00e1 a 10 a\u00f1os de prisi\u00f3n por blanqueo de capitales - Pol\u00edticos al Desnudo","isPartOf":{"@id":"https:\/\/politicosaldesnudo.com.mx\/#website"},"primaryImageOfPage":{"@id":"https:\/\/politicosaldesnudo.com.mx\/index.php\/2023\/07\/18\/condenan-a-expresidente-de-panama-a-10-anos-de-prision-por-blanqueo-de-capitales\/#primaryimage"},"image":{"@id":"https:\/\/politicosaldesnudo.com.mx\/index.php\/2023\/07\/18\/condenan-a-expresidente-de-panama-a-10-anos-de-prision-por-blanqueo-de-capitales\/#primaryimage"},"thumbnailUrl":"https:\/\/i0.wp.com\/politicosaldesnudo.com.mx\/wp-content\/uploads\/2023\/07\/P-MARTINELLI-PANAMA.png?fit=1816%2C1016&ssl=1","datePublished":"2023-07-18T18:17:24+00:00","breadcrumb":{"@id":"https:\/\/politicosaldesnudo.com.mx\/index.php\/2023\/07\/18\/condenan-a-expresidente-de-panama-a-10-anos-de-prision-por-blanqueo-de-capitales\/#breadcrumb"},"inLanguage":"es","potentialAction":[{"@type":"ReadAction","target":["https:\/\/politicosaldesnudo.com.mx\/index.php\/2023\/07\/18\/condenan-a-expresidente-de-panama-a-10-anos-de-prision-por-blanqueo-de-capitales\/"]}]},{"@type":"ImageObject","inLanguage":"es","@id":"https:\/\/politicosaldesnudo.com.mx\/index.php\/2023\/07\/18\/condenan-a-expresidente-de-panama-a-10-anos-de-prision-por-blanqueo-de-capitales\/#primaryimage","url":"https:\/\/i0.wp.com\/politicosaldesnudo.com.mx\/wp-content\/uploads\/2023\/07\/P-MARTINELLI-PANAMA.png?fit=1816%2C1016&ssl=1","contentUrl":"https:\/\/i0.wp.com\/politicosaldesnudo.com.mx\/wp-content\/uploads\/2023\/07\/P-MARTINELLI-PANAMA.png?fit=1816%2C1016&ssl=1","width":1816,"height":1016},{"@type":"BreadcrumbList","@id":"https:\/\/politicosaldesnudo.com.mx\/index.php\/2023\/07\/18\/condenan-a-expresidente-de-panama-a-10-anos-de-prision-por-blanqueo-de-capitales\/#breadcrumb","itemListElement":[{"@type":"ListItem","position":1,"name":"Portada","item":"https:\/\/politicosaldesnudo.com.mx\/"},{"@type":"ListItem","position":2,"name":"Condenan a expresidente de Panam\u00e1 a 10 a\u00f1os de prisi\u00f3n por blanqueo de capitales"}]},{"@type":"WebSite","@id":"https:\/\/politicosaldesnudo.com.mx\/#website","url":"https:\/\/politicosaldesnudo.com.mx\/","name":"Pol\u00edticos al Desnudo","description":"","publisher":{"@id":"https:\/\/politicosaldesnudo.com.mx\/#organization"},"potentialAction":[{"@type":"SearchAction","target":{"@type":"EntryPoint","urlTemplate":"https:\/\/politicosaldesnudo.com.mx\/?s={search_term_string}"},"query-input":{"@type":"PropertyValueSpecification","valueRequired":true,"valueName":"search_term_string"}}],"inLanguage":"es"},{"@type":"Organization","@id":"https:\/\/politicosaldesnudo.com.mx\/#organization","name":"Pol\u00edticos al Desnudo","url":"https:\/\/politicosaldesnudo.com.mx\/","logo":{"@type":"ImageObject","inLanguage":"es","@id":"https:\/\/politicosaldesnudo.com.mx\/#\/schema\/logo\/image\/","url":"https:\/\/i0.wp.com\/politicosaldesnudo.com.mx\/wp-content\/uploads\/2026\/08\/cropped-logo.webp?fit=400%2C126&ssl=1","contentUrl":"https:\/\/i0.wp.com\/politicosaldesnudo.com.mx\/wp-content\/uploads\/2026\/08\/cropped-logo.webp?fit=400%2C126&ssl=1","width":400,"height":126,"caption":"Pol\u00edticos al Desnudo"},"image":{"@id":"https:\/\/politicosaldesnudo.com.mx\/#\/schema\/logo\/image\/"},"sameAs":["https:\/\/www.facebook.com\/PoliticosAD"]},{"@type":"Person","@id":"https:\/\/politicosaldesnudo.com.mx\/#\/schema\/person\/ef3a64e561cc3f3f5dc52fab81adde7e","name":"Redacci\u00f3n Pol\u00edticos","url":"https:\/\/politicosaldesnudo.com.mx\/index.php\/author\/redaccion-politicos\/"}]}},"jetpack_publicize_connections":[],"jetpack-related-posts":[{"id":87594,"url":"https:\/\/politicosaldesnudo.com.mx\/index.php\/2026\/08\/10\/la-prision-de-aguirre-puede-alcanzar-a-pena-nieto-y-a-calderon\/","url_meta":{"origin":22376,"position":0},"title":"La prisi\u00f3n de Aguirre puede alcanzar a Pe\u00f1a Nieto y a Calder\u00f3n","author":"Redacci\u00f3n Pol\u00edticos","date":"10 de agosto de 2026","format":false,"excerpt":"Por: Jos\u00e9 Lima Cobos En tanto el \u201cgusano\u201d mayor de Cuba en EEUU, Marco Rubio, secretario de Estado de ese pa\u00eds, amenaza con apretar cada d\u00eda m\u00e1s la soga que tiene desde hace m\u00e1s de sesenta a\u00f1os el pueblo cubano en su cuello, a efecto de hacer que se arrodille\u2026","rel":"","context":"En \u00abOPINI\u00d3N\u00bb","block_context":{"text":"OPINI\u00d3N","link":"https:\/\/politicosaldesnudo.com.mx\/index.php\/category\/columnistas\/"},"img":{"alt_text":"","src":"https:\/\/i0.wp.com\/politicosaldesnudo.com.mx\/wp-content\/uploads\/2026\/01\/BANNER-LIMA-COBOS.jpg?fit=533%2C297&ssl=1&resize=350%2C200","width":350,"height":200,"srcset":"https:\/\/i0.wp.com\/politicosaldesnudo.com.mx\/wp-content\/uploads\/2026\/01\/BANNER-LIMA-COBOS.jpg?fit=533%2C297&ssl=1&resize=350%2C200 1x, https:\/\/i0.wp.com\/politicosaldesnudo.com.mx\/wp-content\/uploads\/2026\/01\/BANNER-LIMA-COBOS.jpg?fit=533%2C297&ssl=1&resize=525%2C300 1.5x"},"classes":[]},{"id":18767,"url":"https:\/\/politicosaldesnudo.com.mx\/index.php\/2023\/04\/24\/ricardo-monreal-apoya-a-todos-menos-a-morena\/","url_meta":{"origin":22376,"position":1},"title":"Ricardo Monreal apoya a todos menos a Morena","author":"Redacci\u00f3n Pol\u00edticos","date":"24 de abril de 2023","format":false,"excerpt":"\u00a0 <<Larga lista de errores, corruptelas, trampas, traiciones condenan al zacatecano a perder liderazgo>> \u00a0 \u00a0 Por \u00c1ngel \u00c1lvaro Pe\u00f1a Ricardo Monreal ha dejado de ocupar los espacios principales en los medios, por fin entendi\u00f3 que su liderazgo no s\u00f3lo era ficticio porque ocupaba espacios privilegiados a veces por convenio\u2026","rel":"","context":"En \u00abNACIONAL\u00bb","block_context":{"text":"NACIONAL","link":"https:\/\/politicosaldesnudo.com.mx\/index.php\/category\/nacional\/"},"img":{"alt_text":"","src":"https:\/\/i0.wp.com\/politicosaldesnudo.com.mx\/wp-content\/uploads\/2023\/04\/P-MONREAL-3.png?fit=1200%2C671&ssl=1&resize=350%2C200","width":350,"height":200,"srcset":"https:\/\/i0.wp.com\/politicosaldesnudo.com.mx\/wp-content\/uploads\/2023\/04\/P-MONREAL-3.png?fit=1200%2C671&ssl=1&resize=350%2C200 1x, https:\/\/i0.wp.com\/politicosaldesnudo.com.mx\/wp-content\/uploads\/2023\/04\/P-MONREAL-3.png?fit=1200%2C671&ssl=1&resize=525%2C300 1.5x, https:\/\/i0.wp.com\/politicosaldesnudo.com.mx\/wp-content\/uploads\/2023\/04\/P-MONREAL-3.png?fit=1200%2C671&ssl=1&resize=700%2C400 2x, https:\/\/i0.wp.com\/politicosaldesnudo.com.mx\/wp-content\/uploads\/2023\/04\/P-MONREAL-3.png?fit=1200%2C671&ssl=1&resize=1050%2C600 3x"},"classes":[]},{"id":88250,"url":"https:\/\/politicosaldesnudo.com.mx\/index.php\/2026\/09\/01\/familiares-de-lopez-obrador-ocupan-cargos-en-el-gobierno-de-veracruz-ahued-descarta-irregularidades\/","url_meta":{"origin":22376,"position":2},"title":"Familiares de L\u00f3pez Obrador ocupan cargos en el Gobierno de Veracruz; Ahued descarta irregularidades","author":"Redacci\u00f3n Pol\u00edticos","date":"1 de septiembre de 2026","format":false,"excerpt":"Tres sobrinos del expresidente Andr\u00e9s Manuel L\u00f3pez Obrador y el esposo de una de ellos forman parte de la administraci\u00f3n p\u00fablica de Veracruz, confirm\u00f3 el secretario de Gobierno estatal, Ricardo Ahued Bardahuil. Se trata de los hijos de Arturo L\u00f3pez Obrador, hermano del exmandatario federal, quienes desempe\u00f1an diferentes responsabilidades dentro\u2026","rel":"","context":"En \u00abESTADOS\u00bb","block_context":{"text":"ESTADOS","link":"https:\/\/politicosaldesnudo.com.mx\/index.php\/category\/estados\/"},"img":{"alt_text":"","src":"https:\/\/i0.wp.com\/politicosaldesnudo.com.mx\/wp-content\/uploads\/2026\/09\/ChatGPT-Image-2-sept-2026-00_30_01.png?fit=1200%2C675&ssl=1&resize=350%2C200","width":350,"height":200,"srcset":"https:\/\/i0.wp.com\/politicosaldesnudo.com.mx\/wp-content\/uploads\/2026\/09\/ChatGPT-Image-2-sept-2026-00_30_01.png?fit=1200%2C675&ssl=1&resize=350%2C200 1x, https:\/\/i0.wp.com\/politicosaldesnudo.com.mx\/wp-content\/uploads\/2026\/09\/ChatGPT-Image-2-sept-2026-00_30_01.png?fit=1200%2C675&ssl=1&resize=525%2C300 1.5x, https:\/\/i0.wp.com\/politicosaldesnudo.com.mx\/wp-content\/uploads\/2026\/09\/ChatGPT-Image-2-sept-2026-00_30_01.png?fit=1200%2C675&ssl=1&resize=700%2C400 2x, https:\/\/i0.wp.com\/politicosaldesnudo.com.mx\/wp-content\/uploads\/2026\/09\/ChatGPT-Image-2-sept-2026-00_30_01.png?fit=1200%2C675&ssl=1&resize=1050%2C600 3x"},"classes":[]},{"id":87839,"url":"https:\/\/politicosaldesnudo.com.mx\/index.php\/2026\/08\/17\/exjefe-de-seguridad-de-sinaloa-sale-de-prision-en-eu-su-proceso-por-presuntos-nexos-con-los-chapitos-continua\/","url_meta":{"origin":22376,"position":3},"title":"Exjefe de Seguridad de Sinaloa sale de prisi\u00f3n en EU; su proceso por presuntos nexos con Los Chapitos contin\u00faa","author":"Redacci\u00f3n Pol\u00edticos","date":"17 de agosto de 2026","format":false,"excerpt":"Gerardo M\u00e9rida S\u00e1nchez, exsecretario de Seguridad P\u00fablica de Sinaloa durante el gobierno de Rub\u00e9n Rocha Moya, dej\u00f3 la prisi\u00f3n federal de Brooklyn en la que permanec\u00eda recluido mientras enfrenta un proceso en Estados Unidos por presuntos v\u00ednculos con el C\u00e1rtel de Sinaloa. Registros del Bur\u00f3 Federal de Prisiones (BOP) indican\u2026","rel":"","context":"En \u00abINTERNACIONAL\u00bb","block_context":{"text":"INTERNACIONAL","link":"https:\/\/politicosaldesnudo.com.mx\/index.php\/category\/internacional\/"},"img":{"alt_text":"","src":"https:\/\/i0.wp.com\/politicosaldesnudo.com.mx\/wp-content\/uploads\/2026\/08\/gerardo-merida-sanchez-presento-su-renuncia-como-secretario-de-seguridad-en-sinaloa.jpg?fit=1200%2C680&ssl=1&resize=350%2C200","width":350,"height":200,"srcset":"https:\/\/i0.wp.com\/politicosaldesnudo.com.mx\/wp-content\/uploads\/2026\/08\/gerardo-merida-sanchez-presento-su-renuncia-como-secretario-de-seguridad-en-sinaloa.jpg?fit=1200%2C680&ssl=1&resize=350%2C200 1x, https:\/\/i0.wp.com\/politicosaldesnudo.com.mx\/wp-content\/uploads\/2026\/08\/gerardo-merida-sanchez-presento-su-renuncia-como-secretario-de-seguridad-en-sinaloa.jpg?fit=1200%2C680&ssl=1&resize=525%2C300 1.5x, https:\/\/i0.wp.com\/politicosaldesnudo.com.mx\/wp-content\/uploads\/2026\/08\/gerardo-merida-sanchez-presento-su-renuncia-como-secretario-de-seguridad-en-sinaloa.jpg?fit=1200%2C680&ssl=1&resize=700%2C400 2x, https:\/\/i0.wp.com\/politicosaldesnudo.com.mx\/wp-content\/uploads\/2026\/08\/gerardo-merida-sanchez-presento-su-renuncia-como-secretario-de-seguridad-en-sinaloa.jpg?fit=1200%2C680&ssl=1&resize=1050%2C600 3x"},"classes":[]},{"id":88173,"url":"https:\/\/politicosaldesnudo.com.mx\/index.php\/2026\/08\/30\/dea-mantiene-abierta-la-ruta-para-decomisar-mas-bienes-ligados-a-garcia-luna\/","url_meta":{"origin":22376,"position":4},"title":"DEA mantiene abierta la ruta para decomisar m\u00e1s bienes ligados a Garc\u00eda Luna","author":"Redacci\u00f3n Pol\u00edticos","date":"30 de agosto de 2026","format":false,"excerpt":"La condena contra Genaro Garc\u00eda Luna no puso punto final a las acciones judiciales en Estados Unidos. La Administraci\u00f3n para el Control de Drogas (DEA) asegur\u00f3 que todav\u00eda existen procedimientos pendientes para localizar y recuperar otros activos relacionados con el exsecretario de Seguridad P\u00fablica de M\u00e9xico. Terrance Cole, director de\u2026","rel":"","context":"En \u00abNACIONAL\u00bb","block_context":{"text":"NACIONAL","link":"https:\/\/politicosaldesnudo.com.mx\/index.php\/category\/nacional\/"},"img":{"alt_text":"","src":"https:\/\/i0.wp.com\/politicosaldesnudo.com.mx\/wp-content\/uploads\/2026\/08\/GARCIA-LUNA.png?fit=1200%2C675&ssl=1&resize=350%2C200","width":350,"height":200,"srcset":"https:\/\/i0.wp.com\/politicosaldesnudo.com.mx\/wp-content\/uploads\/2026\/08\/GARCIA-LUNA.png?fit=1200%2C675&ssl=1&resize=350%2C200 1x, https:\/\/i0.wp.com\/politicosaldesnudo.com.mx\/wp-content\/uploads\/2026\/08\/GARCIA-LUNA.png?fit=1200%2C675&ssl=1&resize=525%2C300 1.5x, https:\/\/i0.wp.com\/politicosaldesnudo.com.mx\/wp-content\/uploads\/2026\/08\/GARCIA-LUNA.png?fit=1200%2C675&ssl=1&resize=700%2C400 2x, https:\/\/i0.wp.com\/politicosaldesnudo.com.mx\/wp-content\/uploads\/2026\/08\/GARCIA-LUNA.png?fit=1200%2C675&ssl=1&resize=1050%2C600 3x"},"classes":[]},{"id":87980,"url":"https:\/\/politicosaldesnudo.com.mx\/index.php\/2026\/08\/22\/prision-preventiva-para-presunto-implicado-en-la-desaparicion-de-wendy-y-karime-en-poza-rica\/","url_meta":{"origin":22376,"position":5},"title":"Prisi\u00f3n preventiva para presunto implicado en la desaparici\u00f3n de Wendy y Karime en Poza Rica","author":"Redacci\u00f3n Pol\u00edticos","date":"22 de agosto de 2026","format":false,"excerpt":"A m\u00e1s de siete meses de que Wendy Arantxa Portilla Ramos y Karime Monserrat Murrieta Res\u00e9ndiz desaparecieran en Poza Rica, la Fiscal\u00eda General del Estado de Veracruz inform\u00f3 sobre la detenci\u00f3n e imputaci\u00f3n de un hombre presuntamente relacionado con el caso. El acusado fue identificado como El\u00edas \u201cN\u201d, tambi\u00e9n conocido\u2026","rel":"","context":"En \u00abESTADOS\u00bb","block_context":{"text":"ESTADOS","link":"https:\/\/politicosaldesnudo.com.mx\/index.php\/category\/estados\/"},"img":{"alt_text":"","src":"https:\/\/i0.wp.com\/politicosaldesnudo.com.mx\/wp-content\/uploads\/2026\/08\/poza.png?fit=1200%2C675&ssl=1&resize=350%2C200","width":350,"height":200,"srcset":"https:\/\/i0.wp.com\/politicosaldesnudo.com.mx\/wp-content\/uploads\/2026\/08\/poza.png?fit=1200%2C675&ssl=1&resize=350%2C200 1x, https:\/\/i0.wp.com\/politicosaldesnudo.com.mx\/wp-content\/uploads\/2026\/08\/poza.png?fit=1200%2C675&ssl=1&resize=525%2C300 1.5x, https:\/\/i0.wp.com\/politicosaldesnudo.com.mx\/wp-content\/uploads\/2026\/08\/poza.png?fit=1200%2C675&ssl=1&resize=700%2C400 2x, https:\/\/i0.wp.com\/politicosaldesnudo.com.mx\/wp-content\/uploads\/2026\/08\/poza.png?fit=1200%2C675&ssl=1&resize=1050%2C600 3x"},"classes":[]}],"jetpack_sharing_enabled":true,"jetpack_featured_media_url":"https:\/\/i0.wp.com\/politicosaldesnudo.com.mx\/wp-content\/uploads\/2023\/07\/P-MARTINELLI-PANAMA.png?fit=1816%2C1016&ssl=1","_links":{"self":[{"href":"https:\/\/politicosaldesnudo.com.mx\/index.php\/wp-json\/wp\/v2\/posts\/22376","targetHints":{"allow":["GET"]}}],"collection":[{"href":"https:\/\/politicosaldesnudo.com.mx\/index.php\/wp-json\/wp\/v2\/posts"}],"about":[{"href":"https:\/\/politicosaldesnudo.com.mx\/index.php\/wp-json\/wp\/v2\/types\/post"}],"author":[{"embeddable":true,"href":"https:\/\/politicosaldesnudo.com.mx\/index.php\/wp-json\/wp\/v2\/users\/4"}],"replies":[{"embeddable":true,"href":"https:\/\/politicosaldesnudo.com.mx\/index.php\/wp-json\/wp\/v2\/comments?post=22376"}],"version-history":[{"count":0,"href":"https:\/\/politicosaldesnudo.com.mx\/index.php\/wp-json\/wp\/v2\/posts\/22376\/revisions"}],"wp:featuredmedia":[{"embeddable":true,"href":"https:\/\/politicosaldesnudo.com.mx\/index.php\/wp-json\/wp\/v2\/media\/22377"}],"wp:attachment":[{"href":"https:\/\/politicosaldesnudo.com.mx\/index.php\/wp-json\/wp\/v2\/media?parent=22376"}],"wp:term":[{"taxonomy":"category","embeddable":true,"href":"https:\/\/politicosaldesnudo.com.mx\/index.php\/wp-json\/wp\/v2\/categories?post=22376"},{"taxonomy":"post_tag","embeddable":true,"href":"https:\/\/politicosaldesnudo.com.mx\/index.php\/wp-json\/wp\/v2\/tags?post=22376"}],"curies":[{"name":"wp","href":"https:\/\/api.w.org\/{rel}","templated":true}]}}