{"id":22402,"date":"2023-07-19T04:40:24","date_gmt":"2023-07-19T09:40:24","guid":{"rendered":"https:\/\/politicosaldesnudo.com.mx\/?p=22402"},"modified":"2023-07-20T09:01:38","modified_gmt":"2023-07-20T14:01:38","slug":"mc-o-se-alia-a-la-oposicion-o-pierde-dirigentes","status":"publish","type":"post","link":"https:\/\/politicosaldesnudo.com.mx\/index.php\/2023\/07\/19\/mc-o-se-alia-a-la-oposicion-o-pierde-dirigentes\/","title":{"rendered":"MC: o se al\u00eda a la oposici\u00f3n o pierde dirigentes"},"content":{"rendered":"<p>&nbsp;<\/p>\n<p class=\"p1\"><span style=\"font-size: 18pt;\"><strong>Por Jos\u00e9 Ure\u00f1a<\/strong><\/span><\/p>\n<p class=\"p1\"><span style=\"font-size: 14pt;\">Dante Delgado sabr\u00e1 qu\u00e9 hacer. Cre\u00f3 la desaparecida Convergencia y tiene el nieto de aquel esfuerzo nacido del odio hacia Ernesto Zedillo, Movimiento Ciudadano (MC).<\/span><\/p>\n<p class=\"p1\"><span style=\"font-size: 14pt;\">Ha conseguido mucho.<\/span><\/p>\n<p class=\"p1\"><span style=\"font-size: 14pt;\">En primera instancia, la alcald\u00eda de Oaxaca.<\/span><\/p>\n<p class=\"p1\"><span style=\"font-size: 14pt;\">Luego el gobierno oaxaque\u00f1o de Gabino Cu\u00e9 Monteagudo, a quien luego de promoverlo Andr\u00e9s Manuel L\u00f3pez Obrador catalog\u00f3 como traidor.<\/span><\/p>\n<p class=\"p1\"><span style=\"font-size: 14pt;\">Hoy Gabino est\u00e1 desaparecido de la pol\u00edtica. A aquellas conquistas han seguido varias alcald\u00edas, diputaciones, senadur\u00edas y dos gobiernos estatales vigentes, el jalisciense con Enrique Alfaro y el nuevoleon\u00e9s con Samuel Garc\u00eda.<\/span><\/p>\n<p class=\"p1\"><span style=\"font-size: 14pt;\">Sobre ellos gira la insistente negativa de Delgado a unirse al bloque oficialista a Morena-PVEM-PT o a la oposici\u00f3n PAN-PRI-PRD-organizaciones sociales.<\/span><\/p>\n<p class=\"p1\"><span style=\"font-size: 14pt;\">Estos representan, dicen el veracruzano y su merolico Salom\u00f3n Chertorivski, la corrupci\u00f3n del pasado y con ellos no van ni a la esquina.<\/span><\/p>\n<p class=\"p1\"><span style=\"font-size: 14pt;\">Pero, historia suya, ellos representan esa historia, ese desprestigio y esa corrupci\u00f3n porque provienen de aquel pasado, cuando Dante fue presidente del PRI veracruzano y gobernador de Veracruz bajo ese signo tricolor.<\/span><\/p>\n<p>&nbsp;<\/p>\n<p class=\"p1\"><span style=\"font-size: 18pt; color: #139eca;\"><strong>JALISCO EST\u00c1 PERDIDO<\/strong><\/span><\/p>\n<p class=\"p1\"><span style=\"font-size: 14pt;\">Pero el tema es otro. Mientras la c\u00fapula emecista se lanza contra la oposici\u00f3n, gran parte de su militancia ha comenzado la emigraci\u00f3n hacia la oposici\u00f3n despreciada y criticada por Dante Delgado y Salom\u00f3n Chertorivski.<\/span><\/p>\n<p class=\"p1\"><span style=\"font-size: 14pt;\">La primera rebeli\u00f3n la escenific\u00f3 el gobernador de Jalisco, Enrique Alfaro, un estado donde no hay identificaci\u00f3n con Movimiento Ciudadano, sino con su gobernador.<\/span><\/p>\n<p class=\"p1\"><span style=\"font-size: 14pt;\">Son claves \u00e9l y su escudero en el Senado de la Rep\u00fablica, el coordinador Clemente Casta\u00f1eda, quien ha sido fundamental para incrementar la bancada y negociar la incorporaci\u00f3n de los cuatro tr\u00e1nsfugas priistas.<\/span><\/p>\n<p class=\"p1\"><span style=\"font-size: 14pt;\">Los dos saben, tanto como el coordinador del grupo emecista en la C\u00e1mara de Diputados, Jorge \u00c1lvarez Maynez, de su fuerza para retener la gubernatura.<\/span><\/p>\n<p class=\"p1\"><span style=\"font-size: 14pt;\">Sin ellos MC est\u00e1 perdido y Morena engullir\u00e1 a Jalisco en 2024, y justo en esas tendencias est\u00e1 su fuerza para someter a Dante Delgado y su presi\u00f3n.<\/span><\/p>\n<p class=\"p1\"><span style=\"font-size: 14pt;\">Pero hay m\u00e1s: decenas de dirigentes de Movimiento Ciudadano en estados y municipios comienzan a respaldar no tanto al <i>Frente Amplio por M\u00e9xico<\/i>, sino a X\u00f3chitl G\u00e1lvez.<\/span><\/p>\n<p class=\"p1\"><span style=\"font-size: 14pt;\">\u00a1Ah caray! Aqu\u00ed est\u00e1 la nota y tal vez el destino de las elecciones presidenciales y del destino del pa\u00eds para el a\u00f1o pr\u00f3ximo.<\/span><\/p>\n<p>&nbsp;<\/p>\n<p class=\"p1\"><span style=\"font-size: 18pt; color: #139eca;\"><strong>SANDRA LLEGA TARDE<\/strong><\/span><\/p>\n<p class=\"p1\"><span style=\"font-size: 14pt;\">Sandra Cuevas lo ha decidido tarde. Ha comenzado una serie de pl\u00e1ticas con los dirigentes de los partidos de oposici\u00f3n, el priista Alejandro Moreno, el panista Marko Cort\u00e9s y el perredista Jes\u00fas Zambrano. <\/span><span style=\"font-size: 14pt;\">\u00bfQu\u00e9 desea?<\/span><\/p>\n<p class=\"p1\"><span style=\"font-size: 14pt;\">Ser candidata a jefa de Gobierno de la Ciudad de M\u00e9xico porque su imagen es magn\u00edfica en la capital, sobre todo por sus enfrentamientos con Claudia Sheinbaum.<\/span><\/p>\n<p class=\"p1\"><span style=\"font-size: 14pt;\">\u00bfQu\u00e9 ha encontrado? <\/span><span style=\"font-size: 14pt;\">Respuestas no muy favorables. <\/span><span style=\"font-size: 14pt;\">-Pues lucha -le contestan.<\/span><\/p>\n<p class=\"p1\"><span style=\"font-size: 14pt;\">Sin ser promotores de ella, vale la pena un dato: hay muchos lugares morenistas como Iztapalapa donde Sandra Cuevas tiene magn\u00edfica imagen.<\/span><\/p>\n<p class=\"p1\"><span style=\"font-size: 14pt;\">Nada nuevo porque los negativos de Claudia Sheinbaum y Clara Brugada superan los positivos y por lo tanto puede penetrar con muchas posibilidades de victoria.<\/span><\/p>\n<p class=\"p1\"><span style=\"font-size: 14pt;\">Pero no le ser\u00e1 f\u00e1cil superar la contienda interna del<i> Frente Amplio por M\u00e9xico<\/i>, porque ah\u00ed es mano el panista Santiago Taboada, en quien han puesto sus esperanzas Marko Cort\u00e9s y toda la nomenclatura panista.<\/span><\/p>\n<p>&nbsp;<\/p>\n<hr \/>\n<p>&nbsp;<\/p>\n<p><img data-recalc-dims=\"1\" loading=\"lazy\" decoding=\"async\" class=\"aligncenter wp-image-14351 size-large\" src=\"https:\/\/i0.wp.com\/politicosaldesnudo.com.mx\/wp-content\/uploads\/2023\/01\/FIRMA-EDITORIAL-PD-1024x125.png?resize=800%2C98&#038;ssl=1\" alt=\"\" width=\"800\" height=\"98\" srcset=\"https:\/\/i0.wp.com\/politicosaldesnudo.com.mx\/wp-content\/uploads\/2023\/01\/FIRMA-EDITORIAL-PD.png?resize=1024%2C125&amp;ssl=1 1024w, https:\/\/i0.wp.com\/politicosaldesnudo.com.mx\/wp-content\/uploads\/2023\/01\/FIRMA-EDITORIAL-PD.png?resize=300%2C37&amp;ssl=1 300w, https:\/\/i0.wp.com\/politicosaldesnudo.com.mx\/wp-content\/uploads\/2023\/01\/FIRMA-EDITORIAL-PD.png?resize=768%2C94&amp;ssl=1 768w, https:\/\/i0.wp.com\/politicosaldesnudo.com.mx\/wp-content\/uploads\/2023\/01\/FIRMA-EDITORIAL-PD.png?resize=1536%2C188&amp;ssl=1 1536w, https:\/\/i0.wp.com\/politicosaldesnudo.com.mx\/wp-content\/uploads\/2023\/01\/FIRMA-EDITORIAL-PD.png?resize=2048%2C250&amp;ssl=1 2048w, https:\/\/i0.wp.com\/politicosaldesnudo.com.mx\/wp-content\/uploads\/2023\/01\/FIRMA-EDITORIAL-PD.png?w=1600&amp;ssl=1 1600w, https:\/\/i0.wp.com\/politicosaldesnudo.com.mx\/wp-content\/uploads\/2023\/01\/FIRMA-EDITORIAL-PD.png?w=2400&amp;ssl=1 2400w\" sizes=\"auto, (max-width: 800px) 100vw, 800px\" \/><\/p>\n<p>&nbsp;<\/p>\n<p>&nbsp;<\/p>\n<p>&nbsp;<\/p>\n<p>&nbsp;<\/p>\n","protected":false},"excerpt":{"rendered":"<p>&nbsp; Por Jos\u00e9 Ure\u00f1a Dante Delgado sabr\u00e1 qu\u00e9 hacer. Cre\u00f3 la desaparecida Convergencia y tiene el nieto de aquel esfuerzo<\/p>\n","protected":false},"author":4,"featured_media":4036,"comment_status":"closed","ping_status":"closed","sticky":false,"template":"","format":"standard","meta":{"colormag_page_container_layout":"default_layout","colormag_page_sidebar_layout":"default_layout","_jetpack_memberships_contains_paid_content":false,"footnotes":"","jetpack_publicize_message":"","jetpack_publicize_feature_enabled":true,"jetpack_social_post_already_shared":false,"jetpack_social_options":{"image_generator_settings":{"template":"highway","default_image_id":0,"font":"","enabled":false},"version":2}},"categories":[26],"tags":[],"class_list":["post-22402","post","type-post","status-publish","format-standard","has-post-thumbnail","hentry","category-columnistas"],"jetpack_publicize_connections":[],"jetpack_featured_media_url":"https:\/\/i0.wp.com\/politicosaldesnudo.com.mx\/wp-content\/uploads\/2022\/04\/JOSE%CC%81-UREN%CC%83A-1.png?fit=1816%2C1016&ssl=1","jetpack-related-posts":[],"jetpack_sharing_enabled":true,"_links":{"self":[{"href":"https:\/\/politicosaldesnudo.com.mx\/index.php\/wp-json\/wp\/v2\/posts\/22402","targetHints":{"allow":["GET"]}}],"collection":[{"href":"https:\/\/politicosaldesnudo.com.mx\/index.php\/wp-json\/wp\/v2\/posts"}],"about":[{"href":"https:\/\/politicosaldesnudo.com.mx\/index.php\/wp-json\/wp\/v2\/types\/post"}],"author":[{"embeddable":true,"href":"https:\/\/politicosaldesnudo.com.mx\/index.php\/wp-json\/wp\/v2\/users\/4"}],"replies":[{"embeddable":true,"href":"https:\/\/politicosaldesnudo.com.mx\/index.php\/wp-json\/wp\/v2\/comments?post=22402"}],"version-history":[{"count":0,"href":"https:\/\/politicosaldesnudo.com.mx\/index.php\/wp-json\/wp\/v2\/posts\/22402\/revisions"}],"wp:featuredmedia":[{"embeddable":true,"href":"https:\/\/politicosaldesnudo.com.mx\/index.php\/wp-json\/wp\/v2\/media\/4036"}],"wp:attachment":[{"href":"https:\/\/politicosaldesnudo.com.mx\/index.php\/wp-json\/wp\/v2\/media?parent=22402"}],"wp:term":[{"taxonomy":"category","embeddable":true,"href":"https:\/\/politicosaldesnudo.com.mx\/index.php\/wp-json\/wp\/v2\/categories?post=22402"},{"taxonomy":"post_tag","embeddable":true,"href":"https:\/\/politicosaldesnudo.com.mx\/index.php\/wp-json\/wp\/v2\/tags?post=22402"}],"curies":[{"name":"wp","href":"https:\/\/api.w.org\/{rel}","templated":true}]}}