{"id":22429,"date":"2023-07-20T06:00:54","date_gmt":"2023-07-20T11:00:54","guid":{"rendered":"https:\/\/politicosaldesnudo.com.mx\/?p=22429"},"modified":"2023-07-20T09:14:34","modified_gmt":"2023-07-20T14:14:34","slug":"la-oposicion-copia-la-estrategia-electoral-oficial","status":"publish","type":"post","link":"https:\/\/politicosaldesnudo.com.mx\/index.php\/2023\/07\/20\/la-oposicion-copia-la-estrategia-electoral-oficial\/","title":{"rendered":"La oposici\u00f3n copia la estrategia electoral oficial"},"content":{"rendered":"<p>&nbsp;<\/p>\n<p class=\"p1\"><span style=\"font-size: 18pt;\"><strong>Por Jos\u00e9 Ure\u00f1a<\/strong><\/span><\/p>\n<p class=\"p1\"><span style=\"font-size: 14pt;\">De repente la oposici\u00f3n gan\u00f3 la estrategia. El Gobierno, su partido y sus candidatos han utilizado las encuestas como instrumento de campa\u00f1as para posicionarse y ganar elecciones.<\/span><\/p>\n<p class=\"p1\"><span style=\"font-size: 14pt;\">Les dio magn\u00edficos resultados en el Estado de M\u00e9xico, donde Delfina G\u00f3mez se posicion\u00f3 a lo largo de los meses y gan\u00f3 con una campa\u00f1a discreta.<\/span><\/p>\n<p class=\"p1\"><span style=\"font-size: 14pt;\">Lo denunci\u00f3 la priista Alejandra del Moral, quien acus\u00f3 compra de firmas demosc\u00f3picas, pero su discurso lleg\u00f3 demasiado tarde.<\/span><\/p>\n<p class=\"p1\"><span style=\"font-size: 14pt;\">La mayor\u00eda de la gente hab\u00eda asimilado la lluvia de n\u00fameros y daba por descontada la derrota de la oposici\u00f3n y la victoria del oficialismo.<\/span><\/p>\n<p class=\"p1\"><span style=\"font-size: 14pt;\">Del Moral fue espec\u00edfica: El prop\u00f3sito era desincentivar la participaci\u00f3n ciudadana porque a fin de cuentas su voto ya ser\u00eda intrascendente el domingo 4 de junio.<\/span><\/p>\n<p class=\"p1\"><span style=\"font-size: 14pt;\">En apoyo de esa traza se combinaron factores clave como la falta de coordinaci\u00f3n con partidos aliados, en especial los panistas y l\u00edderes como Enrique Vargas.<\/span><\/p>\n<p class=\"p1\"><span style=\"font-size: 14pt;\">Los resultados electorales en el llamado \u201ccorredor azul\u201d ilustran este retraimiento y la ausencia en urnas de militantes y simpatizantes panistas.<\/span><\/p>\n<p>&nbsp;<\/p>\n<p class=\"p1\"><span style=\"font-size: 18pt; color: #139eca;\"><strong>M\u00c1S GUERRA CONTRA X\u00d3CHITL<\/strong><\/span><\/p>\n<p class=\"p1\"><span style=\"font-size: 14pt;\">Las cosas han cambiado. Algunas encuestadoras como M\u00e9xico Elige han colocado a X\u00f3chitl G\u00e1lvez muy cerca de Claudia Sheinbaum en la intenci\u00f3n del voto.<\/span><\/p>\n<p class=\"p1\"><span style=\"font-size: 14pt;\">Eso cala porque salpica a la corcholata favorita del poder y de inmediato desde Palacio Nacional se dio la orden de descalificar a quienes advierten competencia real.<\/span><\/p>\n<p class=\"p1\"><span style=\"font-size: 14pt;\">Se dijo as\u00ed ayer: \u201c\u2026los publicistas de la Se\u00f1ora X (identidad despectiva hacia X\u00f3chitl G\u00e1lvez) difunden una encuesta que la pone por los cielos, a s\u00f3lo un pasito del para\u00edso, y todos los medios la difunden como un acontecimiento cuando lo que en realidad esconden es que se trata de una estrategia publicitaria\u201d.<\/span><\/p>\n<p class=\"p1\"><span style=\"font-size: 14pt;\">El INE de Guadalupe Taddei y el Tribunal Electoral de Reyes Rodr\u00edguez Mondrag\u00f3n debieran prohibir esta injerencia del Poder Ejecutivo y con recursos p\u00fablicos en las elecciones.<\/span><\/p>\n<p class=\"p1\"><span style=\"font-size: 14pt;\">La mercadotecnia ma\u00f1anera fue m\u00e1s lejos: acus\u00f3 a quienes asesoran a X\u00f3chitl G\u00e1lvez como antes denost\u00f3 a quienes celebran contratos con sus empresas:<\/span><\/p>\n<p class=\"p1\"><span style=\"font-size: 14pt;\">\u201c\u2026uno de los due\u00f1os de M\u00e9xico Elige, cuyo nombre es Aldo Hiram Campuzano Rivera, acaba de integrarse como publicista de la Se\u00f1ora X la semana pasada\u201d.<\/span><\/p>\n<p class=\"p1\"><span style=\"font-size: 14pt;\">\u00bfAcaso se va a perseguir hasta a los asesores de la oposici\u00f3n?<\/span><\/p>\n<p>&nbsp;<\/p>\n<p class=\"p1\"><span style=\"font-size: 18pt; color: #139eca;\"><strong>CIFRAS DEL CRIMEN EN CDMX<\/strong><\/span><\/p>\n<p class=\"p1\"><span style=\"font-size: 14pt;\">Los n\u00fameros asustan: M\u00e9xico rebas\u00f3 las 161 mil ejecuciones durante el presente sexenio, cifra muy superior a la de las tres administraciones federales previas.<\/span><\/p>\n<p class=\"p1\"><span style=\"font-size: 14pt;\">El equipo de Marcelo Ebrard ha procesado tambi\u00e9n las estad\u00edsticas en la capital del pa\u00eds y las presentan como uno de los logros del aspirante presidencial.<\/span><\/p>\n<p class=\"p1\"><span style=\"font-size: 14pt;\">En los primeros 53 meses del gobierno de Andr\u00e9s Manuel L\u00f3pez Obrador se contabilizaron oficialmente tres mil 251 asesinatos.<\/span><\/p>\n<p class=\"p1\"><span style=\"font-size: 14pt;\">Con Marcelo subieron s\u00f3lo 37, pero con Miguel Mancera hubo tres mil 715 y en este sexenio se dispar\u00f3 a cuatro mil 869.<\/span><\/p>\n<p class=\"p1\"><span style=\"font-size: 14pt;\">El recuento del Sistema Ejecutivo del Sistema Nacional de Seguridad P\u00fablica se da mientras Ebrard machaca con su plan para mejorar la protecci\u00f3n ciudadana.<\/span><\/p>\n<p class=\"p1\"><span style=\"font-size: 14pt;\">Ante las cr\u00edticas por privilegiar m\u00e9todos de inteligencia, ha planteado un debate con Claudia Sheinbaum y en general entre todas las corcholatas.<\/span><\/p>\n<p>&nbsp;<\/p>\n<hr \/>\n<p>&nbsp;<\/p>\n<p><img data-recalc-dims=\"1\" loading=\"lazy\" decoding=\"async\" class=\"aligncenter wp-image-14351 size-large\" src=\"https:\/\/i0.wp.com\/politicosaldesnudo.com.mx\/wp-content\/uploads\/2023\/01\/FIRMA-EDITORIAL-PD-1024x125.png?resize=800%2C98&#038;ssl=1\" alt=\"\" width=\"800\" height=\"98\" srcset=\"https:\/\/i0.wp.com\/politicosaldesnudo.com.mx\/wp-content\/uploads\/2023\/01\/FIRMA-EDITORIAL-PD.png?resize=1024%2C125&amp;ssl=1 1024w, https:\/\/i0.wp.com\/politicosaldesnudo.com.mx\/wp-content\/uploads\/2023\/01\/FIRMA-EDITORIAL-PD.png?resize=300%2C37&amp;ssl=1 300w, https:\/\/i0.wp.com\/politicosaldesnudo.com.mx\/wp-content\/uploads\/2023\/01\/FIRMA-EDITORIAL-PD.png?resize=768%2C94&amp;ssl=1 768w, https:\/\/i0.wp.com\/politicosaldesnudo.com.mx\/wp-content\/uploads\/2023\/01\/FIRMA-EDITORIAL-PD.png?resize=1536%2C188&amp;ssl=1 1536w, https:\/\/i0.wp.com\/politicosaldesnudo.com.mx\/wp-content\/uploads\/2023\/01\/FIRMA-EDITORIAL-PD.png?resize=2048%2C250&amp;ssl=1 2048w, https:\/\/i0.wp.com\/politicosaldesnudo.com.mx\/wp-content\/uploads\/2023\/01\/FIRMA-EDITORIAL-PD.png?w=1600&amp;ssl=1 1600w, https:\/\/i0.wp.com\/politicosaldesnudo.com.mx\/wp-content\/uploads\/2023\/01\/FIRMA-EDITORIAL-PD.png?w=2400&amp;ssl=1 2400w\" sizes=\"auto, (max-width: 800px) 100vw, 800px\" \/><\/p>\n<p>&nbsp;<\/p>\n<p>&nbsp;<\/p>\n<p>&nbsp;<\/p>\n<p>&nbsp;<\/p>\n","protected":false},"excerpt":{"rendered":"<p>&nbsp; Por Jos\u00e9 Ure\u00f1a De repente la oposici\u00f3n gan\u00f3 la estrategia. El Gobierno, su partido y sus candidatos han utilizado<\/p>\n","protected":false},"author":4,"featured_media":4036,"comment_status":"closed","ping_status":"closed","sticky":false,"template":"","format":"standard","meta":{"colormag_page_container_layout":"default_layout","colormag_page_sidebar_layout":"default_layout","_jetpack_memberships_contains_paid_content":false,"footnotes":"","jetpack_publicize_message":"","jetpack_publicize_feature_enabled":true,"jetpack_social_post_already_shared":false,"jetpack_social_options":{"image_generator_settings":{"template":"highway","default_image_id":0,"font":"","enabled":false},"version":2}},"categories":[26],"tags":[],"class_list":["post-22429","post","type-post","status-publish","format-standard","has-post-thumbnail","hentry","category-columnistas"],"jetpack_publicize_connections":[],"jetpack_featured_media_url":"https:\/\/i0.wp.com\/politicosaldesnudo.com.mx\/wp-content\/uploads\/2022\/04\/JOSE%CC%81-UREN%CC%83A-1.png?fit=1816%2C1016&ssl=1","jetpack-related-posts":[],"jetpack_sharing_enabled":true,"_links":{"self":[{"href":"https:\/\/politicosaldesnudo.com.mx\/index.php\/wp-json\/wp\/v2\/posts\/22429","targetHints":{"allow":["GET"]}}],"collection":[{"href":"https:\/\/politicosaldesnudo.com.mx\/index.php\/wp-json\/wp\/v2\/posts"}],"about":[{"href":"https:\/\/politicosaldesnudo.com.mx\/index.php\/wp-json\/wp\/v2\/types\/post"}],"author":[{"embeddable":true,"href":"https:\/\/politicosaldesnudo.com.mx\/index.php\/wp-json\/wp\/v2\/users\/4"}],"replies":[{"embeddable":true,"href":"https:\/\/politicosaldesnudo.com.mx\/index.php\/wp-json\/wp\/v2\/comments?post=22429"}],"version-history":[{"count":0,"href":"https:\/\/politicosaldesnudo.com.mx\/index.php\/wp-json\/wp\/v2\/posts\/22429\/revisions"}],"wp:featuredmedia":[{"embeddable":true,"href":"https:\/\/politicosaldesnudo.com.mx\/index.php\/wp-json\/wp\/v2\/media\/4036"}],"wp:attachment":[{"href":"https:\/\/politicosaldesnudo.com.mx\/index.php\/wp-json\/wp\/v2\/media?parent=22429"}],"wp:term":[{"taxonomy":"category","embeddable":true,"href":"https:\/\/politicosaldesnudo.com.mx\/index.php\/wp-json\/wp\/v2\/categories?post=22429"},{"taxonomy":"post_tag","embeddable":true,"href":"https:\/\/politicosaldesnudo.com.mx\/index.php\/wp-json\/wp\/v2\/tags?post=22429"}],"curies":[{"name":"wp","href":"https:\/\/api.w.org\/{rel}","templated":true}]}}