{"id":22448,"date":"2023-07-20T12:21:07","date_gmt":"2023-07-20T17:21:07","guid":{"rendered":"https:\/\/politicosaldesnudo.com.mx\/?p=22448"},"modified":"2023-07-20T13:20:26","modified_gmt":"2023-07-20T18:20:26","slug":"en-tiempo-record-eu-repatria-a-mexico-manuscrito-firmado-por-hernan-cortes","status":"publish","type":"post","link":"https:\/\/politicosaldesnudo.com.mx\/index.php\/2023\/07\/20\/en-tiempo-record-eu-repatria-a-mexico-manuscrito-firmado-por-hernan-cortes\/","title":{"rendered":"En tiempo r\u00e9cord, EU repatr\u00eda a M\u00e9xico manuscrito firmado por Hern\u00e1n Cort\u00e9s"},"content":{"rendered":"<p>&nbsp;<\/p>\n<p class=\"p1\"><span style=\"font-size: 14pt;\"><em><strong>CIUDAD DE M\u00c9XICO.<\/strong> <\/em><strong>El gobierno de los Estados Unidos devolvi\u00f3 a M\u00e9xico un manuscrito firmado por Hern\u00e1n Cort\u00e9s en 1527 que fue sustra\u00eddo ilegalmente<\/strong> de nuestro pa\u00eds, localizado gracias al trabajo conjunto de ambos gobiernos, y repatriado \u201cen tiempo r\u00e9cord\u201d, inform\u00f3 la embajada estadounidense.<\/span><\/p>\n<p>&nbsp;<\/p>\n<blockquote>\n<p class=\"p1\"><span style=\"font-size: 14pt;\">La repatriaci\u00f3n de este documento con gran valor hist\u00f3rico demuestra lo que podemos lograr cuando trabajamos juntos. Este logro fue posible gracias al trabajo conjunto entre el FBI y la Embajada de los Estados Unidos en M\u00e9xico con el Archivo General de la Naci\u00f3n, la Secretar\u00eda de Relaciones Exteriores, la Fiscal\u00eda General de la Rep\u00fablica, la Secretar\u00eda de Cultura y el Instituto Nacional de Antropolog\u00eda e Historia\u201d, enfatiz\u00f3 la representaci\u00f3n diplom\u00e1tica<\/span><\/p>\n<\/blockquote>\n<p>&nbsp;<\/p>\n<p><img data-recalc-dims=\"1\" loading=\"lazy\" decoding=\"async\" class=\"aligncenter wp-image-22450 size-large\" src=\"https:\/\/i0.wp.com\/politicosaldesnudo.com.mx\/wp-content\/uploads\/2023\/07\/P-MANUSCRITO-HERNAN-CORTES-2-1024x573.png?resize=800%2C448&#038;ssl=1\" alt=\"\" width=\"800\" height=\"448\" srcset=\"https:\/\/i0.wp.com\/politicosaldesnudo.com.mx\/wp-content\/uploads\/2023\/07\/P-MANUSCRITO-HERNAN-CORTES-2.png?resize=1024%2C573&amp;ssl=1 1024w, https:\/\/i0.wp.com\/politicosaldesnudo.com.mx\/wp-content\/uploads\/2023\/07\/P-MANUSCRITO-HERNAN-CORTES-2.png?resize=300%2C168&amp;ssl=1 300w, https:\/\/i0.wp.com\/politicosaldesnudo.com.mx\/wp-content\/uploads\/2023\/07\/P-MANUSCRITO-HERNAN-CORTES-2.png?resize=768%2C430&amp;ssl=1 768w, https:\/\/i0.wp.com\/politicosaldesnudo.com.mx\/wp-content\/uploads\/2023\/07\/P-MANUSCRITO-HERNAN-CORTES-2.png?resize=1536%2C859&amp;ssl=1 1536w, https:\/\/i0.wp.com\/politicosaldesnudo.com.mx\/wp-content\/uploads\/2023\/07\/P-MANUSCRITO-HERNAN-CORTES-2.png?w=1816&amp;ssl=1 1816w, https:\/\/i0.wp.com\/politicosaldesnudo.com.mx\/wp-content\/uploads\/2023\/07\/P-MANUSCRITO-HERNAN-CORTES-2.png?w=1600&amp;ssl=1 1600w\" sizes=\"auto, (max-width: 800px) 100vw, 800px\" \/><\/p>\n<p>&nbsp;<\/p>\n<p class=\"p1\"><span style=\"font-size: 14pt;\">Agreg\u00f3 que no es el primer caso en que el trabajo de ambos gobiernos permite la devoluci\u00f3n de bienes culturales saqueados, y record\u00f3 que el a\u00f1o pasado tambi\u00e9n se pudo recuperar una estatua de San Antonio de Padua que data del Siglo XVII.<\/span><\/p>\n<p class=\"p1\"><span style=\"font-size: 18pt;\"><strong>Esta cooperaci\u00f3n tambi\u00e9n se manifiesta en la inversi\u00f3n de casi un mill\u00f3n y medio de d\u00f3lares del Fondo del Embajador para la Preservaci\u00f3n Cultural, para apoyar proyectos de conservaci\u00f3n en la zona arqueol\u00f3gica de Palenque, Chiapas; espec\u00edficamente para la preservaci\u00f3n del Palacio y la conservaci\u00f3n de la tumba de Pakal.<\/strong><\/span><\/p>\n<p>&nbsp;<\/p>\n<blockquote>\n<p class=\"p1\"><span style=\"font-size: 14pt;\">Al colaborar para proteger el patrimonio hist\u00f3rico y cultural de M\u00e9xico celebramos la grandeza del pa\u00eds y de su gente, especialmente, en este a\u00f1o que conmemoramos el Bicentenario de las relaciones diplom\u00e1ticas entre nuestros pa\u00edses\u201d, a\u00f1adi\u00f3 la embajada estadounidense<\/span><\/p>\n<\/blockquote>\n<p>&nbsp;<\/p>\n<p>&nbsp;<\/p>\n","protected":false},"excerpt":{"rendered":"<p>&nbsp; CIUDAD DE M\u00c9XICO. El gobierno de los Estados Unidos devolvi\u00f3 a M\u00e9xico un manuscrito firmado por Hern\u00e1n Cort\u00e9s en<\/p>\n","protected":false},"author":4,"featured_media":22449,"comment_status":"closed","ping_status":"closed","sticky":false,"template":"","format":"standard","meta":{"colormag_page_container_layout":"default_layout","colormag_page_sidebar_layout":"default_layout","_jetpack_memberships_contains_paid_content":false,"footnotes":"","jetpack_publicize_message":"","jetpack_publicize_feature_enabled":true,"jetpack_social_post_already_shared":false,"jetpack_social_options":{"image_generator_settings":{"template":"highway","default_image_id":0,"font":"","enabled":false},"version":2}},"categories":[474],"tags":[3016,269,3015,42],"class_list":["post-22448","post","type-post","status-publish","format-standard","has-post-thumbnail","hentry","category-cultura","tag-carta","tag-estados-unidos","tag-hernan-cortes","tag-mexico"],"jetpack_publicize_connections":[],"jetpack_featured_media_url":"https:\/\/i0.wp.com\/politicosaldesnudo.com.mx\/wp-content\/uploads\/2023\/07\/P-MANUSCRITO-HERNAN-CORTES-1.png?fit=1816%2C1016&ssl=1","jetpack-related-posts":[],"jetpack_sharing_enabled":true,"_links":{"self":[{"href":"https:\/\/politicosaldesnudo.com.mx\/index.php\/wp-json\/wp\/v2\/posts\/22448","targetHints":{"allow":["GET"]}}],"collection":[{"href":"https:\/\/politicosaldesnudo.com.mx\/index.php\/wp-json\/wp\/v2\/posts"}],"about":[{"href":"https:\/\/politicosaldesnudo.com.mx\/index.php\/wp-json\/wp\/v2\/types\/post"}],"author":[{"embeddable":true,"href":"https:\/\/politicosaldesnudo.com.mx\/index.php\/wp-json\/wp\/v2\/users\/4"}],"replies":[{"embeddable":true,"href":"https:\/\/politicosaldesnudo.com.mx\/index.php\/wp-json\/wp\/v2\/comments?post=22448"}],"version-history":[{"count":0,"href":"https:\/\/politicosaldesnudo.com.mx\/index.php\/wp-json\/wp\/v2\/posts\/22448\/revisions"}],"wp:featuredmedia":[{"embeddable":true,"href":"https:\/\/politicosaldesnudo.com.mx\/index.php\/wp-json\/wp\/v2\/media\/22449"}],"wp:attachment":[{"href":"https:\/\/politicosaldesnudo.com.mx\/index.php\/wp-json\/wp\/v2\/media?parent=22448"}],"wp:term":[{"taxonomy":"category","embeddable":true,"href":"https:\/\/politicosaldesnudo.com.mx\/index.php\/wp-json\/wp\/v2\/categories?post=22448"},{"taxonomy":"post_tag","embeddable":true,"href":"https:\/\/politicosaldesnudo.com.mx\/index.php\/wp-json\/wp\/v2\/tags?post=22448"}],"curies":[{"name":"wp","href":"https:\/\/api.w.org\/{rel}","templated":true}]}}