{"id":22476,"date":"2023-07-21T07:59:33","date_gmt":"2023-07-21T12:59:33","guid":{"rendered":"https:\/\/politicosaldesnudo.com.mx\/?p=22476"},"modified":"2023-07-21T07:59:51","modified_gmt":"2023-07-21T12:59:51","slug":"a-trabajar-cabrones","status":"publish","type":"post","link":"https:\/\/politicosaldesnudo.com.mx\/index.php\/2023\/07\/21\/a-trabajar-cabrones\/","title":{"rendered":"A trabajar cabrones"},"content":{"rendered":"<p>&nbsp;<\/p>\n<p class=\"p1\"><span style=\"font-size: 18pt;\"><strong>Por \u00c1ngel \u00c1lvaro Pe\u00f1a<\/strong><\/span><\/p>\n<p class=\"p1\"><span style=\"font-size: 14pt;\">Los programas sociales son el Tal\u00f3n de Aquiles de X\u00f3chitl G\u00e1lvez. A pesar que surge en la pol\u00edtica como parte de la estrategia de apoyo a los sectores vulnerables de la poblaci\u00f3n, principalmente a los adultos mayores, en alguna entrevista cita a su abuelo y se\u00f1ala que dichos apoyos no deben ser para siempre sino que aprendan a trabajar los ancianos de M\u00e9xico.<\/span><\/p>\n<p class=\"p1\"><span style=\"font-size: 18pt;\"><strong>En el caso de la se\u00f1ora X como es conocida en el mundo de la pol\u00edtica, quien la hizo surgir en la administraci\u00f3n p\u00fablica ahora se convierte en su enterrador: Vicente Fox. Al llegar este personaje a la Presidencia de la Rep\u00fablica la nombra directora General de la Comisi\u00f3n para el Desarrollo de los Pueblos Ind\u00edgenas, donde seguramente le naci\u00f3 la idea de sentirse parte de los pueblos originarios sin pertenecer a ellos.<\/strong><\/span><\/p>\n<p>&nbsp;<\/p>\n<p><img data-recalc-dims=\"1\" loading=\"lazy\" decoding=\"async\" class=\"aligncenter wp-image-22477 size-large\" src=\"https:\/\/i0.wp.com\/politicosaldesnudo.com.mx\/wp-content\/uploads\/2023\/07\/P-VICENTE-XOCHHITL-1024x573.png?resize=800%2C448&#038;ssl=1\" alt=\"\" width=\"800\" height=\"448\" srcset=\"https:\/\/i0.wp.com\/politicosaldesnudo.com.mx\/wp-content\/uploads\/2023\/07\/P-VICENTE-XOCHHITL.png?resize=1024%2C573&amp;ssl=1 1024w, https:\/\/i0.wp.com\/politicosaldesnudo.com.mx\/wp-content\/uploads\/2023\/07\/P-VICENTE-XOCHHITL.png?resize=300%2C168&amp;ssl=1 300w, https:\/\/i0.wp.com\/politicosaldesnudo.com.mx\/wp-content\/uploads\/2023\/07\/P-VICENTE-XOCHHITL.png?resize=768%2C430&amp;ssl=1 768w, https:\/\/i0.wp.com\/politicosaldesnudo.com.mx\/wp-content\/uploads\/2023\/07\/P-VICENTE-XOCHHITL.png?resize=1536%2C859&amp;ssl=1 1536w, https:\/\/i0.wp.com\/politicosaldesnudo.com.mx\/wp-content\/uploads\/2023\/07\/P-VICENTE-XOCHHITL.png?w=1816&amp;ssl=1 1816w, https:\/\/i0.wp.com\/politicosaldesnudo.com.mx\/wp-content\/uploads\/2023\/07\/P-VICENTE-XOCHHITL.png?w=1600&amp;ssl=1 1600w\" sizes=\"auto, (max-width: 800px) 100vw, 800px\" \/><\/p>\n<p>&nbsp;<\/p>\n<p class=\"p1\"><span style=\"font-size: 18pt; color: #139eca;\"><strong>Pero 23 a\u00f1os despu\u00e9s, el mismo Vicente Fox la manda al pared\u00f3n. Cita en p\u00fablico su declaraci\u00f3n m\u00e1s pol\u00e9mica que fue la de intentar negarle a los adultos mayores la pensi\u00f3n que el actual gobierno elev\u00f3 a rango constitucional, motivo por el cual intent\u00f3 llegar a Palacio Nacional para decir que no dijo lo que dijo.<\/strong><\/span><\/p>\n<p class=\"p1\"><span style=\"font-size: 14pt;\">La vida pol\u00edtica de X\u00f3chitl dur\u00f3 lo que su padrino quiso. \u00c9l la hizo nacer y \u00e9l la asesin\u00f3 pol\u00edticamente. Ya de su historia ni la histeria queda.<\/span><\/p>\n<p class=\"p1\"><span style=\"font-size: 14pt;\">Lo cierto es que la candidatura de la se\u00f1ora X, muri\u00f3 antes de nacer. En estos d\u00edas que busca ser la abanderada de la oposici\u00f3n para competir por la Presidencia de la Rep\u00fablica, le surgieron muchos obst\u00e1culos para llegar, muchos de ellos colocados por ella misma, antes de llegar a la meta.<\/span><\/p>\n<p class=\"p1\"><span style=\"font-size: 14pt;\">La torpeza de X\u00f3chitl, propia de las personas que carecen de vocaci\u00f3n pol\u00edtica, la hicieron fenecer ante los embates que apenas iniciaban. Es decir, a menos de un mes frente a los reflectores del pueblo, su figura pas\u00f3 de la elevaci\u00f3n ficticia y ef\u00edmera, a la ca\u00edda justificada e irreversible.<\/span><\/p>\n<p class=\"p1\"><span style=\"font-size: 18pt;\"><strong>La frase de Isaac Newton, \u201cTodo lo que sube baja\u201d, le falt\u00f3 decir y a veces se queda en el suelo. De por s\u00ed el cargo de senadora le hab\u00eda quedado muy grande a X\u00f3chitl, como para pretender brincar a niveles superiores de la pol\u00edtica. Sus actividades en el Senado se redujeron a simples an\u00e9cdotas donde le disfraz era su com\u00fan denominador, porque utiliz\u00f3 varios y muy variados: el uniforme del equipo Cruz Azul, encadenada como acto de escapismo a la Henry Houdini, a una curul del Senado, una botarga de dinosaurio, ciclista en invierno, piyama en la tribuna del Senado, recinto que siempre confundi\u00f3 con carnaval. Pero no se le conoce iniciativa alguna o propuesta legislativa que haya trascendido.<\/strong><\/span><\/p>\n<p class=\"p1\"><span style=\"font-size: 14pt;\">A pesar de las frivolidades carnavalescas y de la nulidad de proyectos legislativos, la oposici\u00f3n la lanza como su posible representante para el cargo pol\u00edtico m\u00e1s importante del pa\u00eds, con una corresponsabilidad propia de quien s\u00f3lo quiere ganar las elecciones para recuperar sus privilegios. Los t\u00edteres suelen disfrazarse para cada ocasi\u00f3n, dependiendo de espect\u00e1culo que quiera montar su titiritero.<\/span><\/p>\n<p class=\"p1\"><span style=\"font-size: 18pt;\"><strong>Sin duda la palabra de Vicente Fox es letal, porque no s\u00f3lo acab\u00f3 de condenar a X\u00f3chitl recordando su frase de \u201cA trabajar cabrones\u201d sino que en su af\u00e1n por dar a conocer a sus favoritos de la pol\u00edtica dijo una frase que lejos de ayudar perjudica: \u201cEbrard tiene m\u00e1s escr\u00fapulos que otros\u201d. A lo que el ex secretario de Relaciones Exteriores seguramente dir\u00e1: \u201cNo me ayudes compadre\u201d, como le dec\u00eda Tin T\u00e1n a su carnal Marcelo en las viejas pel\u00edculas.<\/strong><\/span><\/p>\n<p class=\"p1\"><span style=\"font-size: 14pt;\">En la entrevista mortal que tuvo Fox dijo frases que no s\u00f3lo tiznan sino que manchan y muchos, como: \u201cCreel era mi preferido\u201d, \u201cNo hubo fraude en 2006\u201d, \u201cZedillo fue un dem\u00f3crata\u201d, \u201cGarc\u00eda Luna empez\u00f3 conmigo\u201d, \u201cLa justicia americana es decepcionante\u201d, y para rematar aclar\u00f3 que es el \u00fanico ex presidente de M\u00e9xico vivo que radica en M\u00e9xico.<\/span><\/p>\n<p class=\"p1\"><span style=\"font-size: 14pt;\">La lengua viperina de Fox aniquila, pero tambi\u00e9n entierra y este es el caso de X\u00f3chitl G\u00e1lvez, a quien dej\u00f3 en la lona, al recordar la vieja frase que la propia se\u00f1ora X asegura nunca haber pronunciado, contra los apoyos a los mexicanos de la tercera edad. Hasta dijo, \u201ccomo dijo X\u00f3chitl\u201d; sin embargo, pidi\u00f3 p\u00fablicamente que de llegar a la Presidencia la ex delegada en Miguel Hidalgo, le hiciera el favor de regresarle su pensi\u00f3n como ex presidente para ya no tener \u201cpenurias\u201d econ\u00f3micas.<\/span><\/p>\n<p class=\"p1\"><span style=\"font-size: 14pt;\">Lo \u00fanico que pudo decir la agonizante X\u00f3chitl G\u00e1lvez fue que ella no regresar\u00e1 las pensiones a los ex presidentes del pa\u00eds.<\/span><\/p>\n<p class=\"p1\"><span style=\"font-size: 14pt;\">Mientras esto sucede el Tribunal electoral la obliga a renunciar a su senadur\u00eda si quiere seguir concursando por su imposible candidatura a la Presidencia de la Rep\u00fablica. No fue la \u00fanica a la que se le obliga a renunciar, tambi\u00e9n a su correligionario Santiago Creel, quien se niega tambi\u00e9n, rotundamente, a dejar su cargo.<\/span><\/p>\n<p class=\"p1\"><span style=\"font-size: 18pt;\"><strong>As\u00ed a lo que Fox da vida tambi\u00e9n puede quit\u00e1rsela y as\u00ed dej\u00f3 sin aliento a quien la oposici\u00f3n hab\u00eda inflado intensamente, tan r\u00e1pidamente que desde el principio se advert\u00eda su pronta ca\u00edda. El crecimiento artificial de X\u00f3chitl exigi\u00f3 toda una historia falsa que la dibujaba como algo que no era y m\u00e1s tardaron en crearle la leyenda que en ser desmentida.<\/strong><\/span><\/p>\n<p>&nbsp;<\/p>\n<p class=\"p1\"><span style=\"font-size: 18pt; color: #139eca;\"><strong>PEGA Y CORRE<\/strong><\/span><\/p>\n<p class=\"p1\"><span style=\"font-size: 14pt;\">El INE llega al absurdo al contar como ingresos a Morena la venta de los mu\u00f1ecos que personifican al Presidente. La mayor\u00eda de estos vendedores son ambulantes y carecen de padr\u00f3n y control alguno. El INE sigue alucinando en un pa\u00eds que s\u00f3lo existe en la imaginaci\u00f3n de los consejeros electorales.<\/span><\/p>\n<p>&nbsp;<\/p>\n<p><em><span style=\"font-size: 18pt;\"><strong>Esta columna se publica los lunes, mi\u00e9rcoles y viernes<\/strong><\/span><\/em><\/p>\n<p>&nbsp;<\/p>\n<hr \/>\n<p>&nbsp;<\/p>\n<p><img data-recalc-dims=\"1\" loading=\"lazy\" decoding=\"async\" class=\"aligncenter wp-image-14351\" src=\"https:\/\/i0.wp.com\/politicosaldesnudo.com.mx\/wp-content\/uploads\/2023\/01\/FIRMA-EDITORIAL-PD-300x37.png?resize=800%2C98&#038;ssl=1\" alt=\"\" width=\"800\" height=\"98\" srcset=\"https:\/\/i0.wp.com\/politicosaldesnudo.com.mx\/wp-content\/uploads\/2023\/01\/FIRMA-EDITORIAL-PD.png?resize=300%2C37&amp;ssl=1 300w, https:\/\/i0.wp.com\/politicosaldesnudo.com.mx\/wp-content\/uploads\/2023\/01\/FIRMA-EDITORIAL-PD.png?resize=1024%2C125&amp;ssl=1 1024w, https:\/\/i0.wp.com\/politicosaldesnudo.com.mx\/wp-content\/uploads\/2023\/01\/FIRMA-EDITORIAL-PD.png?resize=768%2C94&amp;ssl=1 768w, https:\/\/i0.wp.com\/politicosaldesnudo.com.mx\/wp-content\/uploads\/2023\/01\/FIRMA-EDITORIAL-PD.png?resize=1536%2C188&amp;ssl=1 1536w, https:\/\/i0.wp.com\/politicosaldesnudo.com.mx\/wp-content\/uploads\/2023\/01\/FIRMA-EDITORIAL-PD.png?resize=2048%2C250&amp;ssl=1 2048w, https:\/\/i0.wp.com\/politicosaldesnudo.com.mx\/wp-content\/uploads\/2023\/01\/FIRMA-EDITORIAL-PD.png?w=1600&amp;ssl=1 1600w, https:\/\/i0.wp.com\/politicosaldesnudo.com.mx\/wp-content\/uploads\/2023\/01\/FIRMA-EDITORIAL-PD.png?w=2400&amp;ssl=1 2400w\" sizes=\"auto, (max-width: 800px) 100vw, 800px\" \/><\/p>\n<p>&nbsp;<\/p>\n<p>&nbsp;<\/p>\n<p>&nbsp;<\/p>\n<p>&nbsp;<\/p>\n","protected":false},"excerpt":{"rendered":"<p>&nbsp; Por \u00c1ngel \u00c1lvaro Pe\u00f1a Los programas sociales son el Tal\u00f3n de Aquiles de X\u00f3chitl G\u00e1lvez. A pesar que surge<\/p>\n","protected":false},"author":4,"featured_media":3775,"comment_status":"closed","ping_status":"closed","sticky":false,"template":"","format":"standard","meta":{"colormag_page_container_layout":"default_layout","colormag_page_sidebar_layout":"default_layout","_jetpack_memberships_contains_paid_content":false,"footnotes":"","jetpack_publicize_message":"","jetpack_publicize_feature_enabled":true,"jetpack_social_post_already_shared":false,"jetpack_social_options":{"image_generator_settings":{"template":"highway","default_image_id":0,"font":"","enabled":false},"version":2}},"categories":[26],"tags":[671,1290,2120],"class_list":["post-22476","post","type-post","status-publish","format-standard","has-post-thumbnail","hentry","category-columnistas","tag-pensiones","tag-vicente-fox","tag-xochitl-galvez"],"jetpack_publicize_connections":[],"jetpack_featured_media_url":"https:\/\/i0.wp.com\/politicosaldesnudo.com.mx\/wp-content\/uploads\/2022\/04\/A%CC%81NGEL-A%CC%81LVARO-PEN%CC%83A1.png?fit=1816%2C1016&ssl=1","jetpack-related-posts":[],"jetpack_sharing_enabled":true,"_links":{"self":[{"href":"https:\/\/politicosaldesnudo.com.mx\/index.php\/wp-json\/wp\/v2\/posts\/22476","targetHints":{"allow":["GET"]}}],"collection":[{"href":"https:\/\/politicosaldesnudo.com.mx\/index.php\/wp-json\/wp\/v2\/posts"}],"about":[{"href":"https:\/\/politicosaldesnudo.com.mx\/index.php\/wp-json\/wp\/v2\/types\/post"}],"author":[{"embeddable":true,"href":"https:\/\/politicosaldesnudo.com.mx\/index.php\/wp-json\/wp\/v2\/users\/4"}],"replies":[{"embeddable":true,"href":"https:\/\/politicosaldesnudo.com.mx\/index.php\/wp-json\/wp\/v2\/comments?post=22476"}],"version-history":[{"count":0,"href":"https:\/\/politicosaldesnudo.com.mx\/index.php\/wp-json\/wp\/v2\/posts\/22476\/revisions"}],"wp:featuredmedia":[{"embeddable":true,"href":"https:\/\/politicosaldesnudo.com.mx\/index.php\/wp-json\/wp\/v2\/media\/3775"}],"wp:attachment":[{"href":"https:\/\/politicosaldesnudo.com.mx\/index.php\/wp-json\/wp\/v2\/media?parent=22476"}],"wp:term":[{"taxonomy":"category","embeddable":true,"href":"https:\/\/politicosaldesnudo.com.mx\/index.php\/wp-json\/wp\/v2\/categories?post=22476"},{"taxonomy":"post_tag","embeddable":true,"href":"https:\/\/politicosaldesnudo.com.mx\/index.php\/wp-json\/wp\/v2\/tags?post=22476"}],"curies":[{"name":"wp","href":"https:\/\/api.w.org\/{rel}","templated":true}]}}