{"id":22507,"date":"2023-07-24T03:12:55","date_gmt":"2023-07-24T08:12:55","guid":{"rendered":"https:\/\/politicosaldesnudo.com.mx\/?p=22507"},"modified":"2023-07-24T03:12:55","modified_gmt":"2023-07-24T08:12:55","slug":"cuestionamientos-feministas","status":"publish","type":"post","link":"https:\/\/politicosaldesnudo.com.mx\/index.php\/2023\/07\/24\/cuestionamientos-feministas\/","title":{"rendered":"Cuestionamientos feministas"},"content":{"rendered":"<p class=\"p1\">\n<p>&nbsp;<\/p>\n<p class=\"p1\"><span style=\"font-size: 18pt;\"><b>Por Zaira Rosas<\/b><\/span><\/p>\n<p class=\"p1\"><span style=\"font-size: 14pt;\">\u00bfQu\u00e9 es ser mujer en la actualidad? \u00bfLo determina el g\u00e9nero con el que nacemos? \u00bfSe refiere a cualidades que de manera com\u00fan se vinculan a la feminidad? \u00bfEs una elecci\u00f3n? \u00bfUna categor\u00eda que se define por un color en el pasillo del supermercado? \u00bfO acaso es una imposici\u00f3n social en la que se nos asignan m\u00faltiples tareas por el simple hecho de nacer como mujeres? \u00bfQu\u00e9 caracter\u00edsticas debe tener una mujer? \u00bfCu\u00e1l es el rol propio de una mujer? \u00bfAcaso es el ser madres? \u00bfHay profesiones propias de mujeres? \u00bfTareas que s\u00f3lo las mujeres pueden desempe\u00f1ar? \u00bfExisten accesorios o prendas que son exclusivas para el g\u00e9nero?<\/span><\/p>\n<p class=\"p1\"><span style=\"font-size: 14pt;\">La lista de preguntas podr\u00eda seguir de manera ilimitada, porque ser mujer en el siglo XXI implica m\u00faltiples cuestionamientos, donde indudablemente las generaciones actuales hemos de cuestionar una y otra vez aquello que se nos ense\u00f1a e incluso lo que no, pero que pareciera que de manera inherente corresponde a nuestro g\u00e9nero.<span class=\"Apple-converted-space\">\u00a0<\/span><\/span><\/p>\n<p class=\"p1\"><span style=\"font-size: 14pt;\">En un mundo capitalista, donde el consumo es uno de los motores de la sociedad, podemos vincular los movimientos sociales tambi\u00e9n con marcas, cuyos atributos pueden servir para validar la asociaci\u00f3n que tengamos con algunos adjetivos, en la actualidad es natural que marcas dirigidas a mujeres tengan el empoderamiento femenino como parte de su l\u00ednea de posicionamiento, pues si algo tienen claro las mujeres es la necesidad de crecimiento y desarrollo personal, sin embargo no siempre fue as\u00ed, anteriormente ser mujer era sin\u00f3nimo de un espacio en el hogar, donde el conocimiento era limitado y la preparaci\u00f3n y educaci\u00f3n pod\u00edan ser en su mayor\u00eda en \u00e1reas espec\u00edficas que se consideraran de buen gusto.<span class=\"Apple-converted-space\">\u00a0<\/span><\/span><\/p>\n<p class=\"p1\"><span style=\"font-size: 14pt;\">Con la llegada de \u00e9pocas donde los hombres se iban a luchar por defender a una naci\u00f3n, tambi\u00e9n hubo un fuerte cambio en los roles, el pensamiento de la mujer comenz\u00f3 a ser valorado y entre f\u00e9minas la opini\u00f3n se propag\u00f3 haci\u00e9ndonos ver cu\u00e1n necesaria es nuestra voz para un equilibrio sumamente a\u00f1orado pero que a\u00fan se encuentra en construcci\u00f3n.<span class=\"Apple-converted-space\">\u00a0<\/span><\/span><\/p>\n<p class=\"p1\"><span style=\"font-size: 14pt;\">Hoy en d\u00eda sabemos que el feminismo es una necesidad, lo hay en m\u00faltiples matices, desde los m\u00e1s radicales donde se desde\u00f1a al hombre por la opresi\u00f3n que ha representado para muchas durante a\u00f1os, cuya apreciaci\u00f3n podr\u00eda equivaler para muchas personas al mismo yugo que como mujeres hemos sufrido. Pero tambi\u00e9n hay otros matices que entienden que el feminismo es para la libertad de las personas, para que una mujer pueda ejercer por elecci\u00f3n un rol de atenci\u00f3n al hogar o el de presidenta de una naci\u00f3n, para que la masculinidad pueda vivirse tambi\u00e9n bajo distintas formas.<span class=\"Apple-converted-space\">\u00a0<\/span><\/span><\/p>\n<p class=\"p1\"><span style=\"font-size: 14pt;\">Ese tipo de feminismo es el que retrata Greta Gerwig en Barbie, donde de una manera excelsa nos comparte cu\u00e1n dif\u00edcil ha sido el desarrollo de la humanidad en un equilibrio a\u00fan en construcci\u00f3n, donde muestra que el androcentrismo es s\u00f3lo una burla de lo que durante d\u00e9cadas hemos malentendido como masculinidad, no obstante, tambi\u00e9n se mofa de un mundo a la inversa donde la mujer se olvida de la importancia del hombre, porque al final una sociedad justa se construye de la pluralidad y la aceptaci\u00f3n de la diversidad.<span class=\"Apple-converted-space\">\u00a0<\/span><\/span><\/p>\n<p class=\"p1\"><span style=\"font-size: 14pt;\">En medio de un mundo con tantos matices, hemos de poner atenci\u00f3n en eso que posicionamos como nuestros valores, donde exaltamos la belleza, pero nos olvidamos de la empat\u00eda y la sensibilidad, lo feminista ser\u00eda pensar en nuestro ser, en construirnos de manera cotidiana desde la mejor versi\u00f3n, considerando que todas, todos y todes requerimos de movimientos que no nos limiten con etiquetas, sino que nos impulsen a ver hacia donde est\u00e1 el verdadero desarrollo de nuestra humanidad.<\/span><\/p>\n<p>&nbsp;<\/p>\n<hr \/>\n<p>&nbsp;<\/p>\n<p><span style=\"font-size: 18pt;\"><b>Correo:\u00a0<a href=\"mailto:zairosas.22@gmail.com\">zairosas.22@gmail.com<\/a><\/b><\/span><\/p>\n<p>&nbsp;<\/p>\n<p><img data-recalc-dims=\"1\" loading=\"lazy\" decoding=\"async\" class=\"aligncenter wp-image-14351\" src=\"https:\/\/i0.wp.com\/politicosaldesnudo.com.mx\/wp-content\/uploads\/2023\/01\/FIRMA-EDITORIAL-PD-300x37.png?resize=800%2C98&#038;ssl=1\" alt=\"\" width=\"800\" height=\"98\" srcset=\"https:\/\/i0.wp.com\/politicosaldesnudo.com.mx\/wp-content\/uploads\/2023\/01\/FIRMA-EDITORIAL-PD.png?resize=300%2C37&amp;ssl=1 300w, https:\/\/i0.wp.com\/politicosaldesnudo.com.mx\/wp-content\/uploads\/2023\/01\/FIRMA-EDITORIAL-PD.png?resize=1024%2C125&amp;ssl=1 1024w, https:\/\/i0.wp.com\/politicosaldesnudo.com.mx\/wp-content\/uploads\/2023\/01\/FIRMA-EDITORIAL-PD.png?resize=768%2C94&amp;ssl=1 768w, https:\/\/i0.wp.com\/politicosaldesnudo.com.mx\/wp-content\/uploads\/2023\/01\/FIRMA-EDITORIAL-PD.png?resize=1536%2C188&amp;ssl=1 1536w, https:\/\/i0.wp.com\/politicosaldesnudo.com.mx\/wp-content\/uploads\/2023\/01\/FIRMA-EDITORIAL-PD.png?resize=2048%2C250&amp;ssl=1 2048w, https:\/\/i0.wp.com\/politicosaldesnudo.com.mx\/wp-content\/uploads\/2023\/01\/FIRMA-EDITORIAL-PD.png?w=1600&amp;ssl=1 1600w, https:\/\/i0.wp.com\/politicosaldesnudo.com.mx\/wp-content\/uploads\/2023\/01\/FIRMA-EDITORIAL-PD.png?w=2400&amp;ssl=1 2400w\" sizes=\"auto, (max-width: 800px) 100vw, 800px\" \/><\/p>\n<p>&nbsp;<\/p>\n<p>&nbsp;<\/p>\n<p>&nbsp;<\/p>\n<p>&nbsp;<\/p>\n","protected":false},"excerpt":{"rendered":"<p>&nbsp; Por Zaira Rosas \u00bfQu\u00e9 es ser mujer en la actualidad? \u00bfLo determina el g\u00e9nero con el que nacemos? \u00bfSe<\/p>\n","protected":false},"author":4,"featured_media":4371,"comment_status":"closed","ping_status":"closed","sticky":false,"template":"","format":"standard","meta":{"colormag_page_container_layout":"default_layout","colormag_page_sidebar_layout":"default_layout","_jetpack_memberships_contains_paid_content":false,"footnotes":"","jetpack_publicize_message":"","jetpack_publicize_feature_enabled":true,"jetpack_social_post_already_shared":false,"jetpack_social_options":{"image_generator_settings":{"template":"highway","default_image_id":0,"font":"","enabled":false},"version":2}},"categories":[26],"tags":[],"class_list":["post-22507","post","type-post","status-publish","format-standard","has-post-thumbnail","hentry","category-columnistas"],"jetpack_publicize_connections":[],"jetpack_featured_media_url":"https:\/\/i0.wp.com\/politicosaldesnudo.com.mx\/wp-content\/uploads\/2022\/04\/ZR1.png?fit=1816%2C1016&ssl=1","jetpack-related-posts":[],"jetpack_sharing_enabled":true,"_links":{"self":[{"href":"https:\/\/politicosaldesnudo.com.mx\/index.php\/wp-json\/wp\/v2\/posts\/22507","targetHints":{"allow":["GET"]}}],"collection":[{"href":"https:\/\/politicosaldesnudo.com.mx\/index.php\/wp-json\/wp\/v2\/posts"}],"about":[{"href":"https:\/\/politicosaldesnudo.com.mx\/index.php\/wp-json\/wp\/v2\/types\/post"}],"author":[{"embeddable":true,"href":"https:\/\/politicosaldesnudo.com.mx\/index.php\/wp-json\/wp\/v2\/users\/4"}],"replies":[{"embeddable":true,"href":"https:\/\/politicosaldesnudo.com.mx\/index.php\/wp-json\/wp\/v2\/comments?post=22507"}],"version-history":[{"count":0,"href":"https:\/\/politicosaldesnudo.com.mx\/index.php\/wp-json\/wp\/v2\/posts\/22507\/revisions"}],"wp:featuredmedia":[{"embeddable":true,"href":"https:\/\/politicosaldesnudo.com.mx\/index.php\/wp-json\/wp\/v2\/media\/4371"}],"wp:attachment":[{"href":"https:\/\/politicosaldesnudo.com.mx\/index.php\/wp-json\/wp\/v2\/media?parent=22507"}],"wp:term":[{"taxonomy":"category","embeddable":true,"href":"https:\/\/politicosaldesnudo.com.mx\/index.php\/wp-json\/wp\/v2\/categories?post=22507"},{"taxonomy":"post_tag","embeddable":true,"href":"https:\/\/politicosaldesnudo.com.mx\/index.php\/wp-json\/wp\/v2\/tags?post=22507"}],"curies":[{"name":"wp","href":"https:\/\/api.w.org\/{rel}","templated":true}]}}