{"id":22517,"date":"2023-07-24T03:59:35","date_gmt":"2023-07-24T08:59:35","guid":{"rendered":"https:\/\/politicosaldesnudo.com.mx\/?p=22517"},"modified":"2023-07-24T03:59:35","modified_gmt":"2023-07-24T08:59:35","slug":"la-guerrilla-hizo-historia","status":"publish","type":"post","link":"https:\/\/politicosaldesnudo.com.mx\/index.php\/2023\/07\/24\/la-guerrilla-hizo-historia\/","title":{"rendered":"La guerrilla hizo historia"},"content":{"rendered":"<p class=\"p1\">\n<p>&nbsp;<\/p>\n<p class=\"p1\"><span style=\"font-size: 18pt;\"><b>Por Jos\u00e9 Garc\u00eda S\u00e1nchez<\/b><\/span><\/p>\n<p class=\"p1\"><span style=\"font-size: 14pt;\">El manique\u00edsmo fue una corriente fue una religi\u00f3n, al principio de nuestra era, que sigue influyendo no s\u00f3lo en otras creencias espirituales sino en la vida cotidiana. Para esta corriente con m\u00e1s de 2 mil a\u00f1os de antig\u00fcedad, lo que no es bueno, es malo. Lo que no es negro es blanco, el que no es amigo es enemigo, etc.<\/span><\/p>\n<p class=\"p1\"><span style=\"font-size: 18pt; color: #139eca;\"><strong>La simpleza del pensamiento convoca a profundizar en la realidad y a cortar con la costumbre de dividir a la gente entre buena y mala, como si se tratara de una pel\u00edcula antigua. En este panorama la visi\u00f3n conservadora de algunos segmentos de la poblaci\u00f3n se considera que todo lo que no es orden es desorden y lo que proh\u00edbe la autoridad es un il\u00edcito, aunque esa autoridad no sea leg\u00edtima.<\/strong><\/span><\/p>\n<p class=\"p1\"><span style=\"font-size: 18pt;\"><strong>Aqu\u00ed la interpretaci\u00f3n de la bondad y la maldad tiene su asiento en leyes precisas, que llevan a la humanidad a despojarse de estos pensamientos que no deber\u00edan existir, pero que prevalecen principalmente del lado conservador de la sociedad, sobre todo en M\u00e9xico. Una realidad tan compleja como la de M\u00e9xico no s\u00f3lo se reduce con el manique\u00edsmo sino que se extrav\u00eda entre valores que resisten datos aut\u00e9nticos.<\/strong><\/span><\/p>\n<p class=\"p1\"><span style=\"font-size: 14pt;\">Cuando la actual presidenta de la Comisi\u00f3n Nacional de Derechos Humanos, Rosario Ibarra Piedra, fue propuesta para defender la integridad de los mexicanos, escarban en su historia personal y sin buscar mucho la condenaron al rechazo por ser hermana de un guerrillero. No desconocen que el hermano de la presidenta de derechos Humanos fue torturado, asesinado y desaparecido su cuerpo por personajes tan enfermos como Miguel Nazar Haro, con la anuencia de presidentes y gobernadores. Esa historia por estar del lado de los \u201cbuenos\u201d no se cuenta, por eso prefieren ocultar buena parte de la realidad.<\/span><\/p>\n<p class=\"p1\"><span style=\"font-size: 18pt;\"><strong>La visi\u00f3n rancia acerca de un guerrillero representa la adhesi\u00f3n al orden establecido del pasado. Es decir, donde buenos y malos vuelven a la batalla de la historia. As\u00ed, desde la perspectiva del orden y el autoritarismo todo guerrillero es malo, la pol\u00edtica y el ej\u00e9rcito es bueno.<\/strong><\/span><\/p>\n<p>&nbsp;<\/p>\n<p class=\"p1\"><span style=\"font-size: 18pt; color: #139eca;\"><b>NACE LA GUERRILLA<\/b><\/span><\/p>\n<p class=\"p1\"><span style=\"font-size: 18pt;\"><strong>La guerrilla surge en Am\u00e9rica Latina y el resto del mundo como respuesta de la represi\u00f3n de los reg\u00edmenes autoritarios, antidemocr\u00e1ticos, no como pandillas de delincuentes.<\/strong><\/span><\/p>\n<p class=\"p1\"><span style=\"font-size: 14pt;\">La mayor\u00eda de las causas del surgimiento de la guerrilla fueron los golpes de Estado militares, que se dedicaron a violar los derechos humanos, de hombres, ancianos, mujeres y ni\u00f1os. En el caso de Chile, fueron 40 mil v\u00edctimas mortales, m\u00e1s desaparecidos, encarcelados y torturados.<\/span><\/p>\n<p class=\"p1\"><span style=\"font-size: 14pt;\">En 2003 la Comisi\u00f3n Nacional sobre Prisi\u00f3n Pol\u00edtica y Tortura, se escucharon los testimonios de 35 mil personas afectadas directa e indirectamente por la represi\u00f3n. Tiempo en el que imper\u00f3 la tortura, la censura y el asesinato.<\/span><\/p>\n<p class=\"p1\"><span style=\"font-size: 18pt; color: #139eca;\"><strong>En Argentina, el caso del golpe encabezado por el general Rafael Videla, arroj\u00f3 m\u00e1s de 30 mil asesinatos. As\u00ed podr\u00edamos continuar citando ejemplos de la represi\u00f3n, sin los cuales ni hubiera habido guerrilla. Hay casos en pr\u00e1cticamente todos los pa\u00edses de Am\u00e9rica Latina.<\/strong><\/span><\/p>\n<p class=\"p1\"><span style=\"font-size: 14pt;\">En el caso de M\u00e9xico exist\u00eda una dictadura civil, que llevaba a cabo un partido hegem\u00f3nico con gobernantes que no escind\u00edan su afiliaci\u00f3n a la CIA ni su vocaci\u00f3n de asesinos. Ser joven en M\u00e9xico fue un delito por muchos a\u00f1os. Los muchachos deber\u00edan asistir a la escuela y cerrar sus sentidos y apagar su conciencia ante la realidad. Si alguien se sal\u00eda de este lineamiento, era encarcelado, torturado y hasta desparecido.<\/span><\/p>\n<p class=\"p1\"><span style=\"font-size: 18pt;\"><strong>La lucha de los guerrilleros en M\u00e9xico no es gratuita y, al igual que otras luchas sociales, tiene su certificado de autenticidad en la feroz represi\u00f3n de sus gobiernos. Ejemplos hay muchos.<\/strong><\/span><\/p>\n<p class=\"p1\"><span style=\"font-size: 14pt;\">Los guerrilleros tomaron las armas como \u00faltima instancia luego de ver todos los caminos legales agotados. No se rebelaron de inmediato para hacerse notar como algunos quieren hacer ver. As\u00ed, daban la vida por el cambio d estructuras pol\u00edticas donde polic\u00edas y agentes judiciales decid\u00edan si el detenido viv\u00eda o mor\u00eda.<\/span><\/p>\n<p class=\"p1\"><span style=\"font-size: 14pt;\">Ahora que se reconoce la participaci\u00f3n de los guerrilleros en la historia de M\u00e9xico, algunos sectores dela poblaci\u00f3n aseguran que se exalta su acci\u00f3n y que se convoca a la violencia, como si estos factores fueran recetas de cocina y no reacciones humanas de la organizaci\u00f3n social.<\/span><\/p>\n<p class=\"p1\"><span style=\"font-size: 18pt;\"><strong>Por muchos a\u00f1os en los libros de texto de habl\u00f3 de los golpes de Estado, muchas veces exaltando su importancia y justificando su irrupci\u00f3n en gobiernos democr\u00e1ticos y gobernantes elegidos por el pueblo. Nadie dijo nada pero ahora que se dan cuenta que ese fantasma de la guerrilla a\u00fan deambula por la historia, brincan, rechazan y hasta se alteran porque siguen temiendo su existencia. Olvidan que para que regresen las guerrillas debe haber un r\u00e9gimen absolutista a los que muchos de ellos pertenecieron.<\/strong><\/span><\/p>\n<p class=\"p1\"><span style=\"font-size: 14pt;\">Para que se entienda en el idioma elemental del manique\u00edsmo los guerrilleros lucharon, dieron la vida por un pa\u00eds mejor: los otros, quienes torturaron, encarcelaron quer\u00edan un pueblo sumiso, sin voz ni voto. S\u00f3lo quien desconoce la historia de M\u00e9xico puede tratar de marginar a los guerrilleros de los libros de texto.<\/span><\/p>\n<div><\/div>\n<div><\/div>\n<div>\n<hr \/>\n<p>&nbsp;<\/p>\n<p><span style=\"font-size: 18pt;\"><strong>Twitter:\u00a0<a href=\"https:\/\/twitter.com\/Josangasa3\">@Josangasa3<\/a><\/strong><\/span><\/p>\n<p>&nbsp;<\/p>\n<p><img data-recalc-dims=\"1\" loading=\"lazy\" decoding=\"async\" class=\"aligncenter wp-image-14351\" src=\"https:\/\/i0.wp.com\/politicosaldesnudo.com.mx\/wp-content\/uploads\/2023\/01\/FIRMA-EDITORIAL-PD-300x37.png?resize=1000%2C122&#038;ssl=1\" alt=\"\" width=\"1000\" height=\"122\" srcset=\"https:\/\/i0.wp.com\/politicosaldesnudo.com.mx\/wp-content\/uploads\/2023\/01\/FIRMA-EDITORIAL-PD.png?resize=300%2C37&amp;ssl=1 300w, https:\/\/i0.wp.com\/politicosaldesnudo.com.mx\/wp-content\/uploads\/2023\/01\/FIRMA-EDITORIAL-PD.png?resize=1024%2C125&amp;ssl=1 1024w, https:\/\/i0.wp.com\/politicosaldesnudo.com.mx\/wp-content\/uploads\/2023\/01\/FIRMA-EDITORIAL-PD.png?resize=768%2C94&amp;ssl=1 768w, https:\/\/i0.wp.com\/politicosaldesnudo.com.mx\/wp-content\/uploads\/2023\/01\/FIRMA-EDITORIAL-PD.png?resize=1536%2C188&amp;ssl=1 1536w, https:\/\/i0.wp.com\/politicosaldesnudo.com.mx\/wp-content\/uploads\/2023\/01\/FIRMA-EDITORIAL-PD.png?resize=2048%2C250&amp;ssl=1 2048w\" sizes=\"auto, (max-width: 1000px) 100vw, 1000px\" \/><\/p>\n<\/div>\n<p>&nbsp;<\/p>\n<p>&nbsp;<\/p>\n<p>&nbsp;<\/p>\n","protected":false},"excerpt":{"rendered":"<p>&nbsp; Por Jos\u00e9 Garc\u00eda S\u00e1nchez El manique\u00edsmo fue una corriente fue una religi\u00f3n, al principio de nuestra era, que sigue [&hellip;]<\/p>\n","protected":false},"author":4,"featured_media":3934,"comment_status":"closed","ping_status":"closed","sticky":false,"template":"","format":"standard","meta":{"site-sidebar-layout":"default","site-content-layout":"","ast-site-content-layout":"default","site-content-style":"default","site-sidebar-style":"default","ast-global-header-display":"","ast-banner-title-visibility":"","ast-main-header-display":"","ast-hfb-above-header-display":"","ast-hfb-below-header-display":"","ast-hfb-mobile-header-display":"","site-post-title":"","ast-breadcrumbs-content":"","ast-featured-img":"","footer-sml-layout":"","ast-disable-related-posts":"","theme-transparent-header-meta":"","adv-header-id-meta":"","stick-header-meta":"","header-above-stick-meta":"","header-main-stick-meta":"","header-below-stick-meta":"","astra-migrate-meta-layouts":"default","ast-page-background-enabled":"default","ast-page-background-meta":{"desktop":{"background-color":"var(--ast-global-color-5)","background-image":"","background-repeat":"repeat","background-position":"center center","background-size":"auto","background-attachment":"scroll","background-type":"","background-media":"","overlay-type":"","overlay-color":"","overlay-opacity":"","overlay-gradient":""},"tablet":{"background-color":"","background-image":"","background-repeat":"repeat","background-position":"center center","background-size":"auto","background-attachment":"scroll","background-type":"","background-media":"","overlay-type":"","overlay-color":"","overlay-opacity":"","overlay-gradient":""},"mobile":{"background-color":"","background-image":"","background-repeat":"repeat","background-position":"center center","background-size":"auto","background-attachment":"scroll","background-type":"","background-media":"","overlay-type":"","overlay-color":"","overlay-opacity":"","overlay-gradient":""}},"ast-content-background-meta":{"desktop":{"background-color":"var(--ast-global-color-4)","background-image":"","background-repeat":"repeat","background-position":"center center","background-size":"auto","background-attachment":"scroll","background-type":"","background-media":"","overlay-type":"","overlay-color":"","overlay-opacity":"","overlay-gradient":""},"tablet":{"background-color":"var(--ast-global-color-4)","background-image":"","background-repeat":"repeat","background-position":"center center","background-size":"auto","background-attachment":"scroll","background-type":"","background-media":"","overlay-type":"","overlay-color":"","overlay-opacity":"","overlay-gradient":""},"mobile":{"background-color":"var(--ast-global-color-4)","background-image":"","background-repeat":"repeat","background-position":"center center","background-size":"auto","background-attachment":"scroll","background-type":"","background-media":"","overlay-type":"","overlay-color":"","overlay-opacity":"","overlay-gradient":""}},"_jetpack_newsletter_access":"","_jetpack_dont_email_post_to_subs":false,"_jetpack_newsletter_tier_id":0,"_jetpack_memberships_contains_paywalled_content":false,"_jetpack_feature_clip_id":0,"_jetpack_memberships_contains_paid_content":false,"footnotes":"","jetpack_publicize_message":"","jetpack_publicize_feature_enabled":true,"jetpack_social_post_already_shared":false,"jetpack_social_options":{"image_generator_settings":{"template":"highway","default_image_id":0,"font":"","enabled":false},"version":2},"jetpack_post_was_ever_published":false},"categories":[26],"tags":[812,3020,42],"class_list":["post-22517","post","type-post","status-publish","format-standard","has-post-thumbnail","hentry","category-columnistas","tag-america-latina","tag-guerrilla","tag-mexico"],"yoast_head":"<!-- This site is optimized with the Yoast SEO plugin v28.3 - https:\/\/yoast.com\/product\/yoast-seo-wordpress\/ -->\n<title>La guerrilla hizo historia - Pol\u00edticos al Desnudo<\/title>\n<meta name=\"robots\" content=\"index, follow, max-snippet:-1, max-image-preview:large, max-video-preview:-1\" \/>\n<link rel=\"canonical\" href=\"https:\/\/politicosaldesnudo.com.mx\/index.php\/2023\/07\/24\/la-guerrilla-hizo-historia\/\" \/>\n<meta property=\"og:locale\" content=\"es_ES\" \/>\n<meta property=\"og:type\" content=\"article\" \/>\n<meta property=\"og:title\" content=\"La guerrilla hizo historia - Pol\u00edticos al Desnudo\" \/>\n<meta property=\"og:description\" content=\"&nbsp; Por Jos\u00e9 Garc\u00eda S\u00e1nchez El manique\u00edsmo fue una corriente fue una religi\u00f3n, al principio de nuestra era, que sigue [&hellip;]\" \/>\n<meta property=\"og:url\" content=\"https:\/\/politicosaldesnudo.com.mx\/index.php\/2023\/07\/24\/la-guerrilla-hizo-historia\/\" \/>\n<meta property=\"og:site_name\" content=\"Pol\u00edticos al Desnudo\" \/>\n<meta property=\"article:publisher\" content=\"https:\/\/www.facebook.com\/PoliticosAD\" \/>\n<meta property=\"article:published_time\" content=\"2023-07-24T08:59:35+00:00\" \/>\n<meta property=\"og:image\" content=\"https:\/\/i0.wp.com\/politicosaldesnudo.com.mx\/wp-content\/uploads\/2022\/04\/JOSE%CC%81-GARCI%CC%81A.png?fit=1816%2C1016&ssl=1\" \/>\n\t<meta property=\"og:image:width\" content=\"1816\" \/>\n\t<meta property=\"og:image:height\" content=\"1016\" \/>\n\t<meta property=\"og:image:type\" content=\"image\/png\" \/>\n<meta name=\"author\" content=\"Redacci\u00f3n Pol\u00edticos\" \/>\n<meta name=\"twitter:card\" content=\"summary_large_image\" \/>\n<meta name=\"twitter:label1\" content=\"Escrito por\" \/>\n\t<meta name=\"twitter:data1\" content=\"Redacci\u00f3n Pol\u00edticos\" \/>\n\t<meta name=\"twitter:label2\" content=\"Tiempo de lectura\" \/>\n\t<meta name=\"twitter:data2\" content=\"5 minutos\" \/>\n<script type=\"application\/ld+json\" class=\"yoast-schema-graph\">{\"@context\":\"https:\\\/\\\/schema.org\",\"@graph\":[{\"@type\":\"Article\",\"@id\":\"https:\\\/\\\/politicosaldesnudo.com.mx\\\/index.php\\\/2023\\\/07\\\/24\\\/la-guerrilla-hizo-historia\\\/#article\",\"isPartOf\":{\"@id\":\"https:\\\/\\\/politicosaldesnudo.com.mx\\\/index.php\\\/2023\\\/07\\\/24\\\/la-guerrilla-hizo-historia\\\/\"},\"author\":{\"name\":\"Redacci\u00f3n Pol\u00edticos\",\"@id\":\"https:\\\/\\\/politicosaldesnudo.com.mx\\\/#\\\/schema\\\/person\\\/ef3a64e561cc3f3f5dc52fab81adde7e\"},\"headline\":\"La guerrilla hizo historia\",\"datePublished\":\"2023-07-24T08:59:35+00:00\",\"mainEntityOfPage\":{\"@id\":\"https:\\\/\\\/politicosaldesnudo.com.mx\\\/index.php\\\/2023\\\/07\\\/24\\\/la-guerrilla-hizo-historia\\\/\"},\"wordCount\":923,\"publisher\":{\"@id\":\"https:\\\/\\\/politicosaldesnudo.com.mx\\\/#organization\"},\"image\":{\"@id\":\"https:\\\/\\\/politicosaldesnudo.com.mx\\\/index.php\\\/2023\\\/07\\\/24\\\/la-guerrilla-hizo-historia\\\/#primaryimage\"},\"thumbnailUrl\":\"https:\\\/\\\/i0.wp.com\\\/politicosaldesnudo.com.mx\\\/wp-content\\\/uploads\\\/2022\\\/04\\\/JOSE%CC%81-GARCI%CC%81A.png?fit=1816%2C1016&ssl=1\",\"keywords\":[\"AM\u00c9RICA LATINA\",\"GUERRILLA\",\"M\u00c9XICO\"],\"articleSection\":[\"OPINI\u00d3N\"],\"inLanguage\":\"es\"},{\"@type\":\"WebPage\",\"@id\":\"https:\\\/\\\/politicosaldesnudo.com.mx\\\/index.php\\\/2023\\\/07\\\/24\\\/la-guerrilla-hizo-historia\\\/\",\"url\":\"https:\\\/\\\/politicosaldesnudo.com.mx\\\/index.php\\\/2023\\\/07\\\/24\\\/la-guerrilla-hizo-historia\\\/\",\"name\":\"La guerrilla hizo historia - Pol\u00edticos al Desnudo\",\"isPartOf\":{\"@id\":\"https:\\\/\\\/politicosaldesnudo.com.mx\\\/#website\"},\"primaryImageOfPage\":{\"@id\":\"https:\\\/\\\/politicosaldesnudo.com.mx\\\/index.php\\\/2023\\\/07\\\/24\\\/la-guerrilla-hizo-historia\\\/#primaryimage\"},\"image\":{\"@id\":\"https:\\\/\\\/politicosaldesnudo.com.mx\\\/index.php\\\/2023\\\/07\\\/24\\\/la-guerrilla-hizo-historia\\\/#primaryimage\"},\"thumbnailUrl\":\"https:\\\/\\\/i0.wp.com\\\/politicosaldesnudo.com.mx\\\/wp-content\\\/uploads\\\/2022\\\/04\\\/JOSE%CC%81-GARCI%CC%81A.png?fit=1816%2C1016&ssl=1\",\"datePublished\":\"2023-07-24T08:59:35+00:00\",\"breadcrumb\":{\"@id\":\"https:\\\/\\\/politicosaldesnudo.com.mx\\\/index.php\\\/2023\\\/07\\\/24\\\/la-guerrilla-hizo-historia\\\/#breadcrumb\"},\"inLanguage\":\"es\",\"potentialAction\":[{\"@type\":\"ReadAction\",\"target\":[\"https:\\\/\\\/politicosaldesnudo.com.mx\\\/index.php\\\/2023\\\/07\\\/24\\\/la-guerrilla-hizo-historia\\\/\"]}]},{\"@type\":\"ImageObject\",\"inLanguage\":\"es\",\"@id\":\"https:\\\/\\\/politicosaldesnudo.com.mx\\\/index.php\\\/2023\\\/07\\\/24\\\/la-guerrilla-hizo-historia\\\/#primaryimage\",\"url\":\"https:\\\/\\\/i0.wp.com\\\/politicosaldesnudo.com.mx\\\/wp-content\\\/uploads\\\/2022\\\/04\\\/JOSE%CC%81-GARCI%CC%81A.png?fit=1816%2C1016&ssl=1\",\"contentUrl\":\"https:\\\/\\\/i0.wp.com\\\/politicosaldesnudo.com.mx\\\/wp-content\\\/uploads\\\/2022\\\/04\\\/JOSE%CC%81-GARCI%CC%81A.png?fit=1816%2C1016&ssl=1\",\"width\":1816,\"height\":1016},{\"@type\":\"BreadcrumbList\",\"@id\":\"https:\\\/\\\/politicosaldesnudo.com.mx\\\/index.php\\\/2023\\\/07\\\/24\\\/la-guerrilla-hizo-historia\\\/#breadcrumb\",\"itemListElement\":[{\"@type\":\"ListItem\",\"position\":1,\"name\":\"Portada\",\"item\":\"https:\\\/\\\/politicosaldesnudo.com.mx\\\/\"},{\"@type\":\"ListItem\",\"position\":2,\"name\":\"La guerrilla hizo historia\"}]},{\"@type\":\"WebSite\",\"@id\":\"https:\\\/\\\/politicosaldesnudo.com.mx\\\/#website\",\"url\":\"https:\\\/\\\/politicosaldesnudo.com.mx\\\/\",\"name\":\"Pol\u00edticos al Desnudo\",\"description\":\"\",\"publisher\":{\"@id\":\"https:\\\/\\\/politicosaldesnudo.com.mx\\\/#organization\"},\"potentialAction\":[{\"@type\":\"SearchAction\",\"target\":{\"@type\":\"EntryPoint\",\"urlTemplate\":\"https:\\\/\\\/politicosaldesnudo.com.mx\\\/?s={search_term_string}\"},\"query-input\":{\"@type\":\"PropertyValueSpecification\",\"valueRequired\":true,\"valueName\":\"search_term_string\"}}],\"inLanguage\":\"es\"},{\"@type\":\"Organization\",\"@id\":\"https:\\\/\\\/politicosaldesnudo.com.mx\\\/#organization\",\"name\":\"Pol\u00edticos al Desnudo\",\"url\":\"https:\\\/\\\/politicosaldesnudo.com.mx\\\/\",\"logo\":{\"@type\":\"ImageObject\",\"inLanguage\":\"es\",\"@id\":\"https:\\\/\\\/politicosaldesnudo.com.mx\\\/#\\\/schema\\\/logo\\\/image\\\/\",\"url\":\"https:\\\/\\\/i0.wp.com\\\/politicosaldesnudo.com.mx\\\/wp-content\\\/uploads\\\/2026\\\/08\\\/cropped-logo.webp?fit=400%2C126&ssl=1\",\"contentUrl\":\"https:\\\/\\\/i0.wp.com\\\/politicosaldesnudo.com.mx\\\/wp-content\\\/uploads\\\/2026\\\/08\\\/cropped-logo.webp?fit=400%2C126&ssl=1\",\"width\":400,\"height\":126,\"caption\":\"Pol\u00edticos al Desnudo\"},\"image\":{\"@id\":\"https:\\\/\\\/politicosaldesnudo.com.mx\\\/#\\\/schema\\\/logo\\\/image\\\/\"},\"sameAs\":[\"https:\\\/\\\/www.facebook.com\\\/PoliticosAD\"]},{\"@type\":\"Person\",\"@id\":\"https:\\\/\\\/politicosaldesnudo.com.mx\\\/#\\\/schema\\\/person\\\/ef3a64e561cc3f3f5dc52fab81adde7e\",\"name\":\"Redacci\u00f3n Pol\u00edticos\",\"url\":\"https:\\\/\\\/politicosaldesnudo.com.mx\\\/index.php\\\/author\\\/redaccion-politicos\\\/\"}]}<\/script>\n<!-- \/ Yoast SEO plugin. -->","yoast_head_json":{"title":"La guerrilla hizo historia - Pol\u00edticos al Desnudo","robots":{"index":"index","follow":"follow","max-snippet":"max-snippet:-1","max-image-preview":"max-image-preview:large","max-video-preview":"max-video-preview:-1"},"canonical":"https:\/\/politicosaldesnudo.com.mx\/index.php\/2023\/07\/24\/la-guerrilla-hizo-historia\/","og_locale":"es_ES","og_type":"article","og_title":"La guerrilla hizo historia - Pol\u00edticos al Desnudo","og_description":"&nbsp; Por Jos\u00e9 Garc\u00eda S\u00e1nchez El manique\u00edsmo fue una corriente fue una religi\u00f3n, al principio de nuestra era, que sigue [&hellip;]","og_url":"https:\/\/politicosaldesnudo.com.mx\/index.php\/2023\/07\/24\/la-guerrilla-hizo-historia\/","og_site_name":"Pol\u00edticos al Desnudo","article_publisher":"https:\/\/www.facebook.com\/PoliticosAD","article_published_time":"2023-07-24T08:59:35+00:00","og_image":[{"width":1816,"height":1016,"url":"https:\/\/i0.wp.com\/politicosaldesnudo.com.mx\/wp-content\/uploads\/2022\/04\/JOSE%CC%81-GARCI%CC%81A.png?fit=1816%2C1016&ssl=1","type":"image\/png"}],"author":"Redacci\u00f3n Pol\u00edticos","twitter_card":"summary_large_image","twitter_misc":{"Escrito por":"Redacci\u00f3n Pol\u00edticos","Tiempo de lectura":"5 minutos"},"schema":{"@context":"https:\/\/schema.org","@graph":[{"@type":"Article","@id":"https:\/\/politicosaldesnudo.com.mx\/index.php\/2023\/07\/24\/la-guerrilla-hizo-historia\/#article","isPartOf":{"@id":"https:\/\/politicosaldesnudo.com.mx\/index.php\/2023\/07\/24\/la-guerrilla-hizo-historia\/"},"author":{"name":"Redacci\u00f3n Pol\u00edticos","@id":"https:\/\/politicosaldesnudo.com.mx\/#\/schema\/person\/ef3a64e561cc3f3f5dc52fab81adde7e"},"headline":"La guerrilla hizo historia","datePublished":"2023-07-24T08:59:35+00:00","mainEntityOfPage":{"@id":"https:\/\/politicosaldesnudo.com.mx\/index.php\/2023\/07\/24\/la-guerrilla-hizo-historia\/"},"wordCount":923,"publisher":{"@id":"https:\/\/politicosaldesnudo.com.mx\/#organization"},"image":{"@id":"https:\/\/politicosaldesnudo.com.mx\/index.php\/2023\/07\/24\/la-guerrilla-hizo-historia\/#primaryimage"},"thumbnailUrl":"https:\/\/i0.wp.com\/politicosaldesnudo.com.mx\/wp-content\/uploads\/2022\/04\/JOSE%CC%81-GARCI%CC%81A.png?fit=1816%2C1016&ssl=1","keywords":["AM\u00c9RICA LATINA","GUERRILLA","M\u00c9XICO"],"articleSection":["OPINI\u00d3N"],"inLanguage":"es"},{"@type":"WebPage","@id":"https:\/\/politicosaldesnudo.com.mx\/index.php\/2023\/07\/24\/la-guerrilla-hizo-historia\/","url":"https:\/\/politicosaldesnudo.com.mx\/index.php\/2023\/07\/24\/la-guerrilla-hizo-historia\/","name":"La guerrilla hizo historia - Pol\u00edticos al Desnudo","isPartOf":{"@id":"https:\/\/politicosaldesnudo.com.mx\/#website"},"primaryImageOfPage":{"@id":"https:\/\/politicosaldesnudo.com.mx\/index.php\/2023\/07\/24\/la-guerrilla-hizo-historia\/#primaryimage"},"image":{"@id":"https:\/\/politicosaldesnudo.com.mx\/index.php\/2023\/07\/24\/la-guerrilla-hizo-historia\/#primaryimage"},"thumbnailUrl":"https:\/\/i0.wp.com\/politicosaldesnudo.com.mx\/wp-content\/uploads\/2022\/04\/JOSE%CC%81-GARCI%CC%81A.png?fit=1816%2C1016&ssl=1","datePublished":"2023-07-24T08:59:35+00:00","breadcrumb":{"@id":"https:\/\/politicosaldesnudo.com.mx\/index.php\/2023\/07\/24\/la-guerrilla-hizo-historia\/#breadcrumb"},"inLanguage":"es","potentialAction":[{"@type":"ReadAction","target":["https:\/\/politicosaldesnudo.com.mx\/index.php\/2023\/07\/24\/la-guerrilla-hizo-historia\/"]}]},{"@type":"ImageObject","inLanguage":"es","@id":"https:\/\/politicosaldesnudo.com.mx\/index.php\/2023\/07\/24\/la-guerrilla-hizo-historia\/#primaryimage","url":"https:\/\/i0.wp.com\/politicosaldesnudo.com.mx\/wp-content\/uploads\/2022\/04\/JOSE%CC%81-GARCI%CC%81A.png?fit=1816%2C1016&ssl=1","contentUrl":"https:\/\/i0.wp.com\/politicosaldesnudo.com.mx\/wp-content\/uploads\/2022\/04\/JOSE%CC%81-GARCI%CC%81A.png?fit=1816%2C1016&ssl=1","width":1816,"height":1016},{"@type":"BreadcrumbList","@id":"https:\/\/politicosaldesnudo.com.mx\/index.php\/2023\/07\/24\/la-guerrilla-hizo-historia\/#breadcrumb","itemListElement":[{"@type":"ListItem","position":1,"name":"Portada","item":"https:\/\/politicosaldesnudo.com.mx\/"},{"@type":"ListItem","position":2,"name":"La guerrilla hizo historia"}]},{"@type":"WebSite","@id":"https:\/\/politicosaldesnudo.com.mx\/#website","url":"https:\/\/politicosaldesnudo.com.mx\/","name":"Pol\u00edticos al Desnudo","description":"","publisher":{"@id":"https:\/\/politicosaldesnudo.com.mx\/#organization"},"potentialAction":[{"@type":"SearchAction","target":{"@type":"EntryPoint","urlTemplate":"https:\/\/politicosaldesnudo.com.mx\/?s={search_term_string}"},"query-input":{"@type":"PropertyValueSpecification","valueRequired":true,"valueName":"search_term_string"}}],"inLanguage":"es"},{"@type":"Organization","@id":"https:\/\/politicosaldesnudo.com.mx\/#organization","name":"Pol\u00edticos al Desnudo","url":"https:\/\/politicosaldesnudo.com.mx\/","logo":{"@type":"ImageObject","inLanguage":"es","@id":"https:\/\/politicosaldesnudo.com.mx\/#\/schema\/logo\/image\/","url":"https:\/\/i0.wp.com\/politicosaldesnudo.com.mx\/wp-content\/uploads\/2026\/08\/cropped-logo.webp?fit=400%2C126&ssl=1","contentUrl":"https:\/\/i0.wp.com\/politicosaldesnudo.com.mx\/wp-content\/uploads\/2026\/08\/cropped-logo.webp?fit=400%2C126&ssl=1","width":400,"height":126,"caption":"Pol\u00edticos al Desnudo"},"image":{"@id":"https:\/\/politicosaldesnudo.com.mx\/#\/schema\/logo\/image\/"},"sameAs":["https:\/\/www.facebook.com\/PoliticosAD"]},{"@type":"Person","@id":"https:\/\/politicosaldesnudo.com.mx\/#\/schema\/person\/ef3a64e561cc3f3f5dc52fab81adde7e","name":"Redacci\u00f3n Pol\u00edticos","url":"https:\/\/politicosaldesnudo.com.mx\/index.php\/author\/redaccion-politicos\/"}]}},"jetpack_publicize_connections":[],"jetpack-related-posts":[{"id":88156,"url":"https:\/\/politicosaldesnudo.com.mx\/index.php\/2026\/08\/29\/aumenta-a-675-la-cifra-de-muertos-por-el-alud-en-nepal\/","url_meta":{"origin":22517,"position":0},"title":"Aumenta a 675 la cifra de muertos por el alud en Nepal","author":"Redacci\u00f3n Pol\u00edticos","date":"29 de agosto de 2026","format":false,"excerpt":"La tragedia contin\u00faa creciendo en Nepal. El n\u00famero provisional de personas fallecidas por el devastador alud ocurrido el mi\u00e9rcoles aument\u00f3 a 675, mientras miles de familias siguen esperando noticias de sus seres queridos. La autoridad nacional de gesti\u00f3n de desastres actualiz\u00f3 este s\u00e1bado el balance, que anteriormente contabilizaba 633 v\u00edctimas\u2026","rel":"","context":"En \u00abINTERNACIONAL\u00bb","block_context":{"text":"INTERNACIONAL","link":"https:\/\/politicosaldesnudo.com.mx\/index.php\/category\/internacional\/"},"img":{"alt_text":"","src":"https:\/\/i0.wp.com\/politicosaldesnudo.com.mx\/wp-content\/uploads\/2026\/08\/nepal.jpg?fit=1000%2C666&ssl=1&resize=350%2C200","width":350,"height":200,"srcset":"https:\/\/i0.wp.com\/politicosaldesnudo.com.mx\/wp-content\/uploads\/2026\/08\/nepal.jpg?fit=1000%2C666&ssl=1&resize=350%2C200 1x, https:\/\/i0.wp.com\/politicosaldesnudo.com.mx\/wp-content\/uploads\/2026\/08\/nepal.jpg?fit=1000%2C666&ssl=1&resize=525%2C300 1.5x, https:\/\/i0.wp.com\/politicosaldesnudo.com.mx\/wp-content\/uploads\/2026\/08\/nepal.jpg?fit=1000%2C666&ssl=1&resize=700%2C400 2x"},"classes":[]},{"id":88090,"url":"https:\/\/politicosaldesnudo.com.mx\/index.php\/2026\/08\/27\/tragedia-en-el-himalaya-mas-de-300-muertos-y-cerca-de-mil-500-desaparecidos-tras-devastadora-riada\/","url_meta":{"origin":22517,"position":1},"title":"Tragedia en el Himalaya: m\u00e1s de 300 muertos y cerca de mil 500 desaparecidos tras devastadora riada","author":"Redacci\u00f3n Pol\u00edticos","date":"27 de agosto de 2026","format":false,"excerpt":"La emergencia golpe\u00f3 una zona fronteriza entre Nepal y el T\u00edbet frecuentada por excursionistas y peregrinos. Entre las personas no localizadas figuran cientos de extranjeros. Una gigantesca corriente de agua, lodo y rocas dej\u00f3 un escenario de destrucci\u00f3n en la regi\u00f3n del Himalaya, donde el n\u00famero provisional de v\u00edctimas aument\u00f3\u2026","rel":"","context":"En \u00abINTERNACIONAL\u00bb","block_context":{"text":"INTERNACIONAL","link":"https:\/\/politicosaldesnudo.com.mx\/index.php\/category\/internacional\/"},"img":{"alt_text":"","src":"https:\/\/i0.wp.com\/politicosaldesnudo.com.mx\/wp-content\/uploads\/2026\/08\/nepal.png?fit=1200%2C606&ssl=1&resize=350%2C200","width":350,"height":200,"srcset":"https:\/\/i0.wp.com\/politicosaldesnudo.com.mx\/wp-content\/uploads\/2026\/08\/nepal.png?fit=1200%2C606&ssl=1&resize=350%2C200 1x, https:\/\/i0.wp.com\/politicosaldesnudo.com.mx\/wp-content\/uploads\/2026\/08\/nepal.png?fit=1200%2C606&ssl=1&resize=525%2C300 1.5x, https:\/\/i0.wp.com\/politicosaldesnudo.com.mx\/wp-content\/uploads\/2026\/08\/nepal.png?fit=1200%2C606&ssl=1&resize=700%2C400 2x, https:\/\/i0.wp.com\/politicosaldesnudo.com.mx\/wp-content\/uploads\/2026\/08\/nepal.png?fit=1200%2C606&ssl=1&resize=1050%2C600 3x"},"classes":[]},{"id":88211,"url":"https:\/\/politicosaldesnudo.com.mx\/index.php\/2026\/08\/31\/guerra-de-pensamientos\/","url_meta":{"origin":22517,"position":2},"title":"Guerra de pensamientos","author":"Redacci\u00f3n Pol\u00edticos","date":"31 de agosto de 2026","format":false,"excerpt":"Por Lic. Alberto Woolrich Ortiz Al igual que en la comunidad internacional, en M\u00e9xico se libra una aguda lucha entre los pensamientos ideol\u00f3gicos que defienden los intereses y creencias del segundo piso de la Cuarta Transformaci\u00f3n de la Naci\u00f3n y partidarios de la tendencia del neoliberalismo, la cual en su\u2026","rel":"","context":"En \u00abOPINI\u00d3N\u00bb","block_context":{"text":"OPINI\u00d3N","link":"https:\/\/politicosaldesnudo.com.mx\/index.php\/category\/columnistas\/"},"img":{"alt_text":"","src":"https:\/\/i0.wp.com\/politicosaldesnudo.com.mx\/wp-content\/uploads\/2026\/08\/WOOLRICH-3108.png?fit=1200%2C658&ssl=1&resize=350%2C200","width":350,"height":200,"srcset":"https:\/\/i0.wp.com\/politicosaldesnudo.com.mx\/wp-content\/uploads\/2026\/08\/WOOLRICH-3108.png?fit=1200%2C658&ssl=1&resize=350%2C200 1x, https:\/\/i0.wp.com\/politicosaldesnudo.com.mx\/wp-content\/uploads\/2026\/08\/WOOLRICH-3108.png?fit=1200%2C658&ssl=1&resize=525%2C300 1.5x, https:\/\/i0.wp.com\/politicosaldesnudo.com.mx\/wp-content\/uploads\/2026\/08\/WOOLRICH-3108.png?fit=1200%2C658&ssl=1&resize=700%2C400 2x, https:\/\/i0.wp.com\/politicosaldesnudo.com.mx\/wp-content\/uploads\/2026\/08\/WOOLRICH-3108.png?fit=1200%2C658&ssl=1&resize=1050%2C600 3x"},"classes":[]},{"id":88270,"url":"https:\/\/politicosaldesnudo.com.mx\/index.php\/2026\/09\/02\/nepal-busca-frenar-cancelaciones-turisticas-en-medio-de-la-tragedia-por-las-inundaciones\/","url_meta":{"origin":22517,"position":3},"title":"Nepal busca frenar cancelaciones tur\u00edsticas en medio de la tragedia por las inundaciones","author":"Redacci\u00f3n Pol\u00edticos","date":"2 de septiembre de 2026","format":false,"excerpt":"Mientras los equipos de emergencia contin\u00faan buscando a miles de personas desaparecidas, Nepal enfrenta otra amenaza derivada de las devastadoras inundaciones: el desplome de su actividad tur\u00edstica, una de las principales fuentes de ingresos del pa\u00eds. El Gobierno nepal\u00ed pidi\u00f3 a los viajeros extranjeros no abandonar sus planes de visitar\u2026","rel":"","context":"En \u00abINTERNACIONAL\u00bb","block_context":{"text":"INTERNACIONAL","link":"https:\/\/politicosaldesnudo.com.mx\/index.php\/category\/internacional\/"},"img":{"alt_text":"","src":"https:\/\/i0.wp.com\/politicosaldesnudo.com.mx\/wp-content\/uploads\/2026\/09\/nep.jpg?fit=1024%2C683&ssl=1&resize=350%2C200","width":350,"height":200,"srcset":"https:\/\/i0.wp.com\/politicosaldesnudo.com.mx\/wp-content\/uploads\/2026\/09\/nep.jpg?fit=1024%2C683&ssl=1&resize=350%2C200 1x, https:\/\/i0.wp.com\/politicosaldesnudo.com.mx\/wp-content\/uploads\/2026\/09\/nep.jpg?fit=1024%2C683&ssl=1&resize=525%2C300 1.5x, https:\/\/i0.wp.com\/politicosaldesnudo.com.mx\/wp-content\/uploads\/2026\/09\/nep.jpg?fit=1024%2C683&ssl=1&resize=700%2C400 2x"},"classes":[]},{"id":53553,"url":"https:\/\/politicosaldesnudo.com.mx\/index.php\/2025\/01\/03\/la-encuestitis-por-veracruz\/","url_meta":{"origin":22517,"position":4},"title":"La encuestitis por Veracruz","author":"Redacci\u00f3n Pol\u00edticos","date":"3 de enero de 2025","format":false,"excerpt":"Por: Luis Ram\u00edrez Baqueiro \u201cEl valor, al igual que el amor, necesita alimentarse de esperanza.\u201d \u2013 Napole\u00f3n Bonaparte. \u00a0 Un instrumento infalible para determinar y medir el posicionamiento p\u00fablico de los actores pol\u00edticos que aspiran por un posible cargo de elecci\u00f3n popular es la encuesta. Pero en pol\u00edtica como ciencia,\u2026","rel":"","context":"En \u00abOPINI\u00d3N\u00bb","block_context":{"text":"OPINI\u00d3N","link":"https:\/\/politicosaldesnudo.com.mx\/index.php\/category\/columnistas\/"},"img":{"alt_text":"","src":"https:\/\/i0.wp.com\/politicosaldesnudo.com.mx\/wp-content\/uploads\/2024\/05\/LUIS-RAMIREZ-BAQUEIRO.jpg?fit=800%2C445&ssl=1&resize=350%2C200","width":350,"height":200,"srcset":"https:\/\/i0.wp.com\/politicosaldesnudo.com.mx\/wp-content\/uploads\/2024\/05\/LUIS-RAMIREZ-BAQUEIRO.jpg?fit=800%2C445&ssl=1&resize=350%2C200 1x, https:\/\/i0.wp.com\/politicosaldesnudo.com.mx\/wp-content\/uploads\/2024\/05\/LUIS-RAMIREZ-BAQUEIRO.jpg?fit=800%2C445&ssl=1&resize=525%2C300 1.5x, https:\/\/i0.wp.com\/politicosaldesnudo.com.mx\/wp-content\/uploads\/2024\/05\/LUIS-RAMIREZ-BAQUEIRO.jpg?fit=800%2C445&ssl=1&resize=700%2C400 2x"},"classes":[]},{"id":87967,"url":"https:\/\/politicosaldesnudo.com.mx\/index.php\/2026\/08\/22\/mexico-extradita-a-argentina-a-presunto-lider-de-una-red-de-explotacion-sexual\/","url_meta":{"origin":22517,"position":5},"title":"M\u00e9xico extradita a Argentina a presunto l\u00edder de una red de explotaci\u00f3n sexual","author":"Redacci\u00f3n Pol\u00edticos","date":"22 de agosto de 2026","format":false,"excerpt":"Despu\u00e9s de una prolongada batalla judicial para evitar su traslado, Ra\u00fal \u201cN\u201d fue entregado por autoridades mexicanas a agentes de Argentina, donde es investigado por su presunta participaci\u00f3n en una organizaci\u00f3n dedicada a la trata de personas y al lavado de dinero. La operaci\u00f3n se realiz\u00f3 en el Aeropuerto Internacional\u2026","rel":"","context":"En \u00abINTERNACIONAL\u00bb","block_context":{"text":"INTERNACIONAL","link":"https:\/\/politicosaldesnudo.com.mx\/index.php\/category\/internacional\/"},"img":{"alt_text":"","src":"https:\/\/i0.wp.com\/politicosaldesnudo.com.mx\/wp-content\/uploads\/2026\/08\/fgr-entrega-a-argentina-a-presunto-tratante-de-personas-1200x675-1.webp?fit=1200%2C675&ssl=1&resize=350%2C200","width":350,"height":200,"srcset":"https:\/\/i0.wp.com\/politicosaldesnudo.com.mx\/wp-content\/uploads\/2026\/08\/fgr-entrega-a-argentina-a-presunto-tratante-de-personas-1200x675-1.webp?fit=1200%2C675&ssl=1&resize=350%2C200 1x, https:\/\/i0.wp.com\/politicosaldesnudo.com.mx\/wp-content\/uploads\/2026\/08\/fgr-entrega-a-argentina-a-presunto-tratante-de-personas-1200x675-1.webp?fit=1200%2C675&ssl=1&resize=525%2C300 1.5x, https:\/\/i0.wp.com\/politicosaldesnudo.com.mx\/wp-content\/uploads\/2026\/08\/fgr-entrega-a-argentina-a-presunto-tratante-de-personas-1200x675-1.webp?fit=1200%2C675&ssl=1&resize=700%2C400 2x, https:\/\/i0.wp.com\/politicosaldesnudo.com.mx\/wp-content\/uploads\/2026\/08\/fgr-entrega-a-argentina-a-presunto-tratante-de-personas-1200x675-1.webp?fit=1200%2C675&ssl=1&resize=1050%2C600 3x"},"classes":[]}],"jetpack_sharing_enabled":true,"jetpack_featured_media_url":"https:\/\/i0.wp.com\/politicosaldesnudo.com.mx\/wp-content\/uploads\/2022\/04\/JOSE%CC%81-GARCI%CC%81A.png?fit=1816%2C1016&ssl=1","_links":{"self":[{"href":"https:\/\/politicosaldesnudo.com.mx\/index.php\/wp-json\/wp\/v2\/posts\/22517","targetHints":{"allow":["GET"]}}],"collection":[{"href":"https:\/\/politicosaldesnudo.com.mx\/index.php\/wp-json\/wp\/v2\/posts"}],"about":[{"href":"https:\/\/politicosaldesnudo.com.mx\/index.php\/wp-json\/wp\/v2\/types\/post"}],"author":[{"embeddable":true,"href":"https:\/\/politicosaldesnudo.com.mx\/index.php\/wp-json\/wp\/v2\/users\/4"}],"replies":[{"embeddable":true,"href":"https:\/\/politicosaldesnudo.com.mx\/index.php\/wp-json\/wp\/v2\/comments?post=22517"}],"version-history":[{"count":0,"href":"https:\/\/politicosaldesnudo.com.mx\/index.php\/wp-json\/wp\/v2\/posts\/22517\/revisions"}],"wp:featuredmedia":[{"embeddable":true,"href":"https:\/\/politicosaldesnudo.com.mx\/index.php\/wp-json\/wp\/v2\/media\/3934"}],"wp:attachment":[{"href":"https:\/\/politicosaldesnudo.com.mx\/index.php\/wp-json\/wp\/v2\/media?parent=22517"}],"wp:term":[{"taxonomy":"category","embeddable":true,"href":"https:\/\/politicosaldesnudo.com.mx\/index.php\/wp-json\/wp\/v2\/categories?post=22517"},{"taxonomy":"post_tag","embeddable":true,"href":"https:\/\/politicosaldesnudo.com.mx\/index.php\/wp-json\/wp\/v2\/tags?post=22517"}],"curies":[{"name":"wp","href":"https:\/\/api.w.org\/{rel}","templated":true}]}}