{"id":22551,"date":"2023-07-25T06:00:46","date_gmt":"2023-07-25T11:00:46","guid":{"rendered":"https:\/\/politicosaldesnudo.com.mx\/?p=22551"},"modified":"2023-07-25T08:56:47","modified_gmt":"2023-07-25T13:56:47","slug":"plan-en-palacio-subir-a-creel-para-bajar-a-xochitl","status":"publish","type":"post","link":"https:\/\/politicosaldesnudo.com.mx\/index.php\/2023\/07\/25\/plan-en-palacio-subir-a-creel-para-bajar-a-xochitl\/","title":{"rendered":"Plan en Palacio: subir a Creel para bajar a X\u00f3chitl"},"content":{"rendered":"<p class=\"p1\">\n<p>&nbsp;<\/p>\n<p class=\"p1\"><span style=\"font-size: 18pt;\"><strong>Por Jos\u00e9 Ure\u00f1a<\/strong><\/span><\/p>\n<p class=\"p1\"><span style=\"font-size: 14pt;\">Viene un cambio de paradigma. Han sido contraproducentes las cr\u00edticas constantes a X\u00f3chitl G\u00e1lvez desde Palacio Nacional, porque han bajado cuatro puntos a la popularidad de Andr\u00e9s Manuel L\u00f3pez Obrador y es necesario modificar la estrategia gubernamental. <\/span><span style=\"font-size: 14pt;\">\u00bfCu\u00e1l es?<\/span><\/p>\n<p class=\"p1\"><span style=\"font-size: 14pt;\">Hablar menos de la hidalguense sin partido y, a trav\u00e9s de los mecanismos medi\u00e1ticos del Gobierno, impulsar un cuadro alterno en el Frente Amplio por M\u00e9xico.<\/span><\/p>\n<p class=\"p1\"><span style=\"font-size: 14pt;\">La f\u00f3rmula es simple: <\/span><span style=\"font-size: 14pt;\">Bajar los momios de la hidalguense y por canales alternos, en especial las redes sociales y el gran aparato de Siervos de la Naci\u00f3n y J\u00f3venes Construyendo el Futuro, promover a otro personaje.<\/span><\/p>\n<p class=\"p1\"><span style=\"font-size: 14pt;\">\u00bfQui\u00e9n? <\/span><span style=\"font-size: 14pt;\">Pues el panista Santiago Creel.<\/span><\/p>\n<p class=\"p1\"><span style=\"font-size: 14pt;\">Las mediciones presidenciales no colocan a otro prospecto capaz de hacerle sombra a la estrella emergente de la oposici\u00f3n.<\/span><\/p>\n<p class=\"p1\"><span style=\"font-size: 14pt;\">En el panorama s\u00f3lo aparecen tres posibles triunfadores en la lucha como abanderado de la oposici\u00f3n: la propia X\u00f3chitl G\u00e1lvez, el panista Santiago Creel y el priista Enrique de la Madrid.<\/span><\/p>\n<p>&nbsp;<\/p>\n<p class=\"p1\"><span style=\"font-size: 18pt; color: #139eca;\"><strong>\u00a1ACU\u00c9RDATE ANDR\u00c9S!<\/strong><\/span><\/p>\n<p class=\"p1\"><span style=\"font-size: 14pt;\">Andr\u00e9s Manuel L\u00f3pez Obrador ha optado por Santiago Creel. <\/span><span style=\"font-size: 14pt;\">Hay muchos elementos a su favor.<\/span><\/p>\n<p class=\"p1\"><span style=\"font-size: 14pt;\">La relaci\u00f3n personal entre ambos viene de lejos. <\/span><span style=\"font-size: 14pt;\">Cuando hace lustros L\u00f3pez Obrador necesit\u00f3 abogados, recurri\u00f3 precisamente a Santiago Creel por ser opositor al PRI, pero sobre todo por manejar un despacho de \u00e9xito.<\/span><\/p>\n<p class=\"p1\"><span style=\"font-size: 14pt;\">Lo explot\u00f3: Creel lo defendi\u00f3 y le gan\u00f3 varios casos, como ha informado el propio presidente de la C\u00e1mara de Diputados en su video \u00a1Acu\u00e9rdate Andr\u00e9s!<\/span><br \/>\n<span style=\"font-size: 14pt;\">No se trata de pagar favores -la gratitud no existe ni existir\u00e1 en el lenguaje presidencial-, sino de contener al fen\u00f3meno social llamado X\u00f3chitl G\u00e1lvez porque ha oscurecido a las corcholatas.<\/span><\/p>\n<p class=\"p1\"><span style=\"font-size: 14pt;\">La estrategia ir\u00eda en dos caminos:<\/span><\/p>\n<p class=\"p1\"><span style=\"font-size: 14pt;\">En primer lugar, hablar menos de ella y eso, estiman consejeros de Palacio Nacional, disminuir\u00eda su crecimiento durante la campa\u00f1a.<\/span><\/p>\n<p class=\"p1\"><span style=\"font-size: 14pt;\">Y en segundo, dejar de atacar a Santiago Creel mientras se le impulsa por las redes chairistas y de esa manera ensombrecer el triunfo de X\u00f3chitl en la contienda interna del Frente Amplio por M\u00e9xico.<\/span><\/p>\n<p class=\"p1\"><span style=\"font-size: 14pt;\">Usted notar\u00e1 esta estrategia donde parpadea el \u00e1nimo presidencial, todos los d\u00edas en la ma\u00f1ana.<\/span><\/p>\n<p>&nbsp;<\/p>\n<p class=\"p1\"><span style=\"font-size: 18pt; color: #139eca;\"><strong>NADA DE SEGURIDAD<\/strong><\/span><\/p>\n<p class=\"p1\"><span style=\"font-size: 14pt;\">Una discusi\u00f3n sube la tensi\u00f3n en la oposici\u00f3n.<\/span><\/p>\n<p class=\"p1\"><span style=\"font-size: 14pt;\">Asesores y dirigentes partidistas piden a X\u00f3chitl G\u00e1lvez contratar protecci\u00f3n porque las condiciones del pa\u00eds y la fobia gubernamental no est\u00e1n para ignorarse.<\/span><\/p>\n<p class=\"p1\"><span style=\"font-size: 14pt;\">Ella la rechaza: <\/span><span style=\"font-size: 14pt;\">-Quien nada debe nada teme -contesta.<\/span><\/p>\n<p class=\"p1\"><span style=\"font-size: 14pt;\">Pero ya comienza a reflexionar y tal vez esta semana cambie de parecer para evitar atentados como los sufridos por muchos pol\u00edticos, de Luis Donaldo Colosio a los candidatos ca\u00eddos en campa\u00f1a en 2021.<\/span><\/p>\n<p class=\"p1\"><span style=\"font-size: 14pt;\">El debate pasa a otro terreno: \u00bfqui\u00e9n debe pagar ese aparato de especialistas en inteligencia y seguridad, sobre todo porque no faltar\u00e1n espont\u00e1neos ante el azuzamiento desde Palacio Nacional?<\/span><\/p>\n<p class=\"p1\"><span style=\"font-size: 14pt;\">Lo deben decidir Alejandro Moreno, Marko Cort\u00e9s y Jes\u00fas Zambrano, respectivamente dirigentes del PRI, PAN Y PRD, tal vez con fondos del Frente.<\/span><\/p>\n<p class=\"p1\"><span style=\"font-size: 14pt;\">Quiz\u00e1 el tema no sea si se le protege o no, sino de d\u00f3nde saldr\u00e1n los recursos porque no est\u00e1n previstos en ninguna de las cl\u00e1usulas de la convocatoria.<\/span><\/p>\n<p class=\"p1\"><span style=\"font-size: 14pt;\">Por lo pronto ya consultan con especialistas en derecho electoral y, no lo dude, pronto dar\u00e1n su opini\u00f3n el INE de Guadalupe Taddei y el Tribunal Electoral de Reyes Rodr\u00edguez Mondrag\u00f3n.<\/span><\/p>\n<p>&nbsp;<\/p>\n<hr \/>\n<p>&nbsp;<\/p>\n<p><img data-recalc-dims=\"1\" loading=\"lazy\" decoding=\"async\" class=\"aligncenter wp-image-14351\" src=\"https:\/\/i0.wp.com\/politicosaldesnudo.com.mx\/wp-content\/uploads\/2023\/01\/FIRMA-EDITORIAL-PD-300x37.png?resize=800%2C98&#038;ssl=1\" alt=\"\" width=\"800\" height=\"98\" srcset=\"https:\/\/i0.wp.com\/politicosaldesnudo.com.mx\/wp-content\/uploads\/2023\/01\/FIRMA-EDITORIAL-PD.png?resize=300%2C37&amp;ssl=1 300w, https:\/\/i0.wp.com\/politicosaldesnudo.com.mx\/wp-content\/uploads\/2023\/01\/FIRMA-EDITORIAL-PD.png?resize=1024%2C125&amp;ssl=1 1024w, https:\/\/i0.wp.com\/politicosaldesnudo.com.mx\/wp-content\/uploads\/2023\/01\/FIRMA-EDITORIAL-PD.png?resize=768%2C94&amp;ssl=1 768w, https:\/\/i0.wp.com\/politicosaldesnudo.com.mx\/wp-content\/uploads\/2023\/01\/FIRMA-EDITORIAL-PD.png?resize=1536%2C188&amp;ssl=1 1536w, https:\/\/i0.wp.com\/politicosaldesnudo.com.mx\/wp-content\/uploads\/2023\/01\/FIRMA-EDITORIAL-PD.png?resize=2048%2C250&amp;ssl=1 2048w, https:\/\/i0.wp.com\/politicosaldesnudo.com.mx\/wp-content\/uploads\/2023\/01\/FIRMA-EDITORIAL-PD.png?w=1600&amp;ssl=1 1600w, https:\/\/i0.wp.com\/politicosaldesnudo.com.mx\/wp-content\/uploads\/2023\/01\/FIRMA-EDITORIAL-PD.png?w=2400&amp;ssl=1 2400w\" sizes=\"auto, (max-width: 800px) 100vw, 800px\" \/><\/p>\n<p>&nbsp;<\/p>\n<p>&nbsp;<\/p>\n<p>&nbsp;<\/p>\n<p>&nbsp;<\/p>\n","protected":false},"excerpt":{"rendered":"<p>&nbsp; Por Jos\u00e9 Ure\u00f1a Viene un cambio de paradigma. Han sido contraproducentes las cr\u00edticas constantes a X\u00f3chitl G\u00e1lvez desde Palacio<\/p>\n","protected":false},"author":4,"featured_media":4036,"comment_status":"closed","ping_status":"closed","sticky":false,"template":"","format":"standard","meta":{"colormag_page_container_layout":"default_layout","colormag_page_sidebar_layout":"default_layout","_jetpack_memberships_contains_paid_content":false,"footnotes":"","jetpack_publicize_message":"","jetpack_publicize_feature_enabled":true,"jetpack_social_post_already_shared":false,"jetpack_social_options":{"image_generator_settings":{"template":"highway","default_image_id":0,"font":"","enabled":false},"version":2}},"categories":[26],"tags":[],"class_list":["post-22551","post","type-post","status-publish","format-standard","has-post-thumbnail","hentry","category-columnistas"],"jetpack_publicize_connections":[],"jetpack_featured_media_url":"https:\/\/i0.wp.com\/politicosaldesnudo.com.mx\/wp-content\/uploads\/2022\/04\/JOSE%CC%81-UREN%CC%83A-1.png?fit=1816%2C1016&ssl=1","jetpack-related-posts":[],"jetpack_sharing_enabled":true,"_links":{"self":[{"href":"https:\/\/politicosaldesnudo.com.mx\/index.php\/wp-json\/wp\/v2\/posts\/22551","targetHints":{"allow":["GET"]}}],"collection":[{"href":"https:\/\/politicosaldesnudo.com.mx\/index.php\/wp-json\/wp\/v2\/posts"}],"about":[{"href":"https:\/\/politicosaldesnudo.com.mx\/index.php\/wp-json\/wp\/v2\/types\/post"}],"author":[{"embeddable":true,"href":"https:\/\/politicosaldesnudo.com.mx\/index.php\/wp-json\/wp\/v2\/users\/4"}],"replies":[{"embeddable":true,"href":"https:\/\/politicosaldesnudo.com.mx\/index.php\/wp-json\/wp\/v2\/comments?post=22551"}],"version-history":[{"count":0,"href":"https:\/\/politicosaldesnudo.com.mx\/index.php\/wp-json\/wp\/v2\/posts\/22551\/revisions"}],"wp:featuredmedia":[{"embeddable":true,"href":"https:\/\/politicosaldesnudo.com.mx\/index.php\/wp-json\/wp\/v2\/media\/4036"}],"wp:attachment":[{"href":"https:\/\/politicosaldesnudo.com.mx\/index.php\/wp-json\/wp\/v2\/media?parent=22551"}],"wp:term":[{"taxonomy":"category","embeddable":true,"href":"https:\/\/politicosaldesnudo.com.mx\/index.php\/wp-json\/wp\/v2\/categories?post=22551"},{"taxonomy":"post_tag","embeddable":true,"href":"https:\/\/politicosaldesnudo.com.mx\/index.php\/wp-json\/wp\/v2\/tags?post=22551"}],"curies":[{"name":"wp","href":"https:\/\/api.w.org\/{rel}","templated":true}]}}