{"id":22615,"date":"2023-07-26T18:26:24","date_gmt":"2023-07-26T23:26:24","guid":{"rendered":"https:\/\/politicosaldesnudo.com.mx\/?p=22615"},"modified":"2023-07-26T18:26:32","modified_gmt":"2023-07-26T23:26:32","slug":"asesinan-a-zayma-zoraya-zamora-excandidata-a-la-alcaldia-de-poza-rica","status":"publish","type":"post","link":"https:\/\/politicosaldesnudo.com.mx\/index.php\/2023\/07\/26\/asesinan-a-zayma-zoraya-zamora-excandidata-a-la-alcaldia-de-poza-rica\/","title":{"rendered":"Asesinan a Zayma Zoraya Zamora, excandidata a la alcald\u00eda de Poza Rica"},"content":{"rendered":"<p>&nbsp;<\/p>\n<p class=\"p1\"><span style=\"font-size: 14pt;\"><em><span class=\"s1\"><strong>POZA RICA, VERACRUZ.<\/strong> <\/span><\/em><strong>La Secretar\u00eda de Seguridad P\u00fablica de Veracruz<\/strong>, activ\u00f3 el <strong>C\u00f3digo Rojo en Poza Rica<\/strong>, <strong>tras el asesinato de la excandidata<\/strong> a la alcald\u00eda de ese municipio, <strong>Zayma Zoraya Zamora Garc\u00eda<\/strong>.<\/span><\/p>\n<p class=\"p1\"><span style=\"font-size: 18pt;\"><strong>Seg\u00fan reportes, el ataque a balazos contra Zayma Zoraya Zamora se produjo cuando la v\u00edctima arribaba a su domicilio, a bordo de una camioneta color arena, en el boulevard L\u00e1zaro C\u00e1rdenas, en la colonia Ignacio de la Llave.<\/strong><\/span><\/p>\n<p class=\"p1\"><span style=\"font-size: 14pt;\">Posteriormente, la mujer fue asesinada por sujetos desconocidos que dispararon en 70 ocasiones contra el veh\u00edculo. Por ello, elementos ministeriales desplegaron un operativo por parte de elementos de la Polic\u00eda Estatal, as\u00ed como elementos federales.<\/span><\/p>\n<p class=\"p1\"><span style=\"font-size: 14pt;\">Sobre este crimen, la Fiscal\u00eda General del Estado de Veracruz (FGE), inform\u00f3 que abri\u00f3 una carpeta de investigaci\u00f3n por estos hechos, asegurando \u201cque en este caso, como en todos en los que se agreda a las y los veracruzanos, no habr\u00e1 impunidad\u201d.<\/span><\/p>\n<p class=\"p1\"><span style=\"font-size: 18pt;\"><strong>El pasado 5 de julio, la tambi\u00e9n empresaria Zayma Zoraya Zamora acompa\u00f1\u00f3 al aspirante presidencial de Morena, Ad\u00e1n Augusto L\u00f3pez, en una asamblea informativa realizada en Poza Rica.<\/strong><\/span><\/p>\n<p>&nbsp;<\/p>\n<p>&nbsp;<\/p>\n","protected":false},"excerpt":{"rendered":"<p>&nbsp; POZA RICA, VERACRUZ. La Secretar\u00eda de Seguridad P\u00fablica de Veracruz, activ\u00f3 el C\u00f3digo Rojo en Poza Rica, tras el [&hellip;]<\/p>\n","protected":false},"author":4,"featured_media":22616,"comment_status":"closed","ping_status":"closed","sticky":false,"template":"","format":"standard","meta":{"site-sidebar-layout":"default","site-content-layout":"","ast-site-content-layout":"default","site-content-style":"default","site-sidebar-style":"default","ast-global-header-display":"","ast-banner-title-visibility":"","ast-main-header-display":"","ast-hfb-above-header-display":"","ast-hfb-below-header-display":"","ast-hfb-mobile-header-display":"","site-post-title":"","ast-breadcrumbs-content":"","ast-featured-img":"","footer-sml-layout":"","ast-disable-related-posts":"","theme-transparent-header-meta":"","adv-header-id-meta":"","stick-header-meta":"","header-above-stick-meta":"","header-main-stick-meta":"","header-below-stick-meta":"","astra-migrate-meta-layouts":"default","ast-page-background-enabled":"default","ast-page-background-meta":{"desktop":{"background-color":"var(--ast-global-color-5)","background-image":"","background-repeat":"repeat","background-position":"center center","background-size":"auto","background-attachment":"scroll","background-type":"","background-media":"","overlay-type":"","overlay-color":"","overlay-opacity":"","overlay-gradient":""},"tablet":{"background-color":"","background-image":"","background-repeat":"repeat","background-position":"center center","background-size":"auto","background-attachment":"scroll","background-type":"","background-media":"","overlay-type":"","overlay-color":"","overlay-opacity":"","overlay-gradient":""},"mobile":{"background-color":"","background-image":"","background-repeat":"repeat","background-position":"center center","background-size":"auto","background-attachment":"scroll","background-type":"","background-media":"","overlay-type":"","overlay-color":"","overlay-opacity":"","overlay-gradient":""}},"ast-content-background-meta":{"desktop":{"background-color":"var(--ast-global-color-4)","background-image":"","background-repeat":"repeat","background-position":"center center","background-size":"auto","background-attachment":"scroll","background-type":"","background-media":"","overlay-type":"","overlay-color":"","overlay-opacity":"","overlay-gradient":""},"tablet":{"background-color":"var(--ast-global-color-4)","background-image":"","background-repeat":"repeat","background-position":"center center","background-size":"auto","background-attachment":"scroll","background-type":"","background-media":"","overlay-type":"","overlay-color":"","overlay-opacity":"","overlay-gradient":""},"mobile":{"background-color":"var(--ast-global-color-4)","background-image":"","background-repeat":"repeat","background-position":"center center","background-size":"auto","background-attachment":"scroll","background-type":"","background-media":"","overlay-type":"","overlay-color":"","overlay-opacity":"","overlay-gradient":""}},"_jetpack_newsletter_access":"","_jetpack_dont_email_post_to_subs":false,"_jetpack_newsletter_tier_id":0,"_jetpack_memberships_contains_paywalled_content":false,"_jetpack_feature_clip_id":0,"_jetpack_memberships_contains_paid_content":false,"footnotes":"","jetpack_publicize_message":"","jetpack_publicize_feature_enabled":true,"jetpack_social_post_already_shared":false,"jetpack_social_options":{"image_generator_settings":{"template":"highway","default_image_id":0,"font":"","enabled":false},"version":2},"jetpack_post_was_ever_published":false},"categories":[30],"tags":[497,3034],"class_list":["post-22615","post","type-post","status-publish","format-standard","has-post-thumbnail","hentry","category-estados","tag-poza-rica","tag-zayma-zoraya-zamora"],"yoast_head":"<!-- This site is optimized with the Yoast SEO plugin v28.3 - https:\/\/yoast.com\/product\/yoast-seo-wordpress\/ -->\n<title>Asesinan a Zayma Zoraya Zamora, excandidata a la alcald\u00eda de Poza Rica - Pol\u00edticos al Desnudo<\/title>\n<meta name=\"robots\" content=\"index, follow, max-snippet:-1, max-image-preview:large, max-video-preview:-1\" \/>\n<link rel=\"canonical\" href=\"https:\/\/politicosaldesnudo.com.mx\/index.php\/2023\/07\/26\/asesinan-a-zayma-zoraya-zamora-excandidata-a-la-alcaldia-de-poza-rica\/\" \/>\n<meta property=\"og:locale\" content=\"es_ES\" \/>\n<meta property=\"og:type\" content=\"article\" \/>\n<meta property=\"og:title\" content=\"Asesinan a Zayma Zoraya Zamora, excandidata a la alcald\u00eda de Poza Rica - Pol\u00edticos al Desnudo\" \/>\n<meta property=\"og:description\" content=\"&nbsp; POZA RICA, VERACRUZ. La Secretar\u00eda de Seguridad P\u00fablica de Veracruz, activ\u00f3 el C\u00f3digo Rojo en Poza Rica, tras el [&hellip;]\" \/>\n<meta property=\"og:url\" content=\"https:\/\/politicosaldesnudo.com.mx\/index.php\/2023\/07\/26\/asesinan-a-zayma-zoraya-zamora-excandidata-a-la-alcaldia-de-poza-rica\/\" \/>\n<meta property=\"og:site_name\" content=\"Pol\u00edticos al Desnudo\" \/>\n<meta property=\"article:publisher\" content=\"https:\/\/www.facebook.com\/PoliticosAD\" \/>\n<meta property=\"article:published_time\" content=\"2023-07-26T23:26:24+00:00\" \/>\n<meta property=\"article:modified_time\" content=\"2023-07-26T23:26:32+00:00\" \/>\n<meta property=\"og:image\" content=\"https:\/\/i0.wp.com\/politicosaldesnudo.com.mx\/wp-content\/uploads\/2023\/07\/P-ZORAYA-ZAMORA-POZARICA.png?fit=1816%2C1016&ssl=1\" \/>\n\t<meta property=\"og:image:width\" content=\"1816\" \/>\n\t<meta property=\"og:image:height\" content=\"1016\" \/>\n\t<meta property=\"og:image:type\" content=\"image\/png\" \/>\n<meta name=\"author\" content=\"Redacci\u00f3n Pol\u00edticos\" \/>\n<meta name=\"twitter:card\" content=\"summary_large_image\" \/>\n<meta name=\"twitter:label1\" content=\"Escrito por\" \/>\n\t<meta name=\"twitter:data1\" content=\"Redacci\u00f3n Pol\u00edticos\" \/>\n\t<meta name=\"twitter:label2\" content=\"Tiempo de lectura\" \/>\n\t<meta name=\"twitter:data2\" content=\"1 minuto\" \/>\n<script type=\"application\/ld+json\" class=\"yoast-schema-graph\">{\"@context\":\"https:\\\/\\\/schema.org\",\"@graph\":[{\"@type\":\"Article\",\"@id\":\"https:\\\/\\\/politicosaldesnudo.com.mx\\\/index.php\\\/2023\\\/07\\\/26\\\/asesinan-a-zayma-zoraya-zamora-excandidata-a-la-alcaldia-de-poza-rica\\\/#article\",\"isPartOf\":{\"@id\":\"https:\\\/\\\/politicosaldesnudo.com.mx\\\/index.php\\\/2023\\\/07\\\/26\\\/asesinan-a-zayma-zoraya-zamora-excandidata-a-la-alcaldia-de-poza-rica\\\/\"},\"author\":{\"name\":\"Redacci\u00f3n Pol\u00edticos\",\"@id\":\"https:\\\/\\\/politicosaldesnudo.com.mx\\\/#\\\/schema\\\/person\\\/ef3a64e561cc3f3f5dc52fab81adde7e\"},\"headline\":\"Asesinan a Zayma Zoraya Zamora, excandidata a la alcald\u00eda de Poza Rica\",\"datePublished\":\"2023-07-26T23:26:24+00:00\",\"dateModified\":\"2023-07-26T23:26:32+00:00\",\"mainEntityOfPage\":{\"@id\":\"https:\\\/\\\/politicosaldesnudo.com.mx\\\/index.php\\\/2023\\\/07\\\/26\\\/asesinan-a-zayma-zoraya-zamora-excandidata-a-la-alcaldia-de-poza-rica\\\/\"},\"wordCount\":206,\"publisher\":{\"@id\":\"https:\\\/\\\/politicosaldesnudo.com.mx\\\/#organization\"},\"image\":{\"@id\":\"https:\\\/\\\/politicosaldesnudo.com.mx\\\/index.php\\\/2023\\\/07\\\/26\\\/asesinan-a-zayma-zoraya-zamora-excandidata-a-la-alcaldia-de-poza-rica\\\/#primaryimage\"},\"thumbnailUrl\":\"https:\\\/\\\/i0.wp.com\\\/politicosaldesnudo.com.mx\\\/wp-content\\\/uploads\\\/2023\\\/07\\\/P-ZORAYA-ZAMORA-POZARICA.png?fit=1816%2C1016&ssl=1\",\"keywords\":[\"POZA RICA\",\"ZAYMA ZORAYA ZAMORA\"],\"articleSection\":[\"ESTADOS\"],\"inLanguage\":\"es\"},{\"@type\":\"WebPage\",\"@id\":\"https:\\\/\\\/politicosaldesnudo.com.mx\\\/index.php\\\/2023\\\/07\\\/26\\\/asesinan-a-zayma-zoraya-zamora-excandidata-a-la-alcaldia-de-poza-rica\\\/\",\"url\":\"https:\\\/\\\/politicosaldesnudo.com.mx\\\/index.php\\\/2023\\\/07\\\/26\\\/asesinan-a-zayma-zoraya-zamora-excandidata-a-la-alcaldia-de-poza-rica\\\/\",\"name\":\"Asesinan a Zayma Zoraya Zamora, excandidata a la alcald\u00eda de Poza Rica - Pol\u00edticos al Desnudo\",\"isPartOf\":{\"@id\":\"https:\\\/\\\/politicosaldesnudo.com.mx\\\/#website\"},\"primaryImageOfPage\":{\"@id\":\"https:\\\/\\\/politicosaldesnudo.com.mx\\\/index.php\\\/2023\\\/07\\\/26\\\/asesinan-a-zayma-zoraya-zamora-excandidata-a-la-alcaldia-de-poza-rica\\\/#primaryimage\"},\"image\":{\"@id\":\"https:\\\/\\\/politicosaldesnudo.com.mx\\\/index.php\\\/2023\\\/07\\\/26\\\/asesinan-a-zayma-zoraya-zamora-excandidata-a-la-alcaldia-de-poza-rica\\\/#primaryimage\"},\"thumbnailUrl\":\"https:\\\/\\\/i0.wp.com\\\/politicosaldesnudo.com.mx\\\/wp-content\\\/uploads\\\/2023\\\/07\\\/P-ZORAYA-ZAMORA-POZARICA.png?fit=1816%2C1016&ssl=1\",\"datePublished\":\"2023-07-26T23:26:24+00:00\",\"dateModified\":\"2023-07-26T23:26:32+00:00\",\"breadcrumb\":{\"@id\":\"https:\\\/\\\/politicosaldesnudo.com.mx\\\/index.php\\\/2023\\\/07\\\/26\\\/asesinan-a-zayma-zoraya-zamora-excandidata-a-la-alcaldia-de-poza-rica\\\/#breadcrumb\"},\"inLanguage\":\"es\",\"potentialAction\":[{\"@type\":\"ReadAction\",\"target\":[\"https:\\\/\\\/politicosaldesnudo.com.mx\\\/index.php\\\/2023\\\/07\\\/26\\\/asesinan-a-zayma-zoraya-zamora-excandidata-a-la-alcaldia-de-poza-rica\\\/\"]}]},{\"@type\":\"ImageObject\",\"inLanguage\":\"es\",\"@id\":\"https:\\\/\\\/politicosaldesnudo.com.mx\\\/index.php\\\/2023\\\/07\\\/26\\\/asesinan-a-zayma-zoraya-zamora-excandidata-a-la-alcaldia-de-poza-rica\\\/#primaryimage\",\"url\":\"https:\\\/\\\/i0.wp.com\\\/politicosaldesnudo.com.mx\\\/wp-content\\\/uploads\\\/2023\\\/07\\\/P-ZORAYA-ZAMORA-POZARICA.png?fit=1816%2C1016&ssl=1\",\"contentUrl\":\"https:\\\/\\\/i0.wp.com\\\/politicosaldesnudo.com.mx\\\/wp-content\\\/uploads\\\/2023\\\/07\\\/P-ZORAYA-ZAMORA-POZARICA.png?fit=1816%2C1016&ssl=1\",\"width\":1816,\"height\":1016},{\"@type\":\"BreadcrumbList\",\"@id\":\"https:\\\/\\\/politicosaldesnudo.com.mx\\\/index.php\\\/2023\\\/07\\\/26\\\/asesinan-a-zayma-zoraya-zamora-excandidata-a-la-alcaldia-de-poza-rica\\\/#breadcrumb\",\"itemListElement\":[{\"@type\":\"ListItem\",\"position\":1,\"name\":\"Portada\",\"item\":\"https:\\\/\\\/politicosaldesnudo.com.mx\\\/\"},{\"@type\":\"ListItem\",\"position\":2,\"name\":\"Asesinan a Zayma Zoraya Zamora, excandidata a la alcald\u00eda de Poza Rica\"}]},{\"@type\":\"WebSite\",\"@id\":\"https:\\\/\\\/politicosaldesnudo.com.mx\\\/#website\",\"url\":\"https:\\\/\\\/politicosaldesnudo.com.mx\\\/\",\"name\":\"Pol\u00edticos al Desnudo\",\"description\":\"\",\"publisher\":{\"@id\":\"https:\\\/\\\/politicosaldesnudo.com.mx\\\/#organization\"},\"potentialAction\":[{\"@type\":\"SearchAction\",\"target\":{\"@type\":\"EntryPoint\",\"urlTemplate\":\"https:\\\/\\\/politicosaldesnudo.com.mx\\\/?s={search_term_string}\"},\"query-input\":{\"@type\":\"PropertyValueSpecification\",\"valueRequired\":true,\"valueName\":\"search_term_string\"}}],\"inLanguage\":\"es\"},{\"@type\":\"Organization\",\"@id\":\"https:\\\/\\\/politicosaldesnudo.com.mx\\\/#organization\",\"name\":\"Pol\u00edticos al Desnudo\",\"url\":\"https:\\\/\\\/politicosaldesnudo.com.mx\\\/\",\"logo\":{\"@type\":\"ImageObject\",\"inLanguage\":\"es\",\"@id\":\"https:\\\/\\\/politicosaldesnudo.com.mx\\\/#\\\/schema\\\/logo\\\/image\\\/\",\"url\":\"https:\\\/\\\/i0.wp.com\\\/politicosaldesnudo.com.mx\\\/wp-content\\\/uploads\\\/2026\\\/08\\\/cropped-logo.webp?fit=400%2C126&ssl=1\",\"contentUrl\":\"https:\\\/\\\/i0.wp.com\\\/politicosaldesnudo.com.mx\\\/wp-content\\\/uploads\\\/2026\\\/08\\\/cropped-logo.webp?fit=400%2C126&ssl=1\",\"width\":400,\"height\":126,\"caption\":\"Pol\u00edticos al Desnudo\"},\"image\":{\"@id\":\"https:\\\/\\\/politicosaldesnudo.com.mx\\\/#\\\/schema\\\/logo\\\/image\\\/\"},\"sameAs\":[\"https:\\\/\\\/www.facebook.com\\\/PoliticosAD\"]},{\"@type\":\"Person\",\"@id\":\"https:\\\/\\\/politicosaldesnudo.com.mx\\\/#\\\/schema\\\/person\\\/ef3a64e561cc3f3f5dc52fab81adde7e\",\"name\":\"Redacci\u00f3n Pol\u00edticos\",\"url\":\"https:\\\/\\\/politicosaldesnudo.com.mx\\\/index.php\\\/author\\\/redaccion-politicos\\\/\"}]}<\/script>\n<!-- \/ Yoast SEO plugin. -->","yoast_head_json":{"title":"Asesinan a Zayma Zoraya Zamora, excandidata a la alcald\u00eda de Poza Rica - Pol\u00edticos al Desnudo","robots":{"index":"index","follow":"follow","max-snippet":"max-snippet:-1","max-image-preview":"max-image-preview:large","max-video-preview":"max-video-preview:-1"},"canonical":"https:\/\/politicosaldesnudo.com.mx\/index.php\/2023\/07\/26\/asesinan-a-zayma-zoraya-zamora-excandidata-a-la-alcaldia-de-poza-rica\/","og_locale":"es_ES","og_type":"article","og_title":"Asesinan a Zayma Zoraya Zamora, excandidata a la alcald\u00eda de Poza Rica - Pol\u00edticos al Desnudo","og_description":"&nbsp; POZA RICA, VERACRUZ. La Secretar\u00eda de Seguridad P\u00fablica de Veracruz, activ\u00f3 el C\u00f3digo Rojo en Poza Rica, tras el [&hellip;]","og_url":"https:\/\/politicosaldesnudo.com.mx\/index.php\/2023\/07\/26\/asesinan-a-zayma-zoraya-zamora-excandidata-a-la-alcaldia-de-poza-rica\/","og_site_name":"Pol\u00edticos al Desnudo","article_publisher":"https:\/\/www.facebook.com\/PoliticosAD","article_published_time":"2023-07-26T23:26:24+00:00","article_modified_time":"2023-07-26T23:26:32+00:00","og_image":[{"width":1816,"height":1016,"url":"https:\/\/i0.wp.com\/politicosaldesnudo.com.mx\/wp-content\/uploads\/2023\/07\/P-ZORAYA-ZAMORA-POZARICA.png?fit=1816%2C1016&ssl=1","type":"image\/png"}],"author":"Redacci\u00f3n Pol\u00edticos","twitter_card":"summary_large_image","twitter_misc":{"Escrito por":"Redacci\u00f3n Pol\u00edticos","Tiempo de lectura":"1 minuto"},"schema":{"@context":"https:\/\/schema.org","@graph":[{"@type":"Article","@id":"https:\/\/politicosaldesnudo.com.mx\/index.php\/2023\/07\/26\/asesinan-a-zayma-zoraya-zamora-excandidata-a-la-alcaldia-de-poza-rica\/#article","isPartOf":{"@id":"https:\/\/politicosaldesnudo.com.mx\/index.php\/2023\/07\/26\/asesinan-a-zayma-zoraya-zamora-excandidata-a-la-alcaldia-de-poza-rica\/"},"author":{"name":"Redacci\u00f3n Pol\u00edticos","@id":"https:\/\/politicosaldesnudo.com.mx\/#\/schema\/person\/ef3a64e561cc3f3f5dc52fab81adde7e"},"headline":"Asesinan a Zayma Zoraya Zamora, excandidata a la alcald\u00eda de Poza Rica","datePublished":"2023-07-26T23:26:24+00:00","dateModified":"2023-07-26T23:26:32+00:00","mainEntityOfPage":{"@id":"https:\/\/politicosaldesnudo.com.mx\/index.php\/2023\/07\/26\/asesinan-a-zayma-zoraya-zamora-excandidata-a-la-alcaldia-de-poza-rica\/"},"wordCount":206,"publisher":{"@id":"https:\/\/politicosaldesnudo.com.mx\/#organization"},"image":{"@id":"https:\/\/politicosaldesnudo.com.mx\/index.php\/2023\/07\/26\/asesinan-a-zayma-zoraya-zamora-excandidata-a-la-alcaldia-de-poza-rica\/#primaryimage"},"thumbnailUrl":"https:\/\/i0.wp.com\/politicosaldesnudo.com.mx\/wp-content\/uploads\/2023\/07\/P-ZORAYA-ZAMORA-POZARICA.png?fit=1816%2C1016&ssl=1","keywords":["POZA RICA","ZAYMA ZORAYA ZAMORA"],"articleSection":["ESTADOS"],"inLanguage":"es"},{"@type":"WebPage","@id":"https:\/\/politicosaldesnudo.com.mx\/index.php\/2023\/07\/26\/asesinan-a-zayma-zoraya-zamora-excandidata-a-la-alcaldia-de-poza-rica\/","url":"https:\/\/politicosaldesnudo.com.mx\/index.php\/2023\/07\/26\/asesinan-a-zayma-zoraya-zamora-excandidata-a-la-alcaldia-de-poza-rica\/","name":"Asesinan a Zayma Zoraya Zamora, excandidata a la alcald\u00eda de Poza Rica - Pol\u00edticos al Desnudo","isPartOf":{"@id":"https:\/\/politicosaldesnudo.com.mx\/#website"},"primaryImageOfPage":{"@id":"https:\/\/politicosaldesnudo.com.mx\/index.php\/2023\/07\/26\/asesinan-a-zayma-zoraya-zamora-excandidata-a-la-alcaldia-de-poza-rica\/#primaryimage"},"image":{"@id":"https:\/\/politicosaldesnudo.com.mx\/index.php\/2023\/07\/26\/asesinan-a-zayma-zoraya-zamora-excandidata-a-la-alcaldia-de-poza-rica\/#primaryimage"},"thumbnailUrl":"https:\/\/i0.wp.com\/politicosaldesnudo.com.mx\/wp-content\/uploads\/2023\/07\/P-ZORAYA-ZAMORA-POZARICA.png?fit=1816%2C1016&ssl=1","datePublished":"2023-07-26T23:26:24+00:00","dateModified":"2023-07-26T23:26:32+00:00","breadcrumb":{"@id":"https:\/\/politicosaldesnudo.com.mx\/index.php\/2023\/07\/26\/asesinan-a-zayma-zoraya-zamora-excandidata-a-la-alcaldia-de-poza-rica\/#breadcrumb"},"inLanguage":"es","potentialAction":[{"@type":"ReadAction","target":["https:\/\/politicosaldesnudo.com.mx\/index.php\/2023\/07\/26\/asesinan-a-zayma-zoraya-zamora-excandidata-a-la-alcaldia-de-poza-rica\/"]}]},{"@type":"ImageObject","inLanguage":"es","@id":"https:\/\/politicosaldesnudo.com.mx\/index.php\/2023\/07\/26\/asesinan-a-zayma-zoraya-zamora-excandidata-a-la-alcaldia-de-poza-rica\/#primaryimage","url":"https:\/\/i0.wp.com\/politicosaldesnudo.com.mx\/wp-content\/uploads\/2023\/07\/P-ZORAYA-ZAMORA-POZARICA.png?fit=1816%2C1016&ssl=1","contentUrl":"https:\/\/i0.wp.com\/politicosaldesnudo.com.mx\/wp-content\/uploads\/2023\/07\/P-ZORAYA-ZAMORA-POZARICA.png?fit=1816%2C1016&ssl=1","width":1816,"height":1016},{"@type":"BreadcrumbList","@id":"https:\/\/politicosaldesnudo.com.mx\/index.php\/2023\/07\/26\/asesinan-a-zayma-zoraya-zamora-excandidata-a-la-alcaldia-de-poza-rica\/#breadcrumb","itemListElement":[{"@type":"ListItem","position":1,"name":"Portada","item":"https:\/\/politicosaldesnudo.com.mx\/"},{"@type":"ListItem","position":2,"name":"Asesinan a Zayma Zoraya Zamora, excandidata a la alcald\u00eda de Poza Rica"}]},{"@type":"WebSite","@id":"https:\/\/politicosaldesnudo.com.mx\/#website","url":"https:\/\/politicosaldesnudo.com.mx\/","name":"Pol\u00edticos al Desnudo","description":"","publisher":{"@id":"https:\/\/politicosaldesnudo.com.mx\/#organization"},"potentialAction":[{"@type":"SearchAction","target":{"@type":"EntryPoint","urlTemplate":"https:\/\/politicosaldesnudo.com.mx\/?s={search_term_string}"},"query-input":{"@type":"PropertyValueSpecification","valueRequired":true,"valueName":"search_term_string"}}],"inLanguage":"es"},{"@type":"Organization","@id":"https:\/\/politicosaldesnudo.com.mx\/#organization","name":"Pol\u00edticos al Desnudo","url":"https:\/\/politicosaldesnudo.com.mx\/","logo":{"@type":"ImageObject","inLanguage":"es","@id":"https:\/\/politicosaldesnudo.com.mx\/#\/schema\/logo\/image\/","url":"https:\/\/i0.wp.com\/politicosaldesnudo.com.mx\/wp-content\/uploads\/2026\/08\/cropped-logo.webp?fit=400%2C126&ssl=1","contentUrl":"https:\/\/i0.wp.com\/politicosaldesnudo.com.mx\/wp-content\/uploads\/2026\/08\/cropped-logo.webp?fit=400%2C126&ssl=1","width":400,"height":126,"caption":"Pol\u00edticos al Desnudo"},"image":{"@id":"https:\/\/politicosaldesnudo.com.mx\/#\/schema\/logo\/image\/"},"sameAs":["https:\/\/www.facebook.com\/PoliticosAD"]},{"@type":"Person","@id":"https:\/\/politicosaldesnudo.com.mx\/#\/schema\/person\/ef3a64e561cc3f3f5dc52fab81adde7e","name":"Redacci\u00f3n Pol\u00edticos","url":"https:\/\/politicosaldesnudo.com.mx\/index.php\/author\/redaccion-politicos\/"}]}},"jetpack_publicize_connections":[],"jetpack-related-posts":[{"id":87996,"url":"https:\/\/politicosaldesnudo.com.mx\/index.php\/2026\/08\/23\/nuevos-autobuses-totonaco-arriban-a-poza-rica-operaran-tres-rutas-regionales\/","url_meta":{"origin":22615,"position":0},"title":"Nuevos autobuses Totonaco arriban a Poza Rica; operar\u00e1n tres rutas regionales","author":"Redacci\u00f3n Pol\u00edticos","date":"23 de agosto de 2026","format":false,"excerpt":"Los primeros autobuses del Servicio Totonaco ya se encuentran en Poza Rica como parte del proyecto con el que se busca renovar y ampliar las opciones de transporte p\u00fablico en la zona norte de Veracruz. Las unidades comenzaron a llegar durante el fin de semana y formar\u00e1n parte de una\u2026","rel":"","context":"En \u00abESTADOS\u00bb","block_context":{"text":"ESTADOS","link":"https:\/\/politicosaldesnudo.com.mx\/index.php\/category\/estados\/"},"img":{"alt_text":"","src":"https:\/\/i0.wp.com\/politicosaldesnudo.com.mx\/wp-content\/uploads\/2026\/08\/tt.jpg?fit=888%2C500&ssl=1&resize=350%2C200","width":350,"height":200,"srcset":"https:\/\/i0.wp.com\/politicosaldesnudo.com.mx\/wp-content\/uploads\/2026\/08\/tt.jpg?fit=888%2C500&ssl=1&resize=350%2C200 1x, https:\/\/i0.wp.com\/politicosaldesnudo.com.mx\/wp-content\/uploads\/2026\/08\/tt.jpg?fit=888%2C500&ssl=1&resize=525%2C300 1.5x, https:\/\/i0.wp.com\/politicosaldesnudo.com.mx\/wp-content\/uploads\/2026\/08\/tt.jpg?fit=888%2C500&ssl=1&resize=700%2C400 2x"},"classes":[]},{"id":88060,"url":"https:\/\/politicosaldesnudo.com.mx\/index.php\/2026\/08\/25\/hallan-con-vida-al-reportero-eli-martinez-tras-12-horas-de-secuestro-y-un-ataque-armado-en-poza-rica\/","url_meta":{"origin":22615,"position":1},"title":"Hallan con vida al reportero El\u00ed Mart\u00ednez tras 12 horas de secuestro y un ataque armado en Poza Rica","author":"Redacci\u00f3n Pol\u00edticos","date":"25 de agosto de 2026","format":false,"excerpt":"El reporero veracruzano El\u00ed Mart\u00ednez fue localizado con vida despu\u00e9s de permanecer aproximadamente 12 horas privado de la libertad, tras ser interceptado por hombres armados en Poza Rica. El comunicador, especializado en la cobertura de hechos policiacos, qued\u00f3 bajo resguardo de elementos de la Polic\u00eda Ministerial y fue trasladado ante\u2026","rel":"","context":"En \u00abESTADOS\u00bb","block_context":{"text":"ESTADOS","link":"https:\/\/politicosaldesnudo.com.mx\/index.php\/category\/estados\/"},"img":{"alt_text":"","src":"https:\/\/i0.wp.com\/politicosaldesnudo.com.mx\/wp-content\/uploads\/2026\/08\/eli.jpg?fit=1200%2C675&ssl=1&resize=350%2C200","width":350,"height":200,"srcset":"https:\/\/i0.wp.com\/politicosaldesnudo.com.mx\/wp-content\/uploads\/2026\/08\/eli.jpg?fit=1200%2C675&ssl=1&resize=350%2C200 1x, https:\/\/i0.wp.com\/politicosaldesnudo.com.mx\/wp-content\/uploads\/2026\/08\/eli.jpg?fit=1200%2C675&ssl=1&resize=525%2C300 1.5x, https:\/\/i0.wp.com\/politicosaldesnudo.com.mx\/wp-content\/uploads\/2026\/08\/eli.jpg?fit=1200%2C675&ssl=1&resize=700%2C400 2x, https:\/\/i0.wp.com\/politicosaldesnudo.com.mx\/wp-content\/uploads\/2026\/08\/eli.jpg?fit=1200%2C675&ssl=1&resize=1050%2C600 3x"},"classes":[]},{"id":87980,"url":"https:\/\/politicosaldesnudo.com.mx\/index.php\/2026\/08\/22\/prision-preventiva-para-presunto-implicado-en-la-desaparicion-de-wendy-y-karime-en-poza-rica\/","url_meta":{"origin":22615,"position":2},"title":"Prisi\u00f3n preventiva para presunto implicado en la desaparici\u00f3n de Wendy y Karime en Poza Rica","author":"Redacci\u00f3n Pol\u00edticos","date":"22 de agosto de 2026","format":false,"excerpt":"A m\u00e1s de siete meses de que Wendy Arantxa Portilla Ramos y Karime Monserrat Murrieta Res\u00e9ndiz desaparecieran en Poza Rica, la Fiscal\u00eda General del Estado de Veracruz inform\u00f3 sobre la detenci\u00f3n e imputaci\u00f3n de un hombre presuntamente relacionado con el caso. El acusado fue identificado como El\u00edas \u201cN\u201d, tambi\u00e9n conocido\u2026","rel":"","context":"En \u00abESTADOS\u00bb","block_context":{"text":"ESTADOS","link":"https:\/\/politicosaldesnudo.com.mx\/index.php\/category\/estados\/"},"img":{"alt_text":"","src":"https:\/\/i0.wp.com\/politicosaldesnudo.com.mx\/wp-content\/uploads\/2026\/08\/poza.png?fit=1200%2C675&ssl=1&resize=350%2C200","width":350,"height":200,"srcset":"https:\/\/i0.wp.com\/politicosaldesnudo.com.mx\/wp-content\/uploads\/2026\/08\/poza.png?fit=1200%2C675&ssl=1&resize=350%2C200 1x, https:\/\/i0.wp.com\/politicosaldesnudo.com.mx\/wp-content\/uploads\/2026\/08\/poza.png?fit=1200%2C675&ssl=1&resize=525%2C300 1.5x, https:\/\/i0.wp.com\/politicosaldesnudo.com.mx\/wp-content\/uploads\/2026\/08\/poza.png?fit=1200%2C675&ssl=1&resize=700%2C400 2x, https:\/\/i0.wp.com\/politicosaldesnudo.com.mx\/wp-content\/uploads\/2026\/08\/poza.png?fit=1200%2C675&ssl=1&resize=1050%2C600 3x"},"classes":[]},{"id":88028,"url":"https:\/\/politicosaldesnudo.com.mx\/index.php\/2026\/08\/24\/se-acabaron-las-novatadas-violentas-en-las-escuelas-normales\/","url_meta":{"origin":22615,"position":3},"title":"Se acabaron las novatadas violentas en las escuelas normales","author":"Redacci\u00f3n Pol\u00edticos","date":"24 de agosto de 2026","format":false,"excerpt":"PRIMICIAS POR VICENTE MART\u00cdNEZ A una semana del regreso a clases, la Secretar\u00eda de Educaci\u00f3n P\u00fablica fij\u00f3 una postura firme frente a las llamadas novatadas en las escuelas normales y orden\u00f3 impedir cualquier pr\u00e1ctica de iniciaci\u00f3n que implique violencia o afecte los derechos de los estudiantes. El secretario de Educaci\u00f3n\u2026","rel":"","context":"En \u00abOPINI\u00d3N\u00bb","block_context":{"text":"OPINI\u00d3N","link":"https:\/\/politicosaldesnudo.com.mx\/index.php\/category\/columnistas\/"},"img":{"alt_text":"","src":"https:\/\/i0.wp.com\/politicosaldesnudo.com.mx\/wp-content\/uploads\/2026\/08\/primicias-2408-scaled.png?fit=1200%2C659&ssl=1&resize=350%2C200","width":350,"height":200,"srcset":"https:\/\/i0.wp.com\/politicosaldesnudo.com.mx\/wp-content\/uploads\/2026\/08\/primicias-2408-scaled.png?fit=1200%2C659&ssl=1&resize=350%2C200 1x, https:\/\/i0.wp.com\/politicosaldesnudo.com.mx\/wp-content\/uploads\/2026\/08\/primicias-2408-scaled.png?fit=1200%2C659&ssl=1&resize=525%2C300 1.5x, https:\/\/i0.wp.com\/politicosaldesnudo.com.mx\/wp-content\/uploads\/2026\/08\/primicias-2408-scaled.png?fit=1200%2C659&ssl=1&resize=700%2C400 2x, https:\/\/i0.wp.com\/politicosaldesnudo.com.mx\/wp-content\/uploads\/2026\/08\/primicias-2408-scaled.png?fit=1200%2C659&ssl=1&resize=1050%2C600 3x"},"classes":[]},{"id":33280,"url":"https:\/\/politicosaldesnudo.com.mx\/index.php\/2024\/03\/12\/buscaremos-el-desarrollo-de-tuxpan-y-la-region-jv\/","url_meta":{"origin":22615,"position":4},"title":"Buscaremos el desarrollo de Tuxpan y la regi\u00f3n: JV","author":"Redacci\u00f3n Pol\u00edticos","date":"12 de marzo de 2024","format":false,"excerpt":"TUXPAN.- De acuerdo con lo mencionado en entrevista por el candidato del Movimiento de Regeneraci\u00f3n Nacional Javier Vel\u00e1zquez Vallejo, la zona norte del estado ha estado olvidada por muchos a\u00f1os, y aunque sus municipios tienen un gran potencial en diversos rubros, \u00e9stos han sido debidamente apoyados y respaldados, por lo\u2026","rel":"","context":"En \u00abTUXPAN\u00bb","block_context":{"text":"TUXPAN","link":"https:\/\/politicosaldesnudo.com.mx\/index.php\/category\/tuxpan\/"},"img":{"alt_text":"","src":"https:\/\/i0.wp.com\/politicosaldesnudo.com.mx\/wp-content\/uploads\/2024\/03\/4a-4.jpg?fit=1080%2C720&ssl=1&resize=350%2C200","width":350,"height":200,"srcset":"https:\/\/i0.wp.com\/politicosaldesnudo.com.mx\/wp-content\/uploads\/2024\/03\/4a-4.jpg?fit=1080%2C720&ssl=1&resize=350%2C200 1x, https:\/\/i0.wp.com\/politicosaldesnudo.com.mx\/wp-content\/uploads\/2024\/03\/4a-4.jpg?fit=1080%2C720&ssl=1&resize=525%2C300 1.5x, https:\/\/i0.wp.com\/politicosaldesnudo.com.mx\/wp-content\/uploads\/2024\/03\/4a-4.jpg?fit=1080%2C720&ssl=1&resize=700%2C400 2x, https:\/\/i0.wp.com\/politicosaldesnudo.com.mx\/wp-content\/uploads\/2024\/03\/4a-4.jpg?fit=1080%2C720&ssl=1&resize=1050%2C600 3x"},"classes":[]},{"id":88247,"url":"https:\/\/politicosaldesnudo.com.mx\/index.php\/2026\/08\/31\/pepe-yunes-frena-rumores-de-ruptura-con-el-pri-y-se-ofrece-para-unir-a-la-oposicion-en-veracruz\/","url_meta":{"origin":22615,"position":5},"title":"Pepe Yunes frena rumores de ruptura con el PRI y se ofrece para unir a la oposici\u00f3n en Veracruz","author":"Redacci\u00f3n Pol\u00edticos","date":"31 de agosto de 2026","format":false,"excerpt":"Su aparici\u00f3n en un encuentro de Movimiento Ciudadano aliment\u00f3 las versiones sobre un posible cambio de partido. El excandidato a gobernador asegur\u00f3 que seguir\u00e1 en el tricolor, pero buscar\u00e1 construir un bloque amplio contra Morena rumbo a 2027. Xalapa, Ver.\u2014 Jos\u00e9 Francisco Yunes Zorrilla puso freno a las especulaciones sobre\u2026","rel":"","context":"En \u00abESTADOS\u00bb","block_context":{"text":"ESTADOS","link":"https:\/\/politicosaldesnudo.com.mx\/index.php\/category\/estados\/"},"img":{"alt_text":"","src":"https:\/\/i0.wp.com\/politicosaldesnudo.com.mx\/wp-content\/uploads\/2026\/08\/pepe-scaled.jpg?fit=1200%2C800&ssl=1&resize=350%2C200","width":350,"height":200,"srcset":"https:\/\/i0.wp.com\/politicosaldesnudo.com.mx\/wp-content\/uploads\/2026\/08\/pepe-scaled.jpg?fit=1200%2C800&ssl=1&resize=350%2C200 1x, https:\/\/i0.wp.com\/politicosaldesnudo.com.mx\/wp-content\/uploads\/2026\/08\/pepe-scaled.jpg?fit=1200%2C800&ssl=1&resize=525%2C300 1.5x, https:\/\/i0.wp.com\/politicosaldesnudo.com.mx\/wp-content\/uploads\/2026\/08\/pepe-scaled.jpg?fit=1200%2C800&ssl=1&resize=700%2C400 2x, https:\/\/i0.wp.com\/politicosaldesnudo.com.mx\/wp-content\/uploads\/2026\/08\/pepe-scaled.jpg?fit=1200%2C800&ssl=1&resize=1050%2C600 3x"},"classes":[]}],"jetpack_sharing_enabled":true,"jetpack_featured_media_url":"https:\/\/i0.wp.com\/politicosaldesnudo.com.mx\/wp-content\/uploads\/2023\/07\/P-ZORAYA-ZAMORA-POZARICA.png?fit=1816%2C1016&ssl=1","_links":{"self":[{"href":"https:\/\/politicosaldesnudo.com.mx\/index.php\/wp-json\/wp\/v2\/posts\/22615","targetHints":{"allow":["GET"]}}],"collection":[{"href":"https:\/\/politicosaldesnudo.com.mx\/index.php\/wp-json\/wp\/v2\/posts"}],"about":[{"href":"https:\/\/politicosaldesnudo.com.mx\/index.php\/wp-json\/wp\/v2\/types\/post"}],"author":[{"embeddable":true,"href":"https:\/\/politicosaldesnudo.com.mx\/index.php\/wp-json\/wp\/v2\/users\/4"}],"replies":[{"embeddable":true,"href":"https:\/\/politicosaldesnudo.com.mx\/index.php\/wp-json\/wp\/v2\/comments?post=22615"}],"version-history":[{"count":0,"href":"https:\/\/politicosaldesnudo.com.mx\/index.php\/wp-json\/wp\/v2\/posts\/22615\/revisions"}],"wp:featuredmedia":[{"embeddable":true,"href":"https:\/\/politicosaldesnudo.com.mx\/index.php\/wp-json\/wp\/v2\/media\/22616"}],"wp:attachment":[{"href":"https:\/\/politicosaldesnudo.com.mx\/index.php\/wp-json\/wp\/v2\/media?parent=22615"}],"wp:term":[{"taxonomy":"category","embeddable":true,"href":"https:\/\/politicosaldesnudo.com.mx\/index.php\/wp-json\/wp\/v2\/categories?post=22615"},{"taxonomy":"post_tag","embeddable":true,"href":"https:\/\/politicosaldesnudo.com.mx\/index.php\/wp-json\/wp\/v2\/tags?post=22615"}],"curies":[{"name":"wp","href":"https:\/\/api.w.org\/{rel}","templated":true}]}}