{"id":22638,"date":"2023-07-27T09:32:20","date_gmt":"2023-07-27T14:32:20","guid":{"rendered":"https:\/\/politicosaldesnudo.com.mx\/?p=22638"},"modified":"2023-07-27T09:32:20","modified_gmt":"2023-07-27T14:32:20","slug":"delitos-o-persecucion","status":"publish","type":"post","link":"https:\/\/politicosaldesnudo.com.mx\/index.php\/2023\/07\/27\/delitos-o-persecucion\/","title":{"rendered":"Delitos o persecuci\u00f3n"},"content":{"rendered":"<p class=\"p1\">\n<p>&nbsp;<\/p>\n<p class=\"p1\"><span style=\"font-size: 18pt;\"><strong>Por Jos\u00e9 Garc\u00eda S\u00e1nchez<\/strong><\/span><\/p>\n<p class=\"p1\"><span style=\"font-size: 14pt;\">La derecha en M\u00e9xico no sabe lo que es padecer una persecuci\u00f3n pol\u00edtica, a ellos les ha tocado s\u00f3lo ejercerla contra sus contrincantes. As\u00ed, cualquier delito que cometan sus integrantes intentan colocarlo en el terreno de la persecuci\u00f3n, con el \u00fanico objetivo de alcanzar la impunidad.<\/span><\/p>\n<p class=\"p1\"><span style=\"font-size: 18pt;\"><strong>La lista de delincuentes de la derecha es innumerable, no se compara con los de otras tendencias pol\u00edticas. Esto tiene una l\u00f3gica de c\u00e1lculo hist\u00f3rico. Sus delitos provienen del mal uso de sus cargos p\u00fablicos y como ellos han ocupado estos puestos de manera no s\u00f3lo irregular sino delictiva, es claro que sean los que tienen m\u00e1s culpables. Independientemente de la vocaci\u00f3n por ejercer la corrupci\u00f3n que se convirti\u00f3 en costumbre y prueba fehaciente de impunidad administrativa.<\/strong><\/span><\/p>\n<p class=\"p1\"><span style=\"font-size: 14pt;\">La represi\u00f3n que representa la persecuci\u00f3n pol\u00edtica ocurri\u00f3 en M\u00e9xico desde hace muchos a\u00f1os. Pr\u00e1cticamente el r\u00e9gimen de la Revoluci\u00f3n Mexicana tuvo esta pr\u00e1ctica como regla a aplicar a sus contrincantes.<\/span><\/p>\n<p class=\"p1\"><span style=\"font-size: 14pt;\">Las ideas pol\u00edticas han sido el principal motivo de la persecuci\u00f3n pol\u00edtica, la ideolog\u00eda que representa un peligro para el poder fue motivo suficiente para que hubiera persecuci\u00f3n pol\u00edtica que terminaba en la c\u00e1rcel, la desaparici\u00f3n o el asesinato.<\/span><\/p>\n<p class=\"p1\"><span style=\"font-size: 18pt;\"><strong>En este momento queda muy claro que no hay ideas que se persigna entre los miembros de la oposici\u00f3n simplemente porque carecen de ellas. Lo mismo podemos decir de la ideolog\u00eda de los acusados de delitos de corrupci\u00f3n cometidos durante su ejercicio administrativo, carecen de ideolog\u00eda totalmente. La fusi\u00f3n de la alianza opositora as\u00ed lo demuestra, ah\u00ed se convirti\u00f3 un partido de izquierda en uno de derecha y uno de derecha se contagi\u00f3 de la corrupci\u00f3n que hab\u00eda en el tricolor y \u00e9ste se radicaliz\u00f3 hacia el conservadurismo sin el menor sonrojo. El PRI siempre ha sido de derecha.<\/strong><\/span><\/p>\n<p class=\"p1\"><span style=\"font-size: 18pt; color: #139eca;\"><strong>La persecuci\u00f3n pol\u00edtica es propio de los pa\u00edses no democr\u00e1ticos, cuyos gobiernos ejercen los mandatarios espurios, que no logran convencer al electorado y llegan al poder a trav\u00e9s de fraudes electorales como sucedi\u00f3 en M\u00e9xico en repetidas ocasiones con pruebas y testimonios p\u00fablicos.<\/strong><\/span><\/p>\n<p class=\"p1\"><span style=\"font-size: 14pt;\">Por lo regular la persecuci\u00f3n pol\u00edtica tiene aparejada el \u00e9xodo a otros pa\u00edses de los ciudadanos, la fuga de capitales. En M\u00e9xico la gente vive libremente y la inversi\u00f3n extranjera llega constante y va en aumento.<\/span><\/p>\n<p class=\"p1\"><span style=\"font-size: 18pt;\"><strong>Personajes de pat\u00edbulo como Cabeza de Vaca, X\u00f3chitl G\u00e1lvez o Ricardo Anaya est\u00e1n muy lejos de Bertold Brecht o Nelson Mandela. Personajes que la derecha desconoce porque tiene una cultura general por los suelos.<\/strong><\/span><\/p>\n<p class=\"p1\"><span style=\"font-size: 14pt;\">La persecuci\u00f3n pol\u00edtica se ejerce cuando un gobierno se considera d\u00e9bil, as\u00ed cualquier acci\u00f3n o pensamiento pol\u00edtico representa un peligro. Esto no sucede en la actual administraci\u00f3n, porque si bien el Presidente vive actualmente su m\u00e1s baja popularidad, \u00e9sta no baja del 61 por ciento, lo cual habla por s\u00ed misma de la imposibilidad de pensar en la persecuci\u00f3n pol\u00edtica.<\/span><\/p>\n<p class=\"p1\"><span style=\"font-size: 14pt;\">Los se\u00f1alados como delincuentes por corrupci\u00f3n en las filas dela oposici\u00f3n no son acusados s\u00f3lo por dichos sino con pruebas contundentes que demuestran su culpabilidad y que terminan por ser se\u00f1alados incluso por sus propios correligionarios.<\/span><\/p>\n<p class=\"p1\"><span style=\"font-size: 14pt;\">Rosario Robles, Juan Collado, Jorge Romero, Santiago Taboada tienen cuentas pendientes con la justicia y al romperse la estrategia pol\u00edtica de autodenominarse perseguidos pol\u00edticos comienzan a corromper jueces u ministros para alcanzar una libertad que no es justa ni legal.<\/span><\/p>\n<p class=\"p1\"><span style=\"font-size: 18pt;\"><strong>La persecuci\u00f3n pol\u00edtica tiene caracter\u00edsticas muy altas en la mayor\u00eda de los casos, nada que ver con los mediocres que ahora se arrastran en busca de una libertad que no merecen.<\/strong><\/span><\/p>\n<div><\/div>\n<div>\n<hr \/>\n<p>&nbsp;<\/p>\n<p><span style=\"font-size: 18pt;\"><strong>Twitter:\u00a0<a href=\"https:\/\/twitter.com\/Josangasa3\">@Josangasa3<\/a><\/strong><\/span><\/p>\n<p>&nbsp;<\/p>\n<p><img data-recalc-dims=\"1\" loading=\"lazy\" decoding=\"async\" class=\"aligncenter wp-image-14351\" src=\"https:\/\/i0.wp.com\/politicosaldesnudo.com.mx\/wp-content\/uploads\/2023\/01\/FIRMA-EDITORIAL-PD-300x37.png?resize=800%2C98&#038;ssl=1\" alt=\"\" width=\"800\" height=\"98\" srcset=\"https:\/\/i0.wp.com\/politicosaldesnudo.com.mx\/wp-content\/uploads\/2023\/01\/FIRMA-EDITORIAL-PD.png?resize=300%2C37&amp;ssl=1 300w, https:\/\/i0.wp.com\/politicosaldesnudo.com.mx\/wp-content\/uploads\/2023\/01\/FIRMA-EDITORIAL-PD.png?resize=1024%2C125&amp;ssl=1 1024w, https:\/\/i0.wp.com\/politicosaldesnudo.com.mx\/wp-content\/uploads\/2023\/01\/FIRMA-EDITORIAL-PD.png?resize=768%2C94&amp;ssl=1 768w, https:\/\/i0.wp.com\/politicosaldesnudo.com.mx\/wp-content\/uploads\/2023\/01\/FIRMA-EDITORIAL-PD.png?resize=1536%2C188&amp;ssl=1 1536w, https:\/\/i0.wp.com\/politicosaldesnudo.com.mx\/wp-content\/uploads\/2023\/01\/FIRMA-EDITORIAL-PD.png?resize=2048%2C250&amp;ssl=1 2048w, https:\/\/i0.wp.com\/politicosaldesnudo.com.mx\/wp-content\/uploads\/2023\/01\/FIRMA-EDITORIAL-PD.png?w=1600&amp;ssl=1 1600w, https:\/\/i0.wp.com\/politicosaldesnudo.com.mx\/wp-content\/uploads\/2023\/01\/FIRMA-EDITORIAL-PD.png?w=2400&amp;ssl=1 2400w\" sizes=\"auto, (max-width: 800px) 100vw, 800px\" \/><\/p>\n<\/div>\n<p>&nbsp;<\/p>\n<p>&nbsp;<\/p>\n<p>&nbsp;<\/p>\n","protected":false},"excerpt":{"rendered":"<p>&nbsp; Por Jos\u00e9 Garc\u00eda S\u00e1nchez La derecha en M\u00e9xico no sabe lo que es padecer una persecuci\u00f3n pol\u00edtica, a ellos<\/p>\n","protected":false},"author":4,"featured_media":3934,"comment_status":"closed","ping_status":"closed","sticky":false,"template":"","format":"standard","meta":{"colormag_page_container_layout":"default_layout","colormag_page_sidebar_layout":"default_layout","_jetpack_memberships_contains_paid_content":false,"footnotes":"","jetpack_publicize_message":"","jetpack_publicize_feature_enabled":true,"jetpack_social_post_already_shared":false,"jetpack_social_options":{"image_generator_settings":{"template":"highway","default_image_id":0,"font":"","enabled":false},"version":2}},"categories":[26],"tags":[1067,1155,42,3036],"class_list":["post-22638","post","type-post","status-publish","format-standard","has-post-thumbnail","hentry","category-columnistas","tag-corrupcion","tag-derecha","tag-mexico","tag-persecucion-politica"],"jetpack_publicize_connections":[],"jetpack_featured_media_url":"https:\/\/i0.wp.com\/politicosaldesnudo.com.mx\/wp-content\/uploads\/2022\/04\/JOSE%CC%81-GARCI%CC%81A.png?fit=1816%2C1016&ssl=1","jetpack-related-posts":[],"jetpack_sharing_enabled":true,"_links":{"self":[{"href":"https:\/\/politicosaldesnudo.com.mx\/index.php\/wp-json\/wp\/v2\/posts\/22638","targetHints":{"allow":["GET"]}}],"collection":[{"href":"https:\/\/politicosaldesnudo.com.mx\/index.php\/wp-json\/wp\/v2\/posts"}],"about":[{"href":"https:\/\/politicosaldesnudo.com.mx\/index.php\/wp-json\/wp\/v2\/types\/post"}],"author":[{"embeddable":true,"href":"https:\/\/politicosaldesnudo.com.mx\/index.php\/wp-json\/wp\/v2\/users\/4"}],"replies":[{"embeddable":true,"href":"https:\/\/politicosaldesnudo.com.mx\/index.php\/wp-json\/wp\/v2\/comments?post=22638"}],"version-history":[{"count":0,"href":"https:\/\/politicosaldesnudo.com.mx\/index.php\/wp-json\/wp\/v2\/posts\/22638\/revisions"}],"wp:featuredmedia":[{"embeddable":true,"href":"https:\/\/politicosaldesnudo.com.mx\/index.php\/wp-json\/wp\/v2\/media\/3934"}],"wp:attachment":[{"href":"https:\/\/politicosaldesnudo.com.mx\/index.php\/wp-json\/wp\/v2\/media?parent=22638"}],"wp:term":[{"taxonomy":"category","embeddable":true,"href":"https:\/\/politicosaldesnudo.com.mx\/index.php\/wp-json\/wp\/v2\/categories?post=22638"},{"taxonomy":"post_tag","embeddable":true,"href":"https:\/\/politicosaldesnudo.com.mx\/index.php\/wp-json\/wp\/v2\/tags?post=22638"}],"curies":[{"name":"wp","href":"https:\/\/api.w.org\/{rel}","templated":true}]}}