{"id":22641,"date":"2023-07-28T07:56:02","date_gmt":"2023-07-28T12:56:02","guid":{"rendered":"https:\/\/politicosaldesnudo.com.mx\/?p=22641"},"modified":"2023-07-28T07:57:47","modified_gmt":"2023-07-28T12:57:47","slug":"movimiento-ciudadano-partido-eje","status":"publish","type":"post","link":"https:\/\/politicosaldesnudo.com.mx\/index.php\/2023\/07\/28\/movimiento-ciudadano-partido-eje\/","title":{"rendered":"Movimiento Ciudadano partido eje"},"content":{"rendered":"<p>&nbsp;<\/p>\n<p class=\"p1\"><span style=\"font-size: 18pt;\"><b>Por \u00c1ngel \u00c1lvaro Pe\u00f1a<\/b><\/span><\/p>\n<p class=\"p1\"><span style=\"font-size: 14pt;\">En Movimiento Ciudadano la inmadurez y el aparente desconocimiento de la pol\u00edtica, contrasta con la paciencia y experiencia de su l\u00edder. Los tiempos electorales todav\u00eda no llegan y algunos de sus militantes ya est\u00e1n en campa\u00f1a.<\/span><\/p>\n<p class=\"p1\"><span style=\"font-size: 14pt;\">Hay quienes aseguran que si no figuran en los medios el resto de los pol\u00edticos les llevar\u00edan mucha ventaja a la hora de permear en la sociedad con sus propuestas; otros, esperan pacientes, como es el caso de Alejandro Pila Medina, coordinar de MC en la CdMx, quien se\u00f1ala: \u201cMientras Morena y la alianza <i>Va por la Ciudad <\/i>de M\u00e9xico, integrada por PAN, PRI y PRD se equivocan al quebrantar la ley y adelantar sus procesos electorales rumbo a las elecciones de 2024, en Movimiento Ciudadano recogemos las preocupaciones de la ciudadan\u00eda para construir un programa de ciudad con el que ganemos la jefatura de gobierno\u201d.<\/span><\/p>\n<p class=\"p1\"><span style=\"font-size: 18pt;\"><strong>Esa misma estrategia parece tener Luis Donaldo Colosio Riojas, hijo de Luis Donaldo Colosio, asesinado el 23 de marzo de 1994. Al ser cuestionado sobre su posible participaci\u00f3n como candidato a la Presidencia de la Rep\u00fablica, se\u00f1ala que habr\u00e1 que esperar los tiempos y en su momento se pronunciar\u00e1 al respecto.<\/strong><\/span><\/p>\n<p>&nbsp;<\/p>\n<p><img data-recalc-dims=\"1\" loading=\"lazy\" decoding=\"async\" class=\"aligncenter wp-image-22642 size-large\" src=\"https:\/\/i0.wp.com\/politicosaldesnudo.com.mx\/wp-content\/uploads\/2023\/07\/P-MOVIMIENTO-CIUDADANO-1024x573.png?resize=800%2C448&#038;ssl=1\" alt=\"\" width=\"800\" height=\"448\" srcset=\"https:\/\/i0.wp.com\/politicosaldesnudo.com.mx\/wp-content\/uploads\/2023\/07\/P-MOVIMIENTO-CIUDADANO.png?resize=1024%2C573&amp;ssl=1 1024w, https:\/\/i0.wp.com\/politicosaldesnudo.com.mx\/wp-content\/uploads\/2023\/07\/P-MOVIMIENTO-CIUDADANO.png?resize=300%2C168&amp;ssl=1 300w, https:\/\/i0.wp.com\/politicosaldesnudo.com.mx\/wp-content\/uploads\/2023\/07\/P-MOVIMIENTO-CIUDADANO.png?resize=768%2C430&amp;ssl=1 768w, https:\/\/i0.wp.com\/politicosaldesnudo.com.mx\/wp-content\/uploads\/2023\/07\/P-MOVIMIENTO-CIUDADANO.png?resize=1536%2C859&amp;ssl=1 1536w, https:\/\/i0.wp.com\/politicosaldesnudo.com.mx\/wp-content\/uploads\/2023\/07\/P-MOVIMIENTO-CIUDADANO.png?w=1816&amp;ssl=1 1816w, https:\/\/i0.wp.com\/politicosaldesnudo.com.mx\/wp-content\/uploads\/2023\/07\/P-MOVIMIENTO-CIUDADANO.png?w=1600&amp;ssl=1 1600w\" sizes=\"auto, (max-width: 800px) 100vw, 800px\" \/><\/p>\n<p>&nbsp;<\/p>\n<p class=\"p1\"><span style=\"font-size: 18pt; color: #139eca;\"><strong>Pero no todos los militantes de MC siguen esta regla dise\u00f1ada por Dante Delgado, porque el ex secretario de Salud de Felipe Calder\u00f3n, el economista del ITAM, Salom\u00f3n Chertorivski, ya empez\u00f3 su campa\u00f1a en entrevistas y spots televisivos para competir por la Jefatura de Gobierno de la Ciudad de M\u00e9xico, con la consigna y en representaci\u00f3n de los j\u00f3venes, a pesar de que tiene casi 50 a\u00f1os, pero pareciera de menor edad por la discrepancia adolescente que muestra frente a su l\u00edder.<\/strong><\/span><\/p>\n<p class=\"p1\"><span style=\"font-size: 14pt;\">Movimiento Ciudadano respeta los tiempos que marca la ley, por lo que ser\u00e1 hasta el 5 de diciembre cuando dar\u00e1 a conocer qui\u00e9n ser\u00e1 su candidato o candidata a la Jefatura de Gobierno de la capital en los pr\u00f3ximos comicios, despu\u00e9s de los procesos internos que se hagan en su dirigencia nacional, encabezada por Dante Delgado, coment\u00f3 el l\u00edder de la capital de ese partido.<\/span><\/p>\n<p class=\"p1\"><span style=\"font-size: 18pt;\"><strong>Colosio Riojas ha mantenido una amplia distancia a las propuestas y la presi\u00f3n que tiene para aceptar el cargo viene de dentro y fuera de su partido, porque es el mejor posicionado de la oposici\u00f3n frente a Morena.<\/strong><\/span><\/p>\n<p class=\"p1\"><span style=\"font-size: 14pt;\">A pesar de que los tiempos fueron marcados, Chertorivski hab\u00eda dicho que \u00e9l en una semana terminaba con la pandemia, se destap\u00f3, por segunda vez en su carrera pol\u00edtica para competir por la jefatura de gobierno de la capital.<\/span><\/p>\n<p class=\"p1\"><span style=\"font-size: 14pt;\">La estrategia electoral ha sido muy bien cuidada por el l\u00edder moral de ese partido, Dante Delgado, quien ha recibido elogios y criticas por su postura de mantenerse solo en la contienda electoral desde hace algunos a\u00f1os, no quiere confundir los ideales de sus partidos con el de otros que al unirse se hicieron fr\u00e1giles o simplemente se olvidaron.<\/span><\/p>\n<p class=\"p1\"><span style=\"font-size: 18pt;\"><strong>Dante Delgado mantiene una definici\u00f3n e independencia que ning\u00fan otro partido ha mantenido y la acelerada postura del primo del ex consejero presidente electoral Jos\u00e9 Woldenberg, pareciera contradecir todo un proyecto que al parecer desconoce o no quiere acatar. Socio de la empresa de bebidas alcoh\u00f3licas Bacardi y empresario destacado en otros giros, nadie se explica c\u00f3mo pudo llegar a ser secretario de Salud si estudi\u00f3 Econom\u00eda en el ITAM.<\/strong><\/span><\/p>\n<p class=\"p1\"><span style=\"font-size: 14pt;\">Pareciera que la vida de Colosio Riojas le impuso una mayor madurez que a su correligionario, porque a los 38 a\u00f1os, sabe ser disciplinado y mediar sus palabras. No muestra desesperaci\u00f3n por llegar a alguna candidatura ni se siente menos ante la fuerza del oponente.<\/span><\/p>\n<p class=\"p1\"><span style=\"font-size: 14pt;\">Los tiempos electorales los marca la ley para todos y cada partido define las fechas para seleccionar candidatos y sus respectivos puestos. Realizar tareas ajenas a estas disposiciones implica no s\u00f3lo indisciplina sino motivos suficientes como para ser expulsado de cualquier organismo electoral.<\/span><\/p>\n<p class=\"p1\"><span style=\"font-size: 14pt;\">As\u00ed lo se\u00f1alan los dirigentes de Movimiento Ciudadano al decir que \u201cpara nosotros primero es cumplir la ley: los procesos electorales comenzar\u00e1n hasta septiembre y las precampa\u00f1as est\u00e1n determinadas para que arranquen hasta la tercera semana de noviembre\u201d.<\/span><\/p>\n<p class=\"p1\"><span style=\"font-size: 14pt;\">Mientras esto sucede se dedican a escuchar a la ciudadan\u00eda para conocer sus prioridades y exigencias, as\u00ed como lo que dejen pendiente las actuales autoridades a lo largo y ancho del pa\u00eds.<\/span><\/p>\n<p class=\"p1\"><span style=\"font-size: 18pt;\"><strong>El 17 de junio, en la convenci\u00f3n emecista, Salom\u00f3n Chertorivski pidi\u00f3 la palabra y en un discurso injustificadamente exaltado dijo tener la soluci\u00f3n de todos los conflictos de la Ciudad de M\u00e9xico, y dijo que sabe c\u00f3mo solucionar el problema del agua en la capital, pero no dijo cu\u00e1l era, ni siquiera dio a entender c\u00f3mo podr\u00eda lograrse. Esto, de ser cierto, representar\u00eda un descubrimiento digno de un Premio Nobel, lo cual demuestra que sus declaraciones son s\u00f3lo propaganda.<\/strong><\/span><\/p>\n<p class=\"p1\"><span style=\"font-size: 18pt; color: #139eca;\"><strong>La prisa de algunos por empezar a competir por cargos de elecci\u00f3n popular, contrasta con las cr\u00edticas que desde la c\u00fapula de Movimiento Ciudadano han surgido contra el resto de los partidos, la frase del emecista Samuel Garc\u00eda se hizo consigna partidista, cuando dijo que se dejen de planes electorales y \u201cse pongan a jalar\u201d. Esta no parece ser la idea generalizada en ese partido, por lo que ser\u00e1 necesario un ajuste que provenga desde el liderazgo nacional para mostrar congruencia y unidad.<\/strong><\/span><\/p>\n<p class=\"p1\"><span style=\"font-size: 14pt;\">Dante Delgado juega sus cartas, no ser\u00eda raro que colocara con todo prop\u00f3sito estas dos posturas dentro de su mismo partido, y crear un juego donde \u00e9l sea quien pone las reglas del juego y marque la agenda electoral para 2024. Esta tambi\u00e9n es una manera de hacer campa\u00f1a sin que las autoridades electorales puedan calificarla en ese rubro.<\/span><\/p>\n<p class=\"p1\"><span style=\"font-size: 18pt;\"><strong>As\u00ed, en espera de definiciones de Movimiento Ciudadano los rumores crecen y las cr\u00edticas tambi\u00e9n. Dante debe recordar que santo que no es visto no es adorado y no por faltar unos meses para la selecci\u00f3n de candidatos, el silencio debe prevaler alrededor de su partido.<\/strong><\/span><\/p>\n<p>&nbsp;<\/p>\n<p class=\"p1\"><span style=\"font-size: 18pt; color: #139eca;\"><b>PEGA Y CORRE<\/b><\/span><\/p>\n<p class=\"p1\"><span style=\"font-size: 14pt;\">El Presidente de la Rep\u00fablica, inform\u00f3 que ofrecer\u00e1 a la firma estadounidense Vulcan Materials, 6 mil 500 millones de pesos por la mina Calica en Playa del Carmen, y hacerla suelo de conservaci\u00f3n. Dicha firma ha violado las reglas de la preservaci\u00f3n del ambiente y de la protecci\u00f3n a la salud de los trabajadores.<\/span><\/p>\n<p>&nbsp;<\/p>\n<p><em><span style=\"font-size: 18pt;\"><strong>Esta columna se publica los lunes, mi\u00e9rcoles y viernes<\/strong><\/span><\/em><\/p>\n<p>&nbsp;<\/p>\n<hr \/>\n<p>&nbsp;<\/p>\n<p><img data-recalc-dims=\"1\" loading=\"lazy\" decoding=\"async\" class=\"aligncenter wp-image-14351\" src=\"https:\/\/i0.wp.com\/politicosaldesnudo.com.mx\/wp-content\/uploads\/2023\/01\/FIRMA-EDITORIAL-PD-300x37.png?resize=800%2C98&#038;ssl=1\" alt=\"\" width=\"800\" height=\"98\" srcset=\"https:\/\/i0.wp.com\/politicosaldesnudo.com.mx\/wp-content\/uploads\/2023\/01\/FIRMA-EDITORIAL-PD.png?resize=300%2C37&amp;ssl=1 300w, https:\/\/i0.wp.com\/politicosaldesnudo.com.mx\/wp-content\/uploads\/2023\/01\/FIRMA-EDITORIAL-PD.png?resize=1024%2C125&amp;ssl=1 1024w, https:\/\/i0.wp.com\/politicosaldesnudo.com.mx\/wp-content\/uploads\/2023\/01\/FIRMA-EDITORIAL-PD.png?resize=768%2C94&amp;ssl=1 768w, https:\/\/i0.wp.com\/politicosaldesnudo.com.mx\/wp-content\/uploads\/2023\/01\/FIRMA-EDITORIAL-PD.png?resize=1536%2C188&amp;ssl=1 1536w, https:\/\/i0.wp.com\/politicosaldesnudo.com.mx\/wp-content\/uploads\/2023\/01\/FIRMA-EDITORIAL-PD.png?resize=2048%2C250&amp;ssl=1 2048w, https:\/\/i0.wp.com\/politicosaldesnudo.com.mx\/wp-content\/uploads\/2023\/01\/FIRMA-EDITORIAL-PD.png?w=1600&amp;ssl=1 1600w, https:\/\/i0.wp.com\/politicosaldesnudo.com.mx\/wp-content\/uploads\/2023\/01\/FIRMA-EDITORIAL-PD.png?w=2400&amp;ssl=1 2400w\" sizes=\"auto, (max-width: 800px) 100vw, 800px\" \/><\/p>\n<p>&nbsp;<\/p>\n<p>&nbsp;<\/p>\n<p>&nbsp;<\/p>\n<p>&nbsp;<\/p>\n","protected":false},"excerpt":{"rendered":"<p>&nbsp; Por \u00c1ngel \u00c1lvaro Pe\u00f1a En Movimiento Ciudadano la inmadurez y el aparente desconocimiento de la pol\u00edtica, contrasta con la<\/p>\n","protected":false},"author":4,"featured_media":3775,"comment_status":"closed","ping_status":"closed","sticky":false,"template":"","format":"standard","meta":{"colormag_page_container_layout":"default_layout","colormag_page_sidebar_layout":"default_layout","_jetpack_memberships_contains_paid_content":false,"footnotes":"","jetpack_publicize_message":"","jetpack_publicize_feature_enabled":true,"jetpack_social_post_already_shared":false,"jetpack_social_options":{"image_generator_settings":{"template":"highway","default_image_id":0,"font":"","enabled":false},"version":2}},"categories":[26],"tags":[701,3038,314,3037],"class_list":["post-22641","post","type-post","status-publish","format-standard","has-post-thumbnail","hentry","category-columnistas","tag-dante-delgado","tag-luis-donaldo-colosio-riojas","tag-movimiento-ciudadano","tag-salomon-chertorivski"],"jetpack_publicize_connections":[],"jetpack_featured_media_url":"https:\/\/i0.wp.com\/politicosaldesnudo.com.mx\/wp-content\/uploads\/2022\/04\/A%CC%81NGEL-A%CC%81LVARO-PEN%CC%83A1.png?fit=1816%2C1016&ssl=1","jetpack-related-posts":[],"jetpack_sharing_enabled":true,"_links":{"self":[{"href":"https:\/\/politicosaldesnudo.com.mx\/index.php\/wp-json\/wp\/v2\/posts\/22641","targetHints":{"allow":["GET"]}}],"collection":[{"href":"https:\/\/politicosaldesnudo.com.mx\/index.php\/wp-json\/wp\/v2\/posts"}],"about":[{"href":"https:\/\/politicosaldesnudo.com.mx\/index.php\/wp-json\/wp\/v2\/types\/post"}],"author":[{"embeddable":true,"href":"https:\/\/politicosaldesnudo.com.mx\/index.php\/wp-json\/wp\/v2\/users\/4"}],"replies":[{"embeddable":true,"href":"https:\/\/politicosaldesnudo.com.mx\/index.php\/wp-json\/wp\/v2\/comments?post=22641"}],"version-history":[{"count":0,"href":"https:\/\/politicosaldesnudo.com.mx\/index.php\/wp-json\/wp\/v2\/posts\/22641\/revisions"}],"wp:featuredmedia":[{"embeddable":true,"href":"https:\/\/politicosaldesnudo.com.mx\/index.php\/wp-json\/wp\/v2\/media\/3775"}],"wp:attachment":[{"href":"https:\/\/politicosaldesnudo.com.mx\/index.php\/wp-json\/wp\/v2\/media?parent=22641"}],"wp:term":[{"taxonomy":"category","embeddable":true,"href":"https:\/\/politicosaldesnudo.com.mx\/index.php\/wp-json\/wp\/v2\/categories?post=22641"},{"taxonomy":"post_tag","embeddable":true,"href":"https:\/\/politicosaldesnudo.com.mx\/index.php\/wp-json\/wp\/v2\/tags?post=22641"}],"curies":[{"name":"wp","href":"https:\/\/api.w.org\/{rel}","templated":true}]}}