{"id":22655,"date":"2023-07-28T08:26:34","date_gmt":"2023-07-28T13:26:34","guid":{"rendered":"https:\/\/politicosaldesnudo.com.mx\/?p=22655"},"modified":"2023-07-31T14:55:10","modified_gmt":"2023-07-31T19:55:10","slug":"hoy-tuxpan-arranca-el-esperado-conejofest-2023","status":"publish","type":"post","link":"https:\/\/politicosaldesnudo.com.mx\/index.php\/2023\/07\/28\/hoy-tuxpan-arranca-el-esperado-conejofest-2023\/","title":{"rendered":"\u00a1Hoy Tuxpan! arranca el esperado \u201cConejoFest 2023\u201d"},"content":{"rendered":"<p>&nbsp;<\/p>\n<p class=\"p1\"><span style=\"font-size: 14pt;\"><em><strong>TUXPAN, VERACRUZ.<\/strong> <\/em>Este fin de semana, viernes 28 y s\u00e1bado 29, <strong>Tuxpan ser\u00e1 sede del \u201cConejoFest 2023\u201d<\/strong>, el encuentro m\u00e1s grande de motociclistas de todo el pa\u00eds.\u00a0<\/span><\/p>\n<p class=\"p1\"><span style=\"font-size: 14pt;\">Las actividades se desarrollar\u00e1n en el bulevar playero, calle Los Pinos en la Playa Norte.<span class=\"Apple-converted-space\">\u00a0<\/span><\/span><\/p>\n<p class=\"p1\"><span style=\"font-size: 18pt;\"><strong>Adem\u00e1s de las acrobacias que realizar\u00e1n los diferentes clubs de motociclistas que participan en este evento, se llevar\u00e1n a cabo concursos, din\u00e1micas y conciertos de rock.<\/strong><\/span><\/p>\n<p>&nbsp;<\/p>\n<p class=\"p1\"><span style=\"font-size: 18pt; color: #139eca;\"><strong>INICIAN LAS ACTIVIDADES<\/strong><\/span><\/p>\n<p class=\"p1\"><span style=\"font-size: 18pt;\"><strong>El festival comenzar\u00e1 el vienes 28 de julio a las 10:00 horas con la recepci\u00f3n y registro de todos los participantes. Durante el d\u00eda se realizar\u00e1n conciertos de grupos de rock, exhibici\u00f3n de motos, y la presentaci\u00f3n de un grupo de salsa.<span class=\"Apple-converted-space\">\u00a0<\/span><\/strong><\/span><\/p>\n<p>&nbsp;<\/p>\n<p><img data-recalc-dims=\"1\" loading=\"lazy\" decoding=\"async\" class=\"aligncenter wp-image-22658\" src=\"https:\/\/i0.wp.com\/politicosaldesnudo.com.mx\/wp-content\/uploads\/2023\/07\/P-CONEJOFEST-3-233x300.jpeg?resize=450%2C580&#038;ssl=1\" alt=\"\" width=\"450\" height=\"580\" srcset=\"https:\/\/i0.wp.com\/politicosaldesnudo.com.mx\/wp-content\/uploads\/2023\/07\/P-CONEJOFEST-3.jpeg?resize=233%2C300&amp;ssl=1 233w, https:\/\/i0.wp.com\/politicosaldesnudo.com.mx\/wp-content\/uploads\/2023\/07\/P-CONEJOFEST-3.jpeg?w=675&amp;ssl=1 675w\" sizes=\"auto, (max-width: 450px) 100vw, 450px\" \/><\/p>\n<p>&nbsp;<\/p>\n<p class=\"p1\"><span style=\"font-size: 18pt;\"><strong>Mientras que el s\u00e1bado 29 de julio las actividades iniciar\u00e1n a las 10:00 horas, despu\u00e9s en punto de las 15:00 horas se realizar\u00e1 una exhibici\u00f3n de acrobacias extremas \u201cOswers Bikers\u201d, adem\u00e1s de la presentaci\u00f3n de los grupos de Rock &amp; Roll, Ska, Rock Urbano y Cl\u00e1sico 50,60.<\/strong><\/span><\/p>\n<p>&nbsp;<\/p>\n<p><img data-recalc-dims=\"1\" loading=\"lazy\" decoding=\"async\" class=\"aligncenter wp-image-22659\" src=\"https:\/\/i0.wp.com\/politicosaldesnudo.com.mx\/wp-content\/uploads\/2023\/07\/P-CONEJOFEST-4-232x300.jpeg?resize=450%2C581&#038;ssl=1\" alt=\"\" width=\"450\" height=\"581\" srcset=\"https:\/\/i0.wp.com\/politicosaldesnudo.com.mx\/wp-content\/uploads\/2023\/07\/P-CONEJOFEST-4.jpeg?resize=232%2C300&amp;ssl=1 232w, https:\/\/i0.wp.com\/politicosaldesnudo.com.mx\/wp-content\/uploads\/2023\/07\/P-CONEJOFEST-4.jpeg?w=675&amp;ssl=1 675w\" sizes=\"auto, (max-width: 450px) 100vw, 450px\" \/><\/p>\n<p>&nbsp;<\/p>\n<p class=\"p1\"><span style=\"font-size: 14pt;\">El cierre del \u201cConejofest 2023\u201d estar\u00e1 a cargo del Show de \u201cDynastry Tributo a Kiss\u201d, adem\u00e1s del grupo de salsa \u201cSincopa2\u201d, y de la banda de Rock \u201cMargoth\u201d. Los asistentes tambi\u00e9n podr\u00e1n disfrutar de la presentaci\u00f3n de DJ Flako y Dj Leos.<span class=\"Apple-converted-space\">\u00a0<\/span><\/span><\/p>\n<p class=\"p1\"><span style=\"font-size: 14pt;\">Durante estos d\u00edas se estar\u00e1 realizando un importante operativo de vialidad, debido a que todo el bulevar Los Pinos de Playa Norte estar\u00e1 cerrado. El acceso a la zona de restaurantes ser\u00e1 por la Playa Norte y por Playa Mis Amores.<span class=\"Apple-converted-space\">\u00a0<\/span><\/span><\/p>\n<p class=\"p1\"><span style=\"font-size: 18pt;\"><strong>Cabe destacar que, adem\u00e1s, en esta temporada vacacional, en la zona de playas corporaciones de los tres niveles de Gobierno llevan a cabo en el \u201cOperativo de Seguridad Vacaciones de Verano 2023\u201d.<\/strong><\/span><\/p>\n<p>&nbsp;<\/p>\n<p><img data-recalc-dims=\"1\" loading=\"lazy\" decoding=\"async\" class=\"aligncenter wp-image-22657 size-large\" src=\"https:\/\/i0.wp.com\/politicosaldesnudo.com.mx\/wp-content\/uploads\/2023\/07\/P-CONEJOFEST-2-1024x573.png?resize=800%2C448&#038;ssl=1\" alt=\"\" width=\"800\" height=\"448\" srcset=\"https:\/\/i0.wp.com\/politicosaldesnudo.com.mx\/wp-content\/uploads\/2023\/07\/P-CONEJOFEST-2.png?resize=1024%2C573&amp;ssl=1 1024w, https:\/\/i0.wp.com\/politicosaldesnudo.com.mx\/wp-content\/uploads\/2023\/07\/P-CONEJOFEST-2.png?resize=300%2C168&amp;ssl=1 300w, https:\/\/i0.wp.com\/politicosaldesnudo.com.mx\/wp-content\/uploads\/2023\/07\/P-CONEJOFEST-2.png?resize=768%2C430&amp;ssl=1 768w, https:\/\/i0.wp.com\/politicosaldesnudo.com.mx\/wp-content\/uploads\/2023\/07\/P-CONEJOFEST-2.png?resize=1536%2C859&amp;ssl=1 1536w, https:\/\/i0.wp.com\/politicosaldesnudo.com.mx\/wp-content\/uploads\/2023\/07\/P-CONEJOFEST-2.png?w=1816&amp;ssl=1 1816w, https:\/\/i0.wp.com\/politicosaldesnudo.com.mx\/wp-content\/uploads\/2023\/07\/P-CONEJOFEST-2.png?w=1600&amp;ssl=1 1600w\" sizes=\"auto, (max-width: 800px) 100vw, 800px\" \/><\/p>\n<p>&nbsp;<\/p>\n<p>&nbsp;<\/p>\n<p>&nbsp;<\/p>\n","protected":false},"excerpt":{"rendered":"<p>&nbsp; TUXPAN, VERACRUZ. Este fin de semana, viernes 28 y s\u00e1bado 29, Tuxpan ser\u00e1 sede del \u201cConejoFest 2023\u201d, el encuentro<\/p>\n","protected":false},"author":4,"featured_media":22656,"comment_status":"closed","ping_status":"closed","sticky":false,"template":"","format":"standard","meta":{"colormag_page_container_layout":"default_layout","colormag_page_sidebar_layout":"default_layout","_jetpack_memberships_contains_paid_content":false,"footnotes":"","jetpack_publicize_message":"","jetpack_publicize_feature_enabled":true,"jetpack_social_post_already_shared":false,"jetpack_social_options":{"image_generator_settings":{"template":"highway","default_image_id":0,"font":"","enabled":false},"version":2}},"categories":[1082],"tags":[3039,1250,70,100],"class_list":["post-22655","post","type-post","status-publish","format-standard","has-post-thumbnail","hentry","category-tuxpan","tag-conejofest-2023","tag-motociclistas","tag-tuxpan","tag-veracruz"],"jetpack_publicize_connections":[],"jetpack_featured_media_url":"https:\/\/i0.wp.com\/politicosaldesnudo.com.mx\/wp-content\/uploads\/2023\/07\/P-CONEJOFEST-1.png?fit=1816%2C1016&ssl=1","jetpack-related-posts":[],"jetpack_sharing_enabled":true,"_links":{"self":[{"href":"https:\/\/politicosaldesnudo.com.mx\/index.php\/wp-json\/wp\/v2\/posts\/22655","targetHints":{"allow":["GET"]}}],"collection":[{"href":"https:\/\/politicosaldesnudo.com.mx\/index.php\/wp-json\/wp\/v2\/posts"}],"about":[{"href":"https:\/\/politicosaldesnudo.com.mx\/index.php\/wp-json\/wp\/v2\/types\/post"}],"author":[{"embeddable":true,"href":"https:\/\/politicosaldesnudo.com.mx\/index.php\/wp-json\/wp\/v2\/users\/4"}],"replies":[{"embeddable":true,"href":"https:\/\/politicosaldesnudo.com.mx\/index.php\/wp-json\/wp\/v2\/comments?post=22655"}],"version-history":[{"count":0,"href":"https:\/\/politicosaldesnudo.com.mx\/index.php\/wp-json\/wp\/v2\/posts\/22655\/revisions"}],"wp:featuredmedia":[{"embeddable":true,"href":"https:\/\/politicosaldesnudo.com.mx\/index.php\/wp-json\/wp\/v2\/media\/22656"}],"wp:attachment":[{"href":"https:\/\/politicosaldesnudo.com.mx\/index.php\/wp-json\/wp\/v2\/media?parent=22655"}],"wp:term":[{"taxonomy":"category","embeddable":true,"href":"https:\/\/politicosaldesnudo.com.mx\/index.php\/wp-json\/wp\/v2\/categories?post=22655"},{"taxonomy":"post_tag","embeddable":true,"href":"https:\/\/politicosaldesnudo.com.mx\/index.php\/wp-json\/wp\/v2\/tags?post=22655"}],"curies":[{"name":"wp","href":"https:\/\/api.w.org\/{rel}","templated":true}]}}