{"id":22667,"date":"2023-07-29T09:53:15","date_gmt":"2023-07-29T14:53:15","guid":{"rendered":"https:\/\/politicosaldesnudo.com.mx\/?p=22667"},"modified":"2023-07-29T09:53:24","modified_gmt":"2023-07-29T14:53:24","slug":"por-lavado-de-dinero-fiscalia-de-colombia-detiene-al-hijo-de-petro","status":"publish","type":"post","link":"https:\/\/politicosaldesnudo.com.mx\/index.php\/2023\/07\/29\/por-lavado-de-dinero-fiscalia-de-colombia-detiene-al-hijo-de-petro\/","title":{"rendered":"Por lavado de dinero, fiscal\u00eda de Colombia detiene al hijo de Petro"},"content":{"rendered":"<p>&nbsp;<\/p>\n<p class=\"p1\"><span style=\"font-size: 14pt;\"><em><strong>BOGOT\u00c1, COLOMBIA.<\/strong> <\/em>Nicol\u00e1s Petro, hijo del presidente de Colombia, Gustavo Petro, fue capturado por las autoridades nacionales por los <strong>delitos de lavado de dinero y enriquecimiento il\u00edcito, inform\u00f3 el propio mandatario en su cuenta de Twitter.<\/strong><\/span><\/p>\n<p class=\"p1\"><span style=\"font-size: 14pt;\">Han sido capturados por la fiscal\u00eda mi hijo Nicol\u00e1s y su exesposa. Como persona y padre me duele mucho tanta autodestrucci\u00f3n y el que uno de mis hijos pase por la c\u00e1rcel; como presidente de la Rep\u00fablica, aseguro que la Fiscal\u00eda tenga todas las garant\u00edas de mi parte para proceder de acuerdo a la ley\u201d, coment\u00f3 el presidente Petro en su cuenta de Twitter.<\/span><\/p>\n<p>&nbsp;<\/p>\n<div class=\"embed-x\">\n<blockquote class=\"twitter-tweet\" data-width=\"500\" data-dnt=\"true\">\n<p lang=\"es\" dir=\"ltr\">Han sido capturados por la fiscal\u00eda mi hijo Nicol\u00e1s y su ex esposa Days<\/p>\n<p>Como persona y padre me duele mucho tanta autodestrucci\u00f3n y el que uno de mis hijos pase por la c\u00e1rcel; como presidente de la Rep\u00fablica asegur\u00f3  que la fiscal\u00eda tenga todas las garant\u00edas de mi parte para\u2026<\/p>\n<p>&mdash; Gustavo Petro (@petrogustavo) <a href=\"https:\/\/x.com\/petrogustavo\/status\/1685263250319884288?ref_src=twsrc%5Etfw\">July 29, 2023<\/a><\/p><\/blockquote>\n<p><script async src=\"https:\/\/platform.x.com\/widgets.js\" charset=\"utf-8\"><\/script><\/div>\n<p>&nbsp;<\/p>\n<p class=\"p1\"><span style=\"font-size: 18pt;\"><strong>El presidente de Colombia reiter\u00f3 que no intervendr\u00e1 en el proceso judicial y le envi\u00f3 un mensaje de solidaridad a su hijo.<\/strong><\/span><\/p>\n<p>&nbsp;<\/p>\n<blockquote><p><span style=\"font-size: 14pt;\">A mi hijo le deseo suerte y fuerza. Que estos sucesos forjen su car\u00e1cter y pueda reflexionar sobre sus propios errores. Como afirm\u00e9 ante el fiscal general, no intervendr\u00e9 ni presionar\u00e9 sus decisiones; que el derecho gu\u00ede libremente el proceso\u201d<\/span><\/p><\/blockquote>\n<p>&nbsp;<\/p>\n<p class=\"p1\"><span style=\"font-size: 18pt;\"><strong>Las autoridades tambi\u00e9n capturaron a Daysuris del Carmen V\u00e1squez,\u00a0exesposa\u00a0de Nicol\u00e1s Petro.<\/strong><\/span><\/p>\n<p class=\"p1\"><span style=\"font-size: 14pt;\">La Fiscal\u00eda General de la Naci\u00f3n manifest\u00f3 que los capturados ser\u00e1n puestos a disposici\u00f3n de un juez penal municipal con funci\u00f3n de control de garant\u00edas, formular\u00e1\u00a0imputaci\u00f3n de cargos\u00a0y solicitar\u00e1 medida privativa de la libertad.<\/span><\/p>\n<p>&nbsp;<\/p>\n<p>&nbsp;<\/p>\n<p>&nbsp;<\/p>\n<p>&nbsp;<\/p>\n","protected":false},"excerpt":{"rendered":"<p>&nbsp; BOGOT\u00c1, COLOMBIA. Nicol\u00e1s Petro, hijo del presidente de Colombia, Gustavo Petro, fue capturado por las autoridades nacionales por los [&hellip;]<\/p>\n","protected":false},"author":4,"featured_media":22668,"comment_status":"closed","ping_status":"closed","sticky":false,"template":"","format":"standard","meta":{"site-sidebar-layout":"default","site-content-layout":"","ast-site-content-layout":"default","site-content-style":"default","site-sidebar-style":"default","ast-global-header-display":"","ast-banner-title-visibility":"","ast-main-header-display":"","ast-hfb-above-header-display":"","ast-hfb-below-header-display":"","ast-hfb-mobile-header-display":"","site-post-title":"","ast-breadcrumbs-content":"","ast-featured-img":"","footer-sml-layout":"","ast-disable-related-posts":"","theme-transparent-header-meta":"","adv-header-id-meta":"","stick-header-meta":"","header-above-stick-meta":"","header-main-stick-meta":"","header-below-stick-meta":"","astra-migrate-meta-layouts":"default","ast-page-background-enabled":"default","ast-page-background-meta":{"desktop":{"background-color":"var(--ast-global-color-5)","background-image":"","background-repeat":"repeat","background-position":"center center","background-size":"auto","background-attachment":"scroll","background-type":"","background-media":"","overlay-type":"","overlay-color":"","overlay-opacity":"","overlay-gradient":""},"tablet":{"background-color":"","background-image":"","background-repeat":"repeat","background-position":"center center","background-size":"auto","background-attachment":"scroll","background-type":"","background-media":"","overlay-type":"","overlay-color":"","overlay-opacity":"","overlay-gradient":""},"mobile":{"background-color":"","background-image":"","background-repeat":"repeat","background-position":"center center","background-size":"auto","background-attachment":"scroll","background-type":"","background-media":"","overlay-type":"","overlay-color":"","overlay-opacity":"","overlay-gradient":""}},"ast-content-background-meta":{"desktop":{"background-color":"var(--ast-global-color-4)","background-image":"","background-repeat":"repeat","background-position":"center center","background-size":"auto","background-attachment":"scroll","background-type":"","background-media":"","overlay-type":"","overlay-color":"","overlay-opacity":"","overlay-gradient":""},"tablet":{"background-color":"var(--ast-global-color-4)","background-image":"","background-repeat":"repeat","background-position":"center center","background-size":"auto","background-attachment":"scroll","background-type":"","background-media":"","overlay-type":"","overlay-color":"","overlay-opacity":"","overlay-gradient":""},"mobile":{"background-color":"var(--ast-global-color-4)","background-image":"","background-repeat":"repeat","background-position":"center center","background-size":"auto","background-attachment":"scroll","background-type":"","background-media":"","overlay-type":"","overlay-color":"","overlay-opacity":"","overlay-gradient":""}},"_jetpack_newsletter_access":"","_jetpack_dont_email_post_to_subs":false,"_jetpack_newsletter_tier_id":0,"_jetpack_memberships_contains_paywalled_content":false,"_jetpack_feature_clip_id":0,"_jetpack_memberships_contains_paid_content":false,"footnotes":"","jetpack_publicize_message":"","jetpack_publicize_feature_enabled":true,"jetpack_social_post_already_shared":false,"jetpack_social_options":{"image_generator_settings":{"template":"highway","default_image_id":0,"font":"","enabled":false},"version":2},"jetpack_post_was_ever_published":false},"categories":[28],"tags":[302,160,462,3041],"class_list":["post-22667","post","type-post","status-publish","format-standard","has-post-thumbnail","hentry","category-internacional","tag-colombia","tag-enriquecimiento-ilicito","tag-gustavo-petro","tag-lavado-de-dinero"],"yoast_head":"<!-- This site is optimized with the Yoast SEO plugin v28.3 - https:\/\/yoast.com\/product\/yoast-seo-wordpress\/ -->\n<title>Por lavado de dinero, fiscal\u00eda de Colombia detiene al hijo de Petro - Pol\u00edticos al Desnudo<\/title>\n<meta name=\"robots\" content=\"index, follow, max-snippet:-1, max-image-preview:large, max-video-preview:-1\" \/>\n<link rel=\"canonical\" href=\"https:\/\/politicosaldesnudo.com.mx\/index.php\/2023\/07\/29\/por-lavado-de-dinero-fiscalia-de-colombia-detiene-al-hijo-de-petro\/\" \/>\n<meta property=\"og:locale\" content=\"es_ES\" \/>\n<meta property=\"og:type\" content=\"article\" \/>\n<meta property=\"og:title\" content=\"Por lavado de dinero, fiscal\u00eda de Colombia detiene al hijo de Petro - Pol\u00edticos al Desnudo\" \/>\n<meta property=\"og:description\" content=\"&nbsp; BOGOT\u00c1, COLOMBIA. Nicol\u00e1s Petro, hijo del presidente de Colombia, Gustavo Petro, fue capturado por las autoridades nacionales por los [&hellip;]\" \/>\n<meta property=\"og:url\" content=\"https:\/\/politicosaldesnudo.com.mx\/index.php\/2023\/07\/29\/por-lavado-de-dinero-fiscalia-de-colombia-detiene-al-hijo-de-petro\/\" \/>\n<meta property=\"og:site_name\" content=\"Pol\u00edticos al Desnudo\" \/>\n<meta property=\"article:publisher\" content=\"https:\/\/www.facebook.com\/PoliticosAD\" \/>\n<meta property=\"article:published_time\" content=\"2023-07-29T14:53:15+00:00\" \/>\n<meta property=\"article:modified_time\" content=\"2023-07-29T14:53:24+00:00\" \/>\n<meta property=\"og:image\" content=\"https:\/\/i0.wp.com\/politicosaldesnudo.com.mx\/wp-content\/uploads\/2023\/07\/P-HIJO-DE-PETRO.png?fit=1816%2C1016&ssl=1\" \/>\n\t<meta property=\"og:image:width\" content=\"1816\" \/>\n\t<meta property=\"og:image:height\" content=\"1016\" \/>\n\t<meta property=\"og:image:type\" content=\"image\/png\" \/>\n<meta name=\"author\" content=\"Redacci\u00f3n Pol\u00edticos\" \/>\n<meta name=\"twitter:card\" content=\"summary_large_image\" \/>\n<meta name=\"twitter:label1\" content=\"Escrito por\" \/>\n\t<meta name=\"twitter:data1\" content=\"Redacci\u00f3n Pol\u00edticos\" \/>\n\t<meta name=\"twitter:label2\" content=\"Tiempo de lectura\" \/>\n\t<meta name=\"twitter:data2\" content=\"1 minuto\" \/>\n<script type=\"application\/ld+json\" class=\"yoast-schema-graph\">{\"@context\":\"https:\\\/\\\/schema.org\",\"@graph\":[{\"@type\":\"Article\",\"@id\":\"https:\\\/\\\/politicosaldesnudo.com.mx\\\/index.php\\\/2023\\\/07\\\/29\\\/por-lavado-de-dinero-fiscalia-de-colombia-detiene-al-hijo-de-petro\\\/#article\",\"isPartOf\":{\"@id\":\"https:\\\/\\\/politicosaldesnudo.com.mx\\\/index.php\\\/2023\\\/07\\\/29\\\/por-lavado-de-dinero-fiscalia-de-colombia-detiene-al-hijo-de-petro\\\/\"},\"author\":{\"name\":\"Redacci\u00f3n Pol\u00edticos\",\"@id\":\"https:\\\/\\\/politicosaldesnudo.com.mx\\\/#\\\/schema\\\/person\\\/ef3a64e561cc3f3f5dc52fab81adde7e\"},\"headline\":\"Por lavado de dinero, fiscal\u00eda de Colombia detiene al hijo de Petro\",\"datePublished\":\"2023-07-29T14:53:15+00:00\",\"dateModified\":\"2023-07-29T14:53:24+00:00\",\"mainEntityOfPage\":{\"@id\":\"https:\\\/\\\/politicosaldesnudo.com.mx\\\/index.php\\\/2023\\\/07\\\/29\\\/por-lavado-de-dinero-fiscalia-de-colombia-detiene-al-hijo-de-petro\\\/\"},\"wordCount\":291,\"publisher\":{\"@id\":\"https:\\\/\\\/politicosaldesnudo.com.mx\\\/#organization\"},\"image\":{\"@id\":\"https:\\\/\\\/politicosaldesnudo.com.mx\\\/index.php\\\/2023\\\/07\\\/29\\\/por-lavado-de-dinero-fiscalia-de-colombia-detiene-al-hijo-de-petro\\\/#primaryimage\"},\"thumbnailUrl\":\"https:\\\/\\\/i0.wp.com\\\/politicosaldesnudo.com.mx\\\/wp-content\\\/uploads\\\/2023\\\/07\\\/P-HIJO-DE-PETRO.png?fit=1816%2C1016&ssl=1\",\"keywords\":[\"COLOMBIA\",\"ENRIQUECIMIENTO ILICITO\",\"GUSTAVO PETRO\",\"LAVADO DE DINERO\"],\"articleSection\":[\"INTERNACIONAL\"],\"inLanguage\":\"es\"},{\"@type\":\"WebPage\",\"@id\":\"https:\\\/\\\/politicosaldesnudo.com.mx\\\/index.php\\\/2023\\\/07\\\/29\\\/por-lavado-de-dinero-fiscalia-de-colombia-detiene-al-hijo-de-petro\\\/\",\"url\":\"https:\\\/\\\/politicosaldesnudo.com.mx\\\/index.php\\\/2023\\\/07\\\/29\\\/por-lavado-de-dinero-fiscalia-de-colombia-detiene-al-hijo-de-petro\\\/\",\"name\":\"Por lavado de dinero, fiscal\u00eda de Colombia detiene al hijo de Petro - Pol\u00edticos al Desnudo\",\"isPartOf\":{\"@id\":\"https:\\\/\\\/politicosaldesnudo.com.mx\\\/#website\"},\"primaryImageOfPage\":{\"@id\":\"https:\\\/\\\/politicosaldesnudo.com.mx\\\/index.php\\\/2023\\\/07\\\/29\\\/por-lavado-de-dinero-fiscalia-de-colombia-detiene-al-hijo-de-petro\\\/#primaryimage\"},\"image\":{\"@id\":\"https:\\\/\\\/politicosaldesnudo.com.mx\\\/index.php\\\/2023\\\/07\\\/29\\\/por-lavado-de-dinero-fiscalia-de-colombia-detiene-al-hijo-de-petro\\\/#primaryimage\"},\"thumbnailUrl\":\"https:\\\/\\\/i0.wp.com\\\/politicosaldesnudo.com.mx\\\/wp-content\\\/uploads\\\/2023\\\/07\\\/P-HIJO-DE-PETRO.png?fit=1816%2C1016&ssl=1\",\"datePublished\":\"2023-07-29T14:53:15+00:00\",\"dateModified\":\"2023-07-29T14:53:24+00:00\",\"breadcrumb\":{\"@id\":\"https:\\\/\\\/politicosaldesnudo.com.mx\\\/index.php\\\/2023\\\/07\\\/29\\\/por-lavado-de-dinero-fiscalia-de-colombia-detiene-al-hijo-de-petro\\\/#breadcrumb\"},\"inLanguage\":\"es\",\"potentialAction\":[{\"@type\":\"ReadAction\",\"target\":[\"https:\\\/\\\/politicosaldesnudo.com.mx\\\/index.php\\\/2023\\\/07\\\/29\\\/por-lavado-de-dinero-fiscalia-de-colombia-detiene-al-hijo-de-petro\\\/\"]}]},{\"@type\":\"ImageObject\",\"inLanguage\":\"es\",\"@id\":\"https:\\\/\\\/politicosaldesnudo.com.mx\\\/index.php\\\/2023\\\/07\\\/29\\\/por-lavado-de-dinero-fiscalia-de-colombia-detiene-al-hijo-de-petro\\\/#primaryimage\",\"url\":\"https:\\\/\\\/i0.wp.com\\\/politicosaldesnudo.com.mx\\\/wp-content\\\/uploads\\\/2023\\\/07\\\/P-HIJO-DE-PETRO.png?fit=1816%2C1016&ssl=1\",\"contentUrl\":\"https:\\\/\\\/i0.wp.com\\\/politicosaldesnudo.com.mx\\\/wp-content\\\/uploads\\\/2023\\\/07\\\/P-HIJO-DE-PETRO.png?fit=1816%2C1016&ssl=1\",\"width\":1816,\"height\":1016},{\"@type\":\"BreadcrumbList\",\"@id\":\"https:\\\/\\\/politicosaldesnudo.com.mx\\\/index.php\\\/2023\\\/07\\\/29\\\/por-lavado-de-dinero-fiscalia-de-colombia-detiene-al-hijo-de-petro\\\/#breadcrumb\",\"itemListElement\":[{\"@type\":\"ListItem\",\"position\":1,\"name\":\"Portada\",\"item\":\"https:\\\/\\\/politicosaldesnudo.com.mx\\\/\"},{\"@type\":\"ListItem\",\"position\":2,\"name\":\"Por lavado de dinero, fiscal\u00eda de Colombia detiene al hijo de Petro\"}]},{\"@type\":\"WebSite\",\"@id\":\"https:\\\/\\\/politicosaldesnudo.com.mx\\\/#website\",\"url\":\"https:\\\/\\\/politicosaldesnudo.com.mx\\\/\",\"name\":\"Pol\u00edticos al Desnudo\",\"description\":\"\",\"publisher\":{\"@id\":\"https:\\\/\\\/politicosaldesnudo.com.mx\\\/#organization\"},\"potentialAction\":[{\"@type\":\"SearchAction\",\"target\":{\"@type\":\"EntryPoint\",\"urlTemplate\":\"https:\\\/\\\/politicosaldesnudo.com.mx\\\/?s={search_term_string}\"},\"query-input\":{\"@type\":\"PropertyValueSpecification\",\"valueRequired\":true,\"valueName\":\"search_term_string\"}}],\"inLanguage\":\"es\"},{\"@type\":\"Organization\",\"@id\":\"https:\\\/\\\/politicosaldesnudo.com.mx\\\/#organization\",\"name\":\"Pol\u00edticos al Desnudo\",\"url\":\"https:\\\/\\\/politicosaldesnudo.com.mx\\\/\",\"logo\":{\"@type\":\"ImageObject\",\"inLanguage\":\"es\",\"@id\":\"https:\\\/\\\/politicosaldesnudo.com.mx\\\/#\\\/schema\\\/logo\\\/image\\\/\",\"url\":\"https:\\\/\\\/i0.wp.com\\\/politicosaldesnudo.com.mx\\\/wp-content\\\/uploads\\\/2026\\\/08\\\/cropped-logo.webp?fit=400%2C126&ssl=1\",\"contentUrl\":\"https:\\\/\\\/i0.wp.com\\\/politicosaldesnudo.com.mx\\\/wp-content\\\/uploads\\\/2026\\\/08\\\/cropped-logo.webp?fit=400%2C126&ssl=1\",\"width\":400,\"height\":126,\"caption\":\"Pol\u00edticos al Desnudo\"},\"image\":{\"@id\":\"https:\\\/\\\/politicosaldesnudo.com.mx\\\/#\\\/schema\\\/logo\\\/image\\\/\"},\"sameAs\":[\"https:\\\/\\\/www.facebook.com\\\/PoliticosAD\"]},{\"@type\":\"Person\",\"@id\":\"https:\\\/\\\/politicosaldesnudo.com.mx\\\/#\\\/schema\\\/person\\\/ef3a64e561cc3f3f5dc52fab81adde7e\",\"name\":\"Redacci\u00f3n Pol\u00edticos\",\"url\":\"https:\\\/\\\/politicosaldesnudo.com.mx\\\/index.php\\\/author\\\/redaccion-politicos\\\/\"}]}<\/script>\n<!-- \/ Yoast SEO plugin. -->","yoast_head_json":{"title":"Por lavado de dinero, fiscal\u00eda de Colombia detiene al hijo de Petro - Pol\u00edticos al Desnudo","robots":{"index":"index","follow":"follow","max-snippet":"max-snippet:-1","max-image-preview":"max-image-preview:large","max-video-preview":"max-video-preview:-1"},"canonical":"https:\/\/politicosaldesnudo.com.mx\/index.php\/2023\/07\/29\/por-lavado-de-dinero-fiscalia-de-colombia-detiene-al-hijo-de-petro\/","og_locale":"es_ES","og_type":"article","og_title":"Por lavado de dinero, fiscal\u00eda de Colombia detiene al hijo de Petro - Pol\u00edticos al Desnudo","og_description":"&nbsp; BOGOT\u00c1, COLOMBIA. Nicol\u00e1s Petro, hijo del presidente de Colombia, Gustavo Petro, fue capturado por las autoridades nacionales por los [&hellip;]","og_url":"https:\/\/politicosaldesnudo.com.mx\/index.php\/2023\/07\/29\/por-lavado-de-dinero-fiscalia-de-colombia-detiene-al-hijo-de-petro\/","og_site_name":"Pol\u00edticos al Desnudo","article_publisher":"https:\/\/www.facebook.com\/PoliticosAD","article_published_time":"2023-07-29T14:53:15+00:00","article_modified_time":"2023-07-29T14:53:24+00:00","og_image":[{"width":1816,"height":1016,"url":"https:\/\/i0.wp.com\/politicosaldesnudo.com.mx\/wp-content\/uploads\/2023\/07\/P-HIJO-DE-PETRO.png?fit=1816%2C1016&ssl=1","type":"image\/png"}],"author":"Redacci\u00f3n Pol\u00edticos","twitter_card":"summary_large_image","twitter_misc":{"Escrito por":"Redacci\u00f3n Pol\u00edticos","Tiempo de lectura":"1 minuto"},"schema":{"@context":"https:\/\/schema.org","@graph":[{"@type":"Article","@id":"https:\/\/politicosaldesnudo.com.mx\/index.php\/2023\/07\/29\/por-lavado-de-dinero-fiscalia-de-colombia-detiene-al-hijo-de-petro\/#article","isPartOf":{"@id":"https:\/\/politicosaldesnudo.com.mx\/index.php\/2023\/07\/29\/por-lavado-de-dinero-fiscalia-de-colombia-detiene-al-hijo-de-petro\/"},"author":{"name":"Redacci\u00f3n Pol\u00edticos","@id":"https:\/\/politicosaldesnudo.com.mx\/#\/schema\/person\/ef3a64e561cc3f3f5dc52fab81adde7e"},"headline":"Por lavado de dinero, fiscal\u00eda de Colombia detiene al hijo de Petro","datePublished":"2023-07-29T14:53:15+00:00","dateModified":"2023-07-29T14:53:24+00:00","mainEntityOfPage":{"@id":"https:\/\/politicosaldesnudo.com.mx\/index.php\/2023\/07\/29\/por-lavado-de-dinero-fiscalia-de-colombia-detiene-al-hijo-de-petro\/"},"wordCount":291,"publisher":{"@id":"https:\/\/politicosaldesnudo.com.mx\/#organization"},"image":{"@id":"https:\/\/politicosaldesnudo.com.mx\/index.php\/2023\/07\/29\/por-lavado-de-dinero-fiscalia-de-colombia-detiene-al-hijo-de-petro\/#primaryimage"},"thumbnailUrl":"https:\/\/i0.wp.com\/politicosaldesnudo.com.mx\/wp-content\/uploads\/2023\/07\/P-HIJO-DE-PETRO.png?fit=1816%2C1016&ssl=1","keywords":["COLOMBIA","ENRIQUECIMIENTO ILICITO","GUSTAVO PETRO","LAVADO DE DINERO"],"articleSection":["INTERNACIONAL"],"inLanguage":"es"},{"@type":"WebPage","@id":"https:\/\/politicosaldesnudo.com.mx\/index.php\/2023\/07\/29\/por-lavado-de-dinero-fiscalia-de-colombia-detiene-al-hijo-de-petro\/","url":"https:\/\/politicosaldesnudo.com.mx\/index.php\/2023\/07\/29\/por-lavado-de-dinero-fiscalia-de-colombia-detiene-al-hijo-de-petro\/","name":"Por lavado de dinero, fiscal\u00eda de Colombia detiene al hijo de Petro - Pol\u00edticos al Desnudo","isPartOf":{"@id":"https:\/\/politicosaldesnudo.com.mx\/#website"},"primaryImageOfPage":{"@id":"https:\/\/politicosaldesnudo.com.mx\/index.php\/2023\/07\/29\/por-lavado-de-dinero-fiscalia-de-colombia-detiene-al-hijo-de-petro\/#primaryimage"},"image":{"@id":"https:\/\/politicosaldesnudo.com.mx\/index.php\/2023\/07\/29\/por-lavado-de-dinero-fiscalia-de-colombia-detiene-al-hijo-de-petro\/#primaryimage"},"thumbnailUrl":"https:\/\/i0.wp.com\/politicosaldesnudo.com.mx\/wp-content\/uploads\/2023\/07\/P-HIJO-DE-PETRO.png?fit=1816%2C1016&ssl=1","datePublished":"2023-07-29T14:53:15+00:00","dateModified":"2023-07-29T14:53:24+00:00","breadcrumb":{"@id":"https:\/\/politicosaldesnudo.com.mx\/index.php\/2023\/07\/29\/por-lavado-de-dinero-fiscalia-de-colombia-detiene-al-hijo-de-petro\/#breadcrumb"},"inLanguage":"es","potentialAction":[{"@type":"ReadAction","target":["https:\/\/politicosaldesnudo.com.mx\/index.php\/2023\/07\/29\/por-lavado-de-dinero-fiscalia-de-colombia-detiene-al-hijo-de-petro\/"]}]},{"@type":"ImageObject","inLanguage":"es","@id":"https:\/\/politicosaldesnudo.com.mx\/index.php\/2023\/07\/29\/por-lavado-de-dinero-fiscalia-de-colombia-detiene-al-hijo-de-petro\/#primaryimage","url":"https:\/\/i0.wp.com\/politicosaldesnudo.com.mx\/wp-content\/uploads\/2023\/07\/P-HIJO-DE-PETRO.png?fit=1816%2C1016&ssl=1","contentUrl":"https:\/\/i0.wp.com\/politicosaldesnudo.com.mx\/wp-content\/uploads\/2023\/07\/P-HIJO-DE-PETRO.png?fit=1816%2C1016&ssl=1","width":1816,"height":1016},{"@type":"BreadcrumbList","@id":"https:\/\/politicosaldesnudo.com.mx\/index.php\/2023\/07\/29\/por-lavado-de-dinero-fiscalia-de-colombia-detiene-al-hijo-de-petro\/#breadcrumb","itemListElement":[{"@type":"ListItem","position":1,"name":"Portada","item":"https:\/\/politicosaldesnudo.com.mx\/"},{"@type":"ListItem","position":2,"name":"Por lavado de dinero, fiscal\u00eda de Colombia detiene al hijo de Petro"}]},{"@type":"WebSite","@id":"https:\/\/politicosaldesnudo.com.mx\/#website","url":"https:\/\/politicosaldesnudo.com.mx\/","name":"Pol\u00edticos al Desnudo","description":"","publisher":{"@id":"https:\/\/politicosaldesnudo.com.mx\/#organization"},"potentialAction":[{"@type":"SearchAction","target":{"@type":"EntryPoint","urlTemplate":"https:\/\/politicosaldesnudo.com.mx\/?s={search_term_string}"},"query-input":{"@type":"PropertyValueSpecification","valueRequired":true,"valueName":"search_term_string"}}],"inLanguage":"es"},{"@type":"Organization","@id":"https:\/\/politicosaldesnudo.com.mx\/#organization","name":"Pol\u00edticos al Desnudo","url":"https:\/\/politicosaldesnudo.com.mx\/","logo":{"@type":"ImageObject","inLanguage":"es","@id":"https:\/\/politicosaldesnudo.com.mx\/#\/schema\/logo\/image\/","url":"https:\/\/i0.wp.com\/politicosaldesnudo.com.mx\/wp-content\/uploads\/2026\/08\/cropped-logo.webp?fit=400%2C126&ssl=1","contentUrl":"https:\/\/i0.wp.com\/politicosaldesnudo.com.mx\/wp-content\/uploads\/2026\/08\/cropped-logo.webp?fit=400%2C126&ssl=1","width":400,"height":126,"caption":"Pol\u00edticos al Desnudo"},"image":{"@id":"https:\/\/politicosaldesnudo.com.mx\/#\/schema\/logo\/image\/"},"sameAs":["https:\/\/www.facebook.com\/PoliticosAD"]},{"@type":"Person","@id":"https:\/\/politicosaldesnudo.com.mx\/#\/schema\/person\/ef3a64e561cc3f3f5dc52fab81adde7e","name":"Redacci\u00f3n Pol\u00edticos","url":"https:\/\/politicosaldesnudo.com.mx\/index.php\/author\/redaccion-politicos\/"}]}},"jetpack_publicize_connections":[],"jetpack-related-posts":[{"id":87861,"url":"https:\/\/politicosaldesnudo.com.mx\/index.php\/2026\/08\/17\/fgr-sale-al-paso-por-caso-andy-niega-pruebas-y-testigos-protegidos-en-su-contra\/","url_meta":{"origin":22667,"position":0},"title":"FGR sale al paso por caso Andy: niega pruebas y testigos protegidos en su contra","author":"Redacci\u00f3n Pol\u00edticos","date":"17 de agosto de 2026","format":false,"excerpt":"En medio de la pol\u00e9mica desatada por la cancelaci\u00f3n de la visa estadounidense de Andr\u00e9s Manuel \u201cAndy\u201d L\u00f3pez Beltr\u00e1n, la Fiscal\u00eda General de la Rep\u00fablica (FGR) asegur\u00f3 que no cuenta con elementos legales para iniciar una investigaci\u00f3n en su contra por presuntos v\u00ednculos con el llamado huachicol fiscal. La dependencia\u2026","rel":"","context":"En \u00abNACIONAL\u00bb","block_context":{"text":"NACIONAL","link":"https:\/\/politicosaldesnudo.com.mx\/index.php\/category\/nacional\/"},"img":{"alt_text":"","src":"https:\/\/i0.wp.com\/politicosaldesnudo.com.mx\/wp-content\/uploads\/2026\/08\/756846602_17938858860320342_7848403107759573487_n.jpg?fit=853%2C568&ssl=1&resize=350%2C200","width":350,"height":200,"srcset":"https:\/\/i0.wp.com\/politicosaldesnudo.com.mx\/wp-content\/uploads\/2026\/08\/756846602_17938858860320342_7848403107759573487_n.jpg?fit=853%2C568&ssl=1&resize=350%2C200 1x, https:\/\/i0.wp.com\/politicosaldesnudo.com.mx\/wp-content\/uploads\/2026\/08\/756846602_17938858860320342_7848403107759573487_n.jpg?fit=853%2C568&ssl=1&resize=525%2C300 1.5x, https:\/\/i0.wp.com\/politicosaldesnudo.com.mx\/wp-content\/uploads\/2026\/08\/756846602_17938858860320342_7848403107759573487_n.jpg?fit=853%2C568&ssl=1&resize=700%2C400 2x"},"classes":[]},{"id":87711,"url":"https:\/\/politicosaldesnudo.com.mx\/index.php\/2026\/08\/13\/colombia-mantiene-en-espera-a-rescatistas-de-sedena-enviados-por-mexico\/","url_meta":{"origin":22667,"position":1},"title":"Colombia mantiene en espera a rescatistas de Sedena enviados por M\u00e9xico","author":"Redacci\u00f3n Pol\u00edticos","date":"13 de agosto de 2026","format":false,"excerpt":"La brigada especializada en b\u00fasqueda y rescate de la Secretar\u00eda de la Defensa Nacional (Sedena) contin\u00faa preparada para viajar a Colombia y apoyar en la atenci\u00f3n de la emergencia provocada por el sismo de magnitud 7.4, pero todav\u00eda no cuenta con autorizaci\u00f3n para ingresar al pa\u00eds. La presidenta Claudia Sheinbaum\u2026","rel":"","context":"En \u00abNACIONAL\u00bb","block_context":{"text":"NACIONAL","link":"https:\/\/politicosaldesnudo.com.mx\/index.php\/category\/nacional\/"},"img":{"alt_text":"Foto: DEFENSA","src":"https:\/\/i0.wp.com\/politicosaldesnudo.com.mx\/wp-content\/uploads\/2026\/08\/defensa.webp?fit=1200%2C800&ssl=1&resize=350%2C200","width":350,"height":200,"srcset":"https:\/\/i0.wp.com\/politicosaldesnudo.com.mx\/wp-content\/uploads\/2026\/08\/defensa.webp?fit=1200%2C800&ssl=1&resize=350%2C200 1x, https:\/\/i0.wp.com\/politicosaldesnudo.com.mx\/wp-content\/uploads\/2026\/08\/defensa.webp?fit=1200%2C800&ssl=1&resize=525%2C300 1.5x, https:\/\/i0.wp.com\/politicosaldesnudo.com.mx\/wp-content\/uploads\/2026\/08\/defensa.webp?fit=1200%2C800&ssl=1&resize=700%2C400 2x, https:\/\/i0.wp.com\/politicosaldesnudo.com.mx\/wp-content\/uploads\/2026\/08\/defensa.webp?fit=1200%2C800&ssl=1&resize=1050%2C600 3x"},"classes":[]},{"id":88087,"url":"https:\/\/politicosaldesnudo.com.mx\/index.php\/2026\/08\/26\/caso-carlos-manzo-da-un-giro-fiscalia-indaga-vinculo-de-su-viuda-con-exfuncionario-procesado-por-el-crimen\/","url_meta":{"origin":22667,"position":2},"title":"Caso Carlos Manzo da un giro: Fiscal\u00eda indaga v\u00ednculo de su viuda con exfuncionario procesado por el crimen","author":"Redacci\u00f3n Pol\u00edticos","date":"26 de agosto de 2026","format":false,"excerpt":"La investigaci\u00f3n por el asesinato de Carlos Manzo abri\u00f3 un nuevo y delicado cap\u00edtulo. La Fiscal\u00eda General de Michoac\u00e1n buscar\u00e1 esclarecer la posible relaci\u00f3n entre Grecia Quiroz, actual alcaldesa de Uruapan y viuda del pol\u00edtico, y Samuel Garc\u00eda Rivero, exfuncionario municipal procesado por su presunta participaci\u00f3n en el homicidio. La\u2026","rel":"","context":"En \u00abNACIONAL\u00bb","block_context":{"text":"NACIONAL","link":"https:\/\/politicosaldesnudo.com.mx\/index.php\/category\/nacional\/"},"img":{"alt_text":"","src":"https:\/\/i0.wp.com\/politicosaldesnudo.com.mx\/wp-content\/uploads\/2026\/08\/grecia-quiroz.jpg?fit=1200%2C800&ssl=1&resize=350%2C200","width":350,"height":200,"srcset":"https:\/\/i0.wp.com\/politicosaldesnudo.com.mx\/wp-content\/uploads\/2026\/08\/grecia-quiroz.jpg?fit=1200%2C800&ssl=1&resize=350%2C200 1x, https:\/\/i0.wp.com\/politicosaldesnudo.com.mx\/wp-content\/uploads\/2026\/08\/grecia-quiroz.jpg?fit=1200%2C800&ssl=1&resize=525%2C300 1.5x, https:\/\/i0.wp.com\/politicosaldesnudo.com.mx\/wp-content\/uploads\/2026\/08\/grecia-quiroz.jpg?fit=1200%2C800&ssl=1&resize=700%2C400 2x, https:\/\/i0.wp.com\/politicosaldesnudo.com.mx\/wp-content\/uploads\/2026\/08\/grecia-quiroz.jpg?fit=1200%2C800&ssl=1&resize=1050%2C600 3x"},"classes":[]},{"id":88149,"url":"https:\/\/politicosaldesnudo.com.mx\/index.php\/2026\/08\/29\/golpe-financiero-al-cartel-de-sinaloa-capturan-en-mexicali-a-presunto-operador-de-los-chapitos\/","url_meta":{"origin":22667,"position":3},"title":"Golpe financiero al C\u00e1rtel de Sinaloa: capturan en Mexicali a presunto operador de Los Chapitos","author":"Redacci\u00f3n Pol\u00edticos","date":"29 de agosto de 2026","format":false,"excerpt":"Autoridades federales detuvieron en Mexicali, Baja California, a Salvador \u201cN\u201d, se\u00f1alado como presunto operador financiero de Los Chapitos, una de las facciones del C\u00e1rtel de Sinaloa. Omar Garc\u00eda Harfuch, titular de la Secretar\u00eda de Seguridad y Protecci\u00f3n Ciudadana, inform\u00f3 que la captura fue resultado de labores de inteligencia realizadas por\u2026","rel":"","context":"En \u00abNACIONAL\u00bb","block_context":{"text":"NACIONAL","link":"https:\/\/politicosaldesnudo.com.mx\/index.php\/category\/nacional\/"},"img":{"alt_text":"","src":"https:\/\/i0.wp.com\/politicosaldesnudo.com.mx\/wp-content\/uploads\/2026\/08\/detienen-en-mexicali-a-presunto-operador-de-los-chapitos.jpg?fit=1200%2C740&ssl=1&resize=350%2C200","width":350,"height":200,"srcset":"https:\/\/i0.wp.com\/politicosaldesnudo.com.mx\/wp-content\/uploads\/2026\/08\/detienen-en-mexicali-a-presunto-operador-de-los-chapitos.jpg?fit=1200%2C740&ssl=1&resize=350%2C200 1x, https:\/\/i0.wp.com\/politicosaldesnudo.com.mx\/wp-content\/uploads\/2026\/08\/detienen-en-mexicali-a-presunto-operador-de-los-chapitos.jpg?fit=1200%2C740&ssl=1&resize=525%2C300 1.5x, https:\/\/i0.wp.com\/politicosaldesnudo.com.mx\/wp-content\/uploads\/2026\/08\/detienen-en-mexicali-a-presunto-operador-de-los-chapitos.jpg?fit=1200%2C740&ssl=1&resize=700%2C400 2x, https:\/\/i0.wp.com\/politicosaldesnudo.com.mx\/wp-content\/uploads\/2026\/08\/detienen-en-mexicali-a-presunto-operador-de-los-chapitos.jpg?fit=1200%2C740&ssl=1&resize=1050%2C600 3x"},"classes":[]},{"id":87967,"url":"https:\/\/politicosaldesnudo.com.mx\/index.php\/2026\/08\/22\/mexico-extradita-a-argentina-a-presunto-lider-de-una-red-de-explotacion-sexual\/","url_meta":{"origin":22667,"position":4},"title":"M\u00e9xico extradita a Argentina a presunto l\u00edder de una red de explotaci\u00f3n sexual","author":"Redacci\u00f3n Pol\u00edticos","date":"22 de agosto de 2026","format":false,"excerpt":"Despu\u00e9s de una prolongada batalla judicial para evitar su traslado, Ra\u00fal \u201cN\u201d fue entregado por autoridades mexicanas a agentes de Argentina, donde es investigado por su presunta participaci\u00f3n en una organizaci\u00f3n dedicada a la trata de personas y al lavado de dinero. La operaci\u00f3n se realiz\u00f3 en el Aeropuerto Internacional\u2026","rel":"","context":"En \u00abINTERNACIONAL\u00bb","block_context":{"text":"INTERNACIONAL","link":"https:\/\/politicosaldesnudo.com.mx\/index.php\/category\/internacional\/"},"img":{"alt_text":"","src":"https:\/\/i0.wp.com\/politicosaldesnudo.com.mx\/wp-content\/uploads\/2026\/08\/fgr-entrega-a-argentina-a-presunto-tratante-de-personas-1200x675-1.webp?fit=1200%2C675&ssl=1&resize=350%2C200","width":350,"height":200,"srcset":"https:\/\/i0.wp.com\/politicosaldesnudo.com.mx\/wp-content\/uploads\/2026\/08\/fgr-entrega-a-argentina-a-presunto-tratante-de-personas-1200x675-1.webp?fit=1200%2C675&ssl=1&resize=350%2C200 1x, https:\/\/i0.wp.com\/politicosaldesnudo.com.mx\/wp-content\/uploads\/2026\/08\/fgr-entrega-a-argentina-a-presunto-tratante-de-personas-1200x675-1.webp?fit=1200%2C675&ssl=1&resize=525%2C300 1.5x, https:\/\/i0.wp.com\/politicosaldesnudo.com.mx\/wp-content\/uploads\/2026\/08\/fgr-entrega-a-argentina-a-presunto-tratante-de-personas-1200x675-1.webp?fit=1200%2C675&ssl=1&resize=700%2C400 2x, https:\/\/i0.wp.com\/politicosaldesnudo.com.mx\/wp-content\/uploads\/2026\/08\/fgr-entrega-a-argentina-a-presunto-tratante-de-personas-1200x675-1.webp?fit=1200%2C675&ssl=1&resize=1050%2C600 3x"},"classes":[]},{"id":87701,"url":"https:\/\/politicosaldesnudo.com.mx\/index.php\/2026\/08\/12\/colombia-cierra-la-puerta-a-los-topos-tlatelolco-tras-el-terremoto-mexico-enviara-ayuda\/","url_meta":{"origin":22667,"position":5},"title":"Colombia cierra la puerta a Los Topos Tlatelolco tras el terremoto; M\u00e9xico enviar\u00e1 ayuda","author":"Redacci\u00f3n Pol\u00edticos","date":"12 de agosto de 2026","format":false,"excerpt":"La brigada mexicana inform\u00f3 que no desplegar\u00e1 rescatistas en las zonas afectadas por el terremoto de magnitud 7.4, luego de que las autoridades colombianas determinaran que no era necesario solicitar su intervenci\u00f3n. La Brigada de Rescate Topos Tlatelolco anunci\u00f3 este mi\u00e9rcoles que no enviar\u00e1 personal a Colombia para participar en\u2026","rel":"","context":"En \u00abNACIONAL\u00bb","block_context":{"text":"NACIONAL","link":"https:\/\/politicosaldesnudo.com.mx\/index.php\/category\/nacional\/"},"img":{"alt_text":"","src":"https:\/\/i0.wp.com\/politicosaldesnudo.com.mx\/wp-content\/uploads\/2026\/08\/topo.jpg?fit=1024%2C682&ssl=1&resize=350%2C200","width":350,"height":200,"srcset":"https:\/\/i0.wp.com\/politicosaldesnudo.com.mx\/wp-content\/uploads\/2026\/08\/topo.jpg?fit=1024%2C682&ssl=1&resize=350%2C200 1x, https:\/\/i0.wp.com\/politicosaldesnudo.com.mx\/wp-content\/uploads\/2026\/08\/topo.jpg?fit=1024%2C682&ssl=1&resize=525%2C300 1.5x, https:\/\/i0.wp.com\/politicosaldesnudo.com.mx\/wp-content\/uploads\/2026\/08\/topo.jpg?fit=1024%2C682&ssl=1&resize=700%2C400 2x"},"classes":[]}],"jetpack_sharing_enabled":true,"jetpack_featured_media_url":"https:\/\/i0.wp.com\/politicosaldesnudo.com.mx\/wp-content\/uploads\/2023\/07\/P-HIJO-DE-PETRO.png?fit=1816%2C1016&ssl=1","_links":{"self":[{"href":"https:\/\/politicosaldesnudo.com.mx\/index.php\/wp-json\/wp\/v2\/posts\/22667","targetHints":{"allow":["GET"]}}],"collection":[{"href":"https:\/\/politicosaldesnudo.com.mx\/index.php\/wp-json\/wp\/v2\/posts"}],"about":[{"href":"https:\/\/politicosaldesnudo.com.mx\/index.php\/wp-json\/wp\/v2\/types\/post"}],"author":[{"embeddable":true,"href":"https:\/\/politicosaldesnudo.com.mx\/index.php\/wp-json\/wp\/v2\/users\/4"}],"replies":[{"embeddable":true,"href":"https:\/\/politicosaldesnudo.com.mx\/index.php\/wp-json\/wp\/v2\/comments?post=22667"}],"version-history":[{"count":0,"href":"https:\/\/politicosaldesnudo.com.mx\/index.php\/wp-json\/wp\/v2\/posts\/22667\/revisions"}],"wp:featuredmedia":[{"embeddable":true,"href":"https:\/\/politicosaldesnudo.com.mx\/index.php\/wp-json\/wp\/v2\/media\/22668"}],"wp:attachment":[{"href":"https:\/\/politicosaldesnudo.com.mx\/index.php\/wp-json\/wp\/v2\/media?parent=22667"}],"wp:term":[{"taxonomy":"category","embeddable":true,"href":"https:\/\/politicosaldesnudo.com.mx\/index.php\/wp-json\/wp\/v2\/categories?post=22667"},{"taxonomy":"post_tag","embeddable":true,"href":"https:\/\/politicosaldesnudo.com.mx\/index.php\/wp-json\/wp\/v2\/tags?post=22667"}],"curies":[{"name":"wp","href":"https:\/\/api.w.org\/{rel}","templated":true}]}}