{"id":22689,"date":"2023-07-29T06:00:08","date_gmt":"2023-07-29T11:00:08","guid":{"rendered":"https:\/\/politicosaldesnudo.com.mx\/?p=22689"},"modified":"2023-07-29T21:05:12","modified_gmt":"2023-07-30T02:05:12","slug":"el-silencio-complice-2","status":"publish","type":"post","link":"https:\/\/politicosaldesnudo.com.mx\/index.php\/2023\/07\/29\/el-silencio-complice-2\/","title":{"rendered":"El silencio c\u00f3mplice"},"content":{"rendered":"<p class=\"p1\">\n<p>&nbsp;<\/p>\n<p><span style=\"font-size: 18pt;\"><strong>Por Ricardo Homs<\/strong><\/span><\/p>\n<p>&nbsp;<\/p>\n<p class=\"p1\" style=\"text-align: center;\"><em><span style=\"font-size: 14pt;\">\u201cCuando los nazis vinieron a buscar a los comunistas,<\/span><\/em><br \/>\n<em><span style=\"font-size: 14pt;\">guard\u00e9 silencio, porque yo no era comunista,<\/span><\/em><br \/>\n<em><span style=\"font-size: 14pt;\">Cuando encarcelaron a los socialdem\u00f3cratas,<\/span><\/em><br \/>\n<em><span style=\"font-size: 14pt;\">guard\u00e9 silencio, porque yo no era socialdem\u00f3crata.<\/span><\/em><br \/>\n<em><span style=\"font-size: 14pt;\">Cuando vinieron a buscar a los sindicalistas,<\/span><\/em><br \/>\n<em><span style=\"font-size: 14pt;\">no protest\u00e9, porque yo no era sindicalista.<\/span><\/em><br \/>\n<em><span style=\"font-size: 14pt;\">Cuando vinieron a buscar a los jud\u00edos,<span class=\"Apple-converted-space\">\u00a0<\/span><\/span><\/em><\/p>\n<p class=\"p1\" style=\"text-align: center;\"><em><span style=\"font-size: 14pt;\">no pronunci\u00e9 palabra, porque yo no era jud\u00edo.<\/span><\/em><br \/>\n<em><span style=\"font-size: 14pt;\">Cuando finalmente vinieron a buscarme a mi,<\/span><\/em><br \/>\n<em><span style=\"font-size: 14pt;\">no hab\u00eda nadie m\u00e1s que pudiera protestar\u201d<\/span><\/em><\/p>\n<p class=\"p1\"><span style=\"font-size: 14pt;\">Este texto atribuido al gran dramaturgo alem\u00e1n Bertolt Brecht, pero que parece haber sido creado por Martin Niem\u00f6ller, -pastor protestante de nacionalidad alemana -, se describe este fen\u00f3meno colectivo de la falta de solidaridad ante las injusticias, hasta que nos toca a nosotros.<\/span><\/p>\n<p class=\"p1\"><span style=\"font-size: 14pt;\">La gravedad del acoso en contra de X\u00f3chitl rebasa con mucho que se sienta o n\u00f3 simpat\u00eda por ella. Lo grave ha sido el silencio de quienes debiesen defenderla, para frenar un modelo de acoso y agresi\u00f3n que terminar\u00e1 aplic\u00e1ndose contra todo el que estorbe a la campa\u00f1a del candidato del presidente en la elecci\u00f3n del 2024.<\/span><\/p>\n<p class=\"p1\"><span style=\"font-size: 14pt;\">Este es un asunto de principios, mas que de simpat\u00edas, afinidades o conveniencias pol\u00edticas.<\/span><\/p>\n<p class=\"p1\"><span style=\"font-size: 14pt;\">Las c\u00e1maras y asociaciones empresariales fueron tibias, -y la mayor\u00eda de ellas call\u00f3-, frente al abuso de poder que representa la utilizaci\u00f3n de informaci\u00f3n fiscal para exhibirla p\u00fablicamente, poniendo a ella y a su familia en riesgo, -incluso-, de ser extorsionados por delincuentes.<span class=\"Apple-converted-space\">\u00a0<\/span><\/span><\/p>\n<p class=\"p1\"><span style=\"font-size: 14pt;\">Adem\u00e1s, se le intimida con demandas encabezadas por t\u00edteres del presidente y los partidos pol\u00edticos de oposici\u00f3n act\u00faan tibiamente.<\/span><\/p>\n<p class=\"p1\"><span style=\"font-size: 14pt;\">Los dem\u00e1s candidatos del frente opositor no han mostrado solidaridad, quiz\u00e1 porque la ven como un adversario. Sin embargo, quien sea elegido candidato correr\u00e1 los mismos riesgos.<\/span><\/p>\n<p class=\"p1\"><span style=\"font-size: 14pt;\">\u00bfY el Poder Judicial qu\u00e9 har\u00e1 frente a este abuso del poder?<\/span><\/p>\n<p class=\"p1\"><span style=\"font-size: 14pt;\">Cada vez que se platica con venezolanos que huyeron de su pa\u00eds frente al desastre creado primero por Hugo Ch\u00e1vez, -que destroz\u00f3 el sistema de justicia -, y despu\u00e9s por Nicol\u00e1s Maduro, describen este fen\u00f3meno social y pol\u00edtico y ven grandes similitudes.<\/span><\/p>\n<p class=\"p1\"><span style=\"font-size: 14pt;\">Cuando quien abusa del poder tiene \u00e9xito, tiende a repetir la f\u00f3rmula.<span class=\"Apple-converted-space\">\u00a0<\/span><\/span><\/p>\n<p>&nbsp;<\/p>\n<p class=\"p1\"><span style=\"font-size: 18pt; color: #139eca;\"><strong>LA TRAICI\u00d3N<\/strong><\/span><\/p>\n<p class=\"p1\"><span style=\"font-size: 14pt;\">Que un diputado llamado Gonzalo Espina est\u00e9 liderando dentro del PAN un movimiento de nombre La Ola Azul, -a favor de Claudia Sheinbaum-, es una traici\u00f3n que no debe ser tolerada por su partido.<\/span><\/p>\n<p class=\"p1\"><span style=\"font-size: 14pt;\">Si cada uno de estos legisladores lleg\u00f3 a su cargo fue por el apoyo de los simpatizantes panistas a los que hoy est\u00e1n traicionando. Cada uno fue electo diputado para representarlos\u2026 por tanto, traicionar a quienes le dieron su voto es un fraude.<\/span><\/p>\n<p class=\"p1\"><span style=\"font-size: 14pt;\">Que quieran utilizar las siglas del PAN paras promover a quien representa los valores opuestos al panismo, es doble traici\u00f3n.<\/span><\/p>\n<p class=\"p1\"><span style=\"font-size: 14pt;\">Esa es la baja calidad moral de un importante sector de nuestros pol\u00edticos, que se venden al mejor postor como este diputado y sus seguidores.<\/span><\/p>\n<p class=\"p1\"><span style=\"font-size: 14pt;\">Si est\u00e1n en desacuerdo con los directivos de su partido, que renuncien al PAN y desde afuera den rienda suelta a su descontento.<\/span><\/p>\n<p class=\"p1\"><span style=\"font-size: 14pt;\">No soy panista ni lo he sido, pero a\u00fan as\u00ed, considero debe haber valores morales que respalden la honorabilidad.<span class=\"Apple-converted-space\">\u00a0<\/span><\/span><\/p>\n<p class=\"p1\"><span style=\"font-size: 14pt;\">\u00bfA qui\u00e9n pertenece un cargo de elecci\u00f3n popular?&#8230; \u00bfA quien lo disfruta, o a los electores que lo nombraron su representante?<\/span><\/p>\n<p class=\"p1\"><span style=\"font-size: 14pt;\">Este es un tema que debe analizarse y reglamentarse, para que mientras dure el encargo electoral, se respete la decisi\u00f3n de los electores y se evite el chapulineo y las traiciones.<\/span><\/p>\n<p>&nbsp;<\/p>\n<p class=\"p1\"><span style=\"font-size: 18pt; color: #139eca;\"><strong>LIBROS DE TEXTO<\/strong><\/span><\/p>\n<p class=\"p1\"><span style=\"font-size: 14pt;\">Que los libros de texto gratuitos, -de larga tradici\u00f3n en nuestro pa\u00eds desde 1959 en que se cre\u00f3 la Comisi\u00f3n Nacional de Libros de Texto Gratuitos-, se est\u00e9n convirtiendo en un medio de adoctrinamiento y difusi\u00f3n de las ideolog\u00edas de los funcionarios de este gobierno y adem\u00e1s, se conviertan en un medio de promoci\u00f3n de la 4T, es un grave riesgo para las nuevas generaciones.<\/span><\/p>\n<p class=\"p1\"><span style=\"font-size: 14pt;\">Ning\u00fan gobierno tiene derecho de manipular a nuestros ni\u00f1os.<\/span><\/p>\n<p class=\"p1\"><span style=\"font-size: 14pt;\">Que adem\u00e1s se est\u00e9 adoctrinando a los maestros idealizando la guerrilla de la mitad del siglo pasado es incongruente, viniendo de quienes hoy representan al Estado Mexicano.<\/span><\/p>\n<p class=\"p1\"><span style=\"font-size: 14pt;\">Si esa visi\u00f3n responde a las convicciones personales de los funcionarios, pues tienen derecho a mantener sus posiciones.<span class=\"Apple-converted-space\">\u00a0 <\/span>Sin embargo, como funcionarios p\u00fablicos deben mantener una posici\u00f3n institucional y neutral.<\/span><\/p>\n<p class=\"p1\"><span style=\"font-size: 14pt;\">Muchos especialistas en educaci\u00f3n est\u00e1n cuestionando la edici\u00f3n de los diez t\u00edtulos seleccionados por la SEP para integrar la Biblioteca SEP-Centenaria, que pretende la actualizaci\u00f3n del magisterio.<\/span><\/p>\n<p class=\"p1\"><span style=\"font-size: 14pt;\">Estos libros ser\u00e1n distribuidos entre los profesores de escuelas p\u00fablicas de preescolar, primaria y secundaria. Estos mentores recibir\u00e1n adoctrinamiento con los trabajos publicados por Carlos Marx, Paulo Freire y Orlando Fals Borda, autores vinculados a las corrientes de izquierda<span class=\"Apple-converted-space\">\u00a0<\/span><\/span><\/p>\n<p>&nbsp;<\/p>\n<p class=\"p1\"><span style=\"font-size: 18pt; color: #139eca;\"><strong>ALGO HUELE A PODRIDO EN OAXACA<\/strong><\/span><\/p>\n<p class=\"p1\"><span style=\"font-size: 14pt;\">Parafraseando a Shakespeare, quien en su gran obra Hamlet, -escrita en 1601-, utiliza la frase \u201calgo huele a podrido en Dinamarca\u201d, podemos utilizar \u201cAlgo huele a podrido en Oaxaca\u201d, para describir un hecho reprobable realizado por el Congreso de ese estado.<\/span><\/p>\n<p class=\"p1\"><span style=\"font-size: 14pt;\">La desaparici\u00f3n del Tribunal\u2026 realizada en una sesi\u00f3n \u201cfast track\u201d por el Congreso del Estado de Oaxaca, -para de inmediato crear otro organismo igual, donde ya aparecen otros magistrados, afines al gobernador Salom\u00f3n Jara-, parece una prueba de laboratorio para medir el impacto de una canallada como \u00e9sta, en el \u00e1mbito nacional. De este modo, si no hubiese conflictos graves de rechazo, entonces repetir la f\u00f3rmula en otros estados de la rep\u00fablica y despu\u00e9s en el \u00e1mbito federal.<\/span><\/p>\n<p class=\"p1\"><span style=\"font-size: 14pt;\">Esta era una pr\u00e1ctica com\u00fan en el pri\u00edsmo arcaico del siglo XX, en ese partido donde se formaron el presidente L\u00f3pez Obrador y muchos de sus correligionarios morenistas.<span class=\"Apple-converted-space\">\u00a0<\/span><\/span><\/p>\n<p class=\"p1\"><span style=\"font-size: 14pt;\">Los temas conflictivos o peligrosos durante el pri\u00edsmo prehist\u00f3rico se probaban de modo exploratorio de forma discreta, -para conocer el impacto-, pero a bajo costo. Por ello lo realizado por el Congreso de Oaxaca parece ser un laboratorio de prueba, para medir la tolerancia de las instituciones mexicanas frente al rompimiento del estado de derecho.<\/span><\/p>\n<p class=\"p1\"><span style=\"font-size: 14pt;\">Una buena se\u00f1al es que la SCJN ya puso atenci\u00f3n en este atentado en contra de nuestra democracia.<\/span><\/p>\n<p>&nbsp;<\/p>\n<p class=\"p1\"><span style=\"font-size: 18pt; color: #139eca;\"><strong>NICARAGUA<\/strong><\/span><\/p>\n<p class=\"p1\"><span style=\"font-size: 14pt;\">La tolerancia del gobierno mexicano frente a los abusos de Daniel Ortega en, nos dejan claro que hay afinidades entre ambos gobiernos.<\/span><\/p>\n<p class=\"p1\"><span style=\"font-size: 14pt;\">El gobierno de Nicaragua ha estado congelando cuentas bancarias de la Iglesia Cat\u00f3lica como el fondo de retiro que protege a los sacerdotes jubilados y les provee de medicinas y alimentaci\u00f3n, adem\u00e1s de otros activos econ\u00f3micos con los que opera escuelas y hospitales.<\/span><\/p>\n<p class=\"p1\"><span style=\"font-size: 14pt;\">Esta dictadura est\u00e1 pretendiendo asfixiar a la Iglesia Cat\u00f3lica de Nicaragua en represalia por su posici\u00f3n cr\u00edtica frente a la represi\u00f3n social y la violencia en contra de sus opositores.<\/span><\/p>\n<p class=\"p1\"><span style=\"font-size: 14pt;\">Nuestro gobierno finge no darse cuenta de estas acciones que vulneran las libertades b\u00e1sicas del pueblo nicarag\u00fcense y en cambio sigue muy de cerca la pol\u00edtica de Per\u00fa. Evidentemente hay una doble moral.<\/span><\/p>\n<p>&nbsp;<\/p>\n<p class=\"p1\"><span style=\"font-size: 18pt;\"><strong>\u00bfA usted qu\u00e9 le parece?<\/strong><\/span><\/p>\n<p>&nbsp;<\/p>\n<hr \/>\n<p>&nbsp;<\/p>\n<p class=\"p1\"><span style=\"font-size: 18pt;\"><strong>Facebook:<a href=\"https:\/\/www.facebook.com\/Ricardo.Homs1\">@Ricardo.Homs1<\/a><\/strong><\/span><\/p>\n<p class=\"p1\"><span style=\"font-size: 18pt;\"><strong>Twitter:\u00a0<\/strong><a href=\"https:\/\/twitter.com\/homsricardo\"><strong>@homsricardo<\/strong><\/a><\/span><\/p>\n<p class=\"p1\"><span style=\"font-size: 18pt;\"><strong>LinkedIn: <a href=\"https:\/\/www.linkedin.com\/in\/ricardo-homs-3920449\/?originalSubdomain=mx\">RicardoHoms<\/a><\/strong><\/span><\/p>\n<p class=\"p1\"><span style=\"font-size: 18pt;\"><a href=\"https:\/\/ricardohoms.com\/\"><strong>www.ricardohoms.com<\/strong><\/a><\/span><\/p>\n<p>&nbsp;<\/p>\n<p><img data-recalc-dims=\"1\" loading=\"lazy\" decoding=\"async\" class=\"aligncenter wp-image-14351\" src=\"https:\/\/i0.wp.com\/politicosaldesnudo.com.mx\/wp-content\/uploads\/2023\/01\/FIRMA-EDITORIAL-PD-300x37.png?resize=1000%2C122&#038;ssl=1\" alt=\"\" width=\"1000\" height=\"122\" srcset=\"https:\/\/i0.wp.com\/politicosaldesnudo.com.mx\/wp-content\/uploads\/2023\/01\/FIRMA-EDITORIAL-PD.png?resize=300%2C37&amp;ssl=1 300w, https:\/\/i0.wp.com\/politicosaldesnudo.com.mx\/wp-content\/uploads\/2023\/01\/FIRMA-EDITORIAL-PD.png?resize=1024%2C125&amp;ssl=1 1024w, https:\/\/i0.wp.com\/politicosaldesnudo.com.mx\/wp-content\/uploads\/2023\/01\/FIRMA-EDITORIAL-PD.png?resize=768%2C94&amp;ssl=1 768w, https:\/\/i0.wp.com\/politicosaldesnudo.com.mx\/wp-content\/uploads\/2023\/01\/FIRMA-EDITORIAL-PD.png?resize=1536%2C188&amp;ssl=1 1536w, https:\/\/i0.wp.com\/politicosaldesnudo.com.mx\/wp-content\/uploads\/2023\/01\/FIRMA-EDITORIAL-PD.png?resize=2048%2C250&amp;ssl=1 2048w\" sizes=\"auto, (max-width: 1000px) 100vw, 1000px\" \/><\/p>\n<p>&nbsp;<\/p>\n<p>&nbsp;<\/p>\n<p>&nbsp;<\/p>\n<p>&nbsp;<\/p>\n","protected":false},"excerpt":{"rendered":"<p>&nbsp; Por Ricardo Homs &nbsp; \u201cCuando los nazis vinieron a buscar a los comunistas, guard\u00e9 silencio, porque yo no era [&hellip;]<\/p>\n","protected":false},"author":4,"featured_media":3778,"comment_status":"closed","ping_status":"closed","sticky":false,"template":"","format":"standard","meta":{"site-sidebar-layout":"default","site-content-layout":"","ast-site-content-layout":"default","site-content-style":"default","site-sidebar-style":"default","ast-global-header-display":"","ast-banner-title-visibility":"","ast-main-header-display":"","ast-hfb-above-header-display":"","ast-hfb-below-header-display":"","ast-hfb-mobile-header-display":"","site-post-title":"","ast-breadcrumbs-content":"","ast-featured-img":"","footer-sml-layout":"","ast-disable-related-posts":"","theme-transparent-header-meta":"","adv-header-id-meta":"","stick-header-meta":"","header-above-stick-meta":"","header-main-stick-meta":"","header-below-stick-meta":"","astra-migrate-meta-layouts":"default","ast-page-background-enabled":"default","ast-page-background-meta":{"desktop":{"background-color":"var(--ast-global-color-5)","background-image":"","background-repeat":"repeat","background-position":"center center","background-size":"auto","background-attachment":"scroll","background-type":"","background-media":"","overlay-type":"","overlay-color":"","overlay-opacity":"","overlay-gradient":""},"tablet":{"background-color":"","background-image":"","background-repeat":"repeat","background-position":"center center","background-size":"auto","background-attachment":"scroll","background-type":"","background-media":"","overlay-type":"","overlay-color":"","overlay-opacity":"","overlay-gradient":""},"mobile":{"background-color":"","background-image":"","background-repeat":"repeat","background-position":"center center","background-size":"auto","background-attachment":"scroll","background-type":"","background-media":"","overlay-type":"","overlay-color":"","overlay-opacity":"","overlay-gradient":""}},"ast-content-background-meta":{"desktop":{"background-color":"var(--ast-global-color-4)","background-image":"","background-repeat":"repeat","background-position":"center center","background-size":"auto","background-attachment":"scroll","background-type":"","background-media":"","overlay-type":"","overlay-color":"","overlay-opacity":"","overlay-gradient":""},"tablet":{"background-color":"var(--ast-global-color-4)","background-image":"","background-repeat":"repeat","background-position":"center center","background-size":"auto","background-attachment":"scroll","background-type":"","background-media":"","overlay-type":"","overlay-color":"","overlay-opacity":"","overlay-gradient":""},"mobile":{"background-color":"var(--ast-global-color-4)","background-image":"","background-repeat":"repeat","background-position":"center center","background-size":"auto","background-attachment":"scroll","background-type":"","background-media":"","overlay-type":"","overlay-color":"","overlay-opacity":"","overlay-gradient":""}},"_jetpack_newsletter_access":"","_jetpack_dont_email_post_to_subs":false,"_jetpack_newsletter_tier_id":0,"_jetpack_memberships_contains_paywalled_content":false,"_jetpack_feature_clip_id":0,"_jetpack_memberships_contains_paid_content":false,"footnotes":"","jetpack_publicize_message":"","jetpack_publicize_feature_enabled":true,"jetpack_social_post_already_shared":false,"jetpack_social_options":{"image_generator_settings":{"template":"highway","default_image_id":0,"font":"","enabled":false},"version":2},"jetpack_post_was_ever_published":false},"categories":[26],"tags":[],"class_list":["post-22689","post","type-post","status-publish","format-standard","has-post-thumbnail","hentry","category-columnistas"],"yoast_head":"<!-- This site is optimized with the Yoast SEO plugin v28.3 - https:\/\/yoast.com\/product\/yoast-seo-wordpress\/ -->\n<title>El silencio c\u00f3mplice - Pol\u00edticos al Desnudo<\/title>\n<meta name=\"robots\" content=\"index, follow, max-snippet:-1, max-image-preview:large, max-video-preview:-1\" \/>\n<link rel=\"canonical\" href=\"https:\/\/politicosaldesnudo.com.mx\/index.php\/2023\/07\/29\/el-silencio-complice-2\/\" \/>\n<meta property=\"og:locale\" content=\"es_ES\" \/>\n<meta property=\"og:type\" content=\"article\" \/>\n<meta property=\"og:title\" content=\"El silencio c\u00f3mplice - Pol\u00edticos al Desnudo\" \/>\n<meta property=\"og:description\" content=\"&nbsp; Por Ricardo Homs &nbsp; \u201cCuando los nazis vinieron a buscar a los comunistas, guard\u00e9 silencio, porque yo no era [&hellip;]\" \/>\n<meta property=\"og:url\" content=\"https:\/\/politicosaldesnudo.com.mx\/index.php\/2023\/07\/29\/el-silencio-complice-2\/\" \/>\n<meta property=\"og:site_name\" content=\"Pol\u00edticos al Desnudo\" \/>\n<meta property=\"article:publisher\" content=\"https:\/\/www.facebook.com\/PoliticosAD\" \/>\n<meta property=\"article:published_time\" content=\"2023-07-29T11:00:08+00:00\" \/>\n<meta property=\"article:modified_time\" content=\"2023-07-30T02:05:12+00:00\" \/>\n<meta property=\"og:image\" content=\"https:\/\/i0.wp.com\/politicosaldesnudo.com.mx\/wp-content\/uploads\/2022\/04\/RICARDO-HOMS.png?fit=1816%2C1016&ssl=1\" \/>\n\t<meta property=\"og:image:width\" content=\"1816\" \/>\n\t<meta property=\"og:image:height\" content=\"1016\" \/>\n\t<meta property=\"og:image:type\" content=\"image\/png\" \/>\n<meta name=\"author\" content=\"Redacci\u00f3n Pol\u00edticos\" \/>\n<meta name=\"twitter:card\" content=\"summary_large_image\" \/>\n<meta name=\"twitter:label1\" content=\"Escrito por\" \/>\n\t<meta name=\"twitter:data1\" content=\"Redacci\u00f3n Pol\u00edticos\" \/>\n\t<meta name=\"twitter:label2\" content=\"Tiempo de lectura\" \/>\n\t<meta name=\"twitter:data2\" content=\"6 minutos\" \/>\n<script type=\"application\/ld+json\" class=\"yoast-schema-graph\">{\"@context\":\"https:\\\/\\\/schema.org\",\"@graph\":[{\"@type\":\"Article\",\"@id\":\"https:\\\/\\\/politicosaldesnudo.com.mx\\\/index.php\\\/2023\\\/07\\\/29\\\/el-silencio-complice-2\\\/#article\",\"isPartOf\":{\"@id\":\"https:\\\/\\\/politicosaldesnudo.com.mx\\\/index.php\\\/2023\\\/07\\\/29\\\/el-silencio-complice-2\\\/\"},\"author\":{\"name\":\"Redacci\u00f3n Pol\u00edticos\",\"@id\":\"https:\\\/\\\/politicosaldesnudo.com.mx\\\/#\\\/schema\\\/person\\\/ef3a64e561cc3f3f5dc52fab81adde7e\"},\"headline\":\"El silencio c\u00f3mplice\",\"datePublished\":\"2023-07-29T11:00:08+00:00\",\"dateModified\":\"2023-07-30T02:05:12+00:00\",\"mainEntityOfPage\":{\"@id\":\"https:\\\/\\\/politicosaldesnudo.com.mx\\\/index.php\\\/2023\\\/07\\\/29\\\/el-silencio-complice-2\\\/\"},\"wordCount\":1240,\"publisher\":{\"@id\":\"https:\\\/\\\/politicosaldesnudo.com.mx\\\/#organization\"},\"image\":{\"@id\":\"https:\\\/\\\/politicosaldesnudo.com.mx\\\/index.php\\\/2023\\\/07\\\/29\\\/el-silencio-complice-2\\\/#primaryimage\"},\"thumbnailUrl\":\"https:\\\/\\\/i0.wp.com\\\/politicosaldesnudo.com.mx\\\/wp-content\\\/uploads\\\/2022\\\/04\\\/RICARDO-HOMS.png?fit=1816%2C1016&ssl=1\",\"articleSection\":[\"OPINI\u00d3N\"],\"inLanguage\":\"es\"},{\"@type\":\"WebPage\",\"@id\":\"https:\\\/\\\/politicosaldesnudo.com.mx\\\/index.php\\\/2023\\\/07\\\/29\\\/el-silencio-complice-2\\\/\",\"url\":\"https:\\\/\\\/politicosaldesnudo.com.mx\\\/index.php\\\/2023\\\/07\\\/29\\\/el-silencio-complice-2\\\/\",\"name\":\"El silencio c\u00f3mplice - Pol\u00edticos al Desnudo\",\"isPartOf\":{\"@id\":\"https:\\\/\\\/politicosaldesnudo.com.mx\\\/#website\"},\"primaryImageOfPage\":{\"@id\":\"https:\\\/\\\/politicosaldesnudo.com.mx\\\/index.php\\\/2023\\\/07\\\/29\\\/el-silencio-complice-2\\\/#primaryimage\"},\"image\":{\"@id\":\"https:\\\/\\\/politicosaldesnudo.com.mx\\\/index.php\\\/2023\\\/07\\\/29\\\/el-silencio-complice-2\\\/#primaryimage\"},\"thumbnailUrl\":\"https:\\\/\\\/i0.wp.com\\\/politicosaldesnudo.com.mx\\\/wp-content\\\/uploads\\\/2022\\\/04\\\/RICARDO-HOMS.png?fit=1816%2C1016&ssl=1\",\"datePublished\":\"2023-07-29T11:00:08+00:00\",\"dateModified\":\"2023-07-30T02:05:12+00:00\",\"breadcrumb\":{\"@id\":\"https:\\\/\\\/politicosaldesnudo.com.mx\\\/index.php\\\/2023\\\/07\\\/29\\\/el-silencio-complice-2\\\/#breadcrumb\"},\"inLanguage\":\"es\",\"potentialAction\":[{\"@type\":\"ReadAction\",\"target\":[\"https:\\\/\\\/politicosaldesnudo.com.mx\\\/index.php\\\/2023\\\/07\\\/29\\\/el-silencio-complice-2\\\/\"]}]},{\"@type\":\"ImageObject\",\"inLanguage\":\"es\",\"@id\":\"https:\\\/\\\/politicosaldesnudo.com.mx\\\/index.php\\\/2023\\\/07\\\/29\\\/el-silencio-complice-2\\\/#primaryimage\",\"url\":\"https:\\\/\\\/i0.wp.com\\\/politicosaldesnudo.com.mx\\\/wp-content\\\/uploads\\\/2022\\\/04\\\/RICARDO-HOMS.png?fit=1816%2C1016&ssl=1\",\"contentUrl\":\"https:\\\/\\\/i0.wp.com\\\/politicosaldesnudo.com.mx\\\/wp-content\\\/uploads\\\/2022\\\/04\\\/RICARDO-HOMS.png?fit=1816%2C1016&ssl=1\",\"width\":1816,\"height\":1016},{\"@type\":\"BreadcrumbList\",\"@id\":\"https:\\\/\\\/politicosaldesnudo.com.mx\\\/index.php\\\/2023\\\/07\\\/29\\\/el-silencio-complice-2\\\/#breadcrumb\",\"itemListElement\":[{\"@type\":\"ListItem\",\"position\":1,\"name\":\"Portada\",\"item\":\"https:\\\/\\\/politicosaldesnudo.com.mx\\\/\"},{\"@type\":\"ListItem\",\"position\":2,\"name\":\"El silencio c\u00f3mplice\"}]},{\"@type\":\"WebSite\",\"@id\":\"https:\\\/\\\/politicosaldesnudo.com.mx\\\/#website\",\"url\":\"https:\\\/\\\/politicosaldesnudo.com.mx\\\/\",\"name\":\"Pol\u00edticos al Desnudo\",\"description\":\"\",\"publisher\":{\"@id\":\"https:\\\/\\\/politicosaldesnudo.com.mx\\\/#organization\"},\"potentialAction\":[{\"@type\":\"SearchAction\",\"target\":{\"@type\":\"EntryPoint\",\"urlTemplate\":\"https:\\\/\\\/politicosaldesnudo.com.mx\\\/?s={search_term_string}\"},\"query-input\":{\"@type\":\"PropertyValueSpecification\",\"valueRequired\":true,\"valueName\":\"search_term_string\"}}],\"inLanguage\":\"es\"},{\"@type\":\"Organization\",\"@id\":\"https:\\\/\\\/politicosaldesnudo.com.mx\\\/#organization\",\"name\":\"Pol\u00edticos al Desnudo\",\"url\":\"https:\\\/\\\/politicosaldesnudo.com.mx\\\/\",\"logo\":{\"@type\":\"ImageObject\",\"inLanguage\":\"es\",\"@id\":\"https:\\\/\\\/politicosaldesnudo.com.mx\\\/#\\\/schema\\\/logo\\\/image\\\/\",\"url\":\"https:\\\/\\\/i0.wp.com\\\/politicosaldesnudo.com.mx\\\/wp-content\\\/uploads\\\/2026\\\/08\\\/cropped-logo.webp?fit=400%2C126&ssl=1\",\"contentUrl\":\"https:\\\/\\\/i0.wp.com\\\/politicosaldesnudo.com.mx\\\/wp-content\\\/uploads\\\/2026\\\/08\\\/cropped-logo.webp?fit=400%2C126&ssl=1\",\"width\":400,\"height\":126,\"caption\":\"Pol\u00edticos al Desnudo\"},\"image\":{\"@id\":\"https:\\\/\\\/politicosaldesnudo.com.mx\\\/#\\\/schema\\\/logo\\\/image\\\/\"},\"sameAs\":[\"https:\\\/\\\/www.facebook.com\\\/PoliticosAD\"]},{\"@type\":\"Person\",\"@id\":\"https:\\\/\\\/politicosaldesnudo.com.mx\\\/#\\\/schema\\\/person\\\/ef3a64e561cc3f3f5dc52fab81adde7e\",\"name\":\"Redacci\u00f3n Pol\u00edticos\",\"url\":\"https:\\\/\\\/politicosaldesnudo.com.mx\\\/index.php\\\/author\\\/redaccion-politicos\\\/\"}]}<\/script>\n<!-- \/ Yoast SEO plugin. -->","yoast_head_json":{"title":"El silencio c\u00f3mplice - Pol\u00edticos al Desnudo","robots":{"index":"index","follow":"follow","max-snippet":"max-snippet:-1","max-image-preview":"max-image-preview:large","max-video-preview":"max-video-preview:-1"},"canonical":"https:\/\/politicosaldesnudo.com.mx\/index.php\/2023\/07\/29\/el-silencio-complice-2\/","og_locale":"es_ES","og_type":"article","og_title":"El silencio c\u00f3mplice - Pol\u00edticos al Desnudo","og_description":"&nbsp; Por Ricardo Homs &nbsp; \u201cCuando los nazis vinieron a buscar a los comunistas, guard\u00e9 silencio, porque yo no era [&hellip;]","og_url":"https:\/\/politicosaldesnudo.com.mx\/index.php\/2023\/07\/29\/el-silencio-complice-2\/","og_site_name":"Pol\u00edticos al Desnudo","article_publisher":"https:\/\/www.facebook.com\/PoliticosAD","article_published_time":"2023-07-29T11:00:08+00:00","article_modified_time":"2023-07-30T02:05:12+00:00","og_image":[{"width":1816,"height":1016,"url":"https:\/\/i0.wp.com\/politicosaldesnudo.com.mx\/wp-content\/uploads\/2022\/04\/RICARDO-HOMS.png?fit=1816%2C1016&ssl=1","type":"image\/png"}],"author":"Redacci\u00f3n Pol\u00edticos","twitter_card":"summary_large_image","twitter_misc":{"Escrito por":"Redacci\u00f3n Pol\u00edticos","Tiempo de lectura":"6 minutos"},"schema":{"@context":"https:\/\/schema.org","@graph":[{"@type":"Article","@id":"https:\/\/politicosaldesnudo.com.mx\/index.php\/2023\/07\/29\/el-silencio-complice-2\/#article","isPartOf":{"@id":"https:\/\/politicosaldesnudo.com.mx\/index.php\/2023\/07\/29\/el-silencio-complice-2\/"},"author":{"name":"Redacci\u00f3n Pol\u00edticos","@id":"https:\/\/politicosaldesnudo.com.mx\/#\/schema\/person\/ef3a64e561cc3f3f5dc52fab81adde7e"},"headline":"El silencio c\u00f3mplice","datePublished":"2023-07-29T11:00:08+00:00","dateModified":"2023-07-30T02:05:12+00:00","mainEntityOfPage":{"@id":"https:\/\/politicosaldesnudo.com.mx\/index.php\/2023\/07\/29\/el-silencio-complice-2\/"},"wordCount":1240,"publisher":{"@id":"https:\/\/politicosaldesnudo.com.mx\/#organization"},"image":{"@id":"https:\/\/politicosaldesnudo.com.mx\/index.php\/2023\/07\/29\/el-silencio-complice-2\/#primaryimage"},"thumbnailUrl":"https:\/\/i0.wp.com\/politicosaldesnudo.com.mx\/wp-content\/uploads\/2022\/04\/RICARDO-HOMS.png?fit=1816%2C1016&ssl=1","articleSection":["OPINI\u00d3N"],"inLanguage":"es"},{"@type":"WebPage","@id":"https:\/\/politicosaldesnudo.com.mx\/index.php\/2023\/07\/29\/el-silencio-complice-2\/","url":"https:\/\/politicosaldesnudo.com.mx\/index.php\/2023\/07\/29\/el-silencio-complice-2\/","name":"El silencio c\u00f3mplice - Pol\u00edticos al Desnudo","isPartOf":{"@id":"https:\/\/politicosaldesnudo.com.mx\/#website"},"primaryImageOfPage":{"@id":"https:\/\/politicosaldesnudo.com.mx\/index.php\/2023\/07\/29\/el-silencio-complice-2\/#primaryimage"},"image":{"@id":"https:\/\/politicosaldesnudo.com.mx\/index.php\/2023\/07\/29\/el-silencio-complice-2\/#primaryimage"},"thumbnailUrl":"https:\/\/i0.wp.com\/politicosaldesnudo.com.mx\/wp-content\/uploads\/2022\/04\/RICARDO-HOMS.png?fit=1816%2C1016&ssl=1","datePublished":"2023-07-29T11:00:08+00:00","dateModified":"2023-07-30T02:05:12+00:00","breadcrumb":{"@id":"https:\/\/politicosaldesnudo.com.mx\/index.php\/2023\/07\/29\/el-silencio-complice-2\/#breadcrumb"},"inLanguage":"es","potentialAction":[{"@type":"ReadAction","target":["https:\/\/politicosaldesnudo.com.mx\/index.php\/2023\/07\/29\/el-silencio-complice-2\/"]}]},{"@type":"ImageObject","inLanguage":"es","@id":"https:\/\/politicosaldesnudo.com.mx\/index.php\/2023\/07\/29\/el-silencio-complice-2\/#primaryimage","url":"https:\/\/i0.wp.com\/politicosaldesnudo.com.mx\/wp-content\/uploads\/2022\/04\/RICARDO-HOMS.png?fit=1816%2C1016&ssl=1","contentUrl":"https:\/\/i0.wp.com\/politicosaldesnudo.com.mx\/wp-content\/uploads\/2022\/04\/RICARDO-HOMS.png?fit=1816%2C1016&ssl=1","width":1816,"height":1016},{"@type":"BreadcrumbList","@id":"https:\/\/politicosaldesnudo.com.mx\/index.php\/2023\/07\/29\/el-silencio-complice-2\/#breadcrumb","itemListElement":[{"@type":"ListItem","position":1,"name":"Portada","item":"https:\/\/politicosaldesnudo.com.mx\/"},{"@type":"ListItem","position":2,"name":"El silencio c\u00f3mplice"}]},{"@type":"WebSite","@id":"https:\/\/politicosaldesnudo.com.mx\/#website","url":"https:\/\/politicosaldesnudo.com.mx\/","name":"Pol\u00edticos al Desnudo","description":"","publisher":{"@id":"https:\/\/politicosaldesnudo.com.mx\/#organization"},"potentialAction":[{"@type":"SearchAction","target":{"@type":"EntryPoint","urlTemplate":"https:\/\/politicosaldesnudo.com.mx\/?s={search_term_string}"},"query-input":{"@type":"PropertyValueSpecification","valueRequired":true,"valueName":"search_term_string"}}],"inLanguage":"es"},{"@type":"Organization","@id":"https:\/\/politicosaldesnudo.com.mx\/#organization","name":"Pol\u00edticos al Desnudo","url":"https:\/\/politicosaldesnudo.com.mx\/","logo":{"@type":"ImageObject","inLanguage":"es","@id":"https:\/\/politicosaldesnudo.com.mx\/#\/schema\/logo\/image\/","url":"https:\/\/i0.wp.com\/politicosaldesnudo.com.mx\/wp-content\/uploads\/2026\/08\/cropped-logo.webp?fit=400%2C126&ssl=1","contentUrl":"https:\/\/i0.wp.com\/politicosaldesnudo.com.mx\/wp-content\/uploads\/2026\/08\/cropped-logo.webp?fit=400%2C126&ssl=1","width":400,"height":126,"caption":"Pol\u00edticos al Desnudo"},"image":{"@id":"https:\/\/politicosaldesnudo.com.mx\/#\/schema\/logo\/image\/"},"sameAs":["https:\/\/www.facebook.com\/PoliticosAD"]},{"@type":"Person","@id":"https:\/\/politicosaldesnudo.com.mx\/#\/schema\/person\/ef3a64e561cc3f3f5dc52fab81adde7e","name":"Redacci\u00f3n Pol\u00edticos","url":"https:\/\/politicosaldesnudo.com.mx\/index.php\/author\/redaccion-politicos\/"}]}},"jetpack_publicize_connections":[],"jetpack-related-posts":[{"id":87864,"url":"https:\/\/politicosaldesnudo.com.mx\/index.php\/2026\/08\/17\/trump-estalla-contra-reportera-de-cnn-por-pregunta-sobre-kim-jong-un-silencio\/","url_meta":{"origin":22689,"position":0},"title":"Trump estalla contra reportera de CNN por pregunta sobre Kim Jong-un: \u201c\u00a1Silencio!\u201d","author":"Redacci\u00f3n Pol\u00edticos","date":"17 de agosto de 2026","format":false,"excerpt":"Una pregunta sobre Kim Jong-un termin\u00f3 en un tenso enfrentamiento entre Donald Trump y una periodista de CNN en plena Casa Blanca. El presidente estadounidense interrumpi\u00f3 repetidamente a la reportera Kristen Holmes y la acus\u00f3 de ser \u201cirrespetuosa\u201d y difundir noticias falsas. El episodio ocurri\u00f3 este lunes 17 de agosto,\u2026","rel":"","context":"En \u00abINTERNACIONAL\u00bb","block_context":{"text":"INTERNACIONAL","link":"https:\/\/politicosaldesnudo.com.mx\/index.php\/category\/internacional\/"},"img":{"alt_text":"","src":"https:\/\/i0.wp.com\/politicosaldesnudo.com.mx\/wp-content\/uploads\/2026\/08\/trump-1.jpg?fit=1200%2C800&ssl=1&resize=350%2C200","width":350,"height":200,"srcset":"https:\/\/i0.wp.com\/politicosaldesnudo.com.mx\/wp-content\/uploads\/2026\/08\/trump-1.jpg?fit=1200%2C800&ssl=1&resize=350%2C200 1x, https:\/\/i0.wp.com\/politicosaldesnudo.com.mx\/wp-content\/uploads\/2026\/08\/trump-1.jpg?fit=1200%2C800&ssl=1&resize=525%2C300 1.5x, https:\/\/i0.wp.com\/politicosaldesnudo.com.mx\/wp-content\/uploads\/2026\/08\/trump-1.jpg?fit=1200%2C800&ssl=1&resize=700%2C400 2x, https:\/\/i0.wp.com\/politicosaldesnudo.com.mx\/wp-content\/uploads\/2026\/08\/trump-1.jpg?fit=1200%2C800&ssl=1&resize=1050%2C600 3x"},"classes":[]},{"id":87494,"url":"https:\/\/politicosaldesnudo.com.mx\/index.php\/2026\/08\/04\/aberrantes-lineamientos\/","url_meta":{"origin":22689,"position":1},"title":"Aberrantes lineamientos","author":"Redacci\u00f3n Pol\u00edticos","date":"4 de agosto de 2026","format":false,"excerpt":"En pasados, pero recientes d\u00edas, el segundo piso de la Cuarta Transformaci\u00f3n de la Naci\u00f3n nos dio a conocer sobre unos inconstitucionales lineamientos para poder \u201cregular noticias y opiniones\u201d con la nueva Ley de Telecomunicaciones que silencia y\/o censura la libertad de expresi\u00f3n en todos los medios de informaci\u00f3n. Para\u2026","rel":"","context":"En \u00abOPINI\u00d3N\u00bb","block_context":{"text":"OPINI\u00d3N","link":"https:\/\/politicosaldesnudo.com.mx\/index.php\/category\/columnistas\/"},"img":{"alt_text":"","src":"https:\/\/i0.wp.com\/politicosaldesnudo.com.mx\/wp-content\/uploads\/2026\/03\/WOODLRICH.jpg?fit=800%2C445&ssl=1&resize=350%2C200","width":350,"height":200,"srcset":"https:\/\/i0.wp.com\/politicosaldesnudo.com.mx\/wp-content\/uploads\/2026\/03\/WOODLRICH.jpg?fit=800%2C445&ssl=1&resize=350%2C200 1x, https:\/\/i0.wp.com\/politicosaldesnudo.com.mx\/wp-content\/uploads\/2026\/03\/WOODLRICH.jpg?fit=800%2C445&ssl=1&resize=525%2C300 1.5x, https:\/\/i0.wp.com\/politicosaldesnudo.com.mx\/wp-content\/uploads\/2026\/03\/WOODLRICH.jpg?fit=800%2C445&ssl=1&resize=700%2C400 2x"},"classes":[]},{"id":13905,"url":"https:\/\/politicosaldesnudo.com.mx\/index.php\/2022\/12\/19\/cae-el-cartel-del-ine-y-el-futbolero-cuando\/","url_meta":{"origin":22689,"position":2},"title":"Cae el c\u00e1rtel del INE y el futbolero \u00bfcu\u00e1ndo?","author":"Redacci\u00f3n Pol\u00edticos","date":"19 de diciembre de 2022","format":false,"excerpt":"\u00a0 Por Jos\u00e9 Lima Cobos\u00a0 Segunda Parte \u00a0 En el pa\u00eds se ha formado y fortalecidos con los varios c\u00e1rteles que, lo mismo sirven para la defraudaci\u00f3n fiscal o tr\u00e1fico de personas\u00a0 o drogas, o bien cualquiera de las otras linduras que se forman\u00a0 o constituyen en la legalidad gubernamental\u2026","rel":"","context":"En \u00abOPINI\u00d3N\u00bb","block_context":{"text":"OPINI\u00d3N","link":"https:\/\/politicosaldesnudo.com.mx\/index.php\/category\/columnistas\/"},"img":{"alt_text":"","src":"https:\/\/i0.wp.com\/politicosaldesnudo.com.mx\/wp-content\/uploads\/2022\/04\/JOSE%CC%81-LIMA-COBOS.png?fit=1200%2C671&ssl=1&resize=350%2C200","width":350,"height":200,"srcset":"https:\/\/i0.wp.com\/politicosaldesnudo.com.mx\/wp-content\/uploads\/2022\/04\/JOSE%CC%81-LIMA-COBOS.png?fit=1200%2C671&ssl=1&resize=350%2C200 1x, https:\/\/i0.wp.com\/politicosaldesnudo.com.mx\/wp-content\/uploads\/2022\/04\/JOSE%CC%81-LIMA-COBOS.png?fit=1200%2C671&ssl=1&resize=525%2C300 1.5x, https:\/\/i0.wp.com\/politicosaldesnudo.com.mx\/wp-content\/uploads\/2022\/04\/JOSE%CC%81-LIMA-COBOS.png?fit=1200%2C671&ssl=1&resize=700%2C400 2x, https:\/\/i0.wp.com\/politicosaldesnudo.com.mx\/wp-content\/uploads\/2022\/04\/JOSE%CC%81-LIMA-COBOS.png?fit=1200%2C671&ssl=1&resize=1050%2C600 3x"},"classes":[]},{"id":88183,"url":"https:\/\/politicosaldesnudo.com.mx\/index.php\/2026\/08\/30\/maduro-rompe-el-silencio-desde-una-prision-de-nueva-york-y-difunde-nuevas-fotografias\/","url_meta":{"origin":22689,"position":3},"title":"Maduro rompe el silencio desde una prisi\u00f3n de Nueva York y difunde nuevas fotograf\u00edas","author":"Redacci\u00f3n Pol\u00edticos","date":"30 de agosto de 2026","format":false,"excerpt":"Despu\u00e9s de varios meses sin im\u00e1genes p\u00fablicas sobre su situaci\u00f3n, Nicol\u00e1s Maduro reapareci\u00f3 desde el Centro de Detenci\u00f3n Metropolitano de Brooklyn, donde permanece recluido mientras enfrenta un proceso judicial en Estados Unidos. Dos fotograf\u00edas fueron difundidas este domingo 30 de agosto mediante sus cuentas oficiales. En ellas aparece vestido con\u2026","rel":"","context":"En \u00abINTERNACIONAL\u00bb","block_context":{"text":"INTERNACIONAL","link":"https:\/\/politicosaldesnudo.com.mx\/index.php\/category\/internacional\/"},"img":{"alt_text":"","src":"https:\/\/i0.wp.com\/politicosaldesnudo.com.mx\/wp-content\/uploads\/2026\/08\/maduroo.png?fit=1200%2C661&ssl=1&resize=350%2C200","width":350,"height":200,"srcset":"https:\/\/i0.wp.com\/politicosaldesnudo.com.mx\/wp-content\/uploads\/2026\/08\/maduroo.png?fit=1200%2C661&ssl=1&resize=350%2C200 1x, https:\/\/i0.wp.com\/politicosaldesnudo.com.mx\/wp-content\/uploads\/2026\/08\/maduroo.png?fit=1200%2C661&ssl=1&resize=525%2C300 1.5x, https:\/\/i0.wp.com\/politicosaldesnudo.com.mx\/wp-content\/uploads\/2026\/08\/maduroo.png?fit=1200%2C661&ssl=1&resize=700%2C400 2x, https:\/\/i0.wp.com\/politicosaldesnudo.com.mx\/wp-content\/uploads\/2026\/08\/maduroo.png?fit=1200%2C661&ssl=1&resize=1050%2C600 3x"},"classes":[]},{"id":87686,"url":"https:\/\/politicosaldesnudo.com.mx\/index.php\/2026\/08\/12\/notas-al-viento\/","url_meta":{"origin":22689,"position":4},"title":"Notas al viento","author":"Redacci\u00f3n Pol\u00edticos","date":"12 de agosto de 2026","format":false,"excerpt":"Por: Lic. Alberto Woolrich Ortiz. Son muchos los que piensan y dicen que el Movimiento de Regeneraci\u00f3n Nacional en la actualidad se encuentra relacionado con las malas pr\u00e1cticas de la ciencia pol\u00edtica y, a menudo a los seguidores se les considera ingenuos, cuando menos, por ser c\u00e1ndidos al considerar que\u2026","rel":"","context":"En \u00abOPINI\u00d3N\u00bb","block_context":{"text":"OPINI\u00d3N","link":"https:\/\/politicosaldesnudo.com.mx\/index.php\/category\/columnistas\/"},"img":{"alt_text":"","src":"https:\/\/i0.wp.com\/politicosaldesnudo.com.mx\/wp-content\/uploads\/2026\/08\/WOOLRICH-120826.png?fit=1200%2C658&ssl=1&resize=350%2C200","width":350,"height":200,"srcset":"https:\/\/i0.wp.com\/politicosaldesnudo.com.mx\/wp-content\/uploads\/2026\/08\/WOOLRICH-120826.png?fit=1200%2C658&ssl=1&resize=350%2C200 1x, https:\/\/i0.wp.com\/politicosaldesnudo.com.mx\/wp-content\/uploads\/2026\/08\/WOOLRICH-120826.png?fit=1200%2C658&ssl=1&resize=525%2C300 1.5x, https:\/\/i0.wp.com\/politicosaldesnudo.com.mx\/wp-content\/uploads\/2026\/08\/WOOLRICH-120826.png?fit=1200%2C658&ssl=1&resize=700%2C400 2x, https:\/\/i0.wp.com\/politicosaldesnudo.com.mx\/wp-content\/uploads\/2026\/08\/WOOLRICH-120826.png?fit=1200%2C658&ssl=1&resize=1050%2C600 3x"},"classes":[]},{"id":87704,"url":"https:\/\/politicosaldesnudo.com.mx\/index.php\/2026\/08\/12\/nahle-busca-evitar-cierre-del-ingenio-san-pedro-y-abre-la-puerta-a-nuevos-inversionistas\/","url_meta":{"origin":22689,"position":5},"title":"Nahle busca evitar cierre del ingenio San Pedro y abre la puerta a nuevos inversionistas","author":"Redacci\u00f3n Pol\u00edticos","date":"12 de agosto de 2026","format":false,"excerpt":"La gobernadora de Veracruz advirti\u00f3 que el cierre del ingenio San Pedro afectar\u00eda a m\u00e1s de cinco mil familias de la regi\u00f3n y plante\u00f3 que, si Grupo Porres no contin\u00faa con la operaci\u00f3n, otro empresario podr\u00eda hacerse cargo de la factor\u00eda. La gobernadora Roc\u00edo Nahle Garc\u00eda asegur\u00f3 que su administraci\u00f3n\u2026","rel":"","context":"En \u00abESTADOS\u00bb","block_context":{"text":"ESTADOS","link":"https:\/\/politicosaldesnudo.com.mx\/index.php\/category\/estados\/"},"img":{"alt_text":"","src":"https:\/\/i0.wp.com\/politicosaldesnudo.com.mx\/wp-content\/uploads\/2026\/08\/773671695_1639927627495572_4477977375799244898_n.jpg?fit=1200%2C800&ssl=1&resize=350%2C200","width":350,"height":200,"srcset":"https:\/\/i0.wp.com\/politicosaldesnudo.com.mx\/wp-content\/uploads\/2026\/08\/773671695_1639927627495572_4477977375799244898_n.jpg?fit=1200%2C800&ssl=1&resize=350%2C200 1x, https:\/\/i0.wp.com\/politicosaldesnudo.com.mx\/wp-content\/uploads\/2026\/08\/773671695_1639927627495572_4477977375799244898_n.jpg?fit=1200%2C800&ssl=1&resize=525%2C300 1.5x, https:\/\/i0.wp.com\/politicosaldesnudo.com.mx\/wp-content\/uploads\/2026\/08\/773671695_1639927627495572_4477977375799244898_n.jpg?fit=1200%2C800&ssl=1&resize=700%2C400 2x, https:\/\/i0.wp.com\/politicosaldesnudo.com.mx\/wp-content\/uploads\/2026\/08\/773671695_1639927627495572_4477977375799244898_n.jpg?fit=1200%2C800&ssl=1&resize=1050%2C600 3x"},"classes":[]}],"jetpack_sharing_enabled":true,"jetpack_featured_media_url":"https:\/\/i0.wp.com\/politicosaldesnudo.com.mx\/wp-content\/uploads\/2022\/04\/RICARDO-HOMS.png?fit=1816%2C1016&ssl=1","_links":{"self":[{"href":"https:\/\/politicosaldesnudo.com.mx\/index.php\/wp-json\/wp\/v2\/posts\/22689","targetHints":{"allow":["GET"]}}],"collection":[{"href":"https:\/\/politicosaldesnudo.com.mx\/index.php\/wp-json\/wp\/v2\/posts"}],"about":[{"href":"https:\/\/politicosaldesnudo.com.mx\/index.php\/wp-json\/wp\/v2\/types\/post"}],"author":[{"embeddable":true,"href":"https:\/\/politicosaldesnudo.com.mx\/index.php\/wp-json\/wp\/v2\/users\/4"}],"replies":[{"embeddable":true,"href":"https:\/\/politicosaldesnudo.com.mx\/index.php\/wp-json\/wp\/v2\/comments?post=22689"}],"version-history":[{"count":0,"href":"https:\/\/politicosaldesnudo.com.mx\/index.php\/wp-json\/wp\/v2\/posts\/22689\/revisions"}],"wp:featuredmedia":[{"embeddable":true,"href":"https:\/\/politicosaldesnudo.com.mx\/index.php\/wp-json\/wp\/v2\/media\/3778"}],"wp:attachment":[{"href":"https:\/\/politicosaldesnudo.com.mx\/index.php\/wp-json\/wp\/v2\/media?parent=22689"}],"wp:term":[{"taxonomy":"category","embeddable":true,"href":"https:\/\/politicosaldesnudo.com.mx\/index.php\/wp-json\/wp\/v2\/categories?post=22689"},{"taxonomy":"post_tag","embeddable":true,"href":"https:\/\/politicosaldesnudo.com.mx\/index.php\/wp-json\/wp\/v2\/tags?post=22689"}],"curies":[{"name":"wp","href":"https:\/\/api.w.org\/{rel}","templated":true}]}}