{"id":22758,"date":"2023-08-02T05:10:46","date_gmt":"2023-08-02T10:10:46","guid":{"rendered":"https:\/\/politicosaldesnudo.com.mx\/?p=22758"},"modified":"2023-08-02T07:50:56","modified_gmt":"2023-08-02T12:50:56","slug":"quienes-vendieron-el-agua-en-veracruz","status":"publish","type":"post","link":"https:\/\/politicosaldesnudo.com.mx\/index.php\/2023\/08\/02\/quienes-vendieron-el-agua-en-veracruz\/","title":{"rendered":"\u00bfQui\u00e9nes vendieron el agua en Veracruz?"},"content":{"rendered":"<p>&nbsp;<\/p>\n<p class=\"p1\"><span style=\"font-size: 18pt;\"><strong>Por Luis Ram\u00edrez Baqueiro<\/strong><\/span><\/p>\n<p>&nbsp;<\/p>\n<p>&nbsp;<\/p>\n<p class=\"p1\" style=\"text-align: center;\"><em><span style=\"font-size: 18pt;\"><strong>\u201c\u00bfQuieres ser rico? Pues no te afanes en aumentar tus bienes, sino en disminuir tu codicia\u201d <\/strong><\/span><\/em><\/p>\n<p class=\"p1\" style=\"text-align: center;\"><span style=\"font-size: 18pt;\">\u2013 Epicuro de Samos \u2013 <\/span><\/p>\n<p>&nbsp;<\/p>\n<p class=\"p1\"><span style=\"font-size: 14pt;\">La crisis que sufren los habitantes de la zona conurbada Veracruz-Boca del R\u00edo-Medell\u00edn por la falta de un servicio de agua potable de calidad por parte del organismo operador \u2013Grupo MAS- del vital l\u00edquido es una historia que bien dar\u00eda elementos para el desarrollo de una pel\u00edcula Hollywoodense.<\/span><\/p>\n<p class=\"p1\"><span style=\"font-size: 14pt;\">La historia negra del agua en Veracruz tuvo su origen a mediados del a\u00f1o 2010 con la llegada al Gobierno del Estado de Javier Duarte de Ochoa, quien, desde su participaci\u00f3n en la administraci\u00f3n fidelista, enlazo y construy\u00f3 fuertes nexos con el grupo brasile\u00f1o Odebrecht.<\/span><\/p>\n<p class=\"p1\"><span style=\"font-size: 14pt;\">Lo que pretend\u00eda en 2011, ser un proyecto de generaci\u00f3n el\u00e9ctrica y de abasto de agua en Xalapa, en la que su gobierno aportar\u00eda 355 millones de pesos en alianza con Odebrecht termin\u00f3 siendo un desastre para la zona conurbada de Veracruz-Boca del R\u00edo-Medell\u00edn.<\/span><\/p>\n<p class=\"p1\"><span style=\"font-size: 14pt;\">Seg\u00fan ha documentado el portal\u00a0contralacorrupci\u00f3n.mx, en esas operaciones, los socios de Duarte fueron Javier Chuman Rojas y Eduardo de Melo Pinto, quienes est\u00e1n procesados en el sumario de Lava Jato, la mayor operaci\u00f3n judicial anticorrupci\u00f3n que ha sacudido a Brasil desde el a\u00f1o 2014 con m\u00e1s de 100 pol\u00edticos involucrados en la asignaci\u00f3n de contratos p\u00fablicos a favor de un c\u00e1rtel de empresas, entre las que se encontraba la constructora Odebrecht, la cual extendi\u00f3 su red de sobornos a 12 pa\u00edses en Am\u00e9rica Latina y \u00c1frica, incluido M\u00e9xico.\u00a0<\/span><\/p>\n<p class=\"p1\"><span style=\"font-size: 14pt;\">En la causa judicial que se sigue contra Odebrecht en el caso Lava Jato aparecen acusaciones contra Chuman Rojas, ex directivo del Grupo Metropolitano de Agua y Saneamiento (MAS) de Veracruz, y De Melo Pinto, fundador y consejero de tres empresas que Odebrecht cre\u00f3 en Xalapa en 2013 para aliarse con el entonces gobernador Javier Duarte, revela una investigaci\u00f3n de Mexicanos contra la Corrupci\u00f3n y la Impunidad.<\/span><\/p>\n<p class=\"p1\"><span style=\"font-size: 14pt;\">A Chuman Rojas se le acusa de haber participado en una red de corrupci\u00f3n en \u00c1frica, mientras que De Melo Pinto es involucrado en el pago de un soborno de 3 millones de d\u00f3lares a un pol\u00edtico brasile\u00f1o.<\/span><\/p>\n<p class=\"p1\"><span style=\"font-size: 14pt;\">Pero claro que en Veracruz tambi\u00e9n hubo actores que participaron y fueron los responsables de la crisis que hoy enfrenta la red de distribuci\u00f3n aunado al p\u00e9simo servicio brindado por el organismo operador.<\/span><\/p>\n<p class=\"p1\"><span style=\"font-size: 14pt;\">\u00bfPero qui\u00e9nes fueron esos personajes? \u00bfQu\u00e9 hacen en la actualidad? \u00bfPor qu\u00e9 nunca las autoridades los implicaron o responsabilizaron de sus acciones?<\/span><\/p>\n<p class=\"p1\"><span style=\"font-size: 14pt;\">La realidad es que esos mismos personajes siguen inmiscuidos en el problema, pues tras bambalinas, monitorean las repercusiones que el problema sigue generando, al punto de llegar hasta ser tema de la conferencia ma\u00f1anera del presidente Andr\u00e9s Manuel L\u00f3pez Obrador.<\/span><\/p>\n<p class=\"p1\"><span style=\"font-size: 14pt;\">Fue precisamente en ese tiempo que una triada de alcaldes Fidel-duartistas resolvieron junto al titular del Sistema de Agua y Saneamiento (SAS) quienes construyeron todo el entramado legal para que el Congreso tomar\u00e1 el control del servicio del agua y lo otorgar\u00e1 en concesi\u00f3n al Grupo MAS conformado por Aguas de Barcelona y Odebrecht.<\/span><\/p>\n<p class=\"p1\"><span style=\"font-size: 14pt;\">Esa triada la compon\u00eda la alcaldesa Carolina Gudi\u00f1o Corro por Veracruz, Salvador Manzur D\u00edaz en Boca del R\u00edo y Marcos Isle\u00f1o por Medell\u00edn, a la postre presidente dentro del consejo de administraci\u00f3n del entonces SAS quien fuera el que aprobar\u00e1 el hecho junto a Jos\u00e9 \u201cPepin\u201d Ruiz \u2013quien fuera el titular del SAS- la desaparici\u00f3n y extinci\u00f3n del organismo operador para consumar el atraco.<\/span><\/p>\n<p class=\"p1\"><span style=\"font-size: 14pt;\">Hoy Pep\u00edn Ruiz convertido en youtuber hace trabajo pol\u00edtico y busca colarse en Morena, mientras que Marcos Isle\u00f1o contin\u00faa con sus intenciones de garantizar a su padrino y protector Luis Barqu\u00edn el control del agua en la regi\u00f3n de Medell\u00edn.<\/span><\/p>\n<p class=\"p1\"><span style=\"font-size: 14pt;\">A la lista de sepultureros del organismo operador, causantes de la debacle del sistema en la zona, aparecen otros personajes, que contin\u00faan incrustados en esa telara\u00f1a donde los intereses se anteponen al buen servicio y calidad del vital l\u00edquido.<\/span><\/p>\n<p class=\"p1\"><span style=\"font-size: 14pt;\">En la lista aparece el nombre de Blanca Uscanga -f\u00e9mina testaferro del empresario Luis Barqu\u00edn- quien incrustada en la propia estructura del Grupo MAS monitorea sus intereses; destacan en la lista de sepultureros los nombres de Arturo Zorrilla, quien fuera el primer director del Grupo MAS, tambi\u00e9n sobresalen Luis Gerardo P\u00e9rez quien fungiera como ex presidente Municipal de Medell\u00edn y pusiera el puntillazo para la privatizaci\u00f3n del servicio del agua.\u00a0As\u00ed como Mario Alberto \u00c1lvarez L\u00f3pez quien fungiera como asesor del Ayuntamiento de Veracruz y fuera el responsable de gestionar y tramitar la concesi\u00f3n por 30 a\u00f1os al Grupo MAS.\u00a0<\/span><\/p>\n<p class=\"p1\"><span style=\"font-size: 14pt;\">La mafia que provoc\u00f3 la debacle del servicio de agua potable en la zona conurbada de Veracruz-Boca del R\u00edo-Medell\u00edn tiene nombres y apellidos, tiene rostros, mismos que no se deben de olvidar, pues llegado el momento aparecer\u00e1n buscando descaradamente regresar a buscar su voto, su confianza y enquistarse en el poder para seguir saqueando a la entidad.<\/span><\/p>\n<p class=\"p1\"><span style=\"font-size: 14pt;\">\u00bfQu\u00e9 oscuro personaje del Gobierno del Estado les ha venido prestando protecci\u00f3n, es la pregunta? \u00bfAcaso ser\u00e1 uno que es una revelaci\u00f3n de la literatura mexicana?<\/span><\/p>\n<p>&nbsp;<\/p>\n<p class=\"p1\"><span style=\"font-size: 18pt;\"><strong>Al tiempo<\/strong><\/span><\/p>\n<p>&nbsp;<\/p>\n<hr \/>\n<p>&nbsp;<\/p>\n<p class=\"p1\"><span style=\"font-size: 18pt;\"><strong>Correo: <a href=\"mailto:astrolabiopoliticomx@gmail.com\">astrolabiopoliticomx@gmail.com<\/a><\/strong><\/span><\/p>\n<p class=\"p1\"><span style=\"font-size: 18pt;\"><strong>Twitter: <a href=\"http:\/\/www.twitter.com\/LuisBaqueiro_mx\">@LuisBaqueiro_mx<\/a><\/strong><\/span><\/p>\n<p>&nbsp;<\/p>\n<p><img data-recalc-dims=\"1\" loading=\"lazy\" decoding=\"async\" class=\"aligncenter wp-image-14351\" src=\"https:\/\/i0.wp.com\/politicosaldesnudo.com.mx\/wp-content\/uploads\/2023\/01\/FIRMA-EDITORIAL-PD-300x37.png?resize=1000%2C122&#038;ssl=1\" alt=\"\" width=\"1000\" height=\"122\" srcset=\"https:\/\/i0.wp.com\/politicosaldesnudo.com.mx\/wp-content\/uploads\/2023\/01\/FIRMA-EDITORIAL-PD.png?resize=300%2C37&amp;ssl=1 300w, https:\/\/i0.wp.com\/politicosaldesnudo.com.mx\/wp-content\/uploads\/2023\/01\/FIRMA-EDITORIAL-PD.png?resize=1024%2C125&amp;ssl=1 1024w, https:\/\/i0.wp.com\/politicosaldesnudo.com.mx\/wp-content\/uploads\/2023\/01\/FIRMA-EDITORIAL-PD.png?resize=768%2C94&amp;ssl=1 768w, https:\/\/i0.wp.com\/politicosaldesnudo.com.mx\/wp-content\/uploads\/2023\/01\/FIRMA-EDITORIAL-PD.png?resize=1536%2C188&amp;ssl=1 1536w, https:\/\/i0.wp.com\/politicosaldesnudo.com.mx\/wp-content\/uploads\/2023\/01\/FIRMA-EDITORIAL-PD.png?resize=2048%2C250&amp;ssl=1 2048w\" sizes=\"auto, (max-width: 1000px) 100vw, 1000px\" \/><\/p>\n<p>&nbsp;<\/p>\n<p>&nbsp;<\/p>\n<p>&nbsp;<\/p>\n<p>&nbsp;<\/p>\n","protected":false},"excerpt":{"rendered":"<p>&nbsp; Por Luis Ram\u00edrez Baqueiro &nbsp; &nbsp; \u201c\u00bfQuieres ser rico? Pues no te afanes en aumentar tus bienes, sino en [&hellip;]<\/p>\n","protected":false},"author":4,"featured_media":4390,"comment_status":"closed","ping_status":"closed","sticky":false,"template":"","format":"standard","meta":{"site-sidebar-layout":"default","site-content-layout":"","ast-site-content-layout":"default","site-content-style":"default","site-sidebar-style":"default","ast-global-header-display":"","ast-banner-title-visibility":"","ast-main-header-display":"","ast-hfb-above-header-display":"","ast-hfb-below-header-display":"","ast-hfb-mobile-header-display":"","site-post-title":"","ast-breadcrumbs-content":"","ast-featured-img":"","footer-sml-layout":"","ast-disable-related-posts":"","theme-transparent-header-meta":"","adv-header-id-meta":"","stick-header-meta":"","header-above-stick-meta":"","header-main-stick-meta":"","header-below-stick-meta":"","astra-migrate-meta-layouts":"default","ast-page-background-enabled":"default","ast-page-background-meta":{"desktop":{"background-color":"var(--ast-global-color-5)","background-image":"","background-repeat":"repeat","background-position":"center center","background-size":"auto","background-attachment":"scroll","background-type":"","background-media":"","overlay-type":"","overlay-color":"","overlay-opacity":"","overlay-gradient":""},"tablet":{"background-color":"","background-image":"","background-repeat":"repeat","background-position":"center center","background-size":"auto","background-attachment":"scroll","background-type":"","background-media":"","overlay-type":"","overlay-color":"","overlay-opacity":"","overlay-gradient":""},"mobile":{"background-color":"","background-image":"","background-repeat":"repeat","background-position":"center center","background-size":"auto","background-attachment":"scroll","background-type":"","background-media":"","overlay-type":"","overlay-color":"","overlay-opacity":"","overlay-gradient":""}},"ast-content-background-meta":{"desktop":{"background-color":"var(--ast-global-color-4)","background-image":"","background-repeat":"repeat","background-position":"center center","background-size":"auto","background-attachment":"scroll","background-type":"","background-media":"","overlay-type":"","overlay-color":"","overlay-opacity":"","overlay-gradient":""},"tablet":{"background-color":"var(--ast-global-color-4)","background-image":"","background-repeat":"repeat","background-position":"center center","background-size":"auto","background-attachment":"scroll","background-type":"","background-media":"","overlay-type":"","overlay-color":"","overlay-opacity":"","overlay-gradient":""},"mobile":{"background-color":"var(--ast-global-color-4)","background-image":"","background-repeat":"repeat","background-position":"center center","background-size":"auto","background-attachment":"scroll","background-type":"","background-media":"","overlay-type":"","overlay-color":"","overlay-opacity":"","overlay-gradient":""}},"_jetpack_newsletter_access":"","_jetpack_dont_email_post_to_subs":false,"_jetpack_newsletter_tier_id":0,"_jetpack_memberships_contains_paywalled_content":false,"_jetpack_feature_clip_id":0,"_jetpack_memberships_contains_paid_content":false,"footnotes":"","jetpack_publicize_message":"","jetpack_publicize_feature_enabled":true,"jetpack_social_post_already_shared":false,"jetpack_social_options":{"image_generator_settings":{"template":"highway","default_image_id":0,"font":"","enabled":false},"version":2},"jetpack_post_was_ever_published":false},"categories":[26],"tags":[],"class_list":["post-22758","post","type-post","status-publish","format-standard","has-post-thumbnail","hentry","category-columnistas"],"yoast_head":"<!-- This site is optimized with the Yoast SEO plugin v28.3 - https:\/\/yoast.com\/product\/yoast-seo-wordpress\/ -->\n<title>\u00bfQui\u00e9nes vendieron el agua en Veracruz? - Pol\u00edticos al Desnudo<\/title>\n<meta name=\"robots\" content=\"index, follow, max-snippet:-1, max-image-preview:large, max-video-preview:-1\" \/>\n<link rel=\"canonical\" href=\"https:\/\/politicosaldesnudo.com.mx\/index.php\/2023\/08\/02\/quienes-vendieron-el-agua-en-veracruz\/\" \/>\n<meta property=\"og:locale\" content=\"es_ES\" \/>\n<meta property=\"og:type\" content=\"article\" \/>\n<meta property=\"og:title\" content=\"\u00bfQui\u00e9nes vendieron el agua en Veracruz? - Pol\u00edticos al Desnudo\" \/>\n<meta property=\"og:description\" content=\"&nbsp; Por Luis Ram\u00edrez Baqueiro &nbsp; &nbsp; \u201c\u00bfQuieres ser rico? Pues no te afanes en aumentar tus bienes, sino en [&hellip;]\" \/>\n<meta property=\"og:url\" content=\"https:\/\/politicosaldesnudo.com.mx\/index.php\/2023\/08\/02\/quienes-vendieron-el-agua-en-veracruz\/\" \/>\n<meta property=\"og:site_name\" content=\"Pol\u00edticos al Desnudo\" \/>\n<meta property=\"article:publisher\" content=\"https:\/\/www.facebook.com\/PoliticosAD\" \/>\n<meta property=\"article:published_time\" content=\"2023-08-02T10:10:46+00:00\" \/>\n<meta property=\"article:modified_time\" content=\"2023-08-02T12:50:56+00:00\" \/>\n<meta property=\"og:image\" content=\"https:\/\/i0.wp.com\/politicosaldesnudo.com.mx\/wp-content\/uploads\/2022\/04\/LUIS-RAMI%CC%81REZ-BAQUEIRO.png?fit=1816%2C1016&ssl=1\" \/>\n\t<meta property=\"og:image:width\" content=\"1816\" \/>\n\t<meta property=\"og:image:height\" content=\"1016\" \/>\n\t<meta property=\"og:image:type\" content=\"image\/png\" \/>\n<meta name=\"author\" content=\"Redacci\u00f3n Pol\u00edticos\" \/>\n<meta name=\"twitter:card\" content=\"summary_large_image\" \/>\n<meta name=\"twitter:label1\" content=\"Escrito por\" \/>\n\t<meta name=\"twitter:data1\" content=\"Redacci\u00f3n Pol\u00edticos\" \/>\n\t<meta name=\"twitter:label2\" content=\"Tiempo de lectura\" \/>\n\t<meta name=\"twitter:data2\" content=\"5 minutos\" \/>\n<script type=\"application\/ld+json\" class=\"yoast-schema-graph\">{\"@context\":\"https:\\\/\\\/schema.org\",\"@graph\":[{\"@type\":\"Article\",\"@id\":\"https:\\\/\\\/politicosaldesnudo.com.mx\\\/index.php\\\/2023\\\/08\\\/02\\\/quienes-vendieron-el-agua-en-veracruz\\\/#article\",\"isPartOf\":{\"@id\":\"https:\\\/\\\/politicosaldesnudo.com.mx\\\/index.php\\\/2023\\\/08\\\/02\\\/quienes-vendieron-el-agua-en-veracruz\\\/\"},\"author\":{\"name\":\"Redacci\u00f3n Pol\u00edticos\",\"@id\":\"https:\\\/\\\/politicosaldesnudo.com.mx\\\/#\\\/schema\\\/person\\\/ef3a64e561cc3f3f5dc52fab81adde7e\"},\"headline\":\"\u00bfQui\u00e9nes vendieron el agua en Veracruz?\",\"datePublished\":\"2023-08-02T10:10:46+00:00\",\"dateModified\":\"2023-08-02T12:50:56+00:00\",\"mainEntityOfPage\":{\"@id\":\"https:\\\/\\\/politicosaldesnudo.com.mx\\\/index.php\\\/2023\\\/08\\\/02\\\/quienes-vendieron-el-agua-en-veracruz\\\/\"},\"wordCount\":926,\"publisher\":{\"@id\":\"https:\\\/\\\/politicosaldesnudo.com.mx\\\/#organization\"},\"image\":{\"@id\":\"https:\\\/\\\/politicosaldesnudo.com.mx\\\/index.php\\\/2023\\\/08\\\/02\\\/quienes-vendieron-el-agua-en-veracruz\\\/#primaryimage\"},\"thumbnailUrl\":\"https:\\\/\\\/i0.wp.com\\\/politicosaldesnudo.com.mx\\\/wp-content\\\/uploads\\\/2022\\\/04\\\/LUIS-RAMI%CC%81REZ-BAQUEIRO.png?fit=1816%2C1016&ssl=1\",\"articleSection\":[\"OPINI\u00d3N\"],\"inLanguage\":\"es\"},{\"@type\":\"WebPage\",\"@id\":\"https:\\\/\\\/politicosaldesnudo.com.mx\\\/index.php\\\/2023\\\/08\\\/02\\\/quienes-vendieron-el-agua-en-veracruz\\\/\",\"url\":\"https:\\\/\\\/politicosaldesnudo.com.mx\\\/index.php\\\/2023\\\/08\\\/02\\\/quienes-vendieron-el-agua-en-veracruz\\\/\",\"name\":\"\u00bfQui\u00e9nes vendieron el agua en Veracruz? - Pol\u00edticos al Desnudo\",\"isPartOf\":{\"@id\":\"https:\\\/\\\/politicosaldesnudo.com.mx\\\/#website\"},\"primaryImageOfPage\":{\"@id\":\"https:\\\/\\\/politicosaldesnudo.com.mx\\\/index.php\\\/2023\\\/08\\\/02\\\/quienes-vendieron-el-agua-en-veracruz\\\/#primaryimage\"},\"image\":{\"@id\":\"https:\\\/\\\/politicosaldesnudo.com.mx\\\/index.php\\\/2023\\\/08\\\/02\\\/quienes-vendieron-el-agua-en-veracruz\\\/#primaryimage\"},\"thumbnailUrl\":\"https:\\\/\\\/i0.wp.com\\\/politicosaldesnudo.com.mx\\\/wp-content\\\/uploads\\\/2022\\\/04\\\/LUIS-RAMI%CC%81REZ-BAQUEIRO.png?fit=1816%2C1016&ssl=1\",\"datePublished\":\"2023-08-02T10:10:46+00:00\",\"dateModified\":\"2023-08-02T12:50:56+00:00\",\"breadcrumb\":{\"@id\":\"https:\\\/\\\/politicosaldesnudo.com.mx\\\/index.php\\\/2023\\\/08\\\/02\\\/quienes-vendieron-el-agua-en-veracruz\\\/#breadcrumb\"},\"inLanguage\":\"es\",\"potentialAction\":[{\"@type\":\"ReadAction\",\"target\":[\"https:\\\/\\\/politicosaldesnudo.com.mx\\\/index.php\\\/2023\\\/08\\\/02\\\/quienes-vendieron-el-agua-en-veracruz\\\/\"]}]},{\"@type\":\"ImageObject\",\"inLanguage\":\"es\",\"@id\":\"https:\\\/\\\/politicosaldesnudo.com.mx\\\/index.php\\\/2023\\\/08\\\/02\\\/quienes-vendieron-el-agua-en-veracruz\\\/#primaryimage\",\"url\":\"https:\\\/\\\/i0.wp.com\\\/politicosaldesnudo.com.mx\\\/wp-content\\\/uploads\\\/2022\\\/04\\\/LUIS-RAMI%CC%81REZ-BAQUEIRO.png?fit=1816%2C1016&ssl=1\",\"contentUrl\":\"https:\\\/\\\/i0.wp.com\\\/politicosaldesnudo.com.mx\\\/wp-content\\\/uploads\\\/2022\\\/04\\\/LUIS-RAMI%CC%81REZ-BAQUEIRO.png?fit=1816%2C1016&ssl=1\",\"width\":1816,\"height\":1016},{\"@type\":\"BreadcrumbList\",\"@id\":\"https:\\\/\\\/politicosaldesnudo.com.mx\\\/index.php\\\/2023\\\/08\\\/02\\\/quienes-vendieron-el-agua-en-veracruz\\\/#breadcrumb\",\"itemListElement\":[{\"@type\":\"ListItem\",\"position\":1,\"name\":\"Portada\",\"item\":\"https:\\\/\\\/politicosaldesnudo.com.mx\\\/\"},{\"@type\":\"ListItem\",\"position\":2,\"name\":\"\u00bfQui\u00e9nes vendieron el agua en Veracruz?\"}]},{\"@type\":\"WebSite\",\"@id\":\"https:\\\/\\\/politicosaldesnudo.com.mx\\\/#website\",\"url\":\"https:\\\/\\\/politicosaldesnudo.com.mx\\\/\",\"name\":\"Pol\u00edticos al Desnudo\",\"description\":\"\",\"publisher\":{\"@id\":\"https:\\\/\\\/politicosaldesnudo.com.mx\\\/#organization\"},\"potentialAction\":[{\"@type\":\"SearchAction\",\"target\":{\"@type\":\"EntryPoint\",\"urlTemplate\":\"https:\\\/\\\/politicosaldesnudo.com.mx\\\/?s={search_term_string}\"},\"query-input\":{\"@type\":\"PropertyValueSpecification\",\"valueRequired\":true,\"valueName\":\"search_term_string\"}}],\"inLanguage\":\"es\"},{\"@type\":\"Organization\",\"@id\":\"https:\\\/\\\/politicosaldesnudo.com.mx\\\/#organization\",\"name\":\"Pol\u00edticos al Desnudo\",\"url\":\"https:\\\/\\\/politicosaldesnudo.com.mx\\\/\",\"logo\":{\"@type\":\"ImageObject\",\"inLanguage\":\"es\",\"@id\":\"https:\\\/\\\/politicosaldesnudo.com.mx\\\/#\\\/schema\\\/logo\\\/image\\\/\",\"url\":\"https:\\\/\\\/i0.wp.com\\\/politicosaldesnudo.com.mx\\\/wp-content\\\/uploads\\\/2026\\\/08\\\/cropped-logo.webp?fit=400%2C126&ssl=1\",\"contentUrl\":\"https:\\\/\\\/i0.wp.com\\\/politicosaldesnudo.com.mx\\\/wp-content\\\/uploads\\\/2026\\\/08\\\/cropped-logo.webp?fit=400%2C126&ssl=1\",\"width\":400,\"height\":126,\"caption\":\"Pol\u00edticos al Desnudo\"},\"image\":{\"@id\":\"https:\\\/\\\/politicosaldesnudo.com.mx\\\/#\\\/schema\\\/logo\\\/image\\\/\"},\"sameAs\":[\"https:\\\/\\\/www.facebook.com\\\/PoliticosAD\"]},{\"@type\":\"Person\",\"@id\":\"https:\\\/\\\/politicosaldesnudo.com.mx\\\/#\\\/schema\\\/person\\\/ef3a64e561cc3f3f5dc52fab81adde7e\",\"name\":\"Redacci\u00f3n Pol\u00edticos\",\"url\":\"https:\\\/\\\/politicosaldesnudo.com.mx\\\/index.php\\\/author\\\/redaccion-politicos\\\/\"}]}<\/script>\n<!-- \/ Yoast SEO plugin. -->","yoast_head_json":{"title":"\u00bfQui\u00e9nes vendieron el agua en Veracruz? - Pol\u00edticos al Desnudo","robots":{"index":"index","follow":"follow","max-snippet":"max-snippet:-1","max-image-preview":"max-image-preview:large","max-video-preview":"max-video-preview:-1"},"canonical":"https:\/\/politicosaldesnudo.com.mx\/index.php\/2023\/08\/02\/quienes-vendieron-el-agua-en-veracruz\/","og_locale":"es_ES","og_type":"article","og_title":"\u00bfQui\u00e9nes vendieron el agua en Veracruz? - Pol\u00edticos al Desnudo","og_description":"&nbsp; Por Luis Ram\u00edrez Baqueiro &nbsp; &nbsp; \u201c\u00bfQuieres ser rico? Pues no te afanes en aumentar tus bienes, sino en [&hellip;]","og_url":"https:\/\/politicosaldesnudo.com.mx\/index.php\/2023\/08\/02\/quienes-vendieron-el-agua-en-veracruz\/","og_site_name":"Pol\u00edticos al Desnudo","article_publisher":"https:\/\/www.facebook.com\/PoliticosAD","article_published_time":"2023-08-02T10:10:46+00:00","article_modified_time":"2023-08-02T12:50:56+00:00","og_image":[{"width":1816,"height":1016,"url":"https:\/\/i0.wp.com\/politicosaldesnudo.com.mx\/wp-content\/uploads\/2022\/04\/LUIS-RAMI%CC%81REZ-BAQUEIRO.png?fit=1816%2C1016&ssl=1","type":"image\/png"}],"author":"Redacci\u00f3n Pol\u00edticos","twitter_card":"summary_large_image","twitter_misc":{"Escrito por":"Redacci\u00f3n Pol\u00edticos","Tiempo de lectura":"5 minutos"},"schema":{"@context":"https:\/\/schema.org","@graph":[{"@type":"Article","@id":"https:\/\/politicosaldesnudo.com.mx\/index.php\/2023\/08\/02\/quienes-vendieron-el-agua-en-veracruz\/#article","isPartOf":{"@id":"https:\/\/politicosaldesnudo.com.mx\/index.php\/2023\/08\/02\/quienes-vendieron-el-agua-en-veracruz\/"},"author":{"name":"Redacci\u00f3n Pol\u00edticos","@id":"https:\/\/politicosaldesnudo.com.mx\/#\/schema\/person\/ef3a64e561cc3f3f5dc52fab81adde7e"},"headline":"\u00bfQui\u00e9nes vendieron el agua en Veracruz?","datePublished":"2023-08-02T10:10:46+00:00","dateModified":"2023-08-02T12:50:56+00:00","mainEntityOfPage":{"@id":"https:\/\/politicosaldesnudo.com.mx\/index.php\/2023\/08\/02\/quienes-vendieron-el-agua-en-veracruz\/"},"wordCount":926,"publisher":{"@id":"https:\/\/politicosaldesnudo.com.mx\/#organization"},"image":{"@id":"https:\/\/politicosaldesnudo.com.mx\/index.php\/2023\/08\/02\/quienes-vendieron-el-agua-en-veracruz\/#primaryimage"},"thumbnailUrl":"https:\/\/i0.wp.com\/politicosaldesnudo.com.mx\/wp-content\/uploads\/2022\/04\/LUIS-RAMI%CC%81REZ-BAQUEIRO.png?fit=1816%2C1016&ssl=1","articleSection":["OPINI\u00d3N"],"inLanguage":"es"},{"@type":"WebPage","@id":"https:\/\/politicosaldesnudo.com.mx\/index.php\/2023\/08\/02\/quienes-vendieron-el-agua-en-veracruz\/","url":"https:\/\/politicosaldesnudo.com.mx\/index.php\/2023\/08\/02\/quienes-vendieron-el-agua-en-veracruz\/","name":"\u00bfQui\u00e9nes vendieron el agua en Veracruz? - Pol\u00edticos al Desnudo","isPartOf":{"@id":"https:\/\/politicosaldesnudo.com.mx\/#website"},"primaryImageOfPage":{"@id":"https:\/\/politicosaldesnudo.com.mx\/index.php\/2023\/08\/02\/quienes-vendieron-el-agua-en-veracruz\/#primaryimage"},"image":{"@id":"https:\/\/politicosaldesnudo.com.mx\/index.php\/2023\/08\/02\/quienes-vendieron-el-agua-en-veracruz\/#primaryimage"},"thumbnailUrl":"https:\/\/i0.wp.com\/politicosaldesnudo.com.mx\/wp-content\/uploads\/2022\/04\/LUIS-RAMI%CC%81REZ-BAQUEIRO.png?fit=1816%2C1016&ssl=1","datePublished":"2023-08-02T10:10:46+00:00","dateModified":"2023-08-02T12:50:56+00:00","breadcrumb":{"@id":"https:\/\/politicosaldesnudo.com.mx\/index.php\/2023\/08\/02\/quienes-vendieron-el-agua-en-veracruz\/#breadcrumb"},"inLanguage":"es","potentialAction":[{"@type":"ReadAction","target":["https:\/\/politicosaldesnudo.com.mx\/index.php\/2023\/08\/02\/quienes-vendieron-el-agua-en-veracruz\/"]}]},{"@type":"ImageObject","inLanguage":"es","@id":"https:\/\/politicosaldesnudo.com.mx\/index.php\/2023\/08\/02\/quienes-vendieron-el-agua-en-veracruz\/#primaryimage","url":"https:\/\/i0.wp.com\/politicosaldesnudo.com.mx\/wp-content\/uploads\/2022\/04\/LUIS-RAMI%CC%81REZ-BAQUEIRO.png?fit=1816%2C1016&ssl=1","contentUrl":"https:\/\/i0.wp.com\/politicosaldesnudo.com.mx\/wp-content\/uploads\/2022\/04\/LUIS-RAMI%CC%81REZ-BAQUEIRO.png?fit=1816%2C1016&ssl=1","width":1816,"height":1016},{"@type":"BreadcrumbList","@id":"https:\/\/politicosaldesnudo.com.mx\/index.php\/2023\/08\/02\/quienes-vendieron-el-agua-en-veracruz\/#breadcrumb","itemListElement":[{"@type":"ListItem","position":1,"name":"Portada","item":"https:\/\/politicosaldesnudo.com.mx\/"},{"@type":"ListItem","position":2,"name":"\u00bfQui\u00e9nes vendieron el agua en Veracruz?"}]},{"@type":"WebSite","@id":"https:\/\/politicosaldesnudo.com.mx\/#website","url":"https:\/\/politicosaldesnudo.com.mx\/","name":"Pol\u00edticos al Desnudo","description":"","publisher":{"@id":"https:\/\/politicosaldesnudo.com.mx\/#organization"},"potentialAction":[{"@type":"SearchAction","target":{"@type":"EntryPoint","urlTemplate":"https:\/\/politicosaldesnudo.com.mx\/?s={search_term_string}"},"query-input":{"@type":"PropertyValueSpecification","valueRequired":true,"valueName":"search_term_string"}}],"inLanguage":"es"},{"@type":"Organization","@id":"https:\/\/politicosaldesnudo.com.mx\/#organization","name":"Pol\u00edticos al Desnudo","url":"https:\/\/politicosaldesnudo.com.mx\/","logo":{"@type":"ImageObject","inLanguage":"es","@id":"https:\/\/politicosaldesnudo.com.mx\/#\/schema\/logo\/image\/","url":"https:\/\/i0.wp.com\/politicosaldesnudo.com.mx\/wp-content\/uploads\/2026\/08\/cropped-logo.webp?fit=400%2C126&ssl=1","contentUrl":"https:\/\/i0.wp.com\/politicosaldesnudo.com.mx\/wp-content\/uploads\/2026\/08\/cropped-logo.webp?fit=400%2C126&ssl=1","width":400,"height":126,"caption":"Pol\u00edticos al Desnudo"},"image":{"@id":"https:\/\/politicosaldesnudo.com.mx\/#\/schema\/logo\/image\/"},"sameAs":["https:\/\/www.facebook.com\/PoliticosAD"]},{"@type":"Person","@id":"https:\/\/politicosaldesnudo.com.mx\/#\/schema\/person\/ef3a64e561cc3f3f5dc52fab81adde7e","name":"Redacci\u00f3n Pol\u00edticos","url":"https:\/\/politicosaldesnudo.com.mx\/index.php\/author\/redaccion-politicos\/"}]}},"jetpack_publicize_connections":[],"jetpack-related-posts":[{"id":88294,"url":"https:\/\/politicosaldesnudo.com.mx\/index.php\/2026\/09\/04\/hallan-muerto-al-diputado-federal-zenyazen-escobar-en-la-carretera-xalapa-veracruz\/","url_meta":{"origin":22758,"position":0},"title":"Hallan muerto al diputado federal Zenyazen Escobar en la carretera Xalapa-Veracruz","author":"Redacci\u00f3n Pol\u00edticos","date":"4 de septiembre de 2026","format":false,"excerpt":"La Fiscal\u00eda estatal confirm\u00f3 el fallecimiento del legislador morenista; hasta el momento se desconocen las circunstancias en las que perdi\u00f3 la vida. Xalapa, Ver.\u2013 El diputado federal de Morena, Zenyazen Roberto Escobar Garc\u00eda, fue localizado sin vida la ma\u00f1ana de este viernes 4 de septiembre en las inmediaciones de la\u2026","rel":"","context":"En \u00abESTADOS\u00bb","block_context":{"text":"ESTADOS","link":"https:\/\/politicosaldesnudo.com.mx\/index.php\/category\/estados\/"},"img":{"alt_text":"","src":"https:\/\/i0.wp.com\/politicosaldesnudo.com.mx\/wp-content\/uploads\/2026\/09\/9d6aa119-7d82-423c-918c-95271fc20c14.png?fit=1200%2C675&ssl=1&resize=350%2C200","width":350,"height":200,"srcset":"https:\/\/i0.wp.com\/politicosaldesnudo.com.mx\/wp-content\/uploads\/2026\/09\/9d6aa119-7d82-423c-918c-95271fc20c14.png?fit=1200%2C675&ssl=1&resize=350%2C200 1x, https:\/\/i0.wp.com\/politicosaldesnudo.com.mx\/wp-content\/uploads\/2026\/09\/9d6aa119-7d82-423c-918c-95271fc20c14.png?fit=1200%2C675&ssl=1&resize=525%2C300 1.5x, https:\/\/i0.wp.com\/politicosaldesnudo.com.mx\/wp-content\/uploads\/2026\/09\/9d6aa119-7d82-423c-918c-95271fc20c14.png?fit=1200%2C675&ssl=1&resize=700%2C400 2x, https:\/\/i0.wp.com\/politicosaldesnudo.com.mx\/wp-content\/uploads\/2026\/09\/9d6aa119-7d82-423c-918c-95271fc20c14.png?fit=1200%2C675&ssl=1&resize=1050%2C600 3x"},"classes":[]},{"id":88084,"url":"https:\/\/politicosaldesnudo.com.mx\/index.php\/2026\/08\/26\/veracruz-dara-apoyo-de-transporte-a-20-mil-universitarios-entregaran-hasta-800-pesos\/","url_meta":{"origin":22758,"position":1},"title":"Veracruz dar\u00e1 apoyo de transporte a 20 mil universitarios; entregar\u00e1n hasta 800 pesos","author":"Redacci\u00f3n Pol\u00edticos","date":"26 de agosto de 2026","format":false,"excerpt":"Cerca de 20 mil j\u00f3venes inscritos en instituciones p\u00fablicas de educaci\u00f3n superior podr\u00e1n recibir una ayuda econ\u00f3mica para cubrir parte de sus gastos de traslado en el municipio de Veracruz. La alcaldesa Rosa Mar\u00eda Hern\u00e1ndez Espejo present\u00f3 la Beca Municipal Universitaria \u201cJoven H\u00e9roe Veracruzano Iv\u00e1n G\u00f3mez G\u00f3mez\u201d, un programa dirigido\u2026","rel":"","context":"En \u00abESTADOS\u00bb","block_context":{"text":"ESTADOS","link":"https:\/\/politicosaldesnudo.com.mx\/index.php\/category\/estados\/"},"img":{"alt_text":"","src":"https:\/\/i0.wp.com\/politicosaldesnudo.com.mx\/wp-content\/uploads\/2026\/08\/787342245_1643175124474327_9044534255507489650_n.jpg?fit=1200%2C800&ssl=1&resize=350%2C200","width":350,"height":200,"srcset":"https:\/\/i0.wp.com\/politicosaldesnudo.com.mx\/wp-content\/uploads\/2026\/08\/787342245_1643175124474327_9044534255507489650_n.jpg?fit=1200%2C800&ssl=1&resize=350%2C200 1x, https:\/\/i0.wp.com\/politicosaldesnudo.com.mx\/wp-content\/uploads\/2026\/08\/787342245_1643175124474327_9044534255507489650_n.jpg?fit=1200%2C800&ssl=1&resize=525%2C300 1.5x, https:\/\/i0.wp.com\/politicosaldesnudo.com.mx\/wp-content\/uploads\/2026\/08\/787342245_1643175124474327_9044534255507489650_n.jpg?fit=1200%2C800&ssl=1&resize=700%2C400 2x, https:\/\/i0.wp.com\/politicosaldesnudo.com.mx\/wp-content\/uploads\/2026\/08\/787342245_1643175124474327_9044534255507489650_n.jpg?fit=1200%2C800&ssl=1&resize=1050%2C600 3x"},"classes":[]},{"id":87653,"url":"https:\/\/politicosaldesnudo.com.mx\/index.php\/2026\/08\/11\/veracruz-tendra-lluvias-estas-regiones-podrian-registrar-los-mayores-acumulados\/","url_meta":{"origin":22758,"position":2},"title":"Veracruz tendr\u00e1 lluvias; estas regiones podr\u00edan registrar los mayores acumulados","author":"Redacci\u00f3n Pol\u00edticos","date":"11 de agosto de 2026","format":false,"excerpt":"El potencial de precipitaciones aumentar\u00e1 entre mi\u00e9rcoles y jueves por el paso de una onda tropical. En el sur del estado se esperan los mayores acumulados. Veracruz, Ver. \u2014 El estado de Veracruz mantendr\u00e1 condiciones favorables para la presencia de lluvias durante los pr\u00f3ximos d\u00edas, principalmente durante las noches y\u2026","rel":"","context":"En \u00abESTADOS\u00bb","block_context":{"text":"ESTADOS","link":"https:\/\/politicosaldesnudo.com.mx\/index.php\/category\/estados\/"},"img":{"alt_text":"","src":"https:\/\/i0.wp.com\/politicosaldesnudo.com.mx\/wp-content\/uploads\/2026\/08\/LLUVIAS.jpg?fit=1200%2C740&ssl=1&resize=350%2C200","width":350,"height":200,"srcset":"https:\/\/i0.wp.com\/politicosaldesnudo.com.mx\/wp-content\/uploads\/2026\/08\/LLUVIAS.jpg?fit=1200%2C740&ssl=1&resize=350%2C200 1x, https:\/\/i0.wp.com\/politicosaldesnudo.com.mx\/wp-content\/uploads\/2026\/08\/LLUVIAS.jpg?fit=1200%2C740&ssl=1&resize=525%2C300 1.5x, https:\/\/i0.wp.com\/politicosaldesnudo.com.mx\/wp-content\/uploads\/2026\/08\/LLUVIAS.jpg?fit=1200%2C740&ssl=1&resize=700%2C400 2x, https:\/\/i0.wp.com\/politicosaldesnudo.com.mx\/wp-content\/uploads\/2026\/08\/LLUVIAS.jpg?fit=1200%2C740&ssl=1&resize=1050%2C600 3x"},"classes":[]},{"id":88291,"url":"https:\/\/politicosaldesnudo.com.mx\/index.php\/2026\/09\/02\/nahle-ordena-reducir-sueldazo-de-sobrina-de-amlo-en-veracruz\/","url_meta":{"origin":22758,"position":3},"title":"Nahle ordena reducir \u201csueldazo\u201d de sobrina de AMLO en Veracruz","author":"Redacci\u00f3n Pol\u00edticos","date":"2 de septiembre de 2026","format":false,"excerpt":"La gobernadora neg\u00f3 que exista nepotismo en su administraci\u00f3n, pero reconoci\u00f3 que la percepci\u00f3n econ\u00f3mica de Erandi L\u00f3pez Herrer\u00eda resultaba excesiva. Xalapa, Ver.\u2014 La pol\u00e9mica por la presencia de familiares del expresidente Andr\u00e9s Manuel L\u00f3pez Obrador en el Gobierno de Veracruz escal\u00f3 luego de que Roc\u00edo Nahle ordenara revisar y\u2026","rel":"","context":"En \u00abESTADOS\u00bb","block_context":{"text":"ESTADOS","link":"https:\/\/politicosaldesnudo.com.mx\/index.php\/category\/estados\/"},"img":{"alt_text":"","src":"https:\/\/i0.wp.com\/politicosaldesnudo.com.mx\/wp-content\/uploads\/2026\/09\/Afiliaciones-de-Morena-1140x544-1.jpg?fit=1140%2C544&ssl=1&resize=350%2C200","width":350,"height":200,"srcset":"https:\/\/i0.wp.com\/politicosaldesnudo.com.mx\/wp-content\/uploads\/2026\/09\/Afiliaciones-de-Morena-1140x544-1.jpg?fit=1140%2C544&ssl=1&resize=350%2C200 1x, https:\/\/i0.wp.com\/politicosaldesnudo.com.mx\/wp-content\/uploads\/2026\/09\/Afiliaciones-de-Morena-1140x544-1.jpg?fit=1140%2C544&ssl=1&resize=525%2C300 1.5x, https:\/\/i0.wp.com\/politicosaldesnudo.com.mx\/wp-content\/uploads\/2026\/09\/Afiliaciones-de-Morena-1140x544-1.jpg?fit=1140%2C544&ssl=1&resize=700%2C400 2x, https:\/\/i0.wp.com\/politicosaldesnudo.com.mx\/wp-content\/uploads\/2026\/09\/Afiliaciones-de-Morena-1140x544-1.jpg?fit=1140%2C544&ssl=1&resize=1050%2C600 3x"},"classes":[]},{"id":87964,"url":"https:\/\/politicosaldesnudo.com.mx\/index.php\/2026\/08\/22\/veracruz-segundo-lugar-nacional-en-hallazgo-de-fosas-clandestinas-durante-18-anos\/","url_meta":{"origin":22758,"position":4},"title":"Veracruz, segundo lugar nacional en hallazgo de fosas clandestinas durante 18 a\u00f1os","author":"Redacci\u00f3n Pol\u00edticos","date":"22 de agosto de 2026","format":false,"excerpt":"La crisis de desapariciones mantiene a Veracruz entre las entidades m\u00e1s afectadas del pa\u00eds. Una investigaci\u00f3n de la Universidad Iberoamericana document\u00f3 400 fosas clandestinas en territorio veracruzano entre 2006 y 2024, cifra solamente superada por las 416 registradas en Guerrero. El estudio, denominado Trazar la ausencia, caminar la esperanza, fue\u2026","rel":"","context":"En \u00abESTADOS\u00bb","block_context":{"text":"ESTADOS","link":"https:\/\/politicosaldesnudo.com.mx\/index.php\/category\/estados\/"},"img":{"alt_text":"","src":"https:\/\/i0.wp.com\/politicosaldesnudo.com.mx\/wp-content\/uploads\/2026\/08\/1032178c-d889-4e44-a3ee-6e46cf6aeb79.png?fit=1200%2C675&ssl=1&resize=350%2C200","width":350,"height":200,"srcset":"https:\/\/i0.wp.com\/politicosaldesnudo.com.mx\/wp-content\/uploads\/2026\/08\/1032178c-d889-4e44-a3ee-6e46cf6aeb79.png?fit=1200%2C675&ssl=1&resize=350%2C200 1x, https:\/\/i0.wp.com\/politicosaldesnudo.com.mx\/wp-content\/uploads\/2026\/08\/1032178c-d889-4e44-a3ee-6e46cf6aeb79.png?fit=1200%2C675&ssl=1&resize=525%2C300 1.5x, https:\/\/i0.wp.com\/politicosaldesnudo.com.mx\/wp-content\/uploads\/2026\/08\/1032178c-d889-4e44-a3ee-6e46cf6aeb79.png?fit=1200%2C675&ssl=1&resize=700%2C400 2x, https:\/\/i0.wp.com\/politicosaldesnudo.com.mx\/wp-content\/uploads\/2026\/08\/1032178c-d889-4e44-a3ee-6e46cf6aeb79.png?fit=1200%2C675&ssl=1&resize=1050%2C600 3x"},"classes":[]},{"id":88238,"url":"https:\/\/politicosaldesnudo.com.mx\/index.php\/2026\/08\/31\/veracruz-xalapa-y-cordoba-entran-al-mapa-nacional-de-desapariciones-concentran-mas-de-mil-800-casos\/","url_meta":{"origin":22758,"position":5},"title":"Veracruz, Xalapa y C\u00f3rdoba entran al mapa nacional de desapariciones; concentran m\u00e1s de mil 800 casos","author":"Redacci\u00f3n Pol\u00edticos","date":"31 de agosto de 2026","format":false,"excerpt":"Tres municipios veracruzanos figuran entre los 100 del pa\u00eds con mayor n\u00famero acumulado de personas desaparecidas. Veracruz puerto, Xalapa y C\u00f3rdoba re\u00fanen en conjunto mil 875 registros, seg\u00fan el Informe Municipal 2026 elaborado por Red Lupa con datos del Registro Nacional de Personas Desaparecidas y No Localizadas. Los casos documentados\u2026","rel":"","context":"En \u00abESTADOS\u00bb","block_context":{"text":"ESTADOS","link":"https:\/\/politicosaldesnudo.com.mx\/index.php\/category\/estados\/"},"img":{"alt_text":"","src":"https:\/\/i0.wp.com\/politicosaldesnudo.com.mx\/wp-content\/uploads\/2026\/08\/mapa-desapariciones-veracruz-1280x720-1.jpg?fit=1200%2C675&ssl=1&resize=350%2C200","width":350,"height":200,"srcset":"https:\/\/i0.wp.com\/politicosaldesnudo.com.mx\/wp-content\/uploads\/2026\/08\/mapa-desapariciones-veracruz-1280x720-1.jpg?fit=1200%2C675&ssl=1&resize=350%2C200 1x, https:\/\/i0.wp.com\/politicosaldesnudo.com.mx\/wp-content\/uploads\/2026\/08\/mapa-desapariciones-veracruz-1280x720-1.jpg?fit=1200%2C675&ssl=1&resize=525%2C300 1.5x, https:\/\/i0.wp.com\/politicosaldesnudo.com.mx\/wp-content\/uploads\/2026\/08\/mapa-desapariciones-veracruz-1280x720-1.jpg?fit=1200%2C675&ssl=1&resize=700%2C400 2x, https:\/\/i0.wp.com\/politicosaldesnudo.com.mx\/wp-content\/uploads\/2026\/08\/mapa-desapariciones-veracruz-1280x720-1.jpg?fit=1200%2C675&ssl=1&resize=1050%2C600 3x"},"classes":[]}],"jetpack_sharing_enabled":true,"jetpack_featured_media_url":"https:\/\/i0.wp.com\/politicosaldesnudo.com.mx\/wp-content\/uploads\/2022\/04\/LUIS-RAMI%CC%81REZ-BAQUEIRO.png?fit=1816%2C1016&ssl=1","_links":{"self":[{"href":"https:\/\/politicosaldesnudo.com.mx\/index.php\/wp-json\/wp\/v2\/posts\/22758","targetHints":{"allow":["GET"]}}],"collection":[{"href":"https:\/\/politicosaldesnudo.com.mx\/index.php\/wp-json\/wp\/v2\/posts"}],"about":[{"href":"https:\/\/politicosaldesnudo.com.mx\/index.php\/wp-json\/wp\/v2\/types\/post"}],"author":[{"embeddable":true,"href":"https:\/\/politicosaldesnudo.com.mx\/index.php\/wp-json\/wp\/v2\/users\/4"}],"replies":[{"embeddable":true,"href":"https:\/\/politicosaldesnudo.com.mx\/index.php\/wp-json\/wp\/v2\/comments?post=22758"}],"version-history":[{"count":0,"href":"https:\/\/politicosaldesnudo.com.mx\/index.php\/wp-json\/wp\/v2\/posts\/22758\/revisions"}],"wp:featuredmedia":[{"embeddable":true,"href":"https:\/\/politicosaldesnudo.com.mx\/index.php\/wp-json\/wp\/v2\/media\/4390"}],"wp:attachment":[{"href":"https:\/\/politicosaldesnudo.com.mx\/index.php\/wp-json\/wp\/v2\/media?parent=22758"}],"wp:term":[{"taxonomy":"category","embeddable":true,"href":"https:\/\/politicosaldesnudo.com.mx\/index.php\/wp-json\/wp\/v2\/categories?post=22758"},{"taxonomy":"post_tag","embeddable":true,"href":"https:\/\/politicosaldesnudo.com.mx\/index.php\/wp-json\/wp\/v2\/tags?post=22758"}],"curies":[{"name":"wp","href":"https:\/\/api.w.org\/{rel}","templated":true}]}}