{"id":22770,"date":"2023-08-03T08:47:14","date_gmt":"2023-08-03T13:47:14","guid":{"rendered":"https:\/\/politicosaldesnudo.com.mx\/?p=22770"},"modified":"2023-08-03T08:47:47","modified_gmt":"2023-08-03T13:47:47","slug":"dia-de-la-mujer-sudafricana-9-de-agosto","status":"publish","type":"post","link":"https:\/\/politicosaldesnudo.com.mx\/index.php\/2023\/08\/03\/dia-de-la-mujer-sudafricana-9-de-agosto\/","title":{"rendered":"D\u00eda de la mujer sudafricana: 9 de agosto"},"content":{"rendered":"<p>&nbsp;<\/p>\n<p class=\"p1\"><span style=\"font-size: 18pt;\"><strong>Por Dra. Zaida Alicia Llad\u00f3 Castillo<\/strong><\/span><\/p>\n<p>&nbsp;<\/p>\n<p>&nbsp;<\/p>\n<p class=\"p1\" style=\"text-align: center;\"><em><strong><span style=\"font-size: 18pt;\">\u201cSi golpeas a una mujer, golpeas una roca\u201d<\/span><\/strong><\/em><\/p>\n<p class=\"p1\" style=\"text-align: center;\"><span style=\"font-size: 18pt;\">\u2014 Voces de las mujeres sudafricanas en la Marcha de1956 \u2014<\/span><\/p>\n<p>&nbsp;<\/p>\n<p class=\"p1\"><span style=\"font-size: 14pt;\">El 9 de agosto se celebra el \u201c<b><i>D\u00eda de la Mujer Sudafricana\u201d<\/i> o \u201c<i>D\u00eda Internacional de la Solidaridad con la lucha de la Mujer en Sud\u00e1frica y Namibia\u201d<\/i><\/b><span class=\"s1\">,<\/span> fecha que permite recordar los hechos y luchas de las mujeres de ese pa\u00eds, en el objetivo de ser reconocidas en sus derechos sociales y pol\u00edticos, despu\u00e9s de una etapa de 44 a\u00f1os de segregaci\u00f3n, discriminaci\u00f3n y sometimiento, derivado de las Leyes impuestas por sus gobiernos y de un sistema pol\u00edtico denominado \u201c<i>Apartheid\u201d <\/i>(\u201cseparaci\u00f3n\u201d en <i>afrik\u00e1ans<\/i>).<span class=\"Apple-converted-space\">\u00a0<\/span><\/span><\/p>\n<p class=\"p1\"><span style=\"font-size: 14pt;\">El <i>Apartheid,<\/i> fue un sistema de segregaci\u00f3n racial establecido en Sud\u00e1frica y Namibia, entre 1948 y 1992, fomentado por el Partido Nacional (PN) triunfador de las elecciones de 1948, llevando a Daniel Francois Malan a ocupar el cargo de Primer Ministro. Este gobierno -ya en el poder-, instaur\u00f3 una pol\u00edtica de Estado basado en una ideolog\u00eda de control generalizado, en la que las personas de diferentes razas o de origen diferente-siendo todos sudafricanos-, no pod\u00edan convivir en igualdad ni en armon\u00eda. El <i>Apartheid<\/i>, no solo alentaba la segregaci\u00f3n entre negros y blancos, sino tambi\u00e9n entre las diferentes etnias o grupos de no blancos.<span class=\"Apple-converted-space\">\u00a0<\/span><\/span><\/p>\n<p class=\"p1\"><span style=\"font-size: 14pt;\">En \u00c1frica exist\u00edan, adem\u00e1s de los nativos africanos de color, los grupos de origen mixto y asi\u00e1tico, estos \u00faltimos principalmente de ascendencia Inda y Malaya. Ello llev\u00f3 al gobierno a realizar un registro de poblaci\u00f3n por raza de cada individuo y a partir de ese control, se prohib\u00eda la convivencia de los blancos con los grupos de negros y mixtos; as\u00ed mismo, se les imped\u00eda a estos \u00faltimos, votar e inmiscuirse en los asuntos p\u00fablicos,<span class=\"Apple-converted-space\">\u00a0 <\/span>no pod\u00edan compartir habitaciones y espacios entre ellos, no deb\u00edan circular juntos en ciertas partes del territorio, y desde luego se vetaba el derecho al matrimonio o uni\u00f3n entre blancos y negros y entre las propias etnias, adem\u00e1s, de no tener permitido el derecho a la propiedad, entre otras prohibiciones, vulner\u00e1ndose as\u00ed sus derechos humanos y su dignidad.<span class=\"Apple-converted-space\">\u00a0<\/span><\/span><\/p>\n<p class=\"p1\"><span style=\"font-size: 14pt;\">La historia da cuenta en esa etapa, del sufrimiento de la poblaci\u00f3n segregada en ese pa\u00eds, sometida a verdaderas injusticias a partir de la expedici\u00f3n de una serie de leyes en la que los privilegios pol\u00edticos, econ\u00f3micos y sociales eran otorgados solo a la poblaci\u00f3n blanca, negada en derechos y limitada en libertades al resto de la poblaci\u00f3n; leyes que movieron a los grupos sudafricanos discriminados, a revelarse y a dar incluso su vida por recuperar sus garant\u00edas ciudadanas. De ah\u00ed el fortalecimiento de las luchas intestinas de ese pa\u00eds, que cobr\u00f3 muchas vidas, y que no concluir\u00edan hasta lograr la abolici\u00f3n del<i> Apartheid.<\/i><span class=\"Apple-converted-space\">\u00a0<\/span><\/span><\/p>\n<p class=\"p1\"><span style=\"font-size: 14pt;\">Para el logro de ese prop\u00f3sito, sin duda, fue muy importante el surgimiento del liderazgo de Nelson Mandela, l\u00edder del Congreso Nacional Africano (CNA), mismo que cre\u00f3 el <i>Movimiento de Resistencia no violento de Defensa contra las Leyes Injustas, <\/i>que unific\u00f3<i> <\/i>en este Frente a miles de sudafricanos y sudafricanas de color y poblaciones mixtas, que compart\u00edan los mismos ideales y objetivos y que se confrontar\u00edan con los reg\u00edmenes en turno, en las siguientes d\u00e9cadas.<span class=\"Apple-converted-space\">\u00a0<\/span><\/span><\/p>\n<p class=\"p1\"><span style=\"font-size: 14pt;\">A Mandela, ello le cost\u00f3 su encarcelamiento en 1963 y, mientras \u00e9l estuvo en reclusi\u00f3n, su esposa Winnie Mandela lider\u00f3 la protesta internacional para su liberaci\u00f3n. Y despu\u00e9s de 27 a\u00f1os, el objetivo se logra -hasta 1994- una vez que el r\u00e9gimen sudafricano hace efectivas, una serie de reformas a sus leyes, -proyectadas desde 1984-, pero que entran en vigor hasta 1990 en que Frederick De Klerk, Primer Ministro, al ver el fortalecimiento de los movimientos de resistencia y su costo en vidas, busca iniciar el proceso de transici\u00f3n.<span class=\"Apple-converted-space\">\u00a0 <\/span>Y uno de los primeros ordenamientos fue otorgar la libertad a los presos pol\u00edticos, el reconocimiento al voto y de las diferentes fuerzas pol\u00edticas para ser consideradas en los \u00f3rganos legislativos, y principalmente, la derogaci\u00f3n de las leyes racistas.<span class=\"Apple-converted-space\">\u00a0 <\/span>El <i>Apartheid, <\/i>al fin expiraba.<span class=\"Apple-converted-space\">\u00a0<\/span><\/span><\/p>\n<p class=\"p1\"><span style=\"font-size: 14pt;\">Mandela sale de prisi\u00f3n y aboga por la reconciliaci\u00f3n en lugar de la venganza, convirti\u00e9ndose en el l\u00edder que uni\u00f3 a Sud\u00e1frica, y junto a \u00e9l, los hombres y mujeres que los acompa\u00f1aron siempre en este prop\u00f3sito, no importando si para ello, se perd\u00eda la libertad o si se hac\u00edan efectivas las amenazas contra su vida.<span class=\"Apple-converted-space\">\u00a0<\/span><\/span><\/p>\n<p class=\"p1\"><span style=\"font-size: 14pt;\">En las elecciones de 1994 por primera vez la poblaci\u00f3n de color y poblaciones mixtas, salen a votar. Y es una mujer llamada Notasa Paintin, sobrina de Mandela, quien emite el primer voto y con ello se rompe una historia de atavismo y sometimiento exacerbado, principalmente contra los de raza negra, pero se inicia otra que hab\u00eda de pasar todav\u00eda por muchos matices de revueltas pol\u00edticas, pero que, sin duda, el haber sido reconocida ya la poblaci\u00f3n segregada,<span class=\"Apple-converted-space\">\u00a0 <\/span>era un gran paso en el camino hacia la igualdad y el respeto a sus derechos ciudadanos.<span class=\"Apple-converted-space\">\u00a0<\/span><\/span><\/p>\n<p class=\"p1\"><span style=\"font-size: 14pt;\">Igualmente, la primera mujer africana -de color- que logra ocupar un esca\u00f1o, fue Nontsikelelo Albertina Sisulu, activista y lideresa sudafricana que hizo lo propio luchando contra el <i>Apartheid<\/i> desde la d\u00e9cada de los 50, y, registra la historia que 1956, en una de tantas marchas en las que participaron las sudafricanas, estaba al frente Albertina y su grupo, expresando su rechazo al sistema y coreando repetidas veces la frase: \u201c<b>Si golpeas una mujer, golpeas una roca\u201d.<\/b> Misma frase que se qued\u00f3 como emblema del movimiento.<span class=\"Apple-converted-space\">\u00a0<\/span><\/span><\/p>\n<p class=\"p1\"><span style=\"font-size: 14pt;\">Dado que Albertina, gan\u00f3 en las primeras elecciones democr\u00e1ticas multirraciales que se realizaron en ese pa\u00eds, le toca acompa\u00f1ar pol\u00edticamente a Nelson Mandela, quien igualmente en ese proceso de 1994, se convierte en Presidente de Sud\u00e1frica.<span class=\"Apple-converted-space\">\u00a0<\/span><\/span><\/p>\n<p class=\"p1\"><span style=\"font-size: 14pt;\">Pero regresando a nuestros d\u00edas, \u00bfqu\u00e9 est\u00e1 sucediendo en la actualidad con las mujeres Sudafricanas?<span class=\"Apple-converted-space\">\u00a0<\/span><\/span><\/p>\n<p class=\"p1\"><span style=\"font-size: 14pt;\">Hoy es lamentable que la segregaci\u00f3n racial en Sud\u00e1frica y en muchas partes del mundo, sea un lastre doloroso que a\u00fan prevalece. Que el fen\u00f3meno de la pobreza pegue m\u00e1s fuertemente a las mujeres, y estas sean m\u00e1s vulnerables en los temas de salud, trabajo, educaci\u00f3n e inseguridad. Y lo m\u00e1s condenable, que existan pa\u00edses en d\u00f3nde sus propios gobiernos estimulan el racismo, la discriminaci\u00f3n e incluso la opresi\u00f3n y el crimen. Estigmas que aun padecen las poblaciones de mujeres no blancas, agreg\u00e1ndose a estas las latinas, asi\u00e1ticas, etc., y dentro de esos mismos grupos las ind\u00edgenas, las migrantes, las discapacitadas, etc., mismas que sufren la discriminaci\u00f3n laboral, social, cultural y legal.<span class=\"Apple-converted-space\">\u00a0<\/span><\/span><\/p>\n<p class=\"p1\"><span style=\"font-size: 14pt;\">Lo anterior, debe obligar a los organismos internacionales, entre ellos Amnist\u00eda Internacional, a ratificar los protocolos de los derechos de las mujeres, -en este caso nos hemos referido a las Africanas-, pero, debe ampliarse para todas las ciudadanas del mundo que est\u00e9n esa condici\u00f3n. De esta manera se puede lograr <i>la garant\u00eda del respeto a sus derechos civiles y pol\u00edticos, as\u00ed como econ\u00f3micos, sociales y culturales, reafirmando as\u00ed la universalidad, indivisibilidad e interdependencia de sus derechos humanos internacionalmente<\/i> .<span class=\"Apple-converted-space\">\u00a0<\/span><\/span><\/p>\n<p class=\"p1\"><span style=\"font-size: 14pt;\">Hoy es necesario llamar la atenci\u00f3n de los gobiernos del mundo, para que su esfuerzo se dirija a recuperar el orden social y pol\u00edtico de los pueblos y naciones pensando prioritariamente en los intereses de la humanidad, independientemente de su raza, g\u00e9nero, edad, condici\u00f3n social o econ\u00f3mica, como igualmente pensar en nuestro h\u00e1bitat que tambi\u00e9n exige respeto.<span class=\"Apple-converted-space\">\u00a0<\/span><\/span><\/p>\n<p class=\"p1\"><span style=\"font-size: 14pt;\">En suma, hoy m\u00e1s que nunca la historia si tiene que reescribir evitando repetir los errores del pasado.<span class=\"Apple-converted-space\">\u00a0<\/span><\/span><\/p>\n<p class=\"p1\"><span style=\"font-size: 14pt;\">Por eso, en este pr\u00f3ximo 9 de agosto en que se celebra el <b><i>D\u00eda de la Mujer Sudafricana<\/i><\/b>, reflexionemos en los hechos que marcaron etapas dolorosas no solo en ese pa\u00eds, sino en el mundo, solidariz\u00e1ndonos con los hombres y mujeres de todos aquellos pa\u00edses que en el presente enfrentan guerras o conflictos internos, para que pronto, privilegiando los buenos acuerdos pol\u00edticos y la legalidad, se recupere la convivencia respetuosa, la vida en armon\u00eda y las oportunidades de prosperidad para todos y todas por igual.<span class=\"Apple-converted-space\">\u00a0 \u00a0<\/span><\/span><\/p>\n<p>&nbsp;<\/p>\n<p class=\"p2\"><span style=\"font-size: 18pt;\"><strong>Gracias y hasta la pr\u00f3xima<\/strong><\/span><\/p>\n<p>&nbsp;<\/p>\n<hr \/>\n<p>&nbsp;<\/p>\n<p><img data-recalc-dims=\"1\" loading=\"lazy\" decoding=\"async\" class=\"aligncenter wp-image-14351\" src=\"https:\/\/i0.wp.com\/politicosaldesnudo.com.mx\/wp-content\/uploads\/2023\/01\/FIRMA-EDITORIAL-PD-300x37.png?resize=1000%2C122&#038;ssl=1\" alt=\"\" width=\"1000\" height=\"122\" srcset=\"https:\/\/i0.wp.com\/politicosaldesnudo.com.mx\/wp-content\/uploads\/2023\/01\/FIRMA-EDITORIAL-PD.png?resize=300%2C37&amp;ssl=1 300w, https:\/\/i0.wp.com\/politicosaldesnudo.com.mx\/wp-content\/uploads\/2023\/01\/FIRMA-EDITORIAL-PD.png?resize=1024%2C125&amp;ssl=1 1024w, https:\/\/i0.wp.com\/politicosaldesnudo.com.mx\/wp-content\/uploads\/2023\/01\/FIRMA-EDITORIAL-PD.png?resize=768%2C94&amp;ssl=1 768w, https:\/\/i0.wp.com\/politicosaldesnudo.com.mx\/wp-content\/uploads\/2023\/01\/FIRMA-EDITORIAL-PD.png?resize=1536%2C188&amp;ssl=1 1536w, https:\/\/i0.wp.com\/politicosaldesnudo.com.mx\/wp-content\/uploads\/2023\/01\/FIRMA-EDITORIAL-PD.png?resize=2048%2C250&amp;ssl=1 2048w\" sizes=\"auto, (max-width: 1000px) 100vw, 1000px\" \/><\/p>\n<p>&nbsp;<\/p>\n<p>&nbsp;<\/p>\n<p>&nbsp;<\/p>\n<p>&nbsp;<\/p>\n","protected":false},"excerpt":{"rendered":"<p>&nbsp; Por Dra. Zaida Alicia Llad\u00f3 Castillo &nbsp; &nbsp; \u201cSi golpeas a una mujer, golpeas una roca\u201d \u2014 Voces de [&hellip;]<\/p>\n","protected":false},"author":4,"featured_media":4381,"comment_status":"closed","ping_status":"closed","sticky":false,"template":"","format":"standard","meta":{"site-sidebar-layout":"default","site-content-layout":"","ast-site-content-layout":"default","site-content-style":"default","site-sidebar-style":"default","ast-global-header-display":"","ast-banner-title-visibility":"","ast-main-header-display":"","ast-hfb-above-header-display":"","ast-hfb-below-header-display":"","ast-hfb-mobile-header-display":"","site-post-title":"","ast-breadcrumbs-content":"","ast-featured-img":"","footer-sml-layout":"","ast-disable-related-posts":"","theme-transparent-header-meta":"","adv-header-id-meta":"","stick-header-meta":"","header-above-stick-meta":"","header-main-stick-meta":"","header-below-stick-meta":"","astra-migrate-meta-layouts":"default","ast-page-background-enabled":"default","ast-page-background-meta":{"desktop":{"background-color":"var(--ast-global-color-5)","background-image":"","background-repeat":"repeat","background-position":"center center","background-size":"auto","background-attachment":"scroll","background-type":"","background-media":"","overlay-type":"","overlay-color":"","overlay-opacity":"","overlay-gradient":""},"tablet":{"background-color":"","background-image":"","background-repeat":"repeat","background-position":"center center","background-size":"auto","background-attachment":"scroll","background-type":"","background-media":"","overlay-type":"","overlay-color":"","overlay-opacity":"","overlay-gradient":""},"mobile":{"background-color":"","background-image":"","background-repeat":"repeat","background-position":"center center","background-size":"auto","background-attachment":"scroll","background-type":"","background-media":"","overlay-type":"","overlay-color":"","overlay-opacity":"","overlay-gradient":""}},"ast-content-background-meta":{"desktop":{"background-color":"var(--ast-global-color-4)","background-image":"","background-repeat":"repeat","background-position":"center center","background-size":"auto","background-attachment":"scroll","background-type":"","background-media":"","overlay-type":"","overlay-color":"","overlay-opacity":"","overlay-gradient":""},"tablet":{"background-color":"var(--ast-global-color-4)","background-image":"","background-repeat":"repeat","background-position":"center center","background-size":"auto","background-attachment":"scroll","background-type":"","background-media":"","overlay-type":"","overlay-color":"","overlay-opacity":"","overlay-gradient":""},"mobile":{"background-color":"var(--ast-global-color-4)","background-image":"","background-repeat":"repeat","background-position":"center center","background-size":"auto","background-attachment":"scroll","background-type":"","background-media":"","overlay-type":"","overlay-color":"","overlay-opacity":"","overlay-gradient":""}},"_jetpack_newsletter_access":"","_jetpack_dont_email_post_to_subs":false,"_jetpack_newsletter_tier_id":0,"_jetpack_memberships_contains_paywalled_content":false,"_jetpack_feature_clip_id":0,"_jetpack_memberships_contains_paid_content":false,"footnotes":"","jetpack_publicize_message":"","jetpack_publicize_feature_enabled":true,"jetpack_social_post_already_shared":false,"jetpack_social_options":{"image_generator_settings":{"template":"highway","default_image_id":0,"font":"","enabled":false},"version":2},"jetpack_post_was_ever_published":false},"categories":[26],"tags":[3046],"class_list":["post-22770","post","type-post","status-publish","format-standard","has-post-thumbnail","hentry","category-columnistas","tag-mujer-sudafricana"],"yoast_head":"<!-- This site is optimized with the Yoast SEO plugin v28.3 - https:\/\/yoast.com\/product\/yoast-seo-wordpress\/ -->\n<title>D\u00eda de la mujer sudafricana: 9 de agosto - Pol\u00edticos al Desnudo<\/title>\n<meta name=\"robots\" content=\"index, follow, max-snippet:-1, max-image-preview:large, max-video-preview:-1\" \/>\n<link rel=\"canonical\" href=\"https:\/\/politicosaldesnudo.com.mx\/index.php\/2023\/08\/03\/dia-de-la-mujer-sudafricana-9-de-agosto\/\" \/>\n<meta property=\"og:locale\" content=\"es_ES\" \/>\n<meta property=\"og:type\" content=\"article\" \/>\n<meta property=\"og:title\" content=\"D\u00eda de la mujer sudafricana: 9 de agosto - Pol\u00edticos al Desnudo\" \/>\n<meta property=\"og:description\" content=\"&nbsp; Por Dra. Zaida Alicia Llad\u00f3 Castillo &nbsp; &nbsp; \u201cSi golpeas a una mujer, golpeas una roca\u201d \u2014 Voces de [&hellip;]\" \/>\n<meta property=\"og:url\" content=\"https:\/\/politicosaldesnudo.com.mx\/index.php\/2023\/08\/03\/dia-de-la-mujer-sudafricana-9-de-agosto\/\" \/>\n<meta property=\"og:site_name\" content=\"Pol\u00edticos al Desnudo\" \/>\n<meta property=\"article:publisher\" content=\"https:\/\/www.facebook.com\/PoliticosAD\" \/>\n<meta property=\"article:published_time\" content=\"2023-08-03T13:47:14+00:00\" \/>\n<meta property=\"article:modified_time\" content=\"2023-08-03T13:47:47+00:00\" \/>\n<meta property=\"og:image\" content=\"https:\/\/i0.wp.com\/politicosaldesnudo.com.mx\/wp-content\/uploads\/2022\/04\/DRA.-ZAIDA-LLADO%CC%81.png?fit=1816%2C1016&ssl=1\" \/>\n\t<meta property=\"og:image:width\" content=\"1816\" \/>\n\t<meta property=\"og:image:height\" content=\"1016\" \/>\n\t<meta property=\"og:image:type\" content=\"image\/png\" \/>\n<meta name=\"author\" content=\"Redacci\u00f3n Pol\u00edticos\" \/>\n<meta name=\"twitter:card\" content=\"summary_large_image\" \/>\n<meta name=\"twitter:label1\" content=\"Escrito por\" \/>\n\t<meta name=\"twitter:data1\" content=\"Redacci\u00f3n Pol\u00edticos\" \/>\n\t<meta name=\"twitter:label2\" content=\"Tiempo de lectura\" \/>\n\t<meta name=\"twitter:data2\" content=\"7 minutos\" \/>\n<script type=\"application\/ld+json\" class=\"yoast-schema-graph\">{\"@context\":\"https:\\\/\\\/schema.org\",\"@graph\":[{\"@type\":\"Article\",\"@id\":\"https:\\\/\\\/politicosaldesnudo.com.mx\\\/index.php\\\/2023\\\/08\\\/03\\\/dia-de-la-mujer-sudafricana-9-de-agosto\\\/#article\",\"isPartOf\":{\"@id\":\"https:\\\/\\\/politicosaldesnudo.com.mx\\\/index.php\\\/2023\\\/08\\\/03\\\/dia-de-la-mujer-sudafricana-9-de-agosto\\\/\"},\"author\":{\"name\":\"Redacci\u00f3n Pol\u00edticos\",\"@id\":\"https:\\\/\\\/politicosaldesnudo.com.mx\\\/#\\\/schema\\\/person\\\/ef3a64e561cc3f3f5dc52fab81adde7e\"},\"headline\":\"D\u00eda de la mujer sudafricana: 9 de agosto\",\"datePublished\":\"2023-08-03T13:47:14+00:00\",\"dateModified\":\"2023-08-03T13:47:47+00:00\",\"mainEntityOfPage\":{\"@id\":\"https:\\\/\\\/politicosaldesnudo.com.mx\\\/index.php\\\/2023\\\/08\\\/03\\\/dia-de-la-mujer-sudafricana-9-de-agosto\\\/\"},\"wordCount\":1421,\"publisher\":{\"@id\":\"https:\\\/\\\/politicosaldesnudo.com.mx\\\/#organization\"},\"image\":{\"@id\":\"https:\\\/\\\/politicosaldesnudo.com.mx\\\/index.php\\\/2023\\\/08\\\/03\\\/dia-de-la-mujer-sudafricana-9-de-agosto\\\/#primaryimage\"},\"thumbnailUrl\":\"https:\\\/\\\/i0.wp.com\\\/politicosaldesnudo.com.mx\\\/wp-content\\\/uploads\\\/2022\\\/04\\\/DRA.-ZAIDA-LLADO%CC%81.png?fit=1816%2C1016&ssl=1\",\"keywords\":[\"MUJER SUDAFRICANA\"],\"articleSection\":[\"OPINI\u00d3N\"],\"inLanguage\":\"es\"},{\"@type\":\"WebPage\",\"@id\":\"https:\\\/\\\/politicosaldesnudo.com.mx\\\/index.php\\\/2023\\\/08\\\/03\\\/dia-de-la-mujer-sudafricana-9-de-agosto\\\/\",\"url\":\"https:\\\/\\\/politicosaldesnudo.com.mx\\\/index.php\\\/2023\\\/08\\\/03\\\/dia-de-la-mujer-sudafricana-9-de-agosto\\\/\",\"name\":\"D\u00eda de la mujer sudafricana: 9 de agosto - Pol\u00edticos al Desnudo\",\"isPartOf\":{\"@id\":\"https:\\\/\\\/politicosaldesnudo.com.mx\\\/#website\"},\"primaryImageOfPage\":{\"@id\":\"https:\\\/\\\/politicosaldesnudo.com.mx\\\/index.php\\\/2023\\\/08\\\/03\\\/dia-de-la-mujer-sudafricana-9-de-agosto\\\/#primaryimage\"},\"image\":{\"@id\":\"https:\\\/\\\/politicosaldesnudo.com.mx\\\/index.php\\\/2023\\\/08\\\/03\\\/dia-de-la-mujer-sudafricana-9-de-agosto\\\/#primaryimage\"},\"thumbnailUrl\":\"https:\\\/\\\/i0.wp.com\\\/politicosaldesnudo.com.mx\\\/wp-content\\\/uploads\\\/2022\\\/04\\\/DRA.-ZAIDA-LLADO%CC%81.png?fit=1816%2C1016&ssl=1\",\"datePublished\":\"2023-08-03T13:47:14+00:00\",\"dateModified\":\"2023-08-03T13:47:47+00:00\",\"breadcrumb\":{\"@id\":\"https:\\\/\\\/politicosaldesnudo.com.mx\\\/index.php\\\/2023\\\/08\\\/03\\\/dia-de-la-mujer-sudafricana-9-de-agosto\\\/#breadcrumb\"},\"inLanguage\":\"es\",\"potentialAction\":[{\"@type\":\"ReadAction\",\"target\":[\"https:\\\/\\\/politicosaldesnudo.com.mx\\\/index.php\\\/2023\\\/08\\\/03\\\/dia-de-la-mujer-sudafricana-9-de-agosto\\\/\"]}]},{\"@type\":\"ImageObject\",\"inLanguage\":\"es\",\"@id\":\"https:\\\/\\\/politicosaldesnudo.com.mx\\\/index.php\\\/2023\\\/08\\\/03\\\/dia-de-la-mujer-sudafricana-9-de-agosto\\\/#primaryimage\",\"url\":\"https:\\\/\\\/i0.wp.com\\\/politicosaldesnudo.com.mx\\\/wp-content\\\/uploads\\\/2022\\\/04\\\/DRA.-ZAIDA-LLADO%CC%81.png?fit=1816%2C1016&ssl=1\",\"contentUrl\":\"https:\\\/\\\/i0.wp.com\\\/politicosaldesnudo.com.mx\\\/wp-content\\\/uploads\\\/2022\\\/04\\\/DRA.-ZAIDA-LLADO%CC%81.png?fit=1816%2C1016&ssl=1\",\"width\":1816,\"height\":1016},{\"@type\":\"BreadcrumbList\",\"@id\":\"https:\\\/\\\/politicosaldesnudo.com.mx\\\/index.php\\\/2023\\\/08\\\/03\\\/dia-de-la-mujer-sudafricana-9-de-agosto\\\/#breadcrumb\",\"itemListElement\":[{\"@type\":\"ListItem\",\"position\":1,\"name\":\"Portada\",\"item\":\"https:\\\/\\\/politicosaldesnudo.com.mx\\\/\"},{\"@type\":\"ListItem\",\"position\":2,\"name\":\"D\u00eda de la mujer sudafricana: 9 de agosto\"}]},{\"@type\":\"WebSite\",\"@id\":\"https:\\\/\\\/politicosaldesnudo.com.mx\\\/#website\",\"url\":\"https:\\\/\\\/politicosaldesnudo.com.mx\\\/\",\"name\":\"Pol\u00edticos al Desnudo\",\"description\":\"\",\"publisher\":{\"@id\":\"https:\\\/\\\/politicosaldesnudo.com.mx\\\/#organization\"},\"potentialAction\":[{\"@type\":\"SearchAction\",\"target\":{\"@type\":\"EntryPoint\",\"urlTemplate\":\"https:\\\/\\\/politicosaldesnudo.com.mx\\\/?s={search_term_string}\"},\"query-input\":{\"@type\":\"PropertyValueSpecification\",\"valueRequired\":true,\"valueName\":\"search_term_string\"}}],\"inLanguage\":\"es\"},{\"@type\":\"Organization\",\"@id\":\"https:\\\/\\\/politicosaldesnudo.com.mx\\\/#organization\",\"name\":\"Pol\u00edticos al Desnudo\",\"url\":\"https:\\\/\\\/politicosaldesnudo.com.mx\\\/\",\"logo\":{\"@type\":\"ImageObject\",\"inLanguage\":\"es\",\"@id\":\"https:\\\/\\\/politicosaldesnudo.com.mx\\\/#\\\/schema\\\/logo\\\/image\\\/\",\"url\":\"https:\\\/\\\/i0.wp.com\\\/politicosaldesnudo.com.mx\\\/wp-content\\\/uploads\\\/2026\\\/08\\\/cropped-logo.webp?fit=400%2C126&ssl=1\",\"contentUrl\":\"https:\\\/\\\/i0.wp.com\\\/politicosaldesnudo.com.mx\\\/wp-content\\\/uploads\\\/2026\\\/08\\\/cropped-logo.webp?fit=400%2C126&ssl=1\",\"width\":400,\"height\":126,\"caption\":\"Pol\u00edticos al Desnudo\"},\"image\":{\"@id\":\"https:\\\/\\\/politicosaldesnudo.com.mx\\\/#\\\/schema\\\/logo\\\/image\\\/\"},\"sameAs\":[\"https:\\\/\\\/www.facebook.com\\\/PoliticosAD\"]},{\"@type\":\"Person\",\"@id\":\"https:\\\/\\\/politicosaldesnudo.com.mx\\\/#\\\/schema\\\/person\\\/ef3a64e561cc3f3f5dc52fab81adde7e\",\"name\":\"Redacci\u00f3n Pol\u00edticos\",\"url\":\"https:\\\/\\\/politicosaldesnudo.com.mx\\\/index.php\\\/author\\\/redaccion-politicos\\\/\"}]}<\/script>\n<!-- \/ Yoast SEO plugin. -->","yoast_head_json":{"title":"D\u00eda de la mujer sudafricana: 9 de agosto - Pol\u00edticos al Desnudo","robots":{"index":"index","follow":"follow","max-snippet":"max-snippet:-1","max-image-preview":"max-image-preview:large","max-video-preview":"max-video-preview:-1"},"canonical":"https:\/\/politicosaldesnudo.com.mx\/index.php\/2023\/08\/03\/dia-de-la-mujer-sudafricana-9-de-agosto\/","og_locale":"es_ES","og_type":"article","og_title":"D\u00eda de la mujer sudafricana: 9 de agosto - Pol\u00edticos al Desnudo","og_description":"&nbsp; Por Dra. Zaida Alicia Llad\u00f3 Castillo &nbsp; &nbsp; \u201cSi golpeas a una mujer, golpeas una roca\u201d \u2014 Voces de [&hellip;]","og_url":"https:\/\/politicosaldesnudo.com.mx\/index.php\/2023\/08\/03\/dia-de-la-mujer-sudafricana-9-de-agosto\/","og_site_name":"Pol\u00edticos al Desnudo","article_publisher":"https:\/\/www.facebook.com\/PoliticosAD","article_published_time":"2023-08-03T13:47:14+00:00","article_modified_time":"2023-08-03T13:47:47+00:00","og_image":[{"width":1816,"height":1016,"url":"https:\/\/i0.wp.com\/politicosaldesnudo.com.mx\/wp-content\/uploads\/2022\/04\/DRA.-ZAIDA-LLADO%CC%81.png?fit=1816%2C1016&ssl=1","type":"image\/png"}],"author":"Redacci\u00f3n Pol\u00edticos","twitter_card":"summary_large_image","twitter_misc":{"Escrito por":"Redacci\u00f3n Pol\u00edticos","Tiempo de lectura":"7 minutos"},"schema":{"@context":"https:\/\/schema.org","@graph":[{"@type":"Article","@id":"https:\/\/politicosaldesnudo.com.mx\/index.php\/2023\/08\/03\/dia-de-la-mujer-sudafricana-9-de-agosto\/#article","isPartOf":{"@id":"https:\/\/politicosaldesnudo.com.mx\/index.php\/2023\/08\/03\/dia-de-la-mujer-sudafricana-9-de-agosto\/"},"author":{"name":"Redacci\u00f3n Pol\u00edticos","@id":"https:\/\/politicosaldesnudo.com.mx\/#\/schema\/person\/ef3a64e561cc3f3f5dc52fab81adde7e"},"headline":"D\u00eda de la mujer sudafricana: 9 de agosto","datePublished":"2023-08-03T13:47:14+00:00","dateModified":"2023-08-03T13:47:47+00:00","mainEntityOfPage":{"@id":"https:\/\/politicosaldesnudo.com.mx\/index.php\/2023\/08\/03\/dia-de-la-mujer-sudafricana-9-de-agosto\/"},"wordCount":1421,"publisher":{"@id":"https:\/\/politicosaldesnudo.com.mx\/#organization"},"image":{"@id":"https:\/\/politicosaldesnudo.com.mx\/index.php\/2023\/08\/03\/dia-de-la-mujer-sudafricana-9-de-agosto\/#primaryimage"},"thumbnailUrl":"https:\/\/i0.wp.com\/politicosaldesnudo.com.mx\/wp-content\/uploads\/2022\/04\/DRA.-ZAIDA-LLADO%CC%81.png?fit=1816%2C1016&ssl=1","keywords":["MUJER SUDAFRICANA"],"articleSection":["OPINI\u00d3N"],"inLanguage":"es"},{"@type":"WebPage","@id":"https:\/\/politicosaldesnudo.com.mx\/index.php\/2023\/08\/03\/dia-de-la-mujer-sudafricana-9-de-agosto\/","url":"https:\/\/politicosaldesnudo.com.mx\/index.php\/2023\/08\/03\/dia-de-la-mujer-sudafricana-9-de-agosto\/","name":"D\u00eda de la mujer sudafricana: 9 de agosto - Pol\u00edticos al Desnudo","isPartOf":{"@id":"https:\/\/politicosaldesnudo.com.mx\/#website"},"primaryImageOfPage":{"@id":"https:\/\/politicosaldesnudo.com.mx\/index.php\/2023\/08\/03\/dia-de-la-mujer-sudafricana-9-de-agosto\/#primaryimage"},"image":{"@id":"https:\/\/politicosaldesnudo.com.mx\/index.php\/2023\/08\/03\/dia-de-la-mujer-sudafricana-9-de-agosto\/#primaryimage"},"thumbnailUrl":"https:\/\/i0.wp.com\/politicosaldesnudo.com.mx\/wp-content\/uploads\/2022\/04\/DRA.-ZAIDA-LLADO%CC%81.png?fit=1816%2C1016&ssl=1","datePublished":"2023-08-03T13:47:14+00:00","dateModified":"2023-08-03T13:47:47+00:00","breadcrumb":{"@id":"https:\/\/politicosaldesnudo.com.mx\/index.php\/2023\/08\/03\/dia-de-la-mujer-sudafricana-9-de-agosto\/#breadcrumb"},"inLanguage":"es","potentialAction":[{"@type":"ReadAction","target":["https:\/\/politicosaldesnudo.com.mx\/index.php\/2023\/08\/03\/dia-de-la-mujer-sudafricana-9-de-agosto\/"]}]},{"@type":"ImageObject","inLanguage":"es","@id":"https:\/\/politicosaldesnudo.com.mx\/index.php\/2023\/08\/03\/dia-de-la-mujer-sudafricana-9-de-agosto\/#primaryimage","url":"https:\/\/i0.wp.com\/politicosaldesnudo.com.mx\/wp-content\/uploads\/2022\/04\/DRA.-ZAIDA-LLADO%CC%81.png?fit=1816%2C1016&ssl=1","contentUrl":"https:\/\/i0.wp.com\/politicosaldesnudo.com.mx\/wp-content\/uploads\/2022\/04\/DRA.-ZAIDA-LLADO%CC%81.png?fit=1816%2C1016&ssl=1","width":1816,"height":1016},{"@type":"BreadcrumbList","@id":"https:\/\/politicosaldesnudo.com.mx\/index.php\/2023\/08\/03\/dia-de-la-mujer-sudafricana-9-de-agosto\/#breadcrumb","itemListElement":[{"@type":"ListItem","position":1,"name":"Portada","item":"https:\/\/politicosaldesnudo.com.mx\/"},{"@type":"ListItem","position":2,"name":"D\u00eda de la mujer sudafricana: 9 de agosto"}]},{"@type":"WebSite","@id":"https:\/\/politicosaldesnudo.com.mx\/#website","url":"https:\/\/politicosaldesnudo.com.mx\/","name":"Pol\u00edticos al Desnudo","description":"","publisher":{"@id":"https:\/\/politicosaldesnudo.com.mx\/#organization"},"potentialAction":[{"@type":"SearchAction","target":{"@type":"EntryPoint","urlTemplate":"https:\/\/politicosaldesnudo.com.mx\/?s={search_term_string}"},"query-input":{"@type":"PropertyValueSpecification","valueRequired":true,"valueName":"search_term_string"}}],"inLanguage":"es"},{"@type":"Organization","@id":"https:\/\/politicosaldesnudo.com.mx\/#organization","name":"Pol\u00edticos al Desnudo","url":"https:\/\/politicosaldesnudo.com.mx\/","logo":{"@type":"ImageObject","inLanguage":"es","@id":"https:\/\/politicosaldesnudo.com.mx\/#\/schema\/logo\/image\/","url":"https:\/\/i0.wp.com\/politicosaldesnudo.com.mx\/wp-content\/uploads\/2026\/08\/cropped-logo.webp?fit=400%2C126&ssl=1","contentUrl":"https:\/\/i0.wp.com\/politicosaldesnudo.com.mx\/wp-content\/uploads\/2026\/08\/cropped-logo.webp?fit=400%2C126&ssl=1","width":400,"height":126,"caption":"Pol\u00edticos al Desnudo"},"image":{"@id":"https:\/\/politicosaldesnudo.com.mx\/#\/schema\/logo\/image\/"},"sameAs":["https:\/\/www.facebook.com\/PoliticosAD"]},{"@type":"Person","@id":"https:\/\/politicosaldesnudo.com.mx\/#\/schema\/person\/ef3a64e561cc3f3f5dc52fab81adde7e","name":"Redacci\u00f3n Pol\u00edticos","url":"https:\/\/politicosaldesnudo.com.mx\/index.php\/author\/redaccion-politicos\/"}]}},"jetpack_publicize_connections":[],"jetpack-related-posts":[{"id":87734,"url":"https:\/\/politicosaldesnudo.com.mx\/index.php\/2026\/08\/14\/entre-el-desafuero-y-los-golpes-la-politica-vuelve-a-calentarse\/","url_meta":{"origin":22770,"position":0},"title":"Entre el desafuero y los golpes, la pol\u00edtica vuelve a calentarse","author":"Redacci\u00f3n Pol\u00edticos","date":"14 de agosto de 2026","format":false,"excerpt":"ALMA GRANDE POR \u00c1NGEL \u00c1LVARO PE\u00d1A La disputa por el fuero de Alejandro Moreno C\u00e1rdenas, dirigente nacional del PRI, volvi\u00f3 a elevar el tono entre legisladores de Morena y el tricolor. Esta vez, el intercambio pol\u00edtico termin\u00f3 en un enfrentamiento f\u00edsico que estuvo cerca de llegar a los golpes. El\u2026","rel":"","context":"En \u00abOPINI\u00d3N\u00bb","block_context":{"text":"OPINI\u00d3N","link":"https:\/\/politicosaldesnudo.com.mx\/index.php\/category\/columnistas\/"},"img":{"alt_text":"","src":"https:\/\/i0.wp.com\/politicosaldesnudo.com.mx\/wp-content\/uploads\/2026\/08\/alma-grande-140826.png?fit=1200%2C659&ssl=1&resize=350%2C200","width":350,"height":200,"srcset":"https:\/\/i0.wp.com\/politicosaldesnudo.com.mx\/wp-content\/uploads\/2026\/08\/alma-grande-140826.png?fit=1200%2C659&ssl=1&resize=350%2C200 1x, https:\/\/i0.wp.com\/politicosaldesnudo.com.mx\/wp-content\/uploads\/2026\/08\/alma-grande-140826.png?fit=1200%2C659&ssl=1&resize=525%2C300 1.5x, https:\/\/i0.wp.com\/politicosaldesnudo.com.mx\/wp-content\/uploads\/2026\/08\/alma-grande-140826.png?fit=1200%2C659&ssl=1&resize=700%2C400 2x, https:\/\/i0.wp.com\/politicosaldesnudo.com.mx\/wp-content\/uploads\/2026\/08\/alma-grande-140826.png?fit=1200%2C659&ssl=1&resize=1050%2C600 3x"},"classes":[]},{"id":87540,"url":"https:\/\/politicosaldesnudo.com.mx\/index.php\/2026\/08\/07\/donde-consultar-fecha-hora-y-sede-para-el-examen-de-control-de-la-unam\/","url_meta":{"origin":22770,"position":1},"title":"\u00bfD\u00f3nde consultar fecha, hora y sede para el examen de control de la UNAM?","author":"Redacci\u00f3n Pol\u00edticos","date":"7 de agosto de 2026","format":false,"excerpt":"Este viernes 7 de agosto la Universidad Nacional Aut\u00f3noma de M\u00e9xico (UNAM) dar\u00e1 a conocer el\u00a0d\u00eda,\u00a0horario\u00a0y\u00a0sede\u00a0para presentar el\u00a0examen de control\u00a0para el ingreso, por primera vez, a la licenciatura. \u00a0\u00bfD\u00f3nde consultar los detalles del examen de control de la UNAM? Los aspirantes convocados para la prueba presencial deber\u00e1n ingresar, a partir\u2026","rel":"","context":"En \u00abNACIONAL\u00bb","block_context":{"text":"NACIONAL","link":"https:\/\/politicosaldesnudo.com.mx\/index.php\/category\/nacional\/"},"img":{"alt_text":"","src":"https:\/\/i0.wp.com\/politicosaldesnudo.com.mx\/wp-content\/uploads\/2026\/08\/Captura-de-pantalla-2026-08-07-101652.png?fit=927%2C742&ssl=1&resize=350%2C200","width":350,"height":200,"srcset":"https:\/\/i0.wp.com\/politicosaldesnudo.com.mx\/wp-content\/uploads\/2026\/08\/Captura-de-pantalla-2026-08-07-101652.png?fit=927%2C742&ssl=1&resize=350%2C200 1x, https:\/\/i0.wp.com\/politicosaldesnudo.com.mx\/wp-content\/uploads\/2026\/08\/Captura-de-pantalla-2026-08-07-101652.png?fit=927%2C742&ssl=1&resize=525%2C300 1.5x, https:\/\/i0.wp.com\/politicosaldesnudo.com.mx\/wp-content\/uploads\/2026\/08\/Captura-de-pantalla-2026-08-07-101652.png?fit=927%2C742&ssl=1&resize=700%2C400 2x"},"classes":[]},{"id":87993,"url":"https:\/\/politicosaldesnudo.com.mx\/index.php\/2026\/08\/23\/fuerte-sismo-sacude-tokio-y-deja-37-heridos-descartan-riesgo-de-tsunami\/","url_meta":{"origin":22770,"position":2},"title":"Fuerte sismo sacude Tokio y deja 37 heridos; descartan riesgo de tsunami","author":"Redacci\u00f3n Pol\u00edticos","date":"23 de agosto de 2026","format":false,"excerpt":"Un sismo de magnitud 5.9 estremeci\u00f3 durante la madrugada de este domingo el este de Jap\u00f3n, incluida el \u00e1rea metropolitana de Tokio, con un saldo preliminar de 37 personas lesionadas y afectaciones en el transporte y la red de agua. El movimiento tel\u00farico ocurri\u00f3 alrededor de las 2:00 horas y\u2026","rel":"","context":"En \u00abINTERNACIONAL\u00bb","block_context":{"text":"INTERNACIONAL","link":"https:\/\/politicosaldesnudo.com.mx\/index.php\/category\/internacional\/"},"img":{"alt_text":"","src":"https:\/\/i0.wp.com\/politicosaldesnudo.com.mx\/wp-content\/uploads\/2026\/08\/sismoo.png?fit=1200%2C675&ssl=1&resize=350%2C200","width":350,"height":200,"srcset":"https:\/\/i0.wp.com\/politicosaldesnudo.com.mx\/wp-content\/uploads\/2026\/08\/sismoo.png?fit=1200%2C675&ssl=1&resize=350%2C200 1x, https:\/\/i0.wp.com\/politicosaldesnudo.com.mx\/wp-content\/uploads\/2026\/08\/sismoo.png?fit=1200%2C675&ssl=1&resize=525%2C300 1.5x, https:\/\/i0.wp.com\/politicosaldesnudo.com.mx\/wp-content\/uploads\/2026\/08\/sismoo.png?fit=1200%2C675&ssl=1&resize=700%2C400 2x, https:\/\/i0.wp.com\/politicosaldesnudo.com.mx\/wp-content\/uploads\/2026\/08\/sismoo.png?fit=1200%2C675&ssl=1&resize=1050%2C600 3x"},"classes":[]},{"id":88263,"url":"https:\/\/politicosaldesnudo.com.mx\/index.php\/2026\/09\/02\/sheinbaum-da-golpe-historico-a-la-inseguridad\/","url_meta":{"origin":22770,"position":3},"title":"Sheinbaum da golpe hist\u00f3rico a la inseguridad","author":"Redacci\u00f3n Pol\u00edticos","date":"2 de septiembre de 2026","format":false,"excerpt":"ALMA GRANDE POR \u00c1NGEL \u00c1LVARO PE\u00d1A El Segundo Informe de Gobierno de Claudia Sheinbaum coloc\u00f3 a la seguridad como uno de los principales indicadores de avance de su administraci\u00f3n. Los datos presentados muestran una estrategia que combina la operaci\u00f3n de las instituciones de seguridad con acciones dirigidas a atender las\u2026","rel":"","context":"En \u00abOPINI\u00d3N\u00bb","block_context":{"text":"OPINI\u00d3N","link":"https:\/\/politicosaldesnudo.com.mx\/index.php\/category\/columnistas\/"},"img":{"alt_text":"","src":"https:\/\/i0.wp.com\/politicosaldesnudo.com.mx\/wp-content\/uploads\/2026\/09\/COLUMNISTAS-PAD.png?fit=1200%2C659&ssl=1&resize=350%2C200","width":350,"height":200,"srcset":"https:\/\/i0.wp.com\/politicosaldesnudo.com.mx\/wp-content\/uploads\/2026\/09\/COLUMNISTAS-PAD.png?fit=1200%2C659&ssl=1&resize=350%2C200 1x, https:\/\/i0.wp.com\/politicosaldesnudo.com.mx\/wp-content\/uploads\/2026\/09\/COLUMNISTAS-PAD.png?fit=1200%2C659&ssl=1&resize=525%2C300 1.5x, https:\/\/i0.wp.com\/politicosaldesnudo.com.mx\/wp-content\/uploads\/2026\/09\/COLUMNISTAS-PAD.png?fit=1200%2C659&ssl=1&resize=700%2C400 2x, https:\/\/i0.wp.com\/politicosaldesnudo.com.mx\/wp-content\/uploads\/2026\/09\/COLUMNISTAS-PAD.png?fit=1200%2C659&ssl=1&resize=1050%2C600 3x"},"classes":[]},{"id":6008,"url":"https:\/\/politicosaldesnudo.com.mx\/index.php\/2022\/05\/31\/reconocen-labor-de-susana-landeros\/","url_meta":{"origin":22770,"position":4},"title":"Reconocen labor de Susana Landeros","author":"Redacci\u00f3n Pol\u00edticos","date":"31 de mayo de 2022","format":false,"excerpt":"Morelos. En el marco de la clausura de la exposici\u00f3n \u201cMujeres Horizontes\u201d, conformada por obras del maestro oaxaque\u00f1o Rolando Rojas, en la Galer\u00eda Sixtos, de Tepotzotl\u00e1n, se reconoci\u00f3 la trayectoria de Susana Landeros Cort\u00e9s, presidenta de la Fundaci\u00f3n Fertilizando el Esfuerzo, por su destacada labor en el Estado de M\u00e9xico.\u2026","rel":"","context":"En \u00abCULTURA\u00bb","block_context":{"text":"CULTURA","link":"https:\/\/politicosaldesnudo.com.mx\/index.php\/category\/cultura\/"},"img":{"alt_text":"","src":"https:\/\/i0.wp.com\/politicosaldesnudo.com.mx\/wp-content\/uploads\/2022\/05\/P-SUSANALANDEROS4.png?fit=1200%2C671&ssl=1&resize=350%2C200","width":350,"height":200,"srcset":"https:\/\/i0.wp.com\/politicosaldesnudo.com.mx\/wp-content\/uploads\/2022\/05\/P-SUSANALANDEROS4.png?fit=1200%2C671&ssl=1&resize=350%2C200 1x, https:\/\/i0.wp.com\/politicosaldesnudo.com.mx\/wp-content\/uploads\/2022\/05\/P-SUSANALANDEROS4.png?fit=1200%2C671&ssl=1&resize=525%2C300 1.5x, https:\/\/i0.wp.com\/politicosaldesnudo.com.mx\/wp-content\/uploads\/2022\/05\/P-SUSANALANDEROS4.png?fit=1200%2C671&ssl=1&resize=700%2C400 2x, https:\/\/i0.wp.com\/politicosaldesnudo.com.mx\/wp-content\/uploads\/2022\/05\/P-SUSANALANDEROS4.png?fit=1200%2C671&ssl=1&resize=1050%2C600 3x"},"classes":[]},{"id":87947,"url":"https:\/\/politicosaldesnudo.com.mx\/index.php\/2026\/08\/21\/colombia-enfrenta-una-emergencia-humanitaria-terremoto-deja-329-muertos\/","url_meta":{"origin":22770,"position":5},"title":"Colombia enfrenta una emergencia humanitaria: terremoto deja 329 muertos","author":"Redacci\u00f3n Pol\u00edticos","date":"21 de agosto de 2026","format":false,"excerpt":"El balance del terremoto que sacudi\u00f3 Colombia el pasado 10 de agosto contin\u00faa aumentando. Las autoridades reportan hasta el momento 329 personas fallecidas, 4 mil 600 heridas y 247 cuyo paradero todav\u00eda se desconoce. La Unidad Nacional para la Gesti\u00f3n del Riesgo de Desastres (UNGRD) inform\u00f3 que los equipos de\u2026","rel":"","context":"En \u00abINTERNACIONAL\u00bb","block_context":{"text":"INTERNACIONAL","link":"https:\/\/politicosaldesnudo.com.mx\/index.php\/category\/internacional\/"},"img":{"alt_text":"","src":"https:\/\/politicosaldesnudo.com.mx\/wp-content\/uploads\/2026\/08\/1786387782658-snapshot-1920x1080-1.avif","width":350,"height":200,"srcset":"https:\/\/politicosaldesnudo.com.mx\/wp-content\/uploads\/2026\/08\/1786387782658-snapshot-1920x1080-1.avif 1x, https:\/\/politicosaldesnudo.com.mx\/wp-content\/uploads\/2026\/08\/1786387782658-snapshot-1920x1080-1.avif 1.5x, https:\/\/politicosaldesnudo.com.mx\/wp-content\/uploads\/2026\/08\/1786387782658-snapshot-1920x1080-1.avif 2x, https:\/\/politicosaldesnudo.com.mx\/wp-content\/uploads\/2026\/08\/1786387782658-snapshot-1920x1080-1.avif 3x"},"classes":[]}],"jetpack_sharing_enabled":true,"jetpack_featured_media_url":"https:\/\/i0.wp.com\/politicosaldesnudo.com.mx\/wp-content\/uploads\/2022\/04\/DRA.-ZAIDA-LLADO%CC%81.png?fit=1816%2C1016&ssl=1","_links":{"self":[{"href":"https:\/\/politicosaldesnudo.com.mx\/index.php\/wp-json\/wp\/v2\/posts\/22770","targetHints":{"allow":["GET"]}}],"collection":[{"href":"https:\/\/politicosaldesnudo.com.mx\/index.php\/wp-json\/wp\/v2\/posts"}],"about":[{"href":"https:\/\/politicosaldesnudo.com.mx\/index.php\/wp-json\/wp\/v2\/types\/post"}],"author":[{"embeddable":true,"href":"https:\/\/politicosaldesnudo.com.mx\/index.php\/wp-json\/wp\/v2\/users\/4"}],"replies":[{"embeddable":true,"href":"https:\/\/politicosaldesnudo.com.mx\/index.php\/wp-json\/wp\/v2\/comments?post=22770"}],"version-history":[{"count":0,"href":"https:\/\/politicosaldesnudo.com.mx\/index.php\/wp-json\/wp\/v2\/posts\/22770\/revisions"}],"wp:featuredmedia":[{"embeddable":true,"href":"https:\/\/politicosaldesnudo.com.mx\/index.php\/wp-json\/wp\/v2\/media\/4381"}],"wp:attachment":[{"href":"https:\/\/politicosaldesnudo.com.mx\/index.php\/wp-json\/wp\/v2\/media?parent=22770"}],"wp:term":[{"taxonomy":"category","embeddable":true,"href":"https:\/\/politicosaldesnudo.com.mx\/index.php\/wp-json\/wp\/v2\/categories?post=22770"},{"taxonomy":"post_tag","embeddable":true,"href":"https:\/\/politicosaldesnudo.com.mx\/index.php\/wp-json\/wp\/v2\/tags?post=22770"}],"curies":[{"name":"wp","href":"https:\/\/api.w.org\/{rel}","templated":true}]}}