{"id":22835,"date":"2023-08-04T16:23:36","date_gmt":"2023-08-04T21:23:36","guid":{"rendered":"https:\/\/politicosaldesnudo.com.mx\/?p=22835"},"modified":"2023-08-04T16:24:20","modified_gmt":"2023-08-04T21:24:20","slug":"alcalde-de-tuxpan-es-electo-presidente-de-la-conferencia-nacional-de-seguridad-publica-municipal","status":"publish","type":"post","link":"https:\/\/politicosaldesnudo.com.mx\/index.php\/2023\/08\/04\/alcalde-de-tuxpan-es-electo-presidente-de-la-conferencia-nacional-de-seguridad-publica-municipal\/","title":{"rendered":"Alcalde de Tuxpan es electo Presidente de la Conferencia Nacional de Seguridad P\u00fablica Municipal"},"content":{"rendered":"<p>&nbsp;<\/p>\n<p class=\"p1\" style=\"text-align: center;\"><span style=\"font-size: 18pt;\"><em><strong>&lt;&lt;Luisa Mar\u00eda Alcalde, Secretaria de Gobernaci\u00f3n toma protesta&gt;&gt;<\/strong><\/em><\/span><\/p>\n<p>&nbsp;<\/p>\n<p class=\"p1\"><span style=\"font-size: 14pt;\"><em><strong>CIUDAD DE M\u00c9XICO.<\/strong><\/em> La Secretaria de Gobernaci\u00f3n, <strong>Luisa Mar\u00eda Alcalde, <\/strong>tom\u00f3 protesta al alcalde de Tuxpan, <strong>Jos\u00e9 Manuel Pozos<\/strong> como <strong>presidente de la Conferencia Nacional de Seguridad P\u00fablica Municipal.<\/strong><\/span><\/p>\n<p class=\"p1\"><span style=\"font-size: 18pt;\"><strong>En el marco de la primera Sesi\u00f3n Extraordinaria de alcaldes del pa\u00eds, eligiendo de forma un\u00e1nime al mun\u00edcipe Jos\u00e9 Manuel Pozos.<\/strong><\/span><\/p>\n<p class=\"p1\"><span style=\"font-size: 14pt;\">El evento cont\u00f3 con la presencia de Rosa Icela Rodr\u00edguez Vel\u00e1zquez, Secretaria de Seguridad y Protecci\u00f3n Ciudadana y de Clara Luz Flores Carrales, Secretaria Ejecutiva del Sistema Nacional de Seguridad P\u00fablica.<\/span><\/p>\n<p>&nbsp;<\/p>\n<p><img data-recalc-dims=\"1\" loading=\"lazy\" decoding=\"async\" class=\"aligncenter wp-image-22838 size-large\" src=\"https:\/\/i0.wp.com\/politicosaldesnudo.com.mx\/wp-content\/uploads\/2023\/08\/P-TUXPAN-SEGURIDAD-3-1024x573.png?resize=800%2C448&#038;ssl=1\" alt=\"\" width=\"800\" height=\"448\" srcset=\"https:\/\/i0.wp.com\/politicosaldesnudo.com.mx\/wp-content\/uploads\/2023\/08\/P-TUXPAN-SEGURIDAD-3.png?resize=1024%2C573&amp;ssl=1 1024w, https:\/\/i0.wp.com\/politicosaldesnudo.com.mx\/wp-content\/uploads\/2023\/08\/P-TUXPAN-SEGURIDAD-3.png?resize=300%2C168&amp;ssl=1 300w, https:\/\/i0.wp.com\/politicosaldesnudo.com.mx\/wp-content\/uploads\/2023\/08\/P-TUXPAN-SEGURIDAD-3.png?resize=768%2C430&amp;ssl=1 768w, https:\/\/i0.wp.com\/politicosaldesnudo.com.mx\/wp-content\/uploads\/2023\/08\/P-TUXPAN-SEGURIDAD-3.png?resize=1536%2C859&amp;ssl=1 1536w, https:\/\/i0.wp.com\/politicosaldesnudo.com.mx\/wp-content\/uploads\/2023\/08\/P-TUXPAN-SEGURIDAD-3.png?w=1816&amp;ssl=1 1816w\" sizes=\"auto, (max-width: 800px) 100vw, 800px\" \/><\/p>\n<p>&nbsp;<\/p>\n<p class=\"p1\"><span style=\"font-size: 18pt;\"><strong>Cabe destacar que la Primera Autoridad del municipio de Tuxpan tambi\u00e9n preside en el estado de Veracruz la Conferencia Estatal de Seguridad P\u00fablica Municipal.<\/strong><\/span><\/p>\n<p class=\"p1\"><span style=\"font-size: 14pt;\">Jos\u00e9 Manuel Pozos agradeci\u00f3 a los alcaldes su respaldo para presidir la Conferencia Nacional, la cual es una instancia encargada de promover acciones de coordinaci\u00f3n en materia de seguridad p\u00fablica municipal.<span class=\"Apple-converted-space\">\u00a0<\/span><\/span><\/p>\n<p>&nbsp;<\/p>\n<p><img data-recalc-dims=\"1\" loading=\"lazy\" decoding=\"async\" class=\"aligncenter wp-image-22836 size-full\" src=\"https:\/\/i0.wp.com\/politicosaldesnudo.com.mx\/wp-content\/uploads\/2023\/08\/P-TUXPAN-SEGURIDAD-1.png?resize=765%2C526&#038;ssl=1\" alt=\"\" width=\"765\" height=\"526\" srcset=\"https:\/\/i0.wp.com\/politicosaldesnudo.com.mx\/wp-content\/uploads\/2023\/08\/P-TUXPAN-SEGURIDAD-1.png?w=765&amp;ssl=1 765w, https:\/\/i0.wp.com\/politicosaldesnudo.com.mx\/wp-content\/uploads\/2023\/08\/P-TUXPAN-SEGURIDAD-1.png?resize=300%2C206&amp;ssl=1 300w, https:\/\/i0.wp.com\/politicosaldesnudo.com.mx\/wp-content\/uploads\/2023\/08\/P-TUXPAN-SEGURIDAD-1.png?resize=130%2C90&amp;ssl=1 130w\" sizes=\"auto, (max-width: 765px) 100vw, 765px\" \/><\/p>\n<p>&nbsp;<\/p>\n<p class=\"p1\"><span style=\"font-size: 18pt; color: #139eca;\"><strong>LA NUEVA FUNCI\u00d3N<\/strong><\/span><\/p>\n<p class=\"p1\"><span style=\"font-size: 18pt;\"><strong>El alcalde de Tuxpan destac\u00f3 que su nueva labor estar\u00e1 coordinada con los 3 niveles de gobierno y el Sistema Nacional de Seguridad P\u00fablica trabajar\u00e1n para fortalecer e institucionalizar el proceso de planeaci\u00f3n de la seguridad p\u00fablica municipal con visi\u00f3n estrat\u00e9gica, integral y de largo plazo.<\/strong><\/span><\/p>\n<p class=\"p1\"><span style=\"font-size: 14pt;\">El nuevo presidente de la Conferencia Nacional tambi\u00e9n mencion\u00f3 que su elecci\u00f3n es un reconocimiento a los logros alcanzados por el municipio de Tuxpan en materia de seguridad ciudadana.<\/span><\/p>\n<p class=\"p1\"><span style=\"font-size: 18pt;\"><strong>Agradeci\u00f3 el gran respaldo otorgado por el gobernador Cuitl\u00e1huac Garc\u00eda Jim\u00e9nez, as\u00ed como de la Secretar\u00eda de Marina, Secretar\u00eda de la Defensa Nacional, Guardia Nacional y otras importantes instituciones.<\/strong><\/span><\/p>\n<p>&nbsp;<\/p>\n<p><img data-recalc-dims=\"1\" loading=\"lazy\" decoding=\"async\" class=\"aligncenter wp-image-22839 size-large\" src=\"https:\/\/i0.wp.com\/politicosaldesnudo.com.mx\/wp-content\/uploads\/2023\/08\/P-TUXPAN-SEGURIDAD-4-1024x573.png?resize=800%2C448&#038;ssl=1\" alt=\"\" width=\"800\" height=\"448\" srcset=\"https:\/\/i0.wp.com\/politicosaldesnudo.com.mx\/wp-content\/uploads\/2023\/08\/P-TUXPAN-SEGURIDAD-4.png?resize=1024%2C573&amp;ssl=1 1024w, https:\/\/i0.wp.com\/politicosaldesnudo.com.mx\/wp-content\/uploads\/2023\/08\/P-TUXPAN-SEGURIDAD-4.png?resize=300%2C168&amp;ssl=1 300w, https:\/\/i0.wp.com\/politicosaldesnudo.com.mx\/wp-content\/uploads\/2023\/08\/P-TUXPAN-SEGURIDAD-4.png?resize=768%2C430&amp;ssl=1 768w, https:\/\/i0.wp.com\/politicosaldesnudo.com.mx\/wp-content\/uploads\/2023\/08\/P-TUXPAN-SEGURIDAD-4.png?resize=1536%2C859&amp;ssl=1 1536w, https:\/\/i0.wp.com\/politicosaldesnudo.com.mx\/wp-content\/uploads\/2023\/08\/P-TUXPAN-SEGURIDAD-4.png?w=1816&amp;ssl=1 1816w\" sizes=\"auto, (max-width: 800px) 100vw, 800px\" \/><\/p>\n<p>&nbsp;<\/p>\n<p class=\"p1\"><span style=\"font-size: 14pt;\">Indic\u00f3 que el modelo de seguridad implementado en Tuxpan desde el primero de enero del 2022, es ejemplo nacional y este municipio es reconocido como uno de los m\u00e1s seguros de M\u00e9xico.<\/span><\/p>\n<p class=\"p1\"><span style=\"font-size: 14pt;\">Al t\u00e9rmino de la sesi\u00f3n, las Secretarias de Seguridad y Protecci\u00f3n Ciudadana y Ejecutiva del Sistema Nacional de Seguridad P\u00fablica, hicieron expresa su felicitaci\u00f3n a Pozos Castro por este nuevo cargo.<\/span><\/p>\n<p>&nbsp;<\/p>\n<p>&nbsp;<\/p>\n<p>&nbsp;<\/p>\n","protected":false},"excerpt":{"rendered":"<p>&nbsp; &lt;&lt;Luisa Mar\u00eda Alcalde, Secretaria de Gobernaci\u00f3n toma protesta&gt;&gt; &nbsp; CIUDAD DE M\u00c9XICO. La Secretaria de Gobernaci\u00f3n, Luisa Mar\u00eda Alcalde, [&hellip;]<\/p>\n","protected":false},"author":4,"featured_media":22837,"comment_status":"closed","ping_status":"closed","sticky":false,"template":"","format":"standard","meta":{"site-sidebar-layout":"default","site-content-layout":"","ast-site-content-layout":"default","site-content-style":"default","site-sidebar-style":"default","ast-global-header-display":"","ast-banner-title-visibility":"","ast-main-header-display":"","ast-hfb-above-header-display":"","ast-hfb-below-header-display":"","ast-hfb-mobile-header-display":"","site-post-title":"","ast-breadcrumbs-content":"","ast-featured-img":"","footer-sml-layout":"","ast-disable-related-posts":"","theme-transparent-header-meta":"","adv-header-id-meta":"","stick-header-meta":"","header-above-stick-meta":"","header-main-stick-meta":"","header-below-stick-meta":"","astra-migrate-meta-layouts":"default","ast-page-background-enabled":"default","ast-page-background-meta":{"desktop":{"background-color":"var(--ast-global-color-5)","background-image":"","background-repeat":"repeat","background-position":"center center","background-size":"auto","background-attachment":"scroll","background-type":"","background-media":"","overlay-type":"","overlay-color":"","overlay-opacity":"","overlay-gradient":""},"tablet":{"background-color":"","background-image":"","background-repeat":"repeat","background-position":"center center","background-size":"auto","background-attachment":"scroll","background-type":"","background-media":"","overlay-type":"","overlay-color":"","overlay-opacity":"","overlay-gradient":""},"mobile":{"background-color":"","background-image":"","background-repeat":"repeat","background-position":"center center","background-size":"auto","background-attachment":"scroll","background-type":"","background-media":"","overlay-type":"","overlay-color":"","overlay-opacity":"","overlay-gradient":""}},"ast-content-background-meta":{"desktop":{"background-color":"var(--ast-global-color-4)","background-image":"","background-repeat":"repeat","background-position":"center center","background-size":"auto","background-attachment":"scroll","background-type":"","background-media":"","overlay-type":"","overlay-color":"","overlay-opacity":"","overlay-gradient":""},"tablet":{"background-color":"var(--ast-global-color-4)","background-image":"","background-repeat":"repeat","background-position":"center center","background-size":"auto","background-attachment":"scroll","background-type":"","background-media":"","overlay-type":"","overlay-color":"","overlay-opacity":"","overlay-gradient":""},"mobile":{"background-color":"var(--ast-global-color-4)","background-image":"","background-repeat":"repeat","background-position":"center center","background-size":"auto","background-attachment":"scroll","background-type":"","background-media":"","overlay-type":"","overlay-color":"","overlay-opacity":"","overlay-gradient":""}},"_jetpack_newsletter_access":"","_jetpack_dont_email_post_to_subs":false,"_jetpack_newsletter_tier_id":0,"_jetpack_memberships_contains_paywalled_content":false,"_jetpack_feature_clip_id":0,"_jetpack_memberships_contains_paid_content":false,"footnotes":"","jetpack_publicize_message":"","jetpack_publicize_feature_enabled":true,"jetpack_social_post_already_shared":false,"jetpack_social_options":{"image_generator_settings":{"template":"highway","default_image_id":0,"font":"","enabled":false},"version":2},"jetpack_post_was_ever_published":false},"categories":[1082],"tags":[3055,576,1880,1696,70,100],"class_list":["post-22835","post","type-post","status-publish","format-standard","has-post-thumbnail","hentry","category-tuxpan","tag-conferencia-nacional-de-seguridad-publica","tag-jose-manuel-pozos","tag-luisa-maria-alcalde","tag-rosa-icela-rodriguez","tag-tuxpan","tag-veracruz"],"yoast_head":"<!-- This site is optimized with the Yoast SEO plugin v28.3 - https:\/\/yoast.com\/product\/yoast-seo-wordpress\/ -->\n<title>Alcalde de Tuxpan es electo Presidente de la Conferencia Nacional de Seguridad P\u00fablica Municipal - Pol\u00edticos al Desnudo<\/title>\n<meta name=\"robots\" content=\"index, follow, max-snippet:-1, max-image-preview:large, max-video-preview:-1\" \/>\n<link rel=\"canonical\" href=\"https:\/\/politicosaldesnudo.com.mx\/index.php\/2023\/08\/04\/alcalde-de-tuxpan-es-electo-presidente-de-la-conferencia-nacional-de-seguridad-publica-municipal\/\" \/>\n<meta property=\"og:locale\" content=\"es_ES\" \/>\n<meta property=\"og:type\" content=\"article\" \/>\n<meta property=\"og:title\" content=\"Alcalde de Tuxpan es electo Presidente de la Conferencia Nacional de Seguridad P\u00fablica Municipal - Pol\u00edticos al Desnudo\" \/>\n<meta property=\"og:description\" content=\"&nbsp; &lt;&lt;Luisa Mar\u00eda Alcalde, Secretaria de Gobernaci\u00f3n toma protesta&gt;&gt; &nbsp; CIUDAD DE M\u00c9XICO. La Secretaria de Gobernaci\u00f3n, Luisa Mar\u00eda Alcalde, [&hellip;]\" \/>\n<meta property=\"og:url\" content=\"https:\/\/politicosaldesnudo.com.mx\/index.php\/2023\/08\/04\/alcalde-de-tuxpan-es-electo-presidente-de-la-conferencia-nacional-de-seguridad-publica-municipal\/\" \/>\n<meta property=\"og:site_name\" content=\"Pol\u00edticos al Desnudo\" \/>\n<meta property=\"article:publisher\" content=\"https:\/\/www.facebook.com\/PoliticosAD\" \/>\n<meta property=\"article:published_time\" content=\"2023-08-04T21:23:36+00:00\" \/>\n<meta property=\"article:modified_time\" content=\"2023-08-04T21:24:20+00:00\" \/>\n<meta property=\"og:image\" content=\"https:\/\/politicosaldesnudo.com.mx\/wp-content\/uploads\/2023\/08\/P-TUXPAN-SEGURIDAD-2-1024x573.png\" \/>\n\t<meta property=\"og:image:width\" content=\"1024\" \/>\n\t<meta property=\"og:image:height\" content=\"573\" \/>\n\t<meta property=\"og:image:type\" content=\"image\/png\" \/>\n<meta name=\"author\" content=\"Redacci\u00f3n Pol\u00edticos\" \/>\n<meta name=\"twitter:card\" content=\"summary_large_image\" \/>\n<meta name=\"twitter:label1\" content=\"Escrito por\" \/>\n\t<meta name=\"twitter:data1\" content=\"Redacci\u00f3n Pol\u00edticos\" \/>\n\t<meta name=\"twitter:label2\" content=\"Tiempo de lectura\" \/>\n\t<meta name=\"twitter:data2\" content=\"2 minutos\" \/>\n<script type=\"application\/ld+json\" class=\"yoast-schema-graph\">{\"@context\":\"https:\\\/\\\/schema.org\",\"@graph\":[{\"@type\":\"Article\",\"@id\":\"https:\\\/\\\/politicosaldesnudo.com.mx\\\/index.php\\\/2023\\\/08\\\/04\\\/alcalde-de-tuxpan-es-electo-presidente-de-la-conferencia-nacional-de-seguridad-publica-municipal\\\/#article\",\"isPartOf\":{\"@id\":\"https:\\\/\\\/politicosaldesnudo.com.mx\\\/index.php\\\/2023\\\/08\\\/04\\\/alcalde-de-tuxpan-es-electo-presidente-de-la-conferencia-nacional-de-seguridad-publica-municipal\\\/\"},\"author\":{\"name\":\"Redacci\u00f3n Pol\u00edticos\",\"@id\":\"https:\\\/\\\/politicosaldesnudo.com.mx\\\/#\\\/schema\\\/person\\\/ef3a64e561cc3f3f5dc52fab81adde7e\"},\"headline\":\"Alcalde de Tuxpan es electo Presidente de la Conferencia Nacional de Seguridad P\u00fablica Municipal\",\"datePublished\":\"2023-08-04T21:23:36+00:00\",\"dateModified\":\"2023-08-04T21:24:20+00:00\",\"mainEntityOfPage\":{\"@id\":\"https:\\\/\\\/politicosaldesnudo.com.mx\\\/index.php\\\/2023\\\/08\\\/04\\\/alcalde-de-tuxpan-es-electo-presidente-de-la-conferencia-nacional-de-seguridad-publica-municipal\\\/\"},\"wordCount\":381,\"publisher\":{\"@id\":\"https:\\\/\\\/politicosaldesnudo.com.mx\\\/#organization\"},\"image\":{\"@id\":\"https:\\\/\\\/politicosaldesnudo.com.mx\\\/index.php\\\/2023\\\/08\\\/04\\\/alcalde-de-tuxpan-es-electo-presidente-de-la-conferencia-nacional-de-seguridad-publica-municipal\\\/#primaryimage\"},\"thumbnailUrl\":\"https:\\\/\\\/i0.wp.com\\\/politicosaldesnudo.com.mx\\\/wp-content\\\/uploads\\\/2023\\\/08\\\/P-TUXPAN-SEGURIDAD-2.png?fit=1816%2C1016&ssl=1\",\"keywords\":[\"CONFERENCIA NACIONAL DE SEGURIDAD PUBLICA\",\"JOS\u00c9 MANUEL POZOS\",\"LUISA MARIA ALCALDE\",\"ROSA ICELA RODRIGUEZ\",\"TUXPAN\",\"VERACRUZ\"],\"articleSection\":[\"TUXPAN\"],\"inLanguage\":\"es\"},{\"@type\":\"WebPage\",\"@id\":\"https:\\\/\\\/politicosaldesnudo.com.mx\\\/index.php\\\/2023\\\/08\\\/04\\\/alcalde-de-tuxpan-es-electo-presidente-de-la-conferencia-nacional-de-seguridad-publica-municipal\\\/\",\"url\":\"https:\\\/\\\/politicosaldesnudo.com.mx\\\/index.php\\\/2023\\\/08\\\/04\\\/alcalde-de-tuxpan-es-electo-presidente-de-la-conferencia-nacional-de-seguridad-publica-municipal\\\/\",\"name\":\"Alcalde de Tuxpan es electo Presidente de la Conferencia Nacional de Seguridad P\u00fablica Municipal - Pol\u00edticos al Desnudo\",\"isPartOf\":{\"@id\":\"https:\\\/\\\/politicosaldesnudo.com.mx\\\/#website\"},\"primaryImageOfPage\":{\"@id\":\"https:\\\/\\\/politicosaldesnudo.com.mx\\\/index.php\\\/2023\\\/08\\\/04\\\/alcalde-de-tuxpan-es-electo-presidente-de-la-conferencia-nacional-de-seguridad-publica-municipal\\\/#primaryimage\"},\"image\":{\"@id\":\"https:\\\/\\\/politicosaldesnudo.com.mx\\\/index.php\\\/2023\\\/08\\\/04\\\/alcalde-de-tuxpan-es-electo-presidente-de-la-conferencia-nacional-de-seguridad-publica-municipal\\\/#primaryimage\"},\"thumbnailUrl\":\"https:\\\/\\\/i0.wp.com\\\/politicosaldesnudo.com.mx\\\/wp-content\\\/uploads\\\/2023\\\/08\\\/P-TUXPAN-SEGURIDAD-2.png?fit=1816%2C1016&ssl=1\",\"datePublished\":\"2023-08-04T21:23:36+00:00\",\"dateModified\":\"2023-08-04T21:24:20+00:00\",\"breadcrumb\":{\"@id\":\"https:\\\/\\\/politicosaldesnudo.com.mx\\\/index.php\\\/2023\\\/08\\\/04\\\/alcalde-de-tuxpan-es-electo-presidente-de-la-conferencia-nacional-de-seguridad-publica-municipal\\\/#breadcrumb\"},\"inLanguage\":\"es\",\"potentialAction\":[{\"@type\":\"ReadAction\",\"target\":[\"https:\\\/\\\/politicosaldesnudo.com.mx\\\/index.php\\\/2023\\\/08\\\/04\\\/alcalde-de-tuxpan-es-electo-presidente-de-la-conferencia-nacional-de-seguridad-publica-municipal\\\/\"]}]},{\"@type\":\"ImageObject\",\"inLanguage\":\"es\",\"@id\":\"https:\\\/\\\/politicosaldesnudo.com.mx\\\/index.php\\\/2023\\\/08\\\/04\\\/alcalde-de-tuxpan-es-electo-presidente-de-la-conferencia-nacional-de-seguridad-publica-municipal\\\/#primaryimage\",\"url\":\"https:\\\/\\\/i0.wp.com\\\/politicosaldesnudo.com.mx\\\/wp-content\\\/uploads\\\/2023\\\/08\\\/P-TUXPAN-SEGURIDAD-2.png?fit=1816%2C1016&ssl=1\",\"contentUrl\":\"https:\\\/\\\/i0.wp.com\\\/politicosaldesnudo.com.mx\\\/wp-content\\\/uploads\\\/2023\\\/08\\\/P-TUXPAN-SEGURIDAD-2.png?fit=1816%2C1016&ssl=1\",\"width\":1816,\"height\":1016},{\"@type\":\"BreadcrumbList\",\"@id\":\"https:\\\/\\\/politicosaldesnudo.com.mx\\\/index.php\\\/2023\\\/08\\\/04\\\/alcalde-de-tuxpan-es-electo-presidente-de-la-conferencia-nacional-de-seguridad-publica-municipal\\\/#breadcrumb\",\"itemListElement\":[{\"@type\":\"ListItem\",\"position\":1,\"name\":\"Portada\",\"item\":\"https:\\\/\\\/politicosaldesnudo.com.mx\\\/\"},{\"@type\":\"ListItem\",\"position\":2,\"name\":\"Alcalde de Tuxpan es electo Presidente de la Conferencia Nacional de Seguridad P\u00fablica Municipal\"}]},{\"@type\":\"WebSite\",\"@id\":\"https:\\\/\\\/politicosaldesnudo.com.mx\\\/#website\",\"url\":\"https:\\\/\\\/politicosaldesnudo.com.mx\\\/\",\"name\":\"Pol\u00edticos al Desnudo\",\"description\":\"\",\"publisher\":{\"@id\":\"https:\\\/\\\/politicosaldesnudo.com.mx\\\/#organization\"},\"potentialAction\":[{\"@type\":\"SearchAction\",\"target\":{\"@type\":\"EntryPoint\",\"urlTemplate\":\"https:\\\/\\\/politicosaldesnudo.com.mx\\\/?s={search_term_string}\"},\"query-input\":{\"@type\":\"PropertyValueSpecification\",\"valueRequired\":true,\"valueName\":\"search_term_string\"}}],\"inLanguage\":\"es\"},{\"@type\":\"Organization\",\"@id\":\"https:\\\/\\\/politicosaldesnudo.com.mx\\\/#organization\",\"name\":\"Pol\u00edticos al Desnudo\",\"url\":\"https:\\\/\\\/politicosaldesnudo.com.mx\\\/\",\"logo\":{\"@type\":\"ImageObject\",\"inLanguage\":\"es\",\"@id\":\"https:\\\/\\\/politicosaldesnudo.com.mx\\\/#\\\/schema\\\/logo\\\/image\\\/\",\"url\":\"https:\\\/\\\/i0.wp.com\\\/politicosaldesnudo.com.mx\\\/wp-content\\\/uploads\\\/2026\\\/08\\\/cropped-logo.webp?fit=400%2C126&ssl=1\",\"contentUrl\":\"https:\\\/\\\/i0.wp.com\\\/politicosaldesnudo.com.mx\\\/wp-content\\\/uploads\\\/2026\\\/08\\\/cropped-logo.webp?fit=400%2C126&ssl=1\",\"width\":400,\"height\":126,\"caption\":\"Pol\u00edticos al Desnudo\"},\"image\":{\"@id\":\"https:\\\/\\\/politicosaldesnudo.com.mx\\\/#\\\/schema\\\/logo\\\/image\\\/\"},\"sameAs\":[\"https:\\\/\\\/www.facebook.com\\\/PoliticosAD\"]},{\"@type\":\"Person\",\"@id\":\"https:\\\/\\\/politicosaldesnudo.com.mx\\\/#\\\/schema\\\/person\\\/ef3a64e561cc3f3f5dc52fab81adde7e\",\"name\":\"Redacci\u00f3n Pol\u00edticos\",\"url\":\"https:\\\/\\\/politicosaldesnudo.com.mx\\\/index.php\\\/author\\\/redaccion-politicos\\\/\"}]}<\/script>\n<!-- \/ Yoast SEO plugin. -->","yoast_head_json":{"title":"Alcalde de Tuxpan es electo Presidente de la Conferencia Nacional de Seguridad P\u00fablica Municipal - Pol\u00edticos al Desnudo","robots":{"index":"index","follow":"follow","max-snippet":"max-snippet:-1","max-image-preview":"max-image-preview:large","max-video-preview":"max-video-preview:-1"},"canonical":"https:\/\/politicosaldesnudo.com.mx\/index.php\/2023\/08\/04\/alcalde-de-tuxpan-es-electo-presidente-de-la-conferencia-nacional-de-seguridad-publica-municipal\/","og_locale":"es_ES","og_type":"article","og_title":"Alcalde de Tuxpan es electo Presidente de la Conferencia Nacional de Seguridad P\u00fablica Municipal - Pol\u00edticos al Desnudo","og_description":"&nbsp; &lt;&lt;Luisa Mar\u00eda Alcalde, Secretaria de Gobernaci\u00f3n toma protesta&gt;&gt; &nbsp; CIUDAD DE M\u00c9XICO. La Secretaria de Gobernaci\u00f3n, Luisa Mar\u00eda Alcalde, [&hellip;]","og_url":"https:\/\/politicosaldesnudo.com.mx\/index.php\/2023\/08\/04\/alcalde-de-tuxpan-es-electo-presidente-de-la-conferencia-nacional-de-seguridad-publica-municipal\/","og_site_name":"Pol\u00edticos al Desnudo","article_publisher":"https:\/\/www.facebook.com\/PoliticosAD","article_published_time":"2023-08-04T21:23:36+00:00","article_modified_time":"2023-08-04T21:24:20+00:00","og_image":[{"width":1024,"height":573,"url":"https:\/\/politicosaldesnudo.com.mx\/wp-content\/uploads\/2023\/08\/P-TUXPAN-SEGURIDAD-2-1024x573.png","type":"image\/png"}],"author":"Redacci\u00f3n Pol\u00edticos","twitter_card":"summary_large_image","twitter_misc":{"Escrito por":"Redacci\u00f3n Pol\u00edticos","Tiempo de lectura":"2 minutos"},"schema":{"@context":"https:\/\/schema.org","@graph":[{"@type":"Article","@id":"https:\/\/politicosaldesnudo.com.mx\/index.php\/2023\/08\/04\/alcalde-de-tuxpan-es-electo-presidente-de-la-conferencia-nacional-de-seguridad-publica-municipal\/#article","isPartOf":{"@id":"https:\/\/politicosaldesnudo.com.mx\/index.php\/2023\/08\/04\/alcalde-de-tuxpan-es-electo-presidente-de-la-conferencia-nacional-de-seguridad-publica-municipal\/"},"author":{"name":"Redacci\u00f3n Pol\u00edticos","@id":"https:\/\/politicosaldesnudo.com.mx\/#\/schema\/person\/ef3a64e561cc3f3f5dc52fab81adde7e"},"headline":"Alcalde de Tuxpan es electo Presidente de la Conferencia Nacional de Seguridad P\u00fablica Municipal","datePublished":"2023-08-04T21:23:36+00:00","dateModified":"2023-08-04T21:24:20+00:00","mainEntityOfPage":{"@id":"https:\/\/politicosaldesnudo.com.mx\/index.php\/2023\/08\/04\/alcalde-de-tuxpan-es-electo-presidente-de-la-conferencia-nacional-de-seguridad-publica-municipal\/"},"wordCount":381,"publisher":{"@id":"https:\/\/politicosaldesnudo.com.mx\/#organization"},"image":{"@id":"https:\/\/politicosaldesnudo.com.mx\/index.php\/2023\/08\/04\/alcalde-de-tuxpan-es-electo-presidente-de-la-conferencia-nacional-de-seguridad-publica-municipal\/#primaryimage"},"thumbnailUrl":"https:\/\/i0.wp.com\/politicosaldesnudo.com.mx\/wp-content\/uploads\/2023\/08\/P-TUXPAN-SEGURIDAD-2.png?fit=1816%2C1016&ssl=1","keywords":["CONFERENCIA NACIONAL DE SEGURIDAD PUBLICA","JOS\u00c9 MANUEL POZOS","LUISA MARIA ALCALDE","ROSA ICELA RODRIGUEZ","TUXPAN","VERACRUZ"],"articleSection":["TUXPAN"],"inLanguage":"es"},{"@type":"WebPage","@id":"https:\/\/politicosaldesnudo.com.mx\/index.php\/2023\/08\/04\/alcalde-de-tuxpan-es-electo-presidente-de-la-conferencia-nacional-de-seguridad-publica-municipal\/","url":"https:\/\/politicosaldesnudo.com.mx\/index.php\/2023\/08\/04\/alcalde-de-tuxpan-es-electo-presidente-de-la-conferencia-nacional-de-seguridad-publica-municipal\/","name":"Alcalde de Tuxpan es electo Presidente de la Conferencia Nacional de Seguridad P\u00fablica Municipal - Pol\u00edticos al Desnudo","isPartOf":{"@id":"https:\/\/politicosaldesnudo.com.mx\/#website"},"primaryImageOfPage":{"@id":"https:\/\/politicosaldesnudo.com.mx\/index.php\/2023\/08\/04\/alcalde-de-tuxpan-es-electo-presidente-de-la-conferencia-nacional-de-seguridad-publica-municipal\/#primaryimage"},"image":{"@id":"https:\/\/politicosaldesnudo.com.mx\/index.php\/2023\/08\/04\/alcalde-de-tuxpan-es-electo-presidente-de-la-conferencia-nacional-de-seguridad-publica-municipal\/#primaryimage"},"thumbnailUrl":"https:\/\/i0.wp.com\/politicosaldesnudo.com.mx\/wp-content\/uploads\/2023\/08\/P-TUXPAN-SEGURIDAD-2.png?fit=1816%2C1016&ssl=1","datePublished":"2023-08-04T21:23:36+00:00","dateModified":"2023-08-04T21:24:20+00:00","breadcrumb":{"@id":"https:\/\/politicosaldesnudo.com.mx\/index.php\/2023\/08\/04\/alcalde-de-tuxpan-es-electo-presidente-de-la-conferencia-nacional-de-seguridad-publica-municipal\/#breadcrumb"},"inLanguage":"es","potentialAction":[{"@type":"ReadAction","target":["https:\/\/politicosaldesnudo.com.mx\/index.php\/2023\/08\/04\/alcalde-de-tuxpan-es-electo-presidente-de-la-conferencia-nacional-de-seguridad-publica-municipal\/"]}]},{"@type":"ImageObject","inLanguage":"es","@id":"https:\/\/politicosaldesnudo.com.mx\/index.php\/2023\/08\/04\/alcalde-de-tuxpan-es-electo-presidente-de-la-conferencia-nacional-de-seguridad-publica-municipal\/#primaryimage","url":"https:\/\/i0.wp.com\/politicosaldesnudo.com.mx\/wp-content\/uploads\/2023\/08\/P-TUXPAN-SEGURIDAD-2.png?fit=1816%2C1016&ssl=1","contentUrl":"https:\/\/i0.wp.com\/politicosaldesnudo.com.mx\/wp-content\/uploads\/2023\/08\/P-TUXPAN-SEGURIDAD-2.png?fit=1816%2C1016&ssl=1","width":1816,"height":1016},{"@type":"BreadcrumbList","@id":"https:\/\/politicosaldesnudo.com.mx\/index.php\/2023\/08\/04\/alcalde-de-tuxpan-es-electo-presidente-de-la-conferencia-nacional-de-seguridad-publica-municipal\/#breadcrumb","itemListElement":[{"@type":"ListItem","position":1,"name":"Portada","item":"https:\/\/politicosaldesnudo.com.mx\/"},{"@type":"ListItem","position":2,"name":"Alcalde de Tuxpan es electo Presidente de la Conferencia Nacional de Seguridad P\u00fablica Municipal"}]},{"@type":"WebSite","@id":"https:\/\/politicosaldesnudo.com.mx\/#website","url":"https:\/\/politicosaldesnudo.com.mx\/","name":"Pol\u00edticos al Desnudo","description":"","publisher":{"@id":"https:\/\/politicosaldesnudo.com.mx\/#organization"},"potentialAction":[{"@type":"SearchAction","target":{"@type":"EntryPoint","urlTemplate":"https:\/\/politicosaldesnudo.com.mx\/?s={search_term_string}"},"query-input":{"@type":"PropertyValueSpecification","valueRequired":true,"valueName":"search_term_string"}}],"inLanguage":"es"},{"@type":"Organization","@id":"https:\/\/politicosaldesnudo.com.mx\/#organization","name":"Pol\u00edticos al Desnudo","url":"https:\/\/politicosaldesnudo.com.mx\/","logo":{"@type":"ImageObject","inLanguage":"es","@id":"https:\/\/politicosaldesnudo.com.mx\/#\/schema\/logo\/image\/","url":"https:\/\/i0.wp.com\/politicosaldesnudo.com.mx\/wp-content\/uploads\/2026\/08\/cropped-logo.webp?fit=400%2C126&ssl=1","contentUrl":"https:\/\/i0.wp.com\/politicosaldesnudo.com.mx\/wp-content\/uploads\/2026\/08\/cropped-logo.webp?fit=400%2C126&ssl=1","width":400,"height":126,"caption":"Pol\u00edticos al Desnudo"},"image":{"@id":"https:\/\/politicosaldesnudo.com.mx\/#\/schema\/logo\/image\/"},"sameAs":["https:\/\/www.facebook.com\/PoliticosAD"]},{"@type":"Person","@id":"https:\/\/politicosaldesnudo.com.mx\/#\/schema\/person\/ef3a64e561cc3f3f5dc52fab81adde7e","name":"Redacci\u00f3n Pol\u00edticos","url":"https:\/\/politicosaldesnudo.com.mx\/index.php\/author\/redaccion-politicos\/"}]}},"jetpack_publicize_connections":[],"jetpack-related-posts":[{"id":33280,"url":"https:\/\/politicosaldesnudo.com.mx\/index.php\/2024\/03\/12\/buscaremos-el-desarrollo-de-tuxpan-y-la-region-jv\/","url_meta":{"origin":22835,"position":0},"title":"Buscaremos el desarrollo de Tuxpan y la regi\u00f3n: JV","author":"Redacci\u00f3n Pol\u00edticos","date":"12 de marzo de 2024","format":false,"excerpt":"TUXPAN.- De acuerdo con lo mencionado en entrevista por el candidato del Movimiento de Regeneraci\u00f3n Nacional Javier Vel\u00e1zquez Vallejo, la zona norte del estado ha estado olvidada por muchos a\u00f1os, y aunque sus municipios tienen un gran potencial en diversos rubros, \u00e9stos han sido debidamente apoyados y respaldados, por lo\u2026","rel":"","context":"En \u00abTUXPAN\u00bb","block_context":{"text":"TUXPAN","link":"https:\/\/politicosaldesnudo.com.mx\/index.php\/category\/tuxpan\/"},"img":{"alt_text":"","src":"https:\/\/i0.wp.com\/politicosaldesnudo.com.mx\/wp-content\/uploads\/2024\/03\/4a-4.jpg?fit=1080%2C720&ssl=1&resize=350%2C200","width":350,"height":200,"srcset":"https:\/\/i0.wp.com\/politicosaldesnudo.com.mx\/wp-content\/uploads\/2024\/03\/4a-4.jpg?fit=1080%2C720&ssl=1&resize=350%2C200 1x, https:\/\/i0.wp.com\/politicosaldesnudo.com.mx\/wp-content\/uploads\/2024\/03\/4a-4.jpg?fit=1080%2C720&ssl=1&resize=525%2C300 1.5x, https:\/\/i0.wp.com\/politicosaldesnudo.com.mx\/wp-content\/uploads\/2024\/03\/4a-4.jpg?fit=1080%2C720&ssl=1&resize=700%2C400 2x, https:\/\/i0.wp.com\/politicosaldesnudo.com.mx\/wp-content\/uploads\/2024\/03\/4a-4.jpg?fit=1080%2C720&ssl=1&resize=1050%2C600 3x"},"classes":[]},{"id":88118,"url":"https:\/\/politicosaldesnudo.com.mx\/index.php\/2026\/08\/27\/cateo-en-tuxpan-aseguran-negocio-investigado-por-presunta-extorsion-a-avicultores\/","url_meta":{"origin":22835,"position":1},"title":"Cateo en Tuxpan: aseguran negocio investigado por presunta extorsi\u00f3n a avicultores","author":"Redacci\u00f3n Pol\u00edticos","date":"27 de agosto de 2026","format":false,"excerpt":"Un establecimiento comercial de la colonia An\u00e1huac, en Tuxpan, qued\u00f3 bajo resguardo de las autoridades tras un operativo relacionado con una investigaci\u00f3n por posibles extorsiones contra integrantes del sector av\u00edcola. La diligencia fue realizada por agentes de la Unidad Especializada en Combate al Secuestro y la Extorsi\u00f3n (UECS), quienes contaron\u2026","rel":"","context":"En \u00abESTADOS\u00bb","block_context":{"text":"ESTADOS","link":"https:\/\/politicosaldesnudo.com.mx\/index.php\/category\/estados\/"},"img":{"alt_text":"","src":"https:\/\/i0.wp.com\/politicosaldesnudo.com.mx\/wp-content\/uploads\/2026\/08\/avc-tuxpan-horizontal.png?fit=1200%2C675&ssl=1&resize=350%2C200","width":350,"height":200,"srcset":"https:\/\/i0.wp.com\/politicosaldesnudo.com.mx\/wp-content\/uploads\/2026\/08\/avc-tuxpan-horizontal.png?fit=1200%2C675&ssl=1&resize=350%2C200 1x, https:\/\/i0.wp.com\/politicosaldesnudo.com.mx\/wp-content\/uploads\/2026\/08\/avc-tuxpan-horizontal.png?fit=1200%2C675&ssl=1&resize=525%2C300 1.5x, https:\/\/i0.wp.com\/politicosaldesnudo.com.mx\/wp-content\/uploads\/2026\/08\/avc-tuxpan-horizontal.png?fit=1200%2C675&ssl=1&resize=700%2C400 2x, https:\/\/i0.wp.com\/politicosaldesnudo.com.mx\/wp-content\/uploads\/2026\/08\/avc-tuxpan-horizontal.png?fit=1200%2C675&ssl=1&resize=1050%2C600 3x"},"classes":[]},{"id":88282,"url":"https:\/\/politicosaldesnudo.com.mx\/index.php\/2026\/09\/02\/tuxpan-la-memoria-tambien-merece-respeto\/","url_meta":{"origin":22835,"position":2},"title":"Tuxpan: La memoria tambi\u00e9n merece respeto","author":"Redacci\u00f3n Pol\u00edticos","date":"2 de septiembre de 2026","format":false,"excerpt":"BIT\u00c1CORA POL\u00cdTICA Por Miguel \u00c1ngel Cristiani G. Hay historias que un pueblo no deber\u00eda olvidar. Y hay otras que, antes de convertirlas en motivo de celebraci\u00f3n, deber\u00edan revisarse cuidadosamente. En Tuxpan acaba de surgir una de esas historias inc\u00f3modas. El gobierno municipal que encabeza Daniel Cortina habr\u00eda respaldado la presentaci\u00f3n\u2026","rel":"","context":"En \u00abOPINI\u00d3N\u00bb","block_context":{"text":"OPINI\u00d3N","link":"https:\/\/politicosaldesnudo.com.mx\/index.php\/category\/columnistas\/"},"img":{"alt_text":"","src":"https:\/\/i0.wp.com\/politicosaldesnudo.com.mx\/wp-content\/uploads\/2026\/09\/COLUMNISTAS-PAD-1.png?fit=1200%2C659&ssl=1&resize=350%2C200","width":350,"height":200,"srcset":"https:\/\/i0.wp.com\/politicosaldesnudo.com.mx\/wp-content\/uploads\/2026\/09\/COLUMNISTAS-PAD-1.png?fit=1200%2C659&ssl=1&resize=350%2C200 1x, https:\/\/i0.wp.com\/politicosaldesnudo.com.mx\/wp-content\/uploads\/2026\/09\/COLUMNISTAS-PAD-1.png?fit=1200%2C659&ssl=1&resize=525%2C300 1.5x, https:\/\/i0.wp.com\/politicosaldesnudo.com.mx\/wp-content\/uploads\/2026\/09\/COLUMNISTAS-PAD-1.png?fit=1200%2C659&ssl=1&resize=700%2C400 2x, https:\/\/i0.wp.com\/politicosaldesnudo.com.mx\/wp-content\/uploads\/2026\/09\/COLUMNISTAS-PAD-1.png?fit=1200%2C659&ssl=1&resize=1050%2C600 3x"},"classes":[]},{"id":88176,"url":"https:\/\/politicosaldesnudo.com.mx\/index.php\/2026\/08\/30\/un-viaje-sin-regreso-asi-habria-ocurrido-el-asesinato-del-hermano-de-la-creadora-de-contenido-ruthi-san-en-tuxpan\/","url_meta":{"origin":22835,"position":3},"title":"Un viaje sin regreso: as\u00ed habr\u00eda ocurrido el asesinato del hermano de la creadora de contenido Ruthi San, en Tuxpan","author":"Redacci\u00f3n Pol\u00edticos","date":"30 de agosto de 2026","format":false,"excerpt":"Un servicio de transporte termin\u00f3 convertido en la escena de un crimen. Cuatro meses despu\u00e9s del homicidio de Habib Ju\u00e1rez Castellanos, taxista de Tuxpan y hermano de la creadora de contenido Ruthi San, dos personas fueron detenidas y presentadas ante un juez. La investigaci\u00f3n de la Fiscal\u00eda Regional se\u00f1ala que\u2026","rel":"","context":"En \u00abESTADOS\u00bb","block_context":{"text":"ESTADOS","link":"https:\/\/politicosaldesnudo.com.mx\/index.php\/category\/estados\/"},"img":{"alt_text":"","src":"https:\/\/i0.wp.com\/politicosaldesnudo.com.mx\/wp-content\/uploads\/2026\/08\/f957448d-9e13-44e1-acb0-03d35ff4db3c.png?fit=1200%2C675&ssl=1&resize=350%2C200","width":350,"height":200,"srcset":"https:\/\/i0.wp.com\/politicosaldesnudo.com.mx\/wp-content\/uploads\/2026\/08\/f957448d-9e13-44e1-acb0-03d35ff4db3c.png?fit=1200%2C675&ssl=1&resize=350%2C200 1x, https:\/\/i0.wp.com\/politicosaldesnudo.com.mx\/wp-content\/uploads\/2026\/08\/f957448d-9e13-44e1-acb0-03d35ff4db3c.png?fit=1200%2C675&ssl=1&resize=525%2C300 1.5x, https:\/\/i0.wp.com\/politicosaldesnudo.com.mx\/wp-content\/uploads\/2026\/08\/f957448d-9e13-44e1-acb0-03d35ff4db3c.png?fit=1200%2C675&ssl=1&resize=700%2C400 2x, https:\/\/i0.wp.com\/politicosaldesnudo.com.mx\/wp-content\/uploads\/2026\/08\/f957448d-9e13-44e1-acb0-03d35ff4db3c.png?fit=1200%2C675&ssl=1&resize=1050%2C600 3x"},"classes":[]},{"id":87996,"url":"https:\/\/politicosaldesnudo.com.mx\/index.php\/2026\/08\/23\/nuevos-autobuses-totonaco-arriban-a-poza-rica-operaran-tres-rutas-regionales\/","url_meta":{"origin":22835,"position":4},"title":"Nuevos autobuses Totonaco arriban a Poza Rica; operar\u00e1n tres rutas regionales","author":"Redacci\u00f3n Pol\u00edticos","date":"23 de agosto de 2026","format":false,"excerpt":"Los primeros autobuses del Servicio Totonaco ya se encuentran en Poza Rica como parte del proyecto con el que se busca renovar y ampliar las opciones de transporte p\u00fablico en la zona norte de Veracruz. Las unidades comenzaron a llegar durante el fin de semana y formar\u00e1n parte de una\u2026","rel":"","context":"En \u00abESTADOS\u00bb","block_context":{"text":"ESTADOS","link":"https:\/\/politicosaldesnudo.com.mx\/index.php\/category\/estados\/"},"img":{"alt_text":"","src":"https:\/\/i0.wp.com\/politicosaldesnudo.com.mx\/wp-content\/uploads\/2026\/08\/tt.jpg?fit=888%2C500&ssl=1&resize=350%2C200","width":350,"height":200,"srcset":"https:\/\/i0.wp.com\/politicosaldesnudo.com.mx\/wp-content\/uploads\/2026\/08\/tt.jpg?fit=888%2C500&ssl=1&resize=350%2C200 1x, https:\/\/i0.wp.com\/politicosaldesnudo.com.mx\/wp-content\/uploads\/2026\/08\/tt.jpg?fit=888%2C500&ssl=1&resize=525%2C300 1.5x, https:\/\/i0.wp.com\/politicosaldesnudo.com.mx\/wp-content\/uploads\/2026\/08\/tt.jpg?fit=888%2C500&ssl=1&resize=700%2C400 2x"},"classes":[]},{"id":60707,"url":"https:\/\/politicosaldesnudo.com.mx\/index.php\/2025\/04\/11\/suterm-anuncia-su-separacion-del-pri\/","url_meta":{"origin":22835,"position":5},"title":"SUTERM anuncia su separaci\u00f3n del PRI","author":"Redacci\u00f3n Pol\u00edticos","date":"11 de abril de 2025","format":false,"excerpt":"Los dirigentes del Sindicato \u00danico de Trabajadores Electricistas de la Rep\u00fablica Mexicana en Tuxpan, Rolando N\u00fa\u00f1ez Uribe y David Reyes Casta\u00f1eda, respaldaron la decisi\u00f3n de Mario Alberto Mart\u00ednez Zapata de renunciar al Partido Revolucionario Institucional (PRI) y tambi\u00e9n anunciaron su retiro del partido. La raz\u00f3n de su decisi\u00f3n es la\u2026","rel":"","context":"En \u00abTUXPAN\u00bb","block_context":{"text":"TUXPAN","link":"https:\/\/politicosaldesnudo.com.mx\/index.php\/category\/tuxpan\/"},"img":{"alt_text":"","src":"https:\/\/i0.wp.com\/politicosaldesnudo.com.mx\/wp-content\/uploads\/2025\/04\/5a1.jpg?fit=1200%2C675&ssl=1&resize=350%2C200","width":350,"height":200,"srcset":"https:\/\/i0.wp.com\/politicosaldesnudo.com.mx\/wp-content\/uploads\/2025\/04\/5a1.jpg?fit=1200%2C675&ssl=1&resize=350%2C200 1x, https:\/\/i0.wp.com\/politicosaldesnudo.com.mx\/wp-content\/uploads\/2025\/04\/5a1.jpg?fit=1200%2C675&ssl=1&resize=525%2C300 1.5x, https:\/\/i0.wp.com\/politicosaldesnudo.com.mx\/wp-content\/uploads\/2025\/04\/5a1.jpg?fit=1200%2C675&ssl=1&resize=700%2C400 2x, https:\/\/i0.wp.com\/politicosaldesnudo.com.mx\/wp-content\/uploads\/2025\/04\/5a1.jpg?fit=1200%2C675&ssl=1&resize=1050%2C600 3x"},"classes":[]}],"jetpack_sharing_enabled":true,"jetpack_featured_media_url":"https:\/\/i0.wp.com\/politicosaldesnudo.com.mx\/wp-content\/uploads\/2023\/08\/P-TUXPAN-SEGURIDAD-2.png?fit=1816%2C1016&ssl=1","_links":{"self":[{"href":"https:\/\/politicosaldesnudo.com.mx\/index.php\/wp-json\/wp\/v2\/posts\/22835","targetHints":{"allow":["GET"]}}],"collection":[{"href":"https:\/\/politicosaldesnudo.com.mx\/index.php\/wp-json\/wp\/v2\/posts"}],"about":[{"href":"https:\/\/politicosaldesnudo.com.mx\/index.php\/wp-json\/wp\/v2\/types\/post"}],"author":[{"embeddable":true,"href":"https:\/\/politicosaldesnudo.com.mx\/index.php\/wp-json\/wp\/v2\/users\/4"}],"replies":[{"embeddable":true,"href":"https:\/\/politicosaldesnudo.com.mx\/index.php\/wp-json\/wp\/v2\/comments?post=22835"}],"version-history":[{"count":0,"href":"https:\/\/politicosaldesnudo.com.mx\/index.php\/wp-json\/wp\/v2\/posts\/22835\/revisions"}],"wp:featuredmedia":[{"embeddable":true,"href":"https:\/\/politicosaldesnudo.com.mx\/index.php\/wp-json\/wp\/v2\/media\/22837"}],"wp:attachment":[{"href":"https:\/\/politicosaldesnudo.com.mx\/index.php\/wp-json\/wp\/v2\/media?parent=22835"}],"wp:term":[{"taxonomy":"category","embeddable":true,"href":"https:\/\/politicosaldesnudo.com.mx\/index.php\/wp-json\/wp\/v2\/categories?post=22835"},{"taxonomy":"post_tag","embeddable":true,"href":"https:\/\/politicosaldesnudo.com.mx\/index.php\/wp-json\/wp\/v2\/tags?post=22835"}],"curies":[{"name":"wp","href":"https:\/\/api.w.org\/{rel}","templated":true}]}}