{"id":22846,"date":"2023-08-05T08:08:49","date_gmt":"2023-08-05T13:08:49","guid":{"rendered":"https:\/\/politicosaldesnudo.com.mx\/?p=22846"},"modified":"2023-08-05T08:09:20","modified_gmt":"2023-08-05T13:09:20","slug":"dos-caminos-y-un-pais","status":"publish","type":"post","link":"https:\/\/politicosaldesnudo.com.mx\/index.php\/2023\/08\/05\/dos-caminos-y-un-pais\/","title":{"rendered":"Dos caminos y un pa\u00eds"},"content":{"rendered":"<p>&nbsp;<\/p>\n<p><span style=\"font-size: 18pt;\"><strong>Por Ricardo Homs<\/strong><\/span><\/p>\n<p class=\"p1\"><span style=\"font-size: 14pt;\">Para combatir la pobreza no hay mas que dos caminos\u2026 el f\u00e1cil y populachero, pero que no resuelve el problema de fondo. El otro camino es el que transforma la vida de las familias y fortalece al pa\u00eds.<\/span><\/p>\n<p class=\"p1\"><span style=\"font-size: 14pt;\">El camino f\u00e1cil es el de los programas sociales, -que no resuelven la pobreza-, sino que la administran con sentido pol\u00edtico, pues simplemente mantienen a la gente en el \u00e1mbito de la sobrevivencia, pero sin permitirle crecer y volverse autosuficiente.<span class=\"Apple-converted-space\">\u00a0 <\/span>Ese es el temor de los gobiernos populistas y totalitarios como \u00e9ste: que los beneficiarios alg\u00fan d\u00eda dejen de necesitar la ayuda gubernamental y entonces dejen de ser manipulables electoralmente, como hoy sucede en M\u00e9xico.<\/span><\/p>\n<p class=\"p1\"><span style=\"font-size: 14pt;\">Ese es el conflicto que trae el presidente en contra de la clase media, -aspiracionista-, pero consciente de sus derechos ciudadanos. Es la clase media la que en la Ciudad de M\u00e9xico se rebel\u00f3 contra la manipulaci\u00f3n cuatrote\u00edsta, consciente de que la libertad de elecci\u00f3n que garantiza la democracia, es su garant\u00eda de libertad.<\/span><\/p>\n<p class=\"p1\"><span style=\"font-size: 14pt;\">Mantener a una persona durante toda la vida, -sin exigirle ning\u00fan esfuerzo-, le convierte en un activo del sistema pol\u00edtico y parte del voto duro del partido del presidente de la rep\u00fablica. Bajo esta \u00f3ptica, <i>la pobreza jam\u00e1s desaparecer\u00e1 de M\u00e9xico, pues se reprimen los deseos de superaci\u00f3n a<\/i> <i>cambio de sumergirlo en su \u201czona de confort\u201d, convirti\u00e9ndola en una persona conformista y agradecida con el gobierno que \u201cle mantiene\u201d.<\/i><\/span><\/p>\n<p class=\"p1\"><span style=\"font-size: 14pt;\">Ahora, -con los libros de texto rebosantes de ideolog\u00eda-, se pretende la manipulaci\u00f3n emocional a partir de la ni\u00f1ez, cuando la mente est\u00e1 d\u00factil y receptiva al adoctrinamiento. Es como hipotecar el futuro de M\u00e9xico en beneficio de una camarilla de pol\u00edticos oportunistas.<span class=\"Apple-converted-space\">\u00a0<\/span><\/span><\/p>\n<p class=\"p1\"><span style=\"font-size: 14pt;\">La radicalizaci\u00f3n de la visi\u00f3n pol\u00edtica de la 4T rebasa las expectativas iniciales. Para mantener el poder son capaces de pasar por encima del \u201cestado de derecho\u201d.<\/span><\/p>\n<p class=\"p1\"><span style=\"font-size: 14pt;\">Ahora, -en contraste-, vemos que por el camino de la \u201cmovilidad social\u201d la gente recibe \u201coportunidades\u201d de desarrollo para ganar calidad de vida y libertad de elecci\u00f3n total y absoluta.<\/span><\/p>\n<p class=\"p1\"><span style=\"font-size: 14pt;\">En este contexto, un sistema educativo de calidad es fundamental para forjar una mentalidad independiente, responsable, comprometida con la sociedad y con el pa\u00eds y al final, desarrollar las habilidades necesarias para forjar una persona competitiva en el \u00e1mbito laboral y en el del emprendimiento, con lo cual generar\u00e1 calidad de vida para su familia.<\/span><\/p>\n<p class=\"p1\"><span style=\"font-size: 14pt;\">Este es el camino que escogieron en los \u00faltimos a\u00f1os China, Taiw\u00e1n, Corea del Sur, Singapur, Emiratos \u00c1rabes, Dubai y otros tantos pa\u00edses que hasta hace pocos a\u00f1os ten\u00edan una gran cantidad de su poblaci\u00f3n en la pobreza extrema, y hoy son un modelo de desarrollo y calidad de vida.<\/span><\/p>\n<p class=\"p1\"><span style=\"font-size: 14pt;\">China reenfoc\u00f3 su visi\u00f3n socialista hacia la productividad, dejando de lado los dogmas marxistas de antes.<\/span><\/p>\n<p class=\"p1\"><span style=\"font-size: 14pt;\">Libertad pol\u00edtica, social y de estilo de vida, adem\u00e1s de libertad de pensamiento, -a\u00fan contraria a la de quien gobierna-, as\u00ed como libertad de expresi\u00f3n absoluta es lo que ofrece la movilidad social.<\/span><\/p>\n<p class=\"p1\"><span style=\"font-size: 14pt;\">Este segundo camino, -el de \u201cla movilidad social\u201d-, es el que transitaba M\u00e9xico antes de la llegada de la 4T. Es el que, -aunque imperfecto socialmente-, es perfectible en un contexto de libertades.<\/span><\/p>\n<p class=\"p1\"><span style=\"font-size: 14pt;\">Este momento en que hoy nos encontramos, es el de la batalla silenciosa que pretende ganar la Cuarta Transformaci\u00f3n a partir de la manipulaci\u00f3n educativa.<\/span><\/p>\n<p class=\"p1\"><span style=\"font-size: 14pt;\">Evidentemente, -de tener \u00e9xito-, la camarilla socialista mantendr\u00eda una calidad de vida como si vivieran \u201cen Dinamarca\u201d, mientras \u201cel pueblo bueno\u201d tendr\u00eda que conformarse con la calidad de vida que hoy tienen en Cuba y Venezuela.<\/span><\/p>\n<p class=\"p1\"><span style=\"font-size: 14pt;\">Sin embargo, en una campa\u00f1a electoral la narrativa que vende no es la que ofrece al ciudadano trabajo y educaci\u00f3n, &#8211; \u201cque exigen esfuerzo\u201d-, sino la del dinero f\u00e1cil, que llega a trav\u00e9s de los programas sociales, aunque eso signifique vivir siempre al borde de la sobrevivencia y teniendo una deuda emocional que se paga en la temporada de elecciones.<\/span><\/p>\n<p class=\"p1\"><span style=\"font-size: 14pt;\">El reto de la oposici\u00f3n para las pr\u00f3ximas elecciones del 2024 ser\u00e1 desarrollar una narrativa seductora, que neutralice la verborrea populista de la 4T.<\/span><\/p>\n<p class=\"p1\"><span style=\"font-size: 14pt;\">Se requiere una narrativa emocionalmente intensa, que convoque a la reconciliaci\u00f3n como un modo de erradicar la violencia que asola al pa\u00eds.<\/span><\/p>\n<p class=\"p1\"><span style=\"font-size: 14pt;\">S\u00f3lo una narrativa de alto impacto popular podr\u00e1 rescatar a M\u00e9xico.<\/span><\/p>\n<p>&nbsp;<\/p>\n<p class=\"p1\"><span style=\"font-size: 18pt; color: #139eca;\"><b>30 A\u00d1OS DE TV AZTECA<\/b><\/span><\/p>\n<p class=\"p1\"><span style=\"font-size: 14pt;\">Se est\u00e1n cumpliendo 30 a\u00f1os de la fundaci\u00f3n de TV Azteca. El proyecto de Ricardo Salinas Pliego transform\u00f3 la televisi\u00f3n en M\u00e9xico con su visi\u00f3n disruptiva e innovadora.<\/span><\/p>\n<p class=\"p1\"><span style=\"font-size: 14pt;\">Las telenovelas \u201cNada personal\u201d y \u201cMirada de mujer\u201d, -realizada en 1997-, renovaron el modelo de la narraci\u00f3n televisiva.<span class=\"Apple-converted-space\">\u00a0<\/span><\/span><\/p>\n<p class=\"p1\"><span style=\"font-size: 14pt;\">La agilidad de los noticieros cambi\u00f3 el modo de narrar las noticias, entre otros aciertos.<\/span><\/p>\n<p class=\"p1\"><span style=\"font-size: 14pt;\">Adem\u00e1s, abri\u00f3 las pantallas de la televisi\u00f3n a nuevas actrices y actores, as\u00ed como a una importante generaci\u00f3n de talentos dedicados a la producci\u00f3n de contenidos.<\/span><\/p>\n<p class=\"p1\"><span style=\"font-size: 14pt;\">Treinta a\u00f1os de aportar innovaci\u00f3n a la televisi\u00f3n mexicana.<\/span><\/p>\n<p>&nbsp;<\/p>\n<p class=\"p1\"><span style=\"font-size: 18pt; color: #139eca;\"><b>EL PA\u00cdS DE LA SIMULACI\u00d3N<\/b><\/span><\/p>\n<p class=\"p1\"><span style=\"font-size: 14pt;\">M\u00e9xico es el pa\u00eds de la simulaci\u00f3n.<span class=\"Apple-converted-space\">\u00a0 <\/span>La forma en que se maquill\u00f3 una evidente precampa\u00f1a presidencial para promover a las corcholatas de MORENA, es un claro ejemplo de simulaci\u00f3n para burlar la ley electoral.<\/span><\/p>\n<p class=\"p1\"><span style=\"font-size: 14pt;\">Renombrarla como una campa\u00f1a para seleccionar a quien encabezar\u00e1 \u201clos Comit\u00e9s de Defensa de la Cuarta Transformaci\u00f3n\u201d, es una burla a la legislaci\u00f3n electoral, pues todos sabemos, -y ellos mismos reconocen-, que el triunfador de esta campa\u00f1a ser\u00e1 el candidato oficial a la presidencia de la rep\u00fablica en 2024.<\/span><\/p>\n<p class=\"p1\"><span style=\"font-size: 14pt;\">Hoy en tiempos de la 4T la simulaci\u00f3n se practica con cinismo. Por una parte, se habla de valores morales y en paralelo se viola la ley, mof\u00e1ndose de ella, como est\u00e1 sucediendo con el desacato al mandato de la jueza Yadira Medina Alc\u00e1ntara, quien emplaz\u00f3 a la SEP desde el 31 de julio para que detuviese los nuevos libros de texto gratuitos.<span class=\"Apple-converted-space\">\u00a0 <\/span>Abiertamente el presidente L\u00f3pez Obrador desde \u201cla ma\u00f1anera\u201d respondi\u00f3 que la distribuci\u00f3n de los libros a las escuelas no se detendr\u00e1.<\/span><\/p>\n<p class=\"p1\"><span style=\"font-size: 14pt;\">El desacato a una orden judicial es un delito.<\/span><\/p>\n<p>&nbsp;<\/p>\n<p class=\"p1\"><span style=\"font-size: 18pt; color: #139eca;\"><b>VIOLENCIA COTIDIANA<\/b><\/span><\/p>\n<p class=\"p1\"><span style=\"font-size: 14pt;\">La violencia hoy no s\u00f3lo la origina la delincuencia organizada, sino que est\u00e1 en las calles, y se manifiesta en el \u00e1mbito de la vida de pareja, as\u00ed como en la vida dom\u00e9stica, -e incluso-, en las agresiones como la del sujeto de edad madura, -apodado Tibur\u00f3n-, que en San Luis Potos\u00ed agredi\u00f3 a un menor de edad de 15 a\u00f1os, -que por vacaciones trabajaba en un Subway-, y lo envi\u00f3 al hospital, s\u00f3lo por un comentario que no le agrad\u00f3 al agresor.<\/span><\/p>\n<p>&nbsp;<\/p>\n<p class=\"p1\"><span style=\"font-size: 18pt; color: #139eca;\"><b>LAS LECCIONES DE COLOMBIA<\/b><\/span><\/p>\n<p class=\"p1\"><span style=\"font-size: 14pt;\">Algo sucede en Colombia, -donde a\u00fan con un gobierno de Izquierda-, se respeta el estado de derecho.<\/span><\/p>\n<p class=\"p1\"><span style=\"font-size: 14pt;\">El hijo mayor del presidente Gustavo Petro, -Nicol\u00e1s Petro-, ha sido detenido por lavado de dinero, enriquecimiento il\u00edcito y ahora \u00e9l mismo descubre que en la campa\u00f1a electoral de su padre hubo aportaciones de narcotraficantes.<\/span><\/p>\n<p class=\"p1\"><span style=\"font-size: 14pt;\">El mismo presidente Petro respet\u00f3 la decisi\u00f3n del fiscal general de Colombia, Francisco Barbosa y le pidi\u00f3 llegar a fondo en este caso judicial. En un tuit asegur\u00f3 que \u201cla fiscal\u00eda tendr\u00e1 todas las garant\u00edas para proceder de acuerdo a la ley\u201d.<\/span><\/p>\n<p class=\"p1\"><span style=\"font-size: 14pt;\">En contraste, en M\u00e9xico hay un flagrante desacato a la ley por parte del presidente de la rep\u00fablica respecto a la distribuci\u00f3n de los nuevos libros de texto gratuitos, y no sucede nada.<\/span><\/p>\n<p>&nbsp;<\/p>\n<p class=\"p1\"><span style=\"font-size: 18pt;\"><strong>\u00bfA usted qu\u00e9 le parece?<\/strong><\/span><\/p>\n<p>&nbsp;<\/p>\n<hr \/>\n<p>&nbsp;<\/p>\n<p class=\"p1\"><span style=\"font-size: 18pt;\"><strong>Facebook:<a href=\"https:\/\/www.facebook.com\/Ricardo.Homs1\">@Ricardo.Homs1<\/a><\/strong><\/span><\/p>\n<p class=\"p1\"><span style=\"font-size: 18pt;\"><strong>Twitter:\u00a0<\/strong><a href=\"https:\/\/twitter.com\/homsricardo\"><strong>@homsricardo<\/strong><\/a><\/span><\/p>\n<p class=\"p1\"><span style=\"font-size: 18pt;\"><strong>LinkedIn: <a href=\"https:\/\/www.linkedin.com\/in\/ricardo-homs-3920449\/?originalSubdomain=mx\">RicardoHoms<\/a><\/strong><\/span><\/p>\n<p class=\"p1\"><span style=\"font-size: 18pt;\"><a href=\"https:\/\/ricardohoms.com\/\"><strong>www.ricardohoms.com<\/strong><\/a><\/span><\/p>\n<p>&nbsp;<\/p>\n<p><img data-recalc-dims=\"1\" loading=\"lazy\" decoding=\"async\" class=\"aligncenter wp-image-14351\" src=\"https:\/\/i0.wp.com\/politicosaldesnudo.com.mx\/wp-content\/uploads\/2023\/01\/FIRMA-EDITORIAL-PD-300x37.png?resize=800%2C98&#038;ssl=1\" alt=\"\" width=\"800\" height=\"98\" srcset=\"https:\/\/i0.wp.com\/politicosaldesnudo.com.mx\/wp-content\/uploads\/2023\/01\/FIRMA-EDITORIAL-PD.png?resize=300%2C37&amp;ssl=1 300w, https:\/\/i0.wp.com\/politicosaldesnudo.com.mx\/wp-content\/uploads\/2023\/01\/FIRMA-EDITORIAL-PD.png?resize=1024%2C125&amp;ssl=1 1024w, https:\/\/i0.wp.com\/politicosaldesnudo.com.mx\/wp-content\/uploads\/2023\/01\/FIRMA-EDITORIAL-PD.png?resize=768%2C94&amp;ssl=1 768w, https:\/\/i0.wp.com\/politicosaldesnudo.com.mx\/wp-content\/uploads\/2023\/01\/FIRMA-EDITORIAL-PD.png?resize=1536%2C188&amp;ssl=1 1536w, https:\/\/i0.wp.com\/politicosaldesnudo.com.mx\/wp-content\/uploads\/2023\/01\/FIRMA-EDITORIAL-PD.png?resize=2048%2C250&amp;ssl=1 2048w, https:\/\/i0.wp.com\/politicosaldesnudo.com.mx\/wp-content\/uploads\/2023\/01\/FIRMA-EDITORIAL-PD.png?w=1600&amp;ssl=1 1600w, https:\/\/i0.wp.com\/politicosaldesnudo.com.mx\/wp-content\/uploads\/2023\/01\/FIRMA-EDITORIAL-PD.png?w=2400&amp;ssl=1 2400w\" sizes=\"auto, (max-width: 800px) 100vw, 800px\" \/><\/p>\n<p>&nbsp;<\/p>\n<p>&nbsp;<\/p>\n<p>&nbsp;<\/p>\n<p>&nbsp;<\/p>\n","protected":false},"excerpt":{"rendered":"<p>&nbsp; Por Ricardo Homs Para combatir la pobreza no hay mas que dos caminos\u2026 el f\u00e1cil y populachero, pero que<\/p>\n","protected":false},"author":4,"featured_media":3778,"comment_status":"closed","ping_status":"closed","sticky":false,"template":"","format":"standard","meta":{"colormag_page_container_layout":"default_layout","colormag_page_sidebar_layout":"default_layout","_jetpack_memberships_contains_paid_content":false,"footnotes":"","jetpack_publicize_message":"","jetpack_publicize_feature_enabled":true,"jetpack_social_post_already_shared":false,"jetpack_social_options":{"image_generator_settings":{"template":"highway","default_image_id":0,"font":"","enabled":false},"version":2}},"categories":[26],"tags":[],"class_list":["post-22846","post","type-post","status-publish","format-standard","has-post-thumbnail","hentry","category-columnistas"],"jetpack_publicize_connections":[],"jetpack_featured_media_url":"https:\/\/i0.wp.com\/politicosaldesnudo.com.mx\/wp-content\/uploads\/2022\/04\/RICARDO-HOMS.png?fit=1816%2C1016&ssl=1","jetpack-related-posts":[],"jetpack_sharing_enabled":true,"_links":{"self":[{"href":"https:\/\/politicosaldesnudo.com.mx\/index.php\/wp-json\/wp\/v2\/posts\/22846","targetHints":{"allow":["GET"]}}],"collection":[{"href":"https:\/\/politicosaldesnudo.com.mx\/index.php\/wp-json\/wp\/v2\/posts"}],"about":[{"href":"https:\/\/politicosaldesnudo.com.mx\/index.php\/wp-json\/wp\/v2\/types\/post"}],"author":[{"embeddable":true,"href":"https:\/\/politicosaldesnudo.com.mx\/index.php\/wp-json\/wp\/v2\/users\/4"}],"replies":[{"embeddable":true,"href":"https:\/\/politicosaldesnudo.com.mx\/index.php\/wp-json\/wp\/v2\/comments?post=22846"}],"version-history":[{"count":0,"href":"https:\/\/politicosaldesnudo.com.mx\/index.php\/wp-json\/wp\/v2\/posts\/22846\/revisions"}],"wp:featuredmedia":[{"embeddable":true,"href":"https:\/\/politicosaldesnudo.com.mx\/index.php\/wp-json\/wp\/v2\/media\/3778"}],"wp:attachment":[{"href":"https:\/\/politicosaldesnudo.com.mx\/index.php\/wp-json\/wp\/v2\/media?parent=22846"}],"wp:term":[{"taxonomy":"category","embeddable":true,"href":"https:\/\/politicosaldesnudo.com.mx\/index.php\/wp-json\/wp\/v2\/categories?post=22846"},{"taxonomy":"post_tag","embeddable":true,"href":"https:\/\/politicosaldesnudo.com.mx\/index.php\/wp-json\/wp\/v2\/tags?post=22846"}],"curies":[{"name":"wp","href":"https:\/\/api.w.org\/{rel}","templated":true}]}}