{"id":22851,"date":"2023-08-05T08:30:29","date_gmt":"2023-08-05T13:30:29","guid":{"rendered":"https:\/\/politicosaldesnudo.com.mx\/?p=22851"},"modified":"2023-08-05T08:31:24","modified_gmt":"2023-08-05T13:31:24","slug":"22851","status":"publish","type":"post","link":"https:\/\/politicosaldesnudo.com.mx\/index.php\/2023\/08\/05\/22851\/","title":{"rendered":"FGJCDMX Detiene a fiscal de Morelos por entorpecer justicia en feminicidio"},"content":{"rendered":"<p>&nbsp;<\/p>\n<p class=\"p1\"><span style=\"font-size: 14pt;\"><em><strong>CUERNAVACA, MORELOS.<\/strong> <\/em><strong>La Fiscal\u00eda General de Justicia de la Ciudad de M\u00e9xico<\/strong> (FGJCDMX) ejecutaron la detenci\u00f3n del fiscal de Morelos, <strong>Uriel Carmona G\u00e1ndara, por su probable participaci\u00f3n en Delitos Cometidos Contra la Procuraci\u00f3n y Administraci\u00f3n de Justicia.<\/strong><\/span><\/p>\n<p class=\"p1\"><span style=\"font-size: 14pt;\">Todo inici\u00f3 a las 06:00 horas de este viernes, elementos de la Secretar\u00eda de Marina, FGR y polic\u00eda de Morelos arribaron a la Colonia Amatitl\u00e1n en Morelos para cumplir la aprehensi\u00f3n del fiscal.<span class=\"Apple-converted-space\">\u00a0<\/span><\/span><\/p>\n<p class=\"p1\"><span style=\"font-size: 14pt;\">Durante horas, Uriel Carmona G\u00e1ndara se dio la tarea de hablar con medios de comunicaci\u00f3n mientras elementos de seguridad intentaba ejecutar la aprehensi\u00f3n, alegaba una detenci\u00f3n arbitrar\u00eda.<span class=\"Apple-converted-space\">\u00a0<\/span><\/span><\/p>\n<p>&nbsp;<\/p>\n<blockquote>\n<p class=\"p1\"><span style=\"font-size: 14pt;\">Supongo que me vienen a detener o vienen a ejecutar una orden de cateo o de aprehensi\u00f3n en contra m\u00eda o de alguno de mis familiares y estoy sorprendido, esto era impensable porque cuento con fuero constitucional, no he cometido ning\u00fan delito\u201d<\/span><\/p>\n<\/blockquote>\n<p>&nbsp;<\/p>\n<p class=\"p1\"><span style=\"font-size: 18pt;\"><strong>Fue cerca de las 14:40<span class=\"Apple-converted-space\">\u00a0 <\/span>horas cuando Carmona G\u00e1ndara se entreg\u00f3 aprovechando la cobertura en vivo de sus redes sociales.<span class=\"Apple-converted-space\">\u00a0<\/span><\/strong><\/span><\/p>\n<p>&nbsp;<\/p>\n<blockquote>\n<p class=\"p1\"><span style=\"font-size: 14pt;\">Me estoy entregando voluntariamente, se est\u00e1n comprometiendo las autoridades aprehensoras a no violentar mi domicilio, est\u00e1n mis hijos chiquitos de 8 y 11 a\u00f1os\u201d<\/span><\/p>\n<\/blockquote>\n<p>&nbsp;<\/p>\n<p class=\"p1\"><span style=\"font-size: 18pt;\"><strong>El fiscal puso de pretexto su entrega 8 horas porque se \u201cdespidi\u00f3\u201d de sus hijos.<\/strong><\/span><\/p>\n<p>&nbsp;<\/p>\n<div style=\"width: 476px;\" class=\"wp-video\"><video class=\"wp-video-shortcode\" id=\"video-22851-1\" width=\"476\" height=\"270\" preload=\"metadata\" controls=\"controls\"><source type=\"video\/mp4\" src=\"https:\/\/politicosaldesnudo.com.mx\/wp-content\/uploads\/2023\/08\/RECLUSORIO-URIEL-CARMONA.mp4?_=1\" \/><a href=\"https:\/\/politicosaldesnudo.com.mx\/wp-content\/uploads\/2023\/08\/RECLUSORIO-URIEL-CARMONA.mp4\">https:\/\/politicosaldesnudo.com.mx\/wp-content\/uploads\/2023\/08\/RECLUSORIO-URIEL-CARMONA.mp4<\/a><\/video><\/div>\n<p>&nbsp;<\/p>\n<p>&nbsp;<\/p>\n<p class=\"p1\"><span style=\"font-size: 18pt; color: #139eca;\"><strong>LA ACUSACI\u00d3N<span class=\"Apple-converted-space\">\u00a0<\/span><\/strong><\/span><\/p>\n<p class=\"p1\"><span style=\"font-size: 14pt;\">El vocero general de Justicia de la Ciudad de M\u00e9xico, Ulises Lara L\u00f3pez, se\u00f1al\u00f3 la detenci\u00f3n de alta relevancia de Uriel \u201cN\u201d, por su probable participaci\u00f3n en delitos cometidos contra la procuraci\u00f3n y la administraci\u00f3n de justicia.<\/span><\/p>\n<p>&nbsp;<\/p>\n<blockquote>\n<p class=\"p1\"><span style=\"font-size: 14pt;\">Espec\u00edficamente por retardo de la justicia en el caso por la investigaci\u00f3n del feminicidio de la joven Ariadna Fernanda, cuyo cuerpo fue localizado en esa entidad a finales del a\u00f1o paso\u201d<\/span><\/p>\n<\/blockquote>\n<p>&nbsp;<\/p>\n<p class=\"p1\"><span style=\"font-size: 18pt;\"><strong>Y es que el gobierno capitalino consider\u00f3 desde un inicio que el fiscal de\u00a0Morelos\u00a0\u201centorpeci\u00f3 de manera indebida la procuraci\u00f3n de justicia, desvi\u00f3 la investigaci\u00f3n de los hechos, y sus expresiones se insertan en un panorama de discriminaci\u00f3n y violencia de g\u00e9nero estructural,<span class=\"Apple-converted-space\">\u00a0<\/span>Su falta de procuraci\u00f3n contribuy\u00f3 a generaran condiciones id\u00f3neas para que se produjera y reprodujera la impunidad.<\/strong><\/span><\/p>\n<p>&nbsp;<\/p>\n<blockquote>\n<p class=\"p1\"><span style=\"font-size: 14pt;\">Uriel N posiblemente afect\u00f3 la dignidad de la memoria de Ariadna Fernanda y revictimiz\u00f3 a sus familiares\u201d<\/span><\/p>\n<\/blockquote>\n<p>&nbsp;<\/p>\n<p class=\"p1\"><span style=\"font-size: 18pt; color: #139eca;\"><strong>EL CASO DE ARIADNA FERNANDA<\/strong><\/span><\/p>\n<p class=\"p1\"><span style=\"font-size: 14pt;\">Recordemos que el caso de Ariadna Fernanda ten\u00eda 27 a\u00f1os y la \u00faltima vez vista fue en el restaurante bar de la Condesa, en la Ciudad de M\u00e9xico\u00a0el 30 de octubre de 2022.<span class=\"Apple-converted-space\">\u00a0<\/span><\/span><\/p>\n<p class=\"p1\"><span style=\"font-size: 14pt;\">Al salir del bar, se dirigi\u00f3 al departamento en la Condesa junto a Rautel \u201cN\u201d y Vanessa \u201cN\u201d.<\/span><\/p>\n<p class=\"p1\"><span style=\"font-size: 14pt;\">Esa misma noche, las c\u00e1maras del edificio de Rautel lo ubican cargando un cuerpo en el estacionamiento y lo deposita en su camioneta, saliendo sin problemas a la calle.<span class=\"Apple-converted-space\">\u00a0<\/span><\/span><\/p>\n<p class=\"p1\"><span style=\"font-size: 14pt;\">Despu\u00e9s el 2 de noviembre, se encuentra el cuerpo de Ariadna Fernanda sin vida en la carretera La Pera-Cuautla, en Morelos.<\/span><\/p>\n<p class=\"p1\"><span style=\"font-size: 18pt;\"><strong>A partir de ese momento el caso pas\u00f3 a manos del fiscal de Morelos, Uriel Carmona G\u00e1ndara en donde en conferencia de prensa afirm\u00f3 que en el cuerpo de\u00a0Ariadna Fernanda, \u201cno se encontraron huellas de violencia en la v\u00edctima, que no exist\u00eda informaci\u00f3n para afirmar la posibilidad de que una causa externa haya causado la muerte, que t\u00e9cnicamente la necropsia no era coincidente con un feminicidio\u201d<\/strong><\/span><\/p>\n<p class=\"p1\"><span style=\"font-size: 14pt;\">Por lo que la causa de muerte de la joven \u201cfue por una grave intoxicaci\u00f3n alcoh\u00f3lica y una consecuente broncoaspiraci\u00f3n\u201d.<\/span><\/p>\n<p class=\"p1\"><span style=\"font-size: 14pt;\">Sin embargo, a nueve meses del caso los agentes de la Polic\u00eda de Investigaci\u00f3n arrojaron que los reportes de pruebas entregadas el 31 de octubre del 2022 fueron cambiadas.<\/span><\/p>\n<p>&nbsp;<\/p>\n<p>&nbsp;<\/p>\n","protected":false},"excerpt":{"rendered":"<p>&nbsp; CUERNAVACA, MORELOS. La Fiscal\u00eda General de Justicia de la Ciudad de M\u00e9xico (FGJCDMX) ejecutaron la detenci\u00f3n del fiscal de<\/p>\n","protected":false},"author":4,"featured_media":22852,"comment_status":"closed","ping_status":"closed","sticky":false,"template":"","format":"standard","meta":{"colormag_page_container_layout":"default_layout","colormag_page_sidebar_layout":"default_layout","_jetpack_memberships_contains_paid_content":false,"footnotes":"","jetpack_publicize_message":"","jetpack_publicize_feature_enabled":true,"jetpack_social_post_already_shared":false,"jetpack_social_options":{"image_generator_settings":{"template":"highway","default_image_id":0,"font":"","enabled":false},"version":2}},"categories":[30],"tags":[3056,3057,3058],"class_list":["post-22851","post","type-post","status-publish","format-standard","has-post-thumbnail","hentry","category-estados","tag-ariadna-fernanda","tag-fiscal-de-morelos","tag-uriel-carmona"],"jetpack_publicize_connections":[],"jetpack_featured_media_url":"https:\/\/i0.wp.com\/politicosaldesnudo.com.mx\/wp-content\/uploads\/2023\/08\/SINLINEA-FISCAL-DE-MORELOS.png?fit=1922%2C1080&ssl=1","jetpack-related-posts":[],"jetpack_sharing_enabled":true,"_links":{"self":[{"href":"https:\/\/politicosaldesnudo.com.mx\/index.php\/wp-json\/wp\/v2\/posts\/22851","targetHints":{"allow":["GET"]}}],"collection":[{"href":"https:\/\/politicosaldesnudo.com.mx\/index.php\/wp-json\/wp\/v2\/posts"}],"about":[{"href":"https:\/\/politicosaldesnudo.com.mx\/index.php\/wp-json\/wp\/v2\/types\/post"}],"author":[{"embeddable":true,"href":"https:\/\/politicosaldesnudo.com.mx\/index.php\/wp-json\/wp\/v2\/users\/4"}],"replies":[{"embeddable":true,"href":"https:\/\/politicosaldesnudo.com.mx\/index.php\/wp-json\/wp\/v2\/comments?post=22851"}],"version-history":[{"count":0,"href":"https:\/\/politicosaldesnudo.com.mx\/index.php\/wp-json\/wp\/v2\/posts\/22851\/revisions"}],"wp:featuredmedia":[{"embeddable":true,"href":"https:\/\/politicosaldesnudo.com.mx\/index.php\/wp-json\/wp\/v2\/media\/22852"}],"wp:attachment":[{"href":"https:\/\/politicosaldesnudo.com.mx\/index.php\/wp-json\/wp\/v2\/media?parent=22851"}],"wp:term":[{"taxonomy":"category","embeddable":true,"href":"https:\/\/politicosaldesnudo.com.mx\/index.php\/wp-json\/wp\/v2\/categories?post=22851"},{"taxonomy":"post_tag","embeddable":true,"href":"https:\/\/politicosaldesnudo.com.mx\/index.php\/wp-json\/wp\/v2\/tags?post=22851"}],"curies":[{"name":"wp","href":"https:\/\/api.w.org\/{rel}","templated":true}]}}